{"id":1029,"date":"2020-09-28T13:26:52","date_gmt":"2020-09-28T13:26:52","guid":{"rendered":"https:\/\/www.academica.school\/news\/?p=1029"},"modified":"2020-09-28T13:26:52","modified_gmt":"2020-09-28T13:26:52","slug":"cinco-alumnos-de-la-salle-cordoba-se-graduan-en-el-diploma-dual","status":"publish","type":"post","link":"https:\/\/www.academica.school\/news\/cinco-alumnos-de-la-salle-cordoba-se-graduan-en-el-diploma-dual\/","title":{"rendered":"Cinco alumnos de La Salle C\u00f3rdoba se grad\u00faan en el Diploma Dual"},"content":{"rendered":"<p>Cinco alumnos del <strong>Colegio La Salle C\u00f3rdoba<\/strong>, que finalizaron el curso pasado el Diploma Dual, han recibido ahora en su centro el diploma oficial que les acredita en la titulaci\u00f3n del American High School.<\/p>\n<p><!--more--><\/p>\n<p>El Diploma Dual se puede iniciar a partir de 2\u00baESO, aunque cabe la posibilidad de comenzarlo varios cursos m\u00e1s tarde. <strong>La Salle <a href=\"https:\/\/www.lavozdecordoba.es\" target=\"_blank\" rel=\"noopener noreferrer\">C\u00f3rdoba<\/a><\/strong> ya ha ofrecido la posibilidad, y es la primera vez que se hace, de que se puedan iniciar en el Dual alumnos de 2\u00baESO. Seg\u00fan la noticia publicada por <a href=\"https:\/\/www.lavozdecordoba.es\/ocio-y-sociedad\/2020\/09\/27\/la-salle-dual\/\">La Voz de C\u00f3rdoba<\/a>, \u00abesta medida ha sido muy bien aceptada por las familias (del colegio) y para este curso 2020-21 son 23 nuevos los alumnos matriculados en el programa de <strong>Academica International Studies<\/strong>. Actualmente, ya son 45 en total los alumnos del Diploma Dual en La Salle C\u00f3rdoba.<\/p>\n<p>Los diplomas fueron entregados por <strong>V\u00edctor Castro<\/strong>, director general de del Colegio; <strong>H\u00e9l\u00e8ne Bouchez,<\/strong> coordinadora del Programa Dual y <strong>Juan A. Chaves<\/strong>, jefe de estudios de ESO y Bachillerato.<\/p>\n","protected":false},"excerpt":{"rendered":"<p>Cinco alumnos del Colegio La Salle C\u00f3rdoba, que finalizaron el curso pasado el Diploma Dual, han recibido ahora en su centro el diploma oficial que les acredita en la titulaci\u00f3n del American High School.<\/p>\n","protected":false},"author":1,"featured_media":1030,"comment_status":"closed","ping_status":"closed","sticky":false,"template":"","format":"standard","meta":{"_jetpack_memberships_contains_paid_content":false,"footnotes":""},"categories":[1],"tags":[187,188,63,186,4],"class_list":["post-1029","post","type-post","status-publish","format-standard","has-post-thumbnail","hentry","category-last-news","tag-academica-international-studies","tag-american-high-school-diploma","tag-bachillerato-americano","tag-colegio-la-salle-cordoba","tag-diploma-dual","clearfix"],"yoast_head":"<!-- This site is optimized with the Yoast SEO plugin v27.5 - https:\/\/yoast.com\/product\/yoast-seo-wordpress\/ -->\n<title>Cinco alumnos de La Salle C\u00f3rdoba se grad\u00faan en el Diploma Dual - Academica News<\/title>\n<meta name=\"description\" content=\"Cinco alumnos del Colegio La Salle C\u00f3rdoba han recibido el American High School de Academica International Studies\" \/>\n<meta name=\"robots\" content=\"index, follow, max-snippet:-1, max-image-preview:large, max-video-preview:-1\" \/>\n<link rel=\"canonical\" href=\"https:\/\/www.academica.school\/news\/cinco-alumnos-de-la-salle-cordoba-se-graduan-en-el-diploma-dual\/\" \/>\n<meta property=\"og:locale\" content=\"es_ES\" \/>\n<meta property=\"og:type\" content=\"article\" \/>\n<meta property=\"og:title\" content=\"Cinco alumnos de La Salle C\u00f3rdoba se grad\u00faan en el Diploma Dual - Academica News\" \/>\n<meta property=\"og:description\" content=\"Cinco alumnos del Colegio La Salle C\u00f3rdoba han recibido el American High School de Academica International Studies\" \/>\n<meta property=\"og:url\" content=\"https:\/\/www.academica.school\/news\/cinco-alumnos-de-la-salle-cordoba-se-graduan-en-el-diploma-dual\/\" \/>\n<meta property=\"og:site_name\" content=\"Academica News\" \/>\n<meta property=\"article:published_time\" content=\"2020-09-28T13:26:52+00:00\" \/>\n<meta property=\"og:image\" content=\"https:\/\/i0.wp.com\/www.academica.school\/news\/wp-content\/uploads\/2020\/09\/dual-2-e1601194736574.jpg?fit=800%2C500&ssl=1\" \/>\n\t<meta property=\"og:image:width\" content=\"800\" \/>\n\t<meta property=\"og:image:height\" content=\"500\" \/>\n\t<meta property=\"og:image:type\" content=\"image\/jpeg\" \/>\n<meta name=\"author\" content=\"Academica Spain\" \/>\n<meta name=\"twitter:card\" content=\"summary_large_image\" \/>\n<meta name=\"twitter:label1\" content=\"Escrito por\" \/>\n\t<meta name=\"twitter:data1\" content=\"Academica Spain\" \/>\n\t<meta name=\"twitter:label2\" content=\"Tiempo de lectura\" \/>\n\t<meta name=\"twitter:data2\" content=\"1 minuto\" \/>\n<script type=\"application\/ld+json\" class=\"yoast-schema-graph\">{\"@context\":\"https:\\\/\\\/schema.org\",\"@graph\":[{\"@type\":\"Article\",\"@id\":\"https:\\\/\\\/www.academica.school\\\/news\\\/cinco-alumnos-de-la-salle-cordoba-se-graduan-en-el-diploma-dual\\\/#article\",\"isPartOf\":{\"@id\":\"https:\\\/\\\/www.academica.school\\\/news\\\/cinco-alumnos-de-la-salle-cordoba-se-graduan-en-el-diploma-dual\\\/\"},\"author\":{\"name\":\"Academica Spain\",\"@id\":\"https:\\\/\\\/www.academica.school\\\/news\\\/#\\\/schema\\\/person\\\/07ed699df26b3ae2c049959a107fce05\"},\"headline\":\"Cinco alumnos de La Salle C\u00f3rdoba se grad\u00faan en el Diploma Dual\",\"datePublished\":\"2020-09-28T13:26:52+00:00\",\"mainEntityOfPage\":{\"@id\":\"https:\\\/\\\/www.academica.school\\\/news\\\/cinco-alumnos-de-la-salle-cordoba-se-graduan-en-el-diploma-dual\\\/\"},\"wordCount\":186,\"publisher\":{\"@id\":\"https:\\\/\\\/www.academica.school\\\/news\\\/#organization\"},\"image\":{\"@id\":\"https:\\\/\\\/www.academica.school\\\/news\\\/cinco-alumnos-de-la-salle-cordoba-se-graduan-en-el-diploma-dual\\\/#primaryimage\"},\"thumbnailUrl\":\"https:\\\/\\\/i0.wp.com\\\/www.academica.school\\\/news\\\/wp-content\\\/uploads\\\/2020\\\/09\\\/dual-2-e1601194736574.jpg?fit=800%2C500&ssl=1\",\"keywords\":[\"academica international studies\",\"american high school diploma\",\"bachillerato americano\",\"Colegio La Salle C\u00f3rdoba\",\"Diploma Dual\"],\"articleSection\":[\"Last News\"],\"inLanguage\":\"es\"},{\"@type\":\"WebPage\",\"@id\":\"https:\\\/\\\/www.academica.school\\\/news\\\/cinco-alumnos-de-la-salle-cordoba-se-graduan-en-el-diploma-dual\\\/\",\"url\":\"https:\\\/\\\/www.academica.school\\\/news\\\/cinco-alumnos-de-la-salle-cordoba-se-graduan-en-el-diploma-dual\\\/\",\"name\":\"Cinco alumnos de La Salle C\u00f3rdoba se grad\u00faan en el Diploma Dual - Academica News\",\"isPartOf\":{\"@id\":\"https:\\\/\\\/www.academica.school\\\/news\\\/#website\"},\"primaryImageOfPage\":{\"@id\":\"https:\\\/\\\/www.academica.school\\\/news\\\/cinco-alumnos-de-la-salle-cordoba-se-graduan-en-el-diploma-dual\\\/#primaryimage\"},\"image\":{\"@id\":\"https:\\\/\\\/www.academica.school\\\/news\\\/cinco-alumnos-de-la-salle-cordoba-se-graduan-en-el-diploma-dual\\\/#primaryimage\"},\"thumbnailUrl\":\"https:\\\/\\\/i0.wp.com\\\/www.academica.school\\\/news\\\/wp-content\\\/uploads\\\/2020\\\/09\\\/dual-2-e1601194736574.jpg?fit=800%2C500&ssl=1\",\"datePublished\":\"2020-09-28T13:26:52+00:00\",\"description\":\"Cinco alumnos del Colegio La Salle C\u00f3rdoba han recibido el American High School de Academica International Studies\",\"breadcrumb\":{\"@id\":\"https:\\\/\\\/www.academica.school\\\/news\\\/cinco-alumnos-de-la-salle-cordoba-se-graduan-en-el-diploma-dual\\\/#breadcrumb\"},\"inLanguage\":\"es\",\"potentialAction\":[{\"@type\":\"ReadAction\",\"target\":[\"https:\\\/\\\/www.academica.school\\\/news\\\/cinco-alumnos-de-la-salle-cordoba-se-graduan-en-el-diploma-dual\\\/\"]}]},{\"@type\":\"ImageObject\",\"inLanguage\":\"es\",\"@id\":\"https:\\\/\\\/www.academica.school\\\/news\\\/cinco-alumnos-de-la-salle-cordoba-se-graduan-en-el-diploma-dual\\\/#primaryimage\",\"url\":\"https:\\\/\\\/i0.wp.com\\\/www.academica.school\\\/news\\\/wp-content\\\/uploads\\\/2020\\\/09\\\/dual-2-e1601194736574.jpg?fit=800%2C500&ssl=1\",\"contentUrl\":\"https:\\\/\\\/i0.wp.com\\\/www.academica.school\\\/news\\\/wp-content\\\/uploads\\\/2020\\\/09\\\/dual-2-e1601194736574.jpg?fit=800%2C500&ssl=1\",\"width\":800,\"height\":500},{\"@type\":\"BreadcrumbList\",\"@id\":\"https:\\\/\\\/www.academica.school\\\/news\\\/cinco-alumnos-de-la-salle-cordoba-se-graduan-en-el-diploma-dual\\\/#breadcrumb\",\"itemListElement\":[{\"@type\":\"ListItem\",\"position\":1,\"name\":\"Portada\",\"item\":\"https:\\\/\\\/www.academica.school\\\/news\\\/\"},{\"@type\":\"ListItem\",\"position\":2,\"name\":\"Cinco alumnos de La Salle C\u00f3rdoba se grad\u00faan en el Diploma Dual\"}]},{\"@type\":\"WebSite\",\"@id\":\"https:\\\/\\\/www.academica.school\\\/news\\\/#website\",\"url\":\"https:\\\/\\\/www.academica.school\\\/news\\\/\",\"name\":\"Academica News\",\"description\":\"todo lo que pasa en el mundo acad\u00e9mico, sobre universidades y cualquier evento o novedad en la que participemos\",\"publisher\":{\"@id\":\"https:\\\/\\\/www.academica.school\\\/news\\\/#organization\"},\"potentialAction\":[{\"@type\":\"SearchAction\",\"target\":{\"@type\":\"EntryPoint\",\"urlTemplate\":\"https:\\\/\\\/www.academica.school\\\/news\\\/?s={search_term_string}\"},\"query-input\":{\"@type\":\"PropertyValueSpecification\",\"valueRequired\":true,\"valueName\":\"search_term_string\"}}],\"inLanguage\":\"es\"},{\"@type\":\"Organization\",\"@id\":\"https:\\\/\\\/www.academica.school\\\/news\\\/#organization\",\"name\":\"Academica\",\"url\":\"https:\\\/\\\/www.academica.school\\\/news\\\/\",\"logo\":{\"@type\":\"ImageObject\",\"inLanguage\":\"es\",\"@id\":\"https:\\\/\\\/www.academica.school\\\/news\\\/#\\\/schema\\\/logo\\\/image\\\/\",\"url\":\"https:\\\/\\\/i1.wp.com\\\/www.academica.school\\\/news\\\/wp-content\\\/uploads\\\/2019\\\/11\\\/Captura-de-pantalla-2019-11-20-a-las-12.14.04.png?fit=799%2C500&ssl=1\",\"contentUrl\":\"https:\\\/\\\/i1.wp.com\\\/www.academica.school\\\/news\\\/wp-content\\\/uploads\\\/2019\\\/11\\\/Captura-de-pantalla-2019-11-20-a-las-12.14.04.png?fit=799%2C500&ssl=1\",\"width\":799,\"height\":500,\"caption\":\"Academica\"},\"image\":{\"@id\":\"https:\\\/\\\/www.academica.school\\\/news\\\/#\\\/schema\\\/logo\\\/image\\\/\"}},{\"@type\":\"Person\",\"@id\":\"https:\\\/\\\/www.academica.school\\\/news\\\/#\\\/schema\\\/person\\\/07ed699df26b3ae2c049959a107fce05\",\"name\":\"Academica Spain\",\"image\":{\"@type\":\"ImageObject\",\"inLanguage\":\"es\",\"@id\":\"https:\\\/\\\/secure.gravatar.com\\\/avatar\\\/24d850e4f123aaa0ad5edf9a3fb1d97a98b831f0571142c5dc4b3add4e2db2ea?s=96&d=mm&r=g\",\"url\":\"https:\\\/\\\/secure.gravatar.com\\\/avatar\\\/24d850e4f123aaa0ad5edf9a3fb1d97a98b831f0571142c5dc4b3add4e2db2ea?s=96&d=mm&r=g\",\"contentUrl\":\"https:\\\/\\\/secure.gravatar.com\\\/avatar\\\/24d850e4f123aaa0ad5edf9a3fb1d97a98b831f0571142c5dc4b3add4e2db2ea?s=96&d=mm&r=g\",\"caption\":\"Academica Spain\"},\"url\":\"https:\\\/\\\/www.academica.school\\\/news\\\/author\\\/jasubal\\\/\"}]}<\/script>\n<!-- \/ Yoast SEO plugin. -->","yoast_head_json":{"title":"Cinco alumnos de La Salle C\u00f3rdoba se grad\u00faan en el Diploma Dual - Academica News","description":"Cinco alumnos del Colegio La Salle C\u00f3rdoba han recibido el American High School de Academica International Studies","robots":{"index":"index","follow":"follow","max-snippet":"max-snippet:-1","max-image-preview":"max-image-preview:large","max-video-preview":"max-video-preview:-1"},"canonical":"https:\/\/www.academica.school\/news\/cinco-alumnos-de-la-salle-cordoba-se-graduan-en-el-diploma-dual\/","og_locale":"es_ES","og_type":"article","og_title":"Cinco alumnos de La Salle C\u00f3rdoba se grad\u00faan en el Diploma Dual - Academica News","og_description":"Cinco alumnos del Colegio La Salle C\u00f3rdoba han recibido el American High School de Academica International Studies","og_url":"https:\/\/www.academica.school\/news\/cinco-alumnos-de-la-salle-cordoba-se-graduan-en-el-diploma-dual\/","og_site_name":"Academica News","article_published_time":"2020-09-28T13:26:52+00:00","og_image":[{"width":800,"height":500,"url":"https:\/\/i0.wp.com\/www.academica.school\/news\/wp-content\/uploads\/2020\/09\/dual-2-e1601194736574.jpg?fit=800%2C500&ssl=1","type":"image\/jpeg"}],"author":"Academica Spain","twitter_card":"summary_large_image","twitter_misc":{"Escrito por":"Academica Spain","Tiempo de lectura":"1 minuto"},"schema":{"@context":"https:\/\/schema.org","@graph":[{"@type":"Article","@id":"https:\/\/www.academica.school\/news\/cinco-alumnos-de-la-salle-cordoba-se-graduan-en-el-diploma-dual\/#article","isPartOf":{"@id":"https:\/\/www.academica.school\/news\/cinco-alumnos-de-la-salle-cordoba-se-graduan-en-el-diploma-dual\/"},"author":{"name":"Academica Spain","@id":"https:\/\/www.academica.school\/news\/#\/schema\/person\/07ed699df26b3ae2c049959a107fce05"},"headline":"Cinco alumnos de La Salle C\u00f3rdoba se grad\u00faan en el Diploma Dual","datePublished":"2020-09-28T13:26:52+00:00","mainEntityOfPage":{"@id":"https:\/\/www.academica.school\/news\/cinco-alumnos-de-la-salle-cordoba-se-graduan-en-el-diploma-dual\/"},"wordCount":186,"publisher":{"@id":"https:\/\/www.academica.school\/news\/#organization"},"image":{"@id":"https:\/\/www.academica.school\/news\/cinco-alumnos-de-la-salle-cordoba-se-graduan-en-el-diploma-dual\/#primaryimage"},"thumbnailUrl":"https:\/\/i0.wp.com\/www.academica.school\/news\/wp-content\/uploads\/2020\/09\/dual-2-e1601194736574.jpg?fit=800%2C500&ssl=1","keywords":["academica international studies","american high school diploma","bachillerato americano","Colegio La Salle C\u00f3rdoba","Diploma Dual"],"articleSection":["Last News"],"inLanguage":"es"},{"@type":"WebPage","@id":"https:\/\/www.academica.school\/news\/cinco-alumnos-de-la-salle-cordoba-se-graduan-en-el-diploma-dual\/","url":"https:\/\/www.academica.school\/news\/cinco-alumnos-de-la-salle-cordoba-se-graduan-en-el-diploma-dual\/","name":"Cinco alumnos de La Salle C\u00f3rdoba se grad\u00faan en el Diploma Dual - Academica News","isPartOf":{"@id":"https:\/\/www.academica.school\/news\/#website"},"primaryImageOfPage":{"@id":"https:\/\/www.academica.school\/news\/cinco-alumnos-de-la-salle-cordoba-se-graduan-en-el-diploma-dual\/#primaryimage"},"image":{"@id":"https:\/\/www.academica.school\/news\/cinco-alumnos-de-la-salle-cordoba-se-graduan-en-el-diploma-dual\/#primaryimage"},"thumbnailUrl":"https:\/\/i0.wp.com\/www.academica.school\/news\/wp-content\/uploads\/2020\/09\/dual-2-e1601194736574.jpg?fit=800%2C500&ssl=1","datePublished":"2020-09-28T13:26:52+00:00","description":"Cinco alumnos del Colegio La Salle C\u00f3rdoba han recibido el American High School de Academica International Studies","breadcrumb":{"@id":"https:\/\/www.academica.school\/news\/cinco-alumnos-de-la-salle-cordoba-se-graduan-en-el-diploma-dual\/#breadcrumb"},"inLanguage":"es","potentialAction":[{"@type":"ReadAction","target":["https:\/\/www.academica.school\/news\/cinco-alumnos-de-la-salle-cordoba-se-graduan-en-el-diploma-dual\/"]}]},{"@type":"ImageObject","inLanguage":"es","@id":"https:\/\/www.academica.school\/news\/cinco-alumnos-de-la-salle-cordoba-se-graduan-en-el-diploma-dual\/#primaryimage","url":"https:\/\/i0.wp.com\/www.academica.school\/news\/wp-content\/uploads\/2020\/09\/dual-2-e1601194736574.jpg?fit=800%2C500&ssl=1","contentUrl":"https:\/\/i0.wp.com\/www.academica.school\/news\/wp-content\/uploads\/2020\/09\/dual-2-e1601194736574.jpg?fit=800%2C500&ssl=1","width":800,"height":500},{"@type":"BreadcrumbList","@id":"https:\/\/www.academica.school\/news\/cinco-alumnos-de-la-salle-cordoba-se-graduan-en-el-diploma-dual\/#breadcrumb","itemListElement":[{"@type":"ListItem","position":1,"name":"Portada","item":"https:\/\/www.academica.school\/news\/"},{"@type":"ListItem","position":2,"name":"Cinco alumnos de La Salle C\u00f3rdoba se grad\u00faan en el Diploma Dual"}]},{"@type":"WebSite","@id":"https:\/\/www.academica.school\/news\/#website","url":"https:\/\/www.academica.school\/news\/","name":"Academica News","description":"todo lo que pasa en el mundo acad\u00e9mico, sobre universidades y cualquier evento o novedad en la que participemos","publisher":{"@id":"https:\/\/www.academica.school\/news\/#organization"},"potentialAction":[{"@type":"SearchAction","target":{"@type":"EntryPoint","urlTemplate":"https:\/\/www.academica.school\/news\/?s={search_term_string}"},"query-input":{"@type":"PropertyValueSpecification","valueRequired":true,"valueName":"search_term_string"}}],"inLanguage":"es"},{"@type":"Organization","@id":"https:\/\/www.academica.school\/news\/#organization","name":"Academica","url":"https:\/\/www.academica.school\/news\/","logo":{"@type":"ImageObject","inLanguage":"es","@id":"https:\/\/www.academica.school\/news\/#\/schema\/logo\/image\/","url":"https:\/\/i1.wp.com\/www.academica.school\/news\/wp-content\/uploads\/2019\/11\/Captura-de-pantalla-2019-11-20-a-las-12.14.04.png?fit=799%2C500&ssl=1","contentUrl":"https:\/\/i1.wp.com\/www.academica.school\/news\/wp-content\/uploads\/2019\/11\/Captura-de-pantalla-2019-11-20-a-las-12.14.04.png?fit=799%2C500&ssl=1","width":799,"height":500,"caption":"Academica"},"image":{"@id":"https:\/\/www.academica.school\/news\/#\/schema\/logo\/image\/"}},{"@type":"Person","@id":"https:\/\/www.academica.school\/news\/#\/schema\/person\/07ed699df26b3ae2c049959a107fce05","name":"Academica Spain","image":{"@type":"ImageObject","inLanguage":"es","@id":"https:\/\/secure.gravatar.com\/avatar\/24d850e4f123aaa0ad5edf9a3fb1d97a98b831f0571142c5dc4b3add4e2db2ea?s=96&d=mm&r=g","url":"https:\/\/secure.gravatar.com\/avatar\/24d850e4f123aaa0ad5edf9a3fb1d97a98b831f0571142c5dc4b3add4e2db2ea?s=96&d=mm&r=g","contentUrl":"https:\/\/secure.gravatar.com\/avatar\/24d850e4f123aaa0ad5edf9a3fb1d97a98b831f0571142c5dc4b3add4e2db2ea?s=96&d=mm&r=g","caption":"Academica Spain"},"url":"https:\/\/www.academica.school\/news\/author\/jasubal\/"}]}},"jetpack_featured_media_url":"https:\/\/i0.wp.com\/www.academica.school\/news\/wp-content\/uploads\/2020\/09\/dual-2-e1601194736574.jpg?fit=800%2C500&ssl=1","jetpack_sharing_enabled":true,"jetpack_shortlink":"https:\/\/wp.me\/p8RDKh-gB","jetpack-related-posts":[{"id":1609,"url":"https:\/\/www.academica.school\/news\/el-diploma-dual-en-el-colegio-zalima-de-cordoba\/","url_meta":{"origin":1029,"position":0},"title":"El Diploma Dual en el Colegio Zalima de C\u00f3rdoba","author":"Academica Spain","date":"marzo 8, 2023","format":"video","excerpt":"Luc\u00eda Fern\u00e1ndez, estudiante de 1\u00ba de Bachillerato en el Colegio Zalima (C\u00f3rdoba), nos cuenta su experiencia con el programa Diploma Dual. El Diploma Dual es el programa oficial de convalidaci\u00f3n internacional de t\u00edtulos de Bachillerato creado y desarrollado por Academica, que permite a los alumnos obtener dos titulaciones simult\u00e1neas: la\u2026","rel":"","context":"En \u00abLast News\u00bb","block_context":{"text":"Last News","link":"https:\/\/www.academica.school\/news\/last-news\/"},"img":{"alt_text":"DIPLOMA DUAL ACADEMICA","src":"https:\/\/i0.wp.com\/www.academica.school\/news\/wp-content\/uploads\/2023\/03\/DIPLOMA-DUAL-ACADEMICA.png?fit=1200%2C593&ssl=1&resize=350%2C200","width":350,"height":200,"srcset":"https:\/\/i0.wp.com\/www.academica.school\/news\/wp-content\/uploads\/2023\/03\/DIPLOMA-DUAL-ACADEMICA.png?fit=1200%2C593&ssl=1&resize=350%2C200 1x, https:\/\/i0.wp.com\/www.academica.school\/news\/wp-content\/uploads\/2023\/03\/DIPLOMA-DUAL-ACADEMICA.png?fit=1200%2C593&ssl=1&resize=525%2C300 1.5x, https:\/\/i0.wp.com\/www.academica.school\/news\/wp-content\/uploads\/2023\/03\/DIPLOMA-DUAL-ACADEMICA.png?fit=1200%2C593&ssl=1&resize=700%2C400 2x, https:\/\/i0.wp.com\/www.academica.school\/news\/wp-content\/uploads\/2023\/03\/DIPLOMA-DUAL-ACADEMICA.png?fit=1200%2C593&ssl=1&resize=1050%2C600 3x"},"classes":[]},{"id":2463,"url":"https:\/\/www.academica.school\/news\/el-diploma-dual-en-el-colegio-almedina-de-cordoba\/","url_meta":{"origin":1029,"position":1},"title":"El Diploma Dual en el Colegio Almedina de C\u00f3rdoba","author":"Academica Spain","date":"mayo 20, 2024","format":"video","excerpt":"Los alumnos que actualmente est\u00e1n cursando el Diploma Dual en el Colegio Almedina de C\u00f3rdoba nos cuentan su experiencia con el programa. El programa no s\u00f3lo les est\u00e1 ayudando a mejorar sus habilidades de gesti\u00f3n y manejo del tiempo, tambi\u00e9n est\u00e1n mejorando mucho en ingl\u00e9s y est\u00e1n aprendiendo cosas de\u2026","rel":"","context":"En \u00abLast News\u00bb","block_context":{"text":"Last News","link":"https:\/\/www.academica.school\/news\/last-news\/"},"img":{"alt_text":"colegio-almedina-diploma-dual","src":"https:\/\/i0.wp.com\/www.academica.school\/news\/wp-content\/uploads\/2024\/05\/HELPING-SCHOOLS-SUCCEED-2.jpg?fit=1200%2C675&ssl=1&resize=350%2C200","width":350,"height":200,"srcset":"https:\/\/i0.wp.com\/www.academica.school\/news\/wp-content\/uploads\/2024\/05\/HELPING-SCHOOLS-SUCCEED-2.jpg?fit=1200%2C675&ssl=1&resize=350%2C200 1x, https:\/\/i0.wp.com\/www.academica.school\/news\/wp-content\/uploads\/2024\/05\/HELPING-SCHOOLS-SUCCEED-2.jpg?fit=1200%2C675&ssl=1&resize=525%2C300 1.5x, https:\/\/i0.wp.com\/www.academica.school\/news\/wp-content\/uploads\/2024\/05\/HELPING-SCHOOLS-SUCCEED-2.jpg?fit=1200%2C675&ssl=1&resize=700%2C400 2x, https:\/\/i0.wp.com\/www.academica.school\/news\/wp-content\/uploads\/2024\/05\/HELPING-SCHOOLS-SUCCEED-2.jpg?fit=1200%2C675&ssl=1&resize=1050%2C600 3x"},"classes":[]},{"id":3255,"url":"https:\/\/www.academica.school\/news\/que-es-el-diploma-dual-para-los-alumnos-del-colegio-almedina\/","url_meta":{"origin":1029,"position":2},"title":"\u00bfQu\u00e9 es el Diploma Dual para los alumnos del Colegio Almedina?","author":"Academica Spain","date":"mayo 28, 2025","format":"video","excerpt":"Los alumnos del Colegio Almedina de C\u00f3rdoba nos cuentan de primera mano lo que significa el Diploma Dual para ellos y c\u00f3mo est\u00e1n viviendo esta experiencia. El Diploma Dual es el programa oficial de convalidaci\u00f3n internacional de t\u00edtulos de Bachillerato creado y desarrollado por Academica, que permite a los alumnos\u2026","rel":"","context":"En \u00abLast News\u00bb","block_context":{"text":"Last News","link":"https:\/\/www.academica.school\/news\/last-news\/"},"img":{"alt_text":"","src":"","width":0,"height":0},"classes":[]},{"id":3781,"url":"https:\/\/www.academica.school\/news\/jornada-inspiradora-colegio-betica-mudarra-exito-diploma-dual\/","url_meta":{"origin":1029,"position":3},"title":"Una jornada inspiradora en el Colegio B\u00e9tica-Mudarra de C\u00f3rdoba: el \u00e9xito del Diploma Dual","author":"Academica Spain","date":"diciembre 9, 2025","format":false,"excerpt":"Recientemente hemos tenido la oportunidad de visitar el Colegio B\u00e9tica-Mudarra de C\u00f3rdoba\u00a0y compartir una jornada enriquecedora con los estudiantes que est\u00e1n cursando el Diploma Dual. La experiencia nos permiti\u00f3 conocer de primera mano el excelente trabajo que est\u00e1n llevando a cabo y el firme compromiso que demuestran cada d\u00eda en\u2026","rel":"","context":"En \u00abLast News\u00bb","block_context":{"text":"Last News","link":"https:\/\/www.academica.school\/news\/last-news\/"},"img":{"alt_text":"Visita al Colegio B\u00e9tica-Mudarra de C\u00f3rdoba","src":"https:\/\/i0.wp.com\/www.academica.school\/news\/wp-content\/uploads\/2025\/12\/diploma-dual-betica-mudarra-e1765296893431.jpg?fit=1200%2C1104&ssl=1&resize=350%2C200","width":350,"height":200,"srcset":"https:\/\/i0.wp.com\/www.academica.school\/news\/wp-content\/uploads\/2025\/12\/diploma-dual-betica-mudarra-e1765296893431.jpg?fit=1200%2C1104&ssl=1&resize=350%2C200 1x, https:\/\/i0.wp.com\/www.academica.school\/news\/wp-content\/uploads\/2025\/12\/diploma-dual-betica-mudarra-e1765296893431.jpg?fit=1200%2C1104&ssl=1&resize=525%2C300 1.5x, https:\/\/i0.wp.com\/www.academica.school\/news\/wp-content\/uploads\/2025\/12\/diploma-dual-betica-mudarra-e1765296893431.jpg?fit=1200%2C1104&ssl=1&resize=700%2C400 2x, https:\/\/i0.wp.com\/www.academica.school\/news\/wp-content\/uploads\/2025\/12\/diploma-dual-betica-mudarra-e1765296893431.jpg?fit=1200%2C1104&ssl=1&resize=1050%2C600 3x"},"classes":[]},{"id":1249,"url":"https:\/\/www.academica.school\/news\/el-nivel-de-autonomia-de-los-alumnos-del-diploma-dual-crece-exponencialmente-ano-tras-ano\/","url_meta":{"origin":1029,"position":4},"title":"\u00abEl nivel de autonom\u00eda de los alumnos del Diploma Dual crece exponencialmente a\u00f1o tras a\u00f1o\u00bb","author":"Academica Spain","date":"septiembre 20, 2021","format":false,"excerpt":"Hace cinco a\u00f1os que el Colegio Almedina de C\u00f3rdoba consigui\u00f3 la acreditaci\u00f3n de Academica para ofrecer el American High School Diploma a sus alumnos. Entrevistamos a Carmen Fortea, Directora de Programa. El Colegio Almedina naci\u00f3 en el 2002 para dar continuidad a una escuela infantil que hab\u00eda echado a andar\u2026","rel":"","context":"En \u00abLast News\u00bb","block_context":{"text":"Last News","link":"https:\/\/www.academica.school\/news\/last-news\/"},"img":{"alt_text":"","src":"https:\/\/i0.wp.com\/www.academica.school\/news\/wp-content\/uploads\/2021\/09\/Carmen-Fortea.jpg?fit=800%2C501&ssl=1&resize=350%2C200","width":350,"height":200,"srcset":"https:\/\/i0.wp.com\/www.academica.school\/news\/wp-content\/uploads\/2021\/09\/Carmen-Fortea.jpg?fit=800%2C501&ssl=1&resize=350%2C200 1x, https:\/\/i0.wp.com\/www.academica.school\/news\/wp-content\/uploads\/2021\/09\/Carmen-Fortea.jpg?fit=800%2C501&ssl=1&resize=525%2C300 1.5x, https:\/\/i0.wp.com\/www.academica.school\/news\/wp-content\/uploads\/2021\/09\/Carmen-Fortea.jpg?fit=800%2C501&ssl=1&resize=700%2C400 2x"},"classes":[]},{"id":3735,"url":"https:\/\/www.academica.school\/news\/compromiso-educacion-diploma-dual-colegio-la-salle-manresa\/","url_meta":{"origin":1029,"position":5},"title":"Compromiso con una educaci\u00f3n de calidad: el Diploma Dual en el Colegio La Salle Manresa","author":"Academica Spain","date":"diciembre 3, 2025","format":false,"excerpt":"Visitamos el Colegio La Salle Manresa\u00a0para conocer de cerca el trabajo que est\u00e1n realizando los alumnos del Diploma Dual y comprobar c\u00f3mo se est\u00e1 desarrollando el programa dentro del centro. Desde el primer momento pudimos percibir un ambiente educativo comprometido con la excelencia y con el acompa\u00f1amiento constante a los\u2026","rel":"","context":"En \u00abLast News\u00bb","block_context":{"text":"Last News","link":"https:\/\/www.academica.school\/news\/last-news\/"},"img":{"alt_text":"Visita al Colegio La Salle Manresa","src":"https:\/\/i0.wp.com\/www.academica.school\/news\/wp-content\/uploads\/2025\/12\/diploma-dual-la-salle-manresa.jpg?fit=1136%2C1200&ssl=1&resize=350%2C200","width":350,"height":200,"srcset":"https:\/\/i0.wp.com\/www.academica.school\/news\/wp-content\/uploads\/2025\/12\/diploma-dual-la-salle-manresa.jpg?fit=1136%2C1200&ssl=1&resize=350%2C200 1x, https:\/\/i0.wp.com\/www.academica.school\/news\/wp-content\/uploads\/2025\/12\/diploma-dual-la-salle-manresa.jpg?fit=1136%2C1200&ssl=1&resize=525%2C300 1.5x, https:\/\/i0.wp.com\/www.academica.school\/news\/wp-content\/uploads\/2025\/12\/diploma-dual-la-salle-manresa.jpg?fit=1136%2C1200&ssl=1&resize=700%2C400 2x, https:\/\/i0.wp.com\/www.academica.school\/news\/wp-content\/uploads\/2025\/12\/diploma-dual-la-salle-manresa.jpg?fit=1136%2C1200&ssl=1&resize=1050%2C600 3x"},"classes":[]}],"_links":{"self":[{"href":"https:\/\/www.academica.school\/news\/wp-json\/wp\/v2\/posts\/1029","targetHints":{"allow":["GET"]}}],"collection":[{"href":"https:\/\/www.academica.school\/news\/wp-json\/wp\/v2\/posts"}],"about":[{"href":"https:\/\/www.academica.school\/news\/wp-json\/wp\/v2\/types\/post"}],"author":[{"embeddable":true,"href":"https:\/\/www.academica.school\/news\/wp-json\/wp\/v2\/users\/1"}],"replies":[{"embeddable":true,"href":"https:\/\/www.academica.school\/news\/wp-json\/wp\/v2\/comments?post=1029"}],"version-history":[{"count":1,"href":"https:\/\/www.academica.school\/news\/wp-json\/wp\/v2\/posts\/1029\/revisions"}],"predecessor-version":[{"id":1031,"href":"https:\/\/www.academica.school\/news\/wp-json\/wp\/v2\/posts\/1029\/revisions\/1031"}],"wp:featuredmedia":[{"embeddable":true,"href":"https:\/\/www.academica.school\/news\/wp-json\/wp\/v2\/media\/1030"}],"wp:attachment":[{"href":"https:\/\/www.academica.school\/news\/wp-json\/wp\/v2\/media?parent=1029"}],"wp:term":[{"taxonomy":"category","embeddable":true,"href":"https:\/\/www.academica.school\/news\/wp-json\/wp\/v2\/categories?post=1029"},{"taxonomy":"post_tag","embeddable":true,"href":"https:\/\/www.academica.school\/news\/wp-json\/wp\/v2\/tags?post=1029"}],"curies":[{"name":"wp","href":"https:\/\/api.w.org\/{rel}","templated":true}]}}