{"id":1246,"date":"2021-09-15T09:11:28","date_gmt":"2021-09-15T09:11:28","guid":{"rendered":"https:\/\/www.academica.school\/news\/?p=1246"},"modified":"2021-09-15T09:11:28","modified_gmt":"2021-09-15T09:11:28","slug":"arranca-el-curso-escolar-con-las-pruebas-de-admision-del-diploma-dual","status":"publish","type":"post","link":"https:\/\/www.academica.school\/news\/arranca-el-curso-escolar-con-las-pruebas-de-admision-del-diploma-dual\/","title":{"rendered":"Arranca el curso escolar con las pruebas de admisi\u00f3n del Diploma Dual"},"content":{"rendered":"<p>Arranca el curso escolar 2021-22 con las pruebas del programa Diploma Dual de <strong>Academica<\/strong> que se est\u00e1n celebrando estos d\u00edas en todos los colegios acreditados por Academica en Espa\u00f1a y Portugal.<\/p>\n<p><!--more--><\/p>\n<p>Las pruebas de nivel de los alumnos tienen como finalidad conocer el grado de manejo de la lengua inglesa con el fin de procurarles un plan de estudios personalizado a todos nuestros alumnos e incorporar, si fuera necesario, asignaturas de lengua inglesa de refuerzo en su curricular estadounidense.<\/p>\n<p>El Diploma Dual de <strong>Academica<\/strong> puede cursarse a partir de 2\u00ba ESO y hasta 2\u00ba de Bach. y proporciona la doble titulaci\u00f3n de sus estudios de Secundaria, junto con el American High School Diploma.<\/p>\n<p>Los alumnos de <strong>Academica<\/strong> adem\u00e1s reciben una triple inversi\u00f3n en estos a\u00f1os de duraci\u00f3n del programa Diploma Dual. Por un lado, la inmersi\u00f3n ling\u00fcistica, ya que proporciona el dominio del ingl\u00e9s; la tecnol\u00f3gica, al estudiarse a trav\u00e9s de plataforma con profesores estadounidenses acreditados; y por \u00faltimo, la inmersi\u00f3n personal, donde los alumnos ganan una amplia autonom\u00eda personal y responsabilidad.<\/p>\n<p>En la foto pueden verse alumnos del <strong>Colegio Madre Mar\u00eda Rosa Molas<\/strong> (Zaragoza, Espa\u00f1a), realizando hoy mismo su prueba de nivel. \u00a1Mucha suerte a todos ellos!<\/p>\n<p>&nbsp;<\/p>\n","protected":false},"excerpt":{"rendered":"<p>Arranca el curso escolar 2021-22 con las pruebas del programa Diploma Dual de Academica que se est\u00e1n celebrando estos d\u00edas en todos los colegios acreditados por Academica en Espa\u00f1a y Portugal.<\/p>\n","protected":false},"author":1,"featured_media":1247,"comment_status":"closed","ping_status":"closed","sticky":false,"template":"","format":"standard","meta":{"_jetpack_memberships_contains_paid_content":false,"footnotes":""},"categories":[1],"tags":[9,296,7,298,4,297],"class_list":["post-1246","post","type-post","status-publish","format-standard","has-post-thumbnail","hentry","category-last-news","tag-academica","tag-colegio-madre-maria-rosa-molas-de-zaragoza","tag-colegios","tag-curso-escolar","tag-diploma-dual","tag-prueba-nivel","clearfix"],"yoast_head":"<!-- This site is optimized with the Yoast SEO plugin v27.5 - https:\/\/yoast.com\/product\/yoast-seo-wordpress\/ -->\n<title>Arranca el curso escolar con las pruebas de admisi\u00f3n del Diploma Dual - Academica News<\/title>\n<meta name=\"description\" content=\"Alumnos de toda Espa\u00f1a realizan estos d\u00edas la prueba de nivel para incorporarse al Diploma Dual promovido por Academica\" \/>\n<meta name=\"robots\" content=\"index, follow, max-snippet:-1, max-image-preview:large, max-video-preview:-1\" \/>\n<link rel=\"canonical\" href=\"https:\/\/www.academica.school\/news\/arranca-el-curso-escolar-con-las-pruebas-de-admision-del-diploma-dual\/\" \/>\n<meta property=\"og:locale\" content=\"es_ES\" \/>\n<meta property=\"og:type\" content=\"article\" \/>\n<meta property=\"og:title\" content=\"Arranca el curso escolar con las pruebas de admisi\u00f3n del Diploma Dual - Academica News\" \/>\n<meta property=\"og:description\" content=\"Alumnos de toda Espa\u00f1a realizan estos d\u00edas la prueba de nivel para incorporarse al Diploma Dual promovido por Academica\" \/>\n<meta property=\"og:url\" content=\"https:\/\/www.academica.school\/news\/arranca-el-curso-escolar-con-las-pruebas-de-admision-del-diploma-dual\/\" \/>\n<meta property=\"og:site_name\" content=\"Academica News\" \/>\n<meta property=\"article:published_time\" content=\"2021-09-15T09:11:28+00:00\" \/>\n<meta property=\"og:image\" content=\"https:\/\/i1.wp.com\/www.academica.school\/news\/wp-content\/uploads\/2021\/09\/Colegio-Madre-Maria-Rosa-Molas.jpg?fit=801%2C500&ssl=1\" \/>\n\t<meta property=\"og:image:width\" content=\"801\" \/>\n\t<meta property=\"og:image:height\" content=\"500\" \/>\n\t<meta property=\"og:image:type\" content=\"image\/jpeg\" \/>\n<meta name=\"author\" content=\"Academica Spain\" \/>\n<meta name=\"twitter:card\" content=\"summary_large_image\" \/>\n<meta name=\"twitter:label1\" content=\"Escrito por\" \/>\n\t<meta name=\"twitter:data1\" content=\"Academica Spain\" \/>\n\t<meta name=\"twitter:label2\" content=\"Tiempo de lectura\" \/>\n\t<meta name=\"twitter:data2\" content=\"1 minuto\" \/>\n<script type=\"application\/ld+json\" class=\"yoast-schema-graph\">{\"@context\":\"https:\\\/\\\/schema.org\",\"@graph\":[{\"@type\":\"Article\",\"@id\":\"https:\\\/\\\/www.academica.school\\\/news\\\/arranca-el-curso-escolar-con-las-pruebas-de-admision-del-diploma-dual\\\/#article\",\"isPartOf\":{\"@id\":\"https:\\\/\\\/www.academica.school\\\/news\\\/arranca-el-curso-escolar-con-las-pruebas-de-admision-del-diploma-dual\\\/\"},\"author\":{\"name\":\"Academica Spain\",\"@id\":\"https:\\\/\\\/www.academica.school\\\/news\\\/#\\\/schema\\\/person\\\/07ed699df26b3ae2c049959a107fce05\"},\"headline\":\"Arranca el curso escolar con las pruebas de admisi\u00f3n del Diploma Dual\",\"datePublished\":\"2021-09-15T09:11:28+00:00\",\"mainEntityOfPage\":{\"@id\":\"https:\\\/\\\/www.academica.school\\\/news\\\/arranca-el-curso-escolar-con-las-pruebas-de-admision-del-diploma-dual\\\/\"},\"wordCount\":227,\"publisher\":{\"@id\":\"https:\\\/\\\/www.academica.school\\\/news\\\/#organization\"},\"image\":{\"@id\":\"https:\\\/\\\/www.academica.school\\\/news\\\/arranca-el-curso-escolar-con-las-pruebas-de-admision-del-diploma-dual\\\/#primaryimage\"},\"thumbnailUrl\":\"https:\\\/\\\/i0.wp.com\\\/www.academica.school\\\/news\\\/wp-content\\\/uploads\\\/2021\\\/09\\\/Colegio-Madre-Maria-Rosa-Molas.jpg?fit=801%2C500&ssl=1\",\"keywords\":[\"academica\",\"Colegio Madre Mar\u00eda Rosa Molas de Zaragoza\",\"colegios\",\"curso escolar\",\"Diploma Dual\",\"prueba nivel\"],\"articleSection\":[\"Last News\"],\"inLanguage\":\"es\"},{\"@type\":\"WebPage\",\"@id\":\"https:\\\/\\\/www.academica.school\\\/news\\\/arranca-el-curso-escolar-con-las-pruebas-de-admision-del-diploma-dual\\\/\",\"url\":\"https:\\\/\\\/www.academica.school\\\/news\\\/arranca-el-curso-escolar-con-las-pruebas-de-admision-del-diploma-dual\\\/\",\"name\":\"Arranca el curso escolar con las pruebas de admisi\u00f3n del Diploma Dual - Academica News\",\"isPartOf\":{\"@id\":\"https:\\\/\\\/www.academica.school\\\/news\\\/#website\"},\"primaryImageOfPage\":{\"@id\":\"https:\\\/\\\/www.academica.school\\\/news\\\/arranca-el-curso-escolar-con-las-pruebas-de-admision-del-diploma-dual\\\/#primaryimage\"},\"image\":{\"@id\":\"https:\\\/\\\/www.academica.school\\\/news\\\/arranca-el-curso-escolar-con-las-pruebas-de-admision-del-diploma-dual\\\/#primaryimage\"},\"thumbnailUrl\":\"https:\\\/\\\/i0.wp.com\\\/www.academica.school\\\/news\\\/wp-content\\\/uploads\\\/2021\\\/09\\\/Colegio-Madre-Maria-Rosa-Molas.jpg?fit=801%2C500&ssl=1\",\"datePublished\":\"2021-09-15T09:11:28+00:00\",\"description\":\"Alumnos de toda Espa\u00f1a realizan estos d\u00edas la prueba de nivel para incorporarse al Diploma Dual promovido por Academica\",\"breadcrumb\":{\"@id\":\"https:\\\/\\\/www.academica.school\\\/news\\\/arranca-el-curso-escolar-con-las-pruebas-de-admision-del-diploma-dual\\\/#breadcrumb\"},\"inLanguage\":\"es\",\"potentialAction\":[{\"@type\":\"ReadAction\",\"target\":[\"https:\\\/\\\/www.academica.school\\\/news\\\/arranca-el-curso-escolar-con-las-pruebas-de-admision-del-diploma-dual\\\/\"]}]},{\"@type\":\"ImageObject\",\"inLanguage\":\"es\",\"@id\":\"https:\\\/\\\/www.academica.school\\\/news\\\/arranca-el-curso-escolar-con-las-pruebas-de-admision-del-diploma-dual\\\/#primaryimage\",\"url\":\"https:\\\/\\\/i0.wp.com\\\/www.academica.school\\\/news\\\/wp-content\\\/uploads\\\/2021\\\/09\\\/Colegio-Madre-Maria-Rosa-Molas.jpg?fit=801%2C500&ssl=1\",\"contentUrl\":\"https:\\\/\\\/i0.wp.com\\\/www.academica.school\\\/news\\\/wp-content\\\/uploads\\\/2021\\\/09\\\/Colegio-Madre-Maria-Rosa-Molas.jpg?fit=801%2C500&ssl=1\",\"width\":801,\"height\":500},{\"@type\":\"BreadcrumbList\",\"@id\":\"https:\\\/\\\/www.academica.school\\\/news\\\/arranca-el-curso-escolar-con-las-pruebas-de-admision-del-diploma-dual\\\/#breadcrumb\",\"itemListElement\":[{\"@type\":\"ListItem\",\"position\":1,\"name\":\"Portada\",\"item\":\"https:\\\/\\\/www.academica.school\\\/news\\\/\"},{\"@type\":\"ListItem\",\"position\":2,\"name\":\"Arranca el curso escolar con las pruebas de admisi\u00f3n del Diploma Dual\"}]},{\"@type\":\"WebSite\",\"@id\":\"https:\\\/\\\/www.academica.school\\\/news\\\/#website\",\"url\":\"https:\\\/\\\/www.academica.school\\\/news\\\/\",\"name\":\"Academica News\",\"description\":\"todo lo que pasa en el mundo acad\u00e9mico, sobre universidades y cualquier evento o novedad en la que participemos\",\"publisher\":{\"@id\":\"https:\\\/\\\/www.academica.school\\\/news\\\/#organization\"},\"potentialAction\":[{\"@type\":\"SearchAction\",\"target\":{\"@type\":\"EntryPoint\",\"urlTemplate\":\"https:\\\/\\\/www.academica.school\\\/news\\\/?s={search_term_string}\"},\"query-input\":{\"@type\":\"PropertyValueSpecification\",\"valueRequired\":true,\"valueName\":\"search_term_string\"}}],\"inLanguage\":\"es\"},{\"@type\":\"Organization\",\"@id\":\"https:\\\/\\\/www.academica.school\\\/news\\\/#organization\",\"name\":\"Academica\",\"url\":\"https:\\\/\\\/www.academica.school\\\/news\\\/\",\"logo\":{\"@type\":\"ImageObject\",\"inLanguage\":\"es\",\"@id\":\"https:\\\/\\\/www.academica.school\\\/news\\\/#\\\/schema\\\/logo\\\/image\\\/\",\"url\":\"https:\\\/\\\/i1.wp.com\\\/www.academica.school\\\/news\\\/wp-content\\\/uploads\\\/2019\\\/11\\\/Captura-de-pantalla-2019-11-20-a-las-12.14.04.png?fit=799%2C500&ssl=1\",\"contentUrl\":\"https:\\\/\\\/i1.wp.com\\\/www.academica.school\\\/news\\\/wp-content\\\/uploads\\\/2019\\\/11\\\/Captura-de-pantalla-2019-11-20-a-las-12.14.04.png?fit=799%2C500&ssl=1\",\"width\":799,\"height\":500,\"caption\":\"Academica\"},\"image\":{\"@id\":\"https:\\\/\\\/www.academica.school\\\/news\\\/#\\\/schema\\\/logo\\\/image\\\/\"}},{\"@type\":\"Person\",\"@id\":\"https:\\\/\\\/www.academica.school\\\/news\\\/#\\\/schema\\\/person\\\/07ed699df26b3ae2c049959a107fce05\",\"name\":\"Academica Spain\",\"image\":{\"@type\":\"ImageObject\",\"inLanguage\":\"es\",\"@id\":\"https:\\\/\\\/secure.gravatar.com\\\/avatar\\\/24d850e4f123aaa0ad5edf9a3fb1d97a98b831f0571142c5dc4b3add4e2db2ea?s=96&d=mm&r=g\",\"url\":\"https:\\\/\\\/secure.gravatar.com\\\/avatar\\\/24d850e4f123aaa0ad5edf9a3fb1d97a98b831f0571142c5dc4b3add4e2db2ea?s=96&d=mm&r=g\",\"contentUrl\":\"https:\\\/\\\/secure.gravatar.com\\\/avatar\\\/24d850e4f123aaa0ad5edf9a3fb1d97a98b831f0571142c5dc4b3add4e2db2ea?s=96&d=mm&r=g\",\"caption\":\"Academica Spain\"},\"url\":\"https:\\\/\\\/www.academica.school\\\/news\\\/author\\\/jasubal\\\/\"}]}<\/script>\n<!-- \/ Yoast SEO plugin. -->","yoast_head_json":{"title":"Arranca el curso escolar con las pruebas de admisi\u00f3n del Diploma Dual - Academica News","description":"Alumnos de toda Espa\u00f1a realizan estos d\u00edas la prueba de nivel para incorporarse al Diploma Dual promovido por Academica","robots":{"index":"index","follow":"follow","max-snippet":"max-snippet:-1","max-image-preview":"max-image-preview:large","max-video-preview":"max-video-preview:-1"},"canonical":"https:\/\/www.academica.school\/news\/arranca-el-curso-escolar-con-las-pruebas-de-admision-del-diploma-dual\/","og_locale":"es_ES","og_type":"article","og_title":"Arranca el curso escolar con las pruebas de admisi\u00f3n del Diploma Dual - Academica News","og_description":"Alumnos de toda Espa\u00f1a realizan estos d\u00edas la prueba de nivel para incorporarse al Diploma Dual promovido por Academica","og_url":"https:\/\/www.academica.school\/news\/arranca-el-curso-escolar-con-las-pruebas-de-admision-del-diploma-dual\/","og_site_name":"Academica News","article_published_time":"2021-09-15T09:11:28+00:00","og_image":[{"width":801,"height":500,"url":"https:\/\/i1.wp.com\/www.academica.school\/news\/wp-content\/uploads\/2021\/09\/Colegio-Madre-Maria-Rosa-Molas.jpg?fit=801%2C500&ssl=1","type":"image\/jpeg"}],"author":"Academica Spain","twitter_card":"summary_large_image","twitter_misc":{"Escrito por":"Academica Spain","Tiempo de lectura":"1 minuto"},"schema":{"@context":"https:\/\/schema.org","@graph":[{"@type":"Article","@id":"https:\/\/www.academica.school\/news\/arranca-el-curso-escolar-con-las-pruebas-de-admision-del-diploma-dual\/#article","isPartOf":{"@id":"https:\/\/www.academica.school\/news\/arranca-el-curso-escolar-con-las-pruebas-de-admision-del-diploma-dual\/"},"author":{"name":"Academica Spain","@id":"https:\/\/www.academica.school\/news\/#\/schema\/person\/07ed699df26b3ae2c049959a107fce05"},"headline":"Arranca el curso escolar con las pruebas de admisi\u00f3n del Diploma Dual","datePublished":"2021-09-15T09:11:28+00:00","mainEntityOfPage":{"@id":"https:\/\/www.academica.school\/news\/arranca-el-curso-escolar-con-las-pruebas-de-admision-del-diploma-dual\/"},"wordCount":227,"publisher":{"@id":"https:\/\/www.academica.school\/news\/#organization"},"image":{"@id":"https:\/\/www.academica.school\/news\/arranca-el-curso-escolar-con-las-pruebas-de-admision-del-diploma-dual\/#primaryimage"},"thumbnailUrl":"https:\/\/i0.wp.com\/www.academica.school\/news\/wp-content\/uploads\/2021\/09\/Colegio-Madre-Maria-Rosa-Molas.jpg?fit=801%2C500&ssl=1","keywords":["academica","Colegio Madre Mar\u00eda Rosa Molas de Zaragoza","colegios","curso escolar","Diploma Dual","prueba nivel"],"articleSection":["Last News"],"inLanguage":"es"},{"@type":"WebPage","@id":"https:\/\/www.academica.school\/news\/arranca-el-curso-escolar-con-las-pruebas-de-admision-del-diploma-dual\/","url":"https:\/\/www.academica.school\/news\/arranca-el-curso-escolar-con-las-pruebas-de-admision-del-diploma-dual\/","name":"Arranca el curso escolar con las pruebas de admisi\u00f3n del Diploma Dual - Academica News","isPartOf":{"@id":"https:\/\/www.academica.school\/news\/#website"},"primaryImageOfPage":{"@id":"https:\/\/www.academica.school\/news\/arranca-el-curso-escolar-con-las-pruebas-de-admision-del-diploma-dual\/#primaryimage"},"image":{"@id":"https:\/\/www.academica.school\/news\/arranca-el-curso-escolar-con-las-pruebas-de-admision-del-diploma-dual\/#primaryimage"},"thumbnailUrl":"https:\/\/i0.wp.com\/www.academica.school\/news\/wp-content\/uploads\/2021\/09\/Colegio-Madre-Maria-Rosa-Molas.jpg?fit=801%2C500&ssl=1","datePublished":"2021-09-15T09:11:28+00:00","description":"Alumnos de toda Espa\u00f1a realizan estos d\u00edas la prueba de nivel para incorporarse al Diploma Dual promovido por Academica","breadcrumb":{"@id":"https:\/\/www.academica.school\/news\/arranca-el-curso-escolar-con-las-pruebas-de-admision-del-diploma-dual\/#breadcrumb"},"inLanguage":"es","potentialAction":[{"@type":"ReadAction","target":["https:\/\/www.academica.school\/news\/arranca-el-curso-escolar-con-las-pruebas-de-admision-del-diploma-dual\/"]}]},{"@type":"ImageObject","inLanguage":"es","@id":"https:\/\/www.academica.school\/news\/arranca-el-curso-escolar-con-las-pruebas-de-admision-del-diploma-dual\/#primaryimage","url":"https:\/\/i0.wp.com\/www.academica.school\/news\/wp-content\/uploads\/2021\/09\/Colegio-Madre-Maria-Rosa-Molas.jpg?fit=801%2C500&ssl=1","contentUrl":"https:\/\/i0.wp.com\/www.academica.school\/news\/wp-content\/uploads\/2021\/09\/Colegio-Madre-Maria-Rosa-Molas.jpg?fit=801%2C500&ssl=1","width":801,"height":500},{"@type":"BreadcrumbList","@id":"https:\/\/www.academica.school\/news\/arranca-el-curso-escolar-con-las-pruebas-de-admision-del-diploma-dual\/#breadcrumb","itemListElement":[{"@type":"ListItem","position":1,"name":"Portada","item":"https:\/\/www.academica.school\/news\/"},{"@type":"ListItem","position":2,"name":"Arranca el curso escolar con las pruebas de admisi\u00f3n del Diploma Dual"}]},{"@type":"WebSite","@id":"https:\/\/www.academica.school\/news\/#website","url":"https:\/\/www.academica.school\/news\/","name":"Academica News","description":"todo lo que pasa en el mundo acad\u00e9mico, sobre universidades y cualquier evento o novedad en la que participemos","publisher":{"@id":"https:\/\/www.academica.school\/news\/#organization"},"potentialAction":[{"@type":"SearchAction","target":{"@type":"EntryPoint","urlTemplate":"https:\/\/www.academica.school\/news\/?s={search_term_string}"},"query-input":{"@type":"PropertyValueSpecification","valueRequired":true,"valueName":"search_term_string"}}],"inLanguage":"es"},{"@type":"Organization","@id":"https:\/\/www.academica.school\/news\/#organization","name":"Academica","url":"https:\/\/www.academica.school\/news\/","logo":{"@type":"ImageObject","inLanguage":"es","@id":"https:\/\/www.academica.school\/news\/#\/schema\/logo\/image\/","url":"https:\/\/i1.wp.com\/www.academica.school\/news\/wp-content\/uploads\/2019\/11\/Captura-de-pantalla-2019-11-20-a-las-12.14.04.png?fit=799%2C500&ssl=1","contentUrl":"https:\/\/i1.wp.com\/www.academica.school\/news\/wp-content\/uploads\/2019\/11\/Captura-de-pantalla-2019-11-20-a-las-12.14.04.png?fit=799%2C500&ssl=1","width":799,"height":500,"caption":"Academica"},"image":{"@id":"https:\/\/www.academica.school\/news\/#\/schema\/logo\/image\/"}},{"@type":"Person","@id":"https:\/\/www.academica.school\/news\/#\/schema\/person\/07ed699df26b3ae2c049959a107fce05","name":"Academica Spain","image":{"@type":"ImageObject","inLanguage":"es","@id":"https:\/\/secure.gravatar.com\/avatar\/24d850e4f123aaa0ad5edf9a3fb1d97a98b831f0571142c5dc4b3add4e2db2ea?s=96&d=mm&r=g","url":"https:\/\/secure.gravatar.com\/avatar\/24d850e4f123aaa0ad5edf9a3fb1d97a98b831f0571142c5dc4b3add4e2db2ea?s=96&d=mm&r=g","contentUrl":"https:\/\/secure.gravatar.com\/avatar\/24d850e4f123aaa0ad5edf9a3fb1d97a98b831f0571142c5dc4b3add4e2db2ea?s=96&d=mm&r=g","caption":"Academica Spain"},"url":"https:\/\/www.academica.school\/news\/author\/jasubal\/"}]}},"jetpack_featured_media_url":"https:\/\/i0.wp.com\/www.academica.school\/news\/wp-content\/uploads\/2021\/09\/Colegio-Madre-Maria-Rosa-Molas.jpg?fit=801%2C500&ssl=1","jetpack_sharing_enabled":true,"jetpack_shortlink":"https:\/\/wp.me\/p8RDKh-k6","jetpack-related-posts":[{"id":1049,"url":"https:\/\/www.academica.school\/news\/el-colegio-san-jose-de-villafranca-de-badajoz-arranca-el-curso-con-20-alumnos-en-el-diploma-dual\/","url_meta":{"origin":1246,"position":0},"title":"El Colegio San Jos\u00e9 de Villafranca de Badajoz arranca el curso con 20 alumnos en el Diploma Dual","author":"Academica Spain","date":"octubre 15, 2020","format":false,"excerpt":"El Colegio San Jos\u00e9 de Villafranca (Badajoz), dependiente de la Fundaci\u00f3n Loyola (Padres Jesuitas), ha comenzado el curso acad\u00e9mico 2020-21 con cerca de 20 alumnos matriculados en el Diploma Dual. El Diploma Dual es el programa de convalidaci\u00f3n de t\u00edtulos de Bachillerato creado y desarrollado por Academica Corporation que ofrece\u2026","rel":"","context":"En \u00abLast News\u00bb","block_context":{"text":"Last News","link":"https:\/\/www.academica.school\/news\/last-news\/"},"img":{"alt_text":"","src":"https:\/\/i0.wp.com\/www.academica.school\/news\/wp-content\/uploads\/2020\/10\/fachada_exterior_Colegio_Villafranca_Barros.jpg?fit=798%2C500&ssl=1&resize=350%2C200","width":350,"height":200,"srcset":"https:\/\/i0.wp.com\/www.academica.school\/news\/wp-content\/uploads\/2020\/10\/fachada_exterior_Colegio_Villafranca_Barros.jpg?fit=798%2C500&ssl=1&resize=350%2C200 1x, https:\/\/i0.wp.com\/www.academica.school\/news\/wp-content\/uploads\/2020\/10\/fachada_exterior_Colegio_Villafranca_Barros.jpg?fit=798%2C500&ssl=1&resize=525%2C300 1.5x, https:\/\/i0.wp.com\/www.academica.school\/news\/wp-content\/uploads\/2020\/10\/fachada_exterior_Colegio_Villafranca_Barros.jpg?fit=798%2C500&ssl=1&resize=700%2C400 2x"},"classes":[]},{"id":1215,"url":"https:\/\/www.academica.school\/news\/el-diploma-dual-o-como-lograr-la-internacionalizacion-de-tu-colegio\/","url_meta":{"origin":1246,"position":1},"title":"El Diploma Dual o c\u00f3mo lograr la internacionalizaci\u00f3n de tu colegio","author":"Academica Spain","date":"junio 28, 2021","format":false,"excerpt":"El Diploma Dual de Academica International Studies es una oportunidad fant\u00e1stica para lograr la internacionalizaci\u00f3n de los colegios espa\u00f1oles, al ofrecer el curricular estadounidense a aquellos de sus alumnos que lo deseen. De esta forma, cualquier alumno que est\u00e9 estudiando en Espa\u00f1a puede beneficiarse y matricularse de forma simult\u00e1nea en\u2026","rel":"","context":"En \u00abLast News\u00bb","block_context":{"text":"Last News","link":"https:\/\/www.academica.school\/news\/last-news\/"},"img":{"alt_text":"","src":"https:\/\/i0.wp.com\/www.academica.school\/news\/wp-content\/uploads\/2021\/06\/116141123_mediaitem116141122.jpg?fit=801%2C500&ssl=1&resize=350%2C200","width":350,"height":200,"srcset":"https:\/\/i0.wp.com\/www.academica.school\/news\/wp-content\/uploads\/2021\/06\/116141123_mediaitem116141122.jpg?fit=801%2C500&ssl=1&resize=350%2C200 1x, https:\/\/i0.wp.com\/www.academica.school\/news\/wp-content\/uploads\/2021\/06\/116141123_mediaitem116141122.jpg?fit=801%2C500&ssl=1&resize=525%2C300 1.5x, https:\/\/i0.wp.com\/www.academica.school\/news\/wp-content\/uploads\/2021\/06\/116141123_mediaitem116141122.jpg?fit=801%2C500&ssl=1&resize=700%2C400 2x"},"classes":[]},{"id":1257,"url":"https:\/\/www.academica.school\/news\/los-alumnos-las-familias-y-yo-misma-estamos-encantados-de-formar-parte-del-diploma-dual-ya-que-todos-aprendemos\/","url_meta":{"origin":1246,"position":2},"title":"\u00abLos alumnos, las familias y yo misma estamos encantados de formar parte del Diploma Dual, ya que todos aprendemos\u00bb","author":"Academica Spain","date":"octubre 4, 2021","format":false,"excerpt":"Iris del Olmo es la Jefa de Estudios de Secundaria y Bachillerato y Profesora de Ciencias Sociales y Lengua Inglesa en el Colegio Sant Andreu de Badalona (Barcelona). Iris es tambi\u00e9n la Directora de Programa del Diploma Dual, y en esta entrevista nos habla de c\u00f3mo el Diploma Dual de\u2026","rel":"","context":"En \u00abLast News\u00bb","block_context":{"text":"Last News","link":"https:\/\/www.academica.school\/news\/last-news\/"},"img":{"alt_text":"","src":"https:\/\/i0.wp.com\/www.academica.school\/news\/wp-content\/uploads\/2021\/10\/Iris-del-Olmo.jpg?fit=800%2C501&ssl=1&resize=350%2C200","width":350,"height":200,"srcset":"https:\/\/i0.wp.com\/www.academica.school\/news\/wp-content\/uploads\/2021\/10\/Iris-del-Olmo.jpg?fit=800%2C501&ssl=1&resize=350%2C200 1x, https:\/\/i0.wp.com\/www.academica.school\/news\/wp-content\/uploads\/2021\/10\/Iris-del-Olmo.jpg?fit=800%2C501&ssl=1&resize=525%2C300 1.5x, https:\/\/i0.wp.com\/www.academica.school\/news\/wp-content\/uploads\/2021\/10\/Iris-del-Olmo.jpg?fit=800%2C501&ssl=1&resize=700%2C400 2x"},"classes":[]},{"id":3236,"url":"https:\/\/www.academica.school\/news\/diploma-dual-ayuda-alumnos-expandir-vision-mundo\/","url_meta":{"origin":1246,"position":3},"title":"\u00abEl Diploma Dual ayuda a los alumnos a expandir su visi\u00f3n del mundo para ser mejores ciudadanos globales\u00bb","author":"Academica Spain","date":"mayo 19, 2025","format":false,"excerpt":"Entrevistamos a Rub\u00e9n P\u00e9rez, Director de Programa en el Colegio Sagrado Coraz\u00f3n Jesuitas de Logro\u00f1o, quien nos cuenta su experiencia con el programa. Comenz\u00f3 a encargarse del Diploma Dual en el colegio en el curso 2023\/24. \u00bfQu\u00e9 tipo de tareas lleva impl\u00edcita esta responsabilidad para los que sois Directores de\u2026","rel":"","context":"En \u00abLast News\u00bb","block_context":{"text":"Last News","link":"https:\/\/www.academica.school\/news\/last-news\/"},"img":{"alt_text":"diploma-dual-jesuitas-logrono","src":"https:\/\/i0.wp.com\/www.academica.school\/news\/wp-content\/uploads\/2025\/05\/diploma-dual-jesuitas-logrono-2-e1747643088621.jpg?fit=600%2C719&ssl=1&resize=350%2C200","width":350,"height":200,"srcset":"https:\/\/i0.wp.com\/www.academica.school\/news\/wp-content\/uploads\/2025\/05\/diploma-dual-jesuitas-logrono-2-e1747643088621.jpg?fit=600%2C719&ssl=1&resize=350%2C200 1x, https:\/\/i0.wp.com\/www.academica.school\/news\/wp-content\/uploads\/2025\/05\/diploma-dual-jesuitas-logrono-2-e1747643088621.jpg?fit=600%2C719&ssl=1&resize=525%2C300 1.5x"},"classes":[]},{"id":582,"url":"https:\/\/www.academica.school\/news\/los-alumnos-de-2oeso-pueden-comenzar-a-cursar-el-diploma-dual\/","url_meta":{"origin":1246,"position":4},"title":"Los alumnos de 2\u00baESO pueden comenzar a cursar el Diploma Dual","author":"Academica Spain","date":"marzo 27, 2019","format":false,"excerpt":"Academica Spain ha anunciado que, aquellos alumnos de 2\u00baESO que lo deseen, podr\u00e1n comenzar sus estudios del Diploma Dual, tal y como ya se empezara a hacer el curso pasado, y obtener as\u00ed la doble titulaci\u00f3n de High School americano al mismo tiempo que obtienen su t\u00edtulo de ESO y\u2026","rel":"","context":"En \u00abLast News\u00bb","block_context":{"text":"Last News","link":"https:\/\/www.academica.school\/news\/last-news\/"},"img":{"alt_text":"","src":"https:\/\/i0.wp.com\/www.academica.school\/news\/wp-content\/uploads\/2019\/03\/img-graduados_academica-graduados-2018-3563-1.jpg?fit=800%2C500&ssl=1&resize=350%2C200","width":350,"height":200,"srcset":"https:\/\/i0.wp.com\/www.academica.school\/news\/wp-content\/uploads\/2019\/03\/img-graduados_academica-graduados-2018-3563-1.jpg?fit=800%2C500&ssl=1&resize=350%2C200 1x, https:\/\/i0.wp.com\/www.academica.school\/news\/wp-content\/uploads\/2019\/03\/img-graduados_academica-graduados-2018-3563-1.jpg?fit=800%2C500&ssl=1&resize=525%2C300 1.5x, https:\/\/i0.wp.com\/www.academica.school\/news\/wp-content\/uploads\/2019\/03\/img-graduados_academica-graduados-2018-3563-1.jpg?fit=800%2C500&ssl=1&resize=700%2C400 2x"},"classes":[]},{"id":570,"url":"https:\/\/www.academica.school\/news\/lauro-ikastola-cuatro-anos-de-experiencia-con-el-diploma-dual\/","url_meta":{"origin":1246,"position":5},"title":"Lauro Ikastola, cuatro a\u00f1os de experiencia con el Diploma Dual","author":"Academica Spain","date":"marzo 13, 2019","format":false,"excerpt":"Lauro Ikastola se uni\u00f3 al Diploma Dual de Academica en 2015. Y as\u00ed, en el curso 2016-17 finalizaron y obtuvieron el t\u00edtulo los primeros cuatro alumnos. El a\u00f1o siguiente fueron tambi\u00e9n cuatro los alumnos que cursaron sus estudios con nosotros. El Diploma Dual es un programa de doble titulaci\u00f3n de\u2026","rel":"","context":"En \u00abLast News\u00bb","block_context":{"text":"Last News","link":"https:\/\/www.academica.school\/news\/last-news\/"},"img":{"alt_text":"","src":"https:\/\/i0.wp.com\/www.academica.school\/news\/wp-content\/uploads\/2019\/03\/IKASTOLA-LAURO.png?fit=800%2C501&ssl=1&resize=350%2C200","width":350,"height":200,"srcset":"https:\/\/i0.wp.com\/www.academica.school\/news\/wp-content\/uploads\/2019\/03\/IKASTOLA-LAURO.png?fit=800%2C501&ssl=1&resize=350%2C200 1x, https:\/\/i0.wp.com\/www.academica.school\/news\/wp-content\/uploads\/2019\/03\/IKASTOLA-LAURO.png?fit=800%2C501&ssl=1&resize=525%2C300 1.5x, https:\/\/i0.wp.com\/www.academica.school\/news\/wp-content\/uploads\/2019\/03\/IKASTOLA-LAURO.png?fit=800%2C501&ssl=1&resize=700%2C400 2x"},"classes":[]}],"_links":{"self":[{"href":"https:\/\/www.academica.school\/news\/wp-json\/wp\/v2\/posts\/1246","targetHints":{"allow":["GET"]}}],"collection":[{"href":"https:\/\/www.academica.school\/news\/wp-json\/wp\/v2\/posts"}],"about":[{"href":"https:\/\/www.academica.school\/news\/wp-json\/wp\/v2\/types\/post"}],"author":[{"embeddable":true,"href":"https:\/\/www.academica.school\/news\/wp-json\/wp\/v2\/users\/1"}],"replies":[{"embeddable":true,"href":"https:\/\/www.academica.school\/news\/wp-json\/wp\/v2\/comments?post=1246"}],"version-history":[{"count":1,"href":"https:\/\/www.academica.school\/news\/wp-json\/wp\/v2\/posts\/1246\/revisions"}],"predecessor-version":[{"id":1248,"href":"https:\/\/www.academica.school\/news\/wp-json\/wp\/v2\/posts\/1246\/revisions\/1248"}],"wp:featuredmedia":[{"embeddable":true,"href":"https:\/\/www.academica.school\/news\/wp-json\/wp\/v2\/media\/1247"}],"wp:attachment":[{"href":"https:\/\/www.academica.school\/news\/wp-json\/wp\/v2\/media?parent=1246"}],"wp:term":[{"taxonomy":"category","embeddable":true,"href":"https:\/\/www.academica.school\/news\/wp-json\/wp\/v2\/categories?post=1246"},{"taxonomy":"post_tag","embeddable":true,"href":"https:\/\/www.academica.school\/news\/wp-json\/wp\/v2\/tags?post=1246"}],"curies":[{"name":"wp","href":"https:\/\/api.w.org\/{rel}","templated":true}]}}