{"id":1272,"date":"2021-10-25T07:57:28","date_gmt":"2021-10-25T07:57:28","guid":{"rendered":"https:\/\/www.academica.school\/news\/?p=1272"},"modified":"2021-10-25T07:57:28","modified_gmt":"2021-10-25T07:57:28","slug":"ojala-el-diploma-dual-hubiera-existido-cuando-yo-era-estudiante-porque-me-habria-apuntado-con-los-ojos-cerrados","status":"publish","type":"post","link":"https:\/\/www.academica.school\/news\/ojala-el-diploma-dual-hubiera-existido-cuando-yo-era-estudiante-porque-me-habria-apuntado-con-los-ojos-cerrados\/","title":{"rendered":"\u00abOjal\u00e1 el Diploma Dual hubiera existido cuando yo era estudiante porque me habr\u00eda apuntado con los ojos cerrados\u00bb"},"content":{"rendered":"<p>Entrevistamos a <strong>Elisa Albons Ferr\u00e0<\/strong>, Director de Programa Diploma Dual en el <strong>Colegio Sant Josep Obrer de Palma de Mallorca<\/strong>, perteneciente a la red de colegios diocesanos de Mallorca.<\/p>\n<p><!--more--><\/p>\n<p><strong>Elisa lleva poco tiempo al frente del Diploma Dual de Academica en su centro, pero se muestra encantada con la evoluci\u00f3n de los alumnos que lo cursan y as\u00ed lo pone de manifiesto en esta entrevista que nos ha concedido esta verdadera entusiasta de la educaci\u00f3n.<\/strong><\/p>\n<p><strong>\u00bfCu\u00e1ndo comenzaste a encargarte del Diploma Dual en tu colegio y qu\u00e9 tipo de tareas lleva impl\u00edcita esta responsabilidad para los que sois Directores de Programa?\u00a0<\/strong><br \/>\nEste es el segundo a\u00f1o a cargo del Diploma Dual. Recuerdo cuando vino al centro nuestra \u00c1rea M\u00e1nager, Carme Pratdesaba en enero de 2020, para presentarnos el programa. Justo dos meses despu\u00e9s, nos confinaron. \u00a1Qu\u00e9 aventura! La verdad, pensamos que no tendr\u00eda gran acogida ya que tuvimos que promocionar el Diploma Dual a trav\u00e9s de reuniones con los padres online, y dudamos de si sabr\u00edamos transmitir la magia que tiene este programa. Pero sin duda, entre todos lo conseguimos y el primer curso semipresencial que empezamos en septiembre de 2021 fue un \u00e9xito y tuvimos una gran acogida. Las tareas que conlleva para el Director de Programa son muy sencillas porque al final solo tienes que hacer de puente entre ellos y el tutor estadounidense que les asignan. Se trata de estar pendiente de ellos, asegurarte que han recibido la informaci\u00f3n correctamente, animarles cuando tienen rachas de mucho trabajo, y reconocer sus logros y esfuerzo. La parte burocr\u00e1tica es m\u00ednima y por eso me encanta.<\/p>\n<p><strong>\u00bfQu\u00e9 cambios has notado en los alumnos inscritos en el programa a medida que han ido avanzando los cursos?\u00a0<\/strong><br \/>\nTodos cuando empiezan se asustan, porque todo es nuevo y desconocido para ellos. Salir de la zona de confort siempre cuesta. Al principio est\u00e1n un poco perdidos con las plataformas que tienen que usar semanalmente. Pero es sorprendente ver c\u00f3mo a medida que pasan los meses ganan esa seguridad ante cualquier desaf\u00edo, como si llevaran toda la vida. Con este programa ellos se sienten m\u00e1s seguros para poder realizar cualquier tipo de trabajo y aprender sin ser la lengua extranjera un impedimento.<\/p>\n<blockquote><p><strong>\u00abCon este programa ellos se sienten m\u00e1s seguros para poder realizar cualquier tipo de trabajo y aprender sin ser la lengua extranjera un impedimento\u00bb<\/strong><\/p><\/blockquote>\n<p><strong>\u00bfRecomendar\u00edas, por tanto, el Diploma Dual a aquellas familias y alumnos que puedan estar pensando en mejorar su ingl\u00e9s?\u00a0<\/strong><br \/>\nSin duda, ojal\u00e1 el Diploma Dual hubiera existido cuando yo era estudiante porque me habr\u00eda apuntado con los ojos cerrados. Mejoran much\u00edsimo, no solamente su nivel de ingl\u00e9s, sino su capacidad para trabajar online de forma aut\u00f3noma y qu\u00e9 mejor que esto ahora mismo con la situaci\u00f3n de teletrabajo que vivimos en nuestro pa\u00eds.\u00a0\u00bfPor qu\u00e9?\u00a0Lo recomendar\u00eda porque les da un control sobre el ingl\u00e9s, porque aprenden y se familiarizan con contextos que desconocen y eso ampl\u00eda sin duda su conocimiento de la lengua. Porque cuando ven sus resultados con tan buenas notas, se crecen y se ven capaces de cualquier otra cosa. De repente, te das cuenta, que han cambiado sus metas y que ahora sus l\u00edmites son otros.<\/p>\n<p><strong>Por \u00faltimo, \u00bfcu\u00e1l ha sido tu mayor satisfacci\u00f3n como Directora de Programa a lo largo de estos a\u00f1os?<\/strong><br \/>\nLlevo poco dentro del programa, pero ya lo suficiente como para enriquecerme en distintos \u00e1mbitos de mi vida. Por un lado, mi crecimiento personal que gracias a los webinars que Academica International Studies ofrece, he aprendido cosas que desconoc\u00eda. La parte profesional hace que me sienta bien organizando el programa en mi centro y responsabilizarme de mis alumnos.\u00a0 Y por \u00faltimo, lo m\u00e1s importante para mi ha sido ver c\u00f3mo los alumnos, con las exigencias que ya supone el Bachillerato ordinario, han conseguido aprobar con \u00e9xito todas las asignaturas del Diploma Dual de Academica. Esa es mi mayor satisfacci\u00f3n.<\/p>\n","protected":false},"excerpt":{"rendered":"<p>Entrevistamos a Elisa Albons Ferr\u00e0, Director de Programa Diploma Dual en el Colegio Sant Josep Obrer de Palma de Mallorca, perteneciente a la red de colegios diocesanos de Mallorca.<\/p>\n","protected":false},"author":1,"featured_media":1273,"comment_status":"closed","ping_status":"closed","sticky":false,"template":"","format":"standard","meta":{"_jetpack_memberships_contains_paid_content":false,"footnotes":""},"categories":[1],"tags":[9,310,4,309],"class_list":["post-1272","post","type-post","status-publish","format-standard","has-post-thumbnail","hentry","category-last-news","tag-academica","tag-colegio-sant-josep-obrer-de-palma-de-mallorca","tag-diploma-dual","tag-elisa-albons-ferra","clearfix"],"yoast_head":"<!-- This site is optimized with the Yoast SEO plugin v27.4 - https:\/\/yoast.com\/product\/yoast-seo-wordpress\/ -->\n<title>&quot;Ojal\u00e1 el Diploma Dual hubiera existido cuando yo era estudiante porque me habr\u00eda apuntado con los ojos cerrados&quot; - Academica News<\/title>\n<meta name=\"description\" content=\"Entrevistamos a Elisa Albons Ferr\u00e0, Director de Programa Diploma Dual en el Colegio Sant Josep Obrer de Palma de Mallorca, perteneciente a la red de colegios diocesanos de Mallorca.\" \/>\n<meta name=\"robots\" content=\"index, follow, max-snippet:-1, max-image-preview:large, max-video-preview:-1\" \/>\n<link rel=\"canonical\" href=\"https:\/\/www.academica.school\/news\/ojala-el-diploma-dual-hubiera-existido-cuando-yo-era-estudiante-porque-me-habria-apuntado-con-los-ojos-cerrados\/\" \/>\n<meta property=\"og:locale\" content=\"es_ES\" \/>\n<meta property=\"og:type\" content=\"article\" \/>\n<meta property=\"og:title\" content=\"&quot;Ojal\u00e1 el Diploma Dual hubiera existido cuando yo era estudiante porque me habr\u00eda apuntado con los ojos cerrados&quot; - Academica News\" \/>\n<meta property=\"og:description\" content=\"Entrevistamos a Elisa Albons Ferr\u00e0, Director de Programa Diploma Dual en el Colegio Sant Josep Obrer de Palma de Mallorca, perteneciente a la red de colegios diocesanos de Mallorca.\" \/>\n<meta property=\"og:url\" content=\"https:\/\/www.academica.school\/news\/ojala-el-diploma-dual-hubiera-existido-cuando-yo-era-estudiante-porque-me-habria-apuntado-con-los-ojos-cerrados\/\" \/>\n<meta property=\"og:site_name\" content=\"Academica News\" \/>\n<meta property=\"article:published_time\" content=\"2021-10-25T07:57:28+00:00\" \/>\n<meta property=\"og:image\" content=\"https:\/\/i2.wp.com\/www.academica.school\/news\/wp-content\/uploads\/2021\/10\/Elisa-Albons.jpg?fit=800%2C500&ssl=1\" \/>\n\t<meta property=\"og:image:width\" content=\"800\" \/>\n\t<meta property=\"og:image:height\" content=\"500\" \/>\n\t<meta property=\"og:image:type\" content=\"image\/jpeg\" \/>\n<meta name=\"author\" content=\"Academica Spain\" \/>\n<meta name=\"twitter:card\" content=\"summary_large_image\" \/>\n<meta name=\"twitter:label1\" content=\"Escrito por\" \/>\n\t<meta name=\"twitter:data1\" content=\"Academica Spain\" \/>\n\t<meta name=\"twitter:label2\" content=\"Tiempo de lectura\" \/>\n\t<meta name=\"twitter:data2\" content=\"3 minutos\" \/>\n<script type=\"application\/ld+json\" class=\"yoast-schema-graph\">{\"@context\":\"https:\\\/\\\/schema.org\",\"@graph\":[{\"@type\":\"Article\",\"@id\":\"https:\\\/\\\/www.academica.school\\\/news\\\/ojala-el-diploma-dual-hubiera-existido-cuando-yo-era-estudiante-porque-me-habria-apuntado-con-los-ojos-cerrados\\\/#article\",\"isPartOf\":{\"@id\":\"https:\\\/\\\/www.academica.school\\\/news\\\/ojala-el-diploma-dual-hubiera-existido-cuando-yo-era-estudiante-porque-me-habria-apuntado-con-los-ojos-cerrados\\\/\"},\"author\":{\"name\":\"Academica Spain\",\"@id\":\"https:\\\/\\\/www.academica.school\\\/news\\\/#\\\/schema\\\/person\\\/07ed699df26b3ae2c049959a107fce05\"},\"headline\":\"\u00abOjal\u00e1 el Diploma Dual hubiera existido cuando yo era estudiante porque me habr\u00eda apuntado con los ojos cerrados\u00bb\",\"datePublished\":\"2021-10-25T07:57:28+00:00\",\"mainEntityOfPage\":{\"@id\":\"https:\\\/\\\/www.academica.school\\\/news\\\/ojala-el-diploma-dual-hubiera-existido-cuando-yo-era-estudiante-porque-me-habria-apuntado-con-los-ojos-cerrados\\\/\"},\"wordCount\":702,\"publisher\":{\"@id\":\"https:\\\/\\\/www.academica.school\\\/news\\\/#organization\"},\"image\":{\"@id\":\"https:\\\/\\\/www.academica.school\\\/news\\\/ojala-el-diploma-dual-hubiera-existido-cuando-yo-era-estudiante-porque-me-habria-apuntado-con-los-ojos-cerrados\\\/#primaryimage\"},\"thumbnailUrl\":\"https:\\\/\\\/i0.wp.com\\\/www.academica.school\\\/news\\\/wp-content\\\/uploads\\\/2021\\\/10\\\/Elisa-Albons.jpg?fit=800%2C500&ssl=1\",\"keywords\":[\"academica\",\"Colegio Sant Josep Obrer de Palma de Mallorca\",\"Diploma Dual\",\"Elisa Albons Ferr\u00e0\"],\"articleSection\":[\"Last News\"],\"inLanguage\":\"es\"},{\"@type\":\"WebPage\",\"@id\":\"https:\\\/\\\/www.academica.school\\\/news\\\/ojala-el-diploma-dual-hubiera-existido-cuando-yo-era-estudiante-porque-me-habria-apuntado-con-los-ojos-cerrados\\\/\",\"url\":\"https:\\\/\\\/www.academica.school\\\/news\\\/ojala-el-diploma-dual-hubiera-existido-cuando-yo-era-estudiante-porque-me-habria-apuntado-con-los-ojos-cerrados\\\/\",\"name\":\"\\\"Ojal\u00e1 el Diploma Dual hubiera existido cuando yo era estudiante porque me habr\u00eda apuntado con los ojos cerrados\\\" - Academica News\",\"isPartOf\":{\"@id\":\"https:\\\/\\\/www.academica.school\\\/news\\\/#website\"},\"primaryImageOfPage\":{\"@id\":\"https:\\\/\\\/www.academica.school\\\/news\\\/ojala-el-diploma-dual-hubiera-existido-cuando-yo-era-estudiante-porque-me-habria-apuntado-con-los-ojos-cerrados\\\/#primaryimage\"},\"image\":{\"@id\":\"https:\\\/\\\/www.academica.school\\\/news\\\/ojala-el-diploma-dual-hubiera-existido-cuando-yo-era-estudiante-porque-me-habria-apuntado-con-los-ojos-cerrados\\\/#primaryimage\"},\"thumbnailUrl\":\"https:\\\/\\\/i0.wp.com\\\/www.academica.school\\\/news\\\/wp-content\\\/uploads\\\/2021\\\/10\\\/Elisa-Albons.jpg?fit=800%2C500&ssl=1\",\"datePublished\":\"2021-10-25T07:57:28+00:00\",\"description\":\"Entrevistamos a Elisa Albons Ferr\u00e0, Director de Programa Diploma Dual en el Colegio Sant Josep Obrer de Palma de Mallorca, perteneciente a la red de colegios diocesanos de Mallorca.\",\"breadcrumb\":{\"@id\":\"https:\\\/\\\/www.academica.school\\\/news\\\/ojala-el-diploma-dual-hubiera-existido-cuando-yo-era-estudiante-porque-me-habria-apuntado-con-los-ojos-cerrados\\\/#breadcrumb\"},\"inLanguage\":\"es\",\"potentialAction\":[{\"@type\":\"ReadAction\",\"target\":[\"https:\\\/\\\/www.academica.school\\\/news\\\/ojala-el-diploma-dual-hubiera-existido-cuando-yo-era-estudiante-porque-me-habria-apuntado-con-los-ojos-cerrados\\\/\"]}]},{\"@type\":\"ImageObject\",\"inLanguage\":\"es\",\"@id\":\"https:\\\/\\\/www.academica.school\\\/news\\\/ojala-el-diploma-dual-hubiera-existido-cuando-yo-era-estudiante-porque-me-habria-apuntado-con-los-ojos-cerrados\\\/#primaryimage\",\"url\":\"https:\\\/\\\/i0.wp.com\\\/www.academica.school\\\/news\\\/wp-content\\\/uploads\\\/2021\\\/10\\\/Elisa-Albons.jpg?fit=800%2C500&ssl=1\",\"contentUrl\":\"https:\\\/\\\/i0.wp.com\\\/www.academica.school\\\/news\\\/wp-content\\\/uploads\\\/2021\\\/10\\\/Elisa-Albons.jpg?fit=800%2C500&ssl=1\",\"width\":800,\"height\":500},{\"@type\":\"BreadcrumbList\",\"@id\":\"https:\\\/\\\/www.academica.school\\\/news\\\/ojala-el-diploma-dual-hubiera-existido-cuando-yo-era-estudiante-porque-me-habria-apuntado-con-los-ojos-cerrados\\\/#breadcrumb\",\"itemListElement\":[{\"@type\":\"ListItem\",\"position\":1,\"name\":\"Portada\",\"item\":\"https:\\\/\\\/www.academica.school\\\/news\\\/\"},{\"@type\":\"ListItem\",\"position\":2,\"name\":\"\u00abOjal\u00e1 el Diploma Dual hubiera existido cuando yo era estudiante porque me habr\u00eda apuntado con los ojos cerrados\u00bb\"}]},{\"@type\":\"WebSite\",\"@id\":\"https:\\\/\\\/www.academica.school\\\/news\\\/#website\",\"url\":\"https:\\\/\\\/www.academica.school\\\/news\\\/\",\"name\":\"Academica News\",\"description\":\"todo lo que pasa en el mundo acad\u00e9mico, sobre universidades y cualquier evento o novedad en la que participemos\",\"publisher\":{\"@id\":\"https:\\\/\\\/www.academica.school\\\/news\\\/#organization\"},\"potentialAction\":[{\"@type\":\"SearchAction\",\"target\":{\"@type\":\"EntryPoint\",\"urlTemplate\":\"https:\\\/\\\/www.academica.school\\\/news\\\/?s={search_term_string}\"},\"query-input\":{\"@type\":\"PropertyValueSpecification\",\"valueRequired\":true,\"valueName\":\"search_term_string\"}}],\"inLanguage\":\"es\"},{\"@type\":\"Organization\",\"@id\":\"https:\\\/\\\/www.academica.school\\\/news\\\/#organization\",\"name\":\"Academica\",\"url\":\"https:\\\/\\\/www.academica.school\\\/news\\\/\",\"logo\":{\"@type\":\"ImageObject\",\"inLanguage\":\"es\",\"@id\":\"https:\\\/\\\/www.academica.school\\\/news\\\/#\\\/schema\\\/logo\\\/image\\\/\",\"url\":\"https:\\\/\\\/i1.wp.com\\\/www.academica.school\\\/news\\\/wp-content\\\/uploads\\\/2019\\\/11\\\/Captura-de-pantalla-2019-11-20-a-las-12.14.04.png?fit=799%2C500&ssl=1\",\"contentUrl\":\"https:\\\/\\\/i1.wp.com\\\/www.academica.school\\\/news\\\/wp-content\\\/uploads\\\/2019\\\/11\\\/Captura-de-pantalla-2019-11-20-a-las-12.14.04.png?fit=799%2C500&ssl=1\",\"width\":799,\"height\":500,\"caption\":\"Academica\"},\"image\":{\"@id\":\"https:\\\/\\\/www.academica.school\\\/news\\\/#\\\/schema\\\/logo\\\/image\\\/\"}},{\"@type\":\"Person\",\"@id\":\"https:\\\/\\\/www.academica.school\\\/news\\\/#\\\/schema\\\/person\\\/07ed699df26b3ae2c049959a107fce05\",\"name\":\"Academica Spain\",\"image\":{\"@type\":\"ImageObject\",\"inLanguage\":\"es\",\"@id\":\"https:\\\/\\\/secure.gravatar.com\\\/avatar\\\/24d850e4f123aaa0ad5edf9a3fb1d97a98b831f0571142c5dc4b3add4e2db2ea?s=96&d=mm&r=g\",\"url\":\"https:\\\/\\\/secure.gravatar.com\\\/avatar\\\/24d850e4f123aaa0ad5edf9a3fb1d97a98b831f0571142c5dc4b3add4e2db2ea?s=96&d=mm&r=g\",\"contentUrl\":\"https:\\\/\\\/secure.gravatar.com\\\/avatar\\\/24d850e4f123aaa0ad5edf9a3fb1d97a98b831f0571142c5dc4b3add4e2db2ea?s=96&d=mm&r=g\",\"caption\":\"Academica Spain\"},\"url\":\"https:\\\/\\\/www.academica.school\\\/news\\\/author\\\/jasubal\\\/\"}]}<\/script>\n<!-- \/ Yoast SEO plugin. -->","yoast_head_json":{"title":"\"Ojal\u00e1 el Diploma Dual hubiera existido cuando yo era estudiante porque me habr\u00eda apuntado con los ojos cerrados\" - Academica News","description":"Entrevistamos a Elisa Albons Ferr\u00e0, Director de Programa Diploma Dual en el Colegio Sant Josep Obrer de Palma de Mallorca, perteneciente a la red de colegios diocesanos de Mallorca.","robots":{"index":"index","follow":"follow","max-snippet":"max-snippet:-1","max-image-preview":"max-image-preview:large","max-video-preview":"max-video-preview:-1"},"canonical":"https:\/\/www.academica.school\/news\/ojala-el-diploma-dual-hubiera-existido-cuando-yo-era-estudiante-porque-me-habria-apuntado-con-los-ojos-cerrados\/","og_locale":"es_ES","og_type":"article","og_title":"\"Ojal\u00e1 el Diploma Dual hubiera existido cuando yo era estudiante porque me habr\u00eda apuntado con los ojos cerrados\" - Academica News","og_description":"Entrevistamos a Elisa Albons Ferr\u00e0, Director de Programa Diploma Dual en el Colegio Sant Josep Obrer de Palma de Mallorca, perteneciente a la red de colegios diocesanos de Mallorca.","og_url":"https:\/\/www.academica.school\/news\/ojala-el-diploma-dual-hubiera-existido-cuando-yo-era-estudiante-porque-me-habria-apuntado-con-los-ojos-cerrados\/","og_site_name":"Academica News","article_published_time":"2021-10-25T07:57:28+00:00","og_image":[{"width":800,"height":500,"url":"https:\/\/i2.wp.com\/www.academica.school\/news\/wp-content\/uploads\/2021\/10\/Elisa-Albons.jpg?fit=800%2C500&ssl=1","type":"image\/jpeg"}],"author":"Academica Spain","twitter_card":"summary_large_image","twitter_misc":{"Escrito por":"Academica Spain","Tiempo de lectura":"3 minutos"},"schema":{"@context":"https:\/\/schema.org","@graph":[{"@type":"Article","@id":"https:\/\/www.academica.school\/news\/ojala-el-diploma-dual-hubiera-existido-cuando-yo-era-estudiante-porque-me-habria-apuntado-con-los-ojos-cerrados\/#article","isPartOf":{"@id":"https:\/\/www.academica.school\/news\/ojala-el-diploma-dual-hubiera-existido-cuando-yo-era-estudiante-porque-me-habria-apuntado-con-los-ojos-cerrados\/"},"author":{"name":"Academica Spain","@id":"https:\/\/www.academica.school\/news\/#\/schema\/person\/07ed699df26b3ae2c049959a107fce05"},"headline":"\u00abOjal\u00e1 el Diploma Dual hubiera existido cuando yo era estudiante porque me habr\u00eda apuntado con los ojos cerrados\u00bb","datePublished":"2021-10-25T07:57:28+00:00","mainEntityOfPage":{"@id":"https:\/\/www.academica.school\/news\/ojala-el-diploma-dual-hubiera-existido-cuando-yo-era-estudiante-porque-me-habria-apuntado-con-los-ojos-cerrados\/"},"wordCount":702,"publisher":{"@id":"https:\/\/www.academica.school\/news\/#organization"},"image":{"@id":"https:\/\/www.academica.school\/news\/ojala-el-diploma-dual-hubiera-existido-cuando-yo-era-estudiante-porque-me-habria-apuntado-con-los-ojos-cerrados\/#primaryimage"},"thumbnailUrl":"https:\/\/i0.wp.com\/www.academica.school\/news\/wp-content\/uploads\/2021\/10\/Elisa-Albons.jpg?fit=800%2C500&ssl=1","keywords":["academica","Colegio Sant Josep Obrer de Palma de Mallorca","Diploma Dual","Elisa Albons Ferr\u00e0"],"articleSection":["Last News"],"inLanguage":"es"},{"@type":"WebPage","@id":"https:\/\/www.academica.school\/news\/ojala-el-diploma-dual-hubiera-existido-cuando-yo-era-estudiante-porque-me-habria-apuntado-con-los-ojos-cerrados\/","url":"https:\/\/www.academica.school\/news\/ojala-el-diploma-dual-hubiera-existido-cuando-yo-era-estudiante-porque-me-habria-apuntado-con-los-ojos-cerrados\/","name":"\"Ojal\u00e1 el Diploma Dual hubiera existido cuando yo era estudiante porque me habr\u00eda apuntado con los ojos cerrados\" - Academica News","isPartOf":{"@id":"https:\/\/www.academica.school\/news\/#website"},"primaryImageOfPage":{"@id":"https:\/\/www.academica.school\/news\/ojala-el-diploma-dual-hubiera-existido-cuando-yo-era-estudiante-porque-me-habria-apuntado-con-los-ojos-cerrados\/#primaryimage"},"image":{"@id":"https:\/\/www.academica.school\/news\/ojala-el-diploma-dual-hubiera-existido-cuando-yo-era-estudiante-porque-me-habria-apuntado-con-los-ojos-cerrados\/#primaryimage"},"thumbnailUrl":"https:\/\/i0.wp.com\/www.academica.school\/news\/wp-content\/uploads\/2021\/10\/Elisa-Albons.jpg?fit=800%2C500&ssl=1","datePublished":"2021-10-25T07:57:28+00:00","description":"Entrevistamos a Elisa Albons Ferr\u00e0, Director de Programa Diploma Dual en el Colegio Sant Josep Obrer de Palma de Mallorca, perteneciente a la red de colegios diocesanos de Mallorca.","breadcrumb":{"@id":"https:\/\/www.academica.school\/news\/ojala-el-diploma-dual-hubiera-existido-cuando-yo-era-estudiante-porque-me-habria-apuntado-con-los-ojos-cerrados\/#breadcrumb"},"inLanguage":"es","potentialAction":[{"@type":"ReadAction","target":["https:\/\/www.academica.school\/news\/ojala-el-diploma-dual-hubiera-existido-cuando-yo-era-estudiante-porque-me-habria-apuntado-con-los-ojos-cerrados\/"]}]},{"@type":"ImageObject","inLanguage":"es","@id":"https:\/\/www.academica.school\/news\/ojala-el-diploma-dual-hubiera-existido-cuando-yo-era-estudiante-porque-me-habria-apuntado-con-los-ojos-cerrados\/#primaryimage","url":"https:\/\/i0.wp.com\/www.academica.school\/news\/wp-content\/uploads\/2021\/10\/Elisa-Albons.jpg?fit=800%2C500&ssl=1","contentUrl":"https:\/\/i0.wp.com\/www.academica.school\/news\/wp-content\/uploads\/2021\/10\/Elisa-Albons.jpg?fit=800%2C500&ssl=1","width":800,"height":500},{"@type":"BreadcrumbList","@id":"https:\/\/www.academica.school\/news\/ojala-el-diploma-dual-hubiera-existido-cuando-yo-era-estudiante-porque-me-habria-apuntado-con-los-ojos-cerrados\/#breadcrumb","itemListElement":[{"@type":"ListItem","position":1,"name":"Portada","item":"https:\/\/www.academica.school\/news\/"},{"@type":"ListItem","position":2,"name":"\u00abOjal\u00e1 el Diploma Dual hubiera existido cuando yo era estudiante porque me habr\u00eda apuntado con los ojos cerrados\u00bb"}]},{"@type":"WebSite","@id":"https:\/\/www.academica.school\/news\/#website","url":"https:\/\/www.academica.school\/news\/","name":"Academica News","description":"todo lo que pasa en el mundo acad\u00e9mico, sobre universidades y cualquier evento o novedad en la que participemos","publisher":{"@id":"https:\/\/www.academica.school\/news\/#organization"},"potentialAction":[{"@type":"SearchAction","target":{"@type":"EntryPoint","urlTemplate":"https:\/\/www.academica.school\/news\/?s={search_term_string}"},"query-input":{"@type":"PropertyValueSpecification","valueRequired":true,"valueName":"search_term_string"}}],"inLanguage":"es"},{"@type":"Organization","@id":"https:\/\/www.academica.school\/news\/#organization","name":"Academica","url":"https:\/\/www.academica.school\/news\/","logo":{"@type":"ImageObject","inLanguage":"es","@id":"https:\/\/www.academica.school\/news\/#\/schema\/logo\/image\/","url":"https:\/\/i1.wp.com\/www.academica.school\/news\/wp-content\/uploads\/2019\/11\/Captura-de-pantalla-2019-11-20-a-las-12.14.04.png?fit=799%2C500&ssl=1","contentUrl":"https:\/\/i1.wp.com\/www.academica.school\/news\/wp-content\/uploads\/2019\/11\/Captura-de-pantalla-2019-11-20-a-las-12.14.04.png?fit=799%2C500&ssl=1","width":799,"height":500,"caption":"Academica"},"image":{"@id":"https:\/\/www.academica.school\/news\/#\/schema\/logo\/image\/"}},{"@type":"Person","@id":"https:\/\/www.academica.school\/news\/#\/schema\/person\/07ed699df26b3ae2c049959a107fce05","name":"Academica Spain","image":{"@type":"ImageObject","inLanguage":"es","@id":"https:\/\/secure.gravatar.com\/avatar\/24d850e4f123aaa0ad5edf9a3fb1d97a98b831f0571142c5dc4b3add4e2db2ea?s=96&d=mm&r=g","url":"https:\/\/secure.gravatar.com\/avatar\/24d850e4f123aaa0ad5edf9a3fb1d97a98b831f0571142c5dc4b3add4e2db2ea?s=96&d=mm&r=g","contentUrl":"https:\/\/secure.gravatar.com\/avatar\/24d850e4f123aaa0ad5edf9a3fb1d97a98b831f0571142c5dc4b3add4e2db2ea?s=96&d=mm&r=g","caption":"Academica Spain"},"url":"https:\/\/www.academica.school\/news\/author\/jasubal\/"}]}},"jetpack_featured_media_url":"https:\/\/i0.wp.com\/www.academica.school\/news\/wp-content\/uploads\/2021\/10\/Elisa-Albons.jpg?fit=800%2C500&ssl=1","jetpack_sharing_enabled":true,"jetpack_shortlink":"https:\/\/wp.me\/p8RDKh-kw","jetpack-related-posts":[{"id":3474,"url":"https:\/\/www.academica.school\/news\/alumnos-diploma-dual-desarrollan-capacidad-afrontar-retos\/","url_meta":{"origin":1272,"position":0},"title":"\u00abLos alumnos que cursan el Diploma Dual desarrollan una gran capacidad para afrontar retos\u00bb","author":"Academica Spain","date":"noviembre 10, 2025","format":false,"excerpt":"Entrevistamos a Elisa Albons, Directora de Programa en el Col\u00b7legi Sant Josep Obrer I de Palma de Mallorca,\u00a0quien nos cuenta su experiencia con el programa. Elisa empez\u00f3 a encargarse del Diploma Dual en el a\u00f1o 2020, cuando el colegio decidi\u00f3 apostar por el programa. \u00bfQu\u00e9 tipo de tareas lleva impl\u00edcita\u2026","rel":"","context":"En \u00abLast News\u00bb","block_context":{"text":"Last News","link":"https:\/\/www.academica.school\/news\/last-news\/"},"img":{"alt_text":"diploma-dual-sant-josep-obrer","src":"https:\/\/i0.wp.com\/www.academica.school\/news\/wp-content\/uploads\/2025\/10\/diploma-dual-sant-josep-obrer-2.jpg?fit=1000%2C1101&ssl=1&resize=350%2C200","width":350,"height":200,"srcset":"https:\/\/i0.wp.com\/www.academica.school\/news\/wp-content\/uploads\/2025\/10\/diploma-dual-sant-josep-obrer-2.jpg?fit=1000%2C1101&ssl=1&resize=350%2C200 1x, https:\/\/i0.wp.com\/www.academica.school\/news\/wp-content\/uploads\/2025\/10\/diploma-dual-sant-josep-obrer-2.jpg?fit=1000%2C1101&ssl=1&resize=525%2C300 1.5x, https:\/\/i0.wp.com\/www.academica.school\/news\/wp-content\/uploads\/2025\/10\/diploma-dual-sant-josep-obrer-2.jpg?fit=1000%2C1101&ssl=1&resize=700%2C400 2x"},"classes":[]},{"id":3312,"url":"https:\/\/www.academica.school\/news\/colegio-sant-josep-gracia-apuesta-diploma-dual\/","url_meta":{"origin":1272,"position":1},"title":"El Col\u00b7legi Sant Josep Gr\u00e0cia de Barcelona apuesta por el Diploma Dual","author":"Academica Spain","date":"junio 17, 2025","format":false,"excerpt":"El Col\u00b7legi Sant Josep Gr\u00e0cia de Barcelona\u00a0ya forma parte de los m\u00e1s de 1.000 colegios adheridos al programa Diploma Dual en Espa\u00f1a y Portugal. De esta forma, el colegio ofrece a sus alumnos la posibilidad de obtener dos titulaciones de forma simult\u00e1nea: la propia de su pa\u00eds y el American\u2026","rel":"","context":"En \u00abLast News\u00bb","block_context":{"text":"Last News","link":"https:\/\/www.academica.school\/news\/last-news\/"},"img":{"alt_text":"diploma-dual-st-josep-gracia","src":"https:\/\/i0.wp.com\/www.academica.school\/news\/wp-content\/uploads\/2025\/06\/diploma-dual-st-josep-gracia-e1749809862373.jpg?fit=900%2C810&ssl=1&resize=350%2C200","width":350,"height":200,"srcset":"https:\/\/i0.wp.com\/www.academica.school\/news\/wp-content\/uploads\/2025\/06\/diploma-dual-st-josep-gracia-e1749809862373.jpg?fit=900%2C810&ssl=1&resize=350%2C200 1x, https:\/\/i0.wp.com\/www.academica.school\/news\/wp-content\/uploads\/2025\/06\/diploma-dual-st-josep-gracia-e1749809862373.jpg?fit=900%2C810&ssl=1&resize=525%2C300 1.5x, https:\/\/i0.wp.com\/www.academica.school\/news\/wp-content\/uploads\/2025\/06\/diploma-dual-st-josep-gracia-e1749809862373.jpg?fit=900%2C810&ssl=1&resize=700%2C400 2x"},"classes":[]},{"id":3529,"url":"https:\/\/www.academica.school\/news\/diploma-dual-collegi-sant-josep-gracia\/","url_meta":{"origin":1272,"position":2},"title":"El Diploma Dual en el Col\u00b7legi Sant Josep Gr\u00e0cia de Barcelona","author":"Academica Spain","date":"octubre 22, 2025","format":false,"excerpt":"Hemos visitado el Col\u00b7legi Sant Josep Gr\u00e0cia de Barcelona para charlar con los alumnos que est\u00e1n cursando el Diploma Dual. El Diploma Dual es el programa oficial de convalidaci\u00f3n internacional de t\u00edtulos de Bachillerato creado y desarrollado por Academica, que permite a los alumnos obtener dos titulaciones simult\u00e1neas: la propia\u2026","rel":"","context":"En \u00abLast News\u00bb","block_context":{"text":"Last News","link":"https:\/\/www.academica.school\/news\/last-news\/"},"img":{"alt_text":"diploma-dual-sant-josep-gracia","src":"https:\/\/i0.wp.com\/www.academica.school\/news\/wp-content\/uploads\/2025\/10\/diploma-dual-sant-josep-gracia-e1761139354358.jpg?fit=1000%2C927&ssl=1&resize=350%2C200","width":350,"height":200,"srcset":"https:\/\/i0.wp.com\/www.academica.school\/news\/wp-content\/uploads\/2025\/10\/diploma-dual-sant-josep-gracia-e1761139354358.jpg?fit=1000%2C927&ssl=1&resize=350%2C200 1x, https:\/\/i0.wp.com\/www.academica.school\/news\/wp-content\/uploads\/2025\/10\/diploma-dual-sant-josep-gracia-e1761139354358.jpg?fit=1000%2C927&ssl=1&resize=525%2C300 1.5x, https:\/\/i0.wp.com\/www.academica.school\/news\/wp-content\/uploads\/2025\/10\/diploma-dual-sant-josep-gracia-e1761139354358.jpg?fit=1000%2C927&ssl=1&resize=700%2C400 2x"},"classes":[]},{"id":1408,"url":"https:\/\/www.academica.school\/news\/graduacion-en-el-colegio-madre-alberta-de-palma-de-mallorca\/","url_meta":{"origin":1272,"position":3},"title":"Graduaci\u00f3n en el Colegio Madre Alberta de Palma de Mallorca","author":"Academica Spain","date":"mayo 31, 2022","format":"video","excerpt":"El Colegio Madre Alberta de Palma de Mallorca nos ha hecho llegar este v\u00eddeo de graduaci\u00f3n de sus tres primeros graduados en el programa Diploma Dual. Estos alumnos han realizado el programa en dos a\u00f1os. Recibieron de esta forma el reconocimiento de toda la comunidad escolar y de sus familias.\u2026","rel":"","context":"En \u00abLast News\u00bb","block_context":{"text":"Last News","link":"https:\/\/www.academica.school\/news\/last-news\/"},"img":{"alt_text":"","src":"https:\/\/i0.wp.com\/www.academica.school\/news\/wp-content\/uploads\/2022\/05\/Colegio-Madre-Alberta.jpg?fit=800%2C500&ssl=1&resize=350%2C200","width":350,"height":200,"srcset":"https:\/\/i0.wp.com\/www.academica.school\/news\/wp-content\/uploads\/2022\/05\/Colegio-Madre-Alberta.jpg?fit=800%2C500&ssl=1&resize=350%2C200 1x, https:\/\/i0.wp.com\/www.academica.school\/news\/wp-content\/uploads\/2022\/05\/Colegio-Madre-Alberta.jpg?fit=800%2C500&ssl=1&resize=525%2C300 1.5x, https:\/\/i0.wp.com\/www.academica.school\/news\/wp-content\/uploads\/2022\/05\/Colegio-Madre-Alberta.jpg?fit=800%2C500&ssl=1&resize=700%2C400 2x"},"classes":[]},{"id":1776,"url":"https:\/\/www.academica.school\/news\/que-beneficios-les-ha-aportado-el-diploma-dual-a-paula-y-claudia-alumnas-del-col%c2%b7legi-santa-maria-de-palma-de-mallorca\/","url_meta":{"origin":1272,"position":4},"title":"\u00bfQu\u00e9 beneficios les ha aportado el Diploma Dual a Paula y Claudia, alumnas del Col\u00b7legi Santa Maria de Palma de Mallorca?","author":"Academica Spain","date":"mayo 30, 2023","format":false,"excerpt":"Paula y Claudia, alumnas del Col\u00b7legi Santa Maria de Palma de Mallorca, nos cuentan su experiencia cursando el Diploma Dual. Paula est\u00e1 cursando 2\u00ba de Bachillerato y nos habla de c\u00f3mo le ha ayudado el Diploma Dual a organizarse, madurar y, por supuesto, a aprender ingl\u00e9s. \"The Dual Diploma Program\u2026","rel":"","context":"En \u00abLast News\u00bb","block_context":{"text":"Last News","link":"https:\/\/www.academica.school\/news\/last-news\/"},"img":{"alt_text":"DIPLOMA DUAL ACADEMICA","src":"https:\/\/i0.wp.com\/www.academica.school\/news\/wp-content\/uploads\/2023\/05\/DIPLOMA-DUAL-ACADEMICA-1.png?fit=1200%2C675&ssl=1&resize=350%2C200","width":350,"height":200,"srcset":"https:\/\/i0.wp.com\/www.academica.school\/news\/wp-content\/uploads\/2023\/05\/DIPLOMA-DUAL-ACADEMICA-1.png?fit=1200%2C675&ssl=1&resize=350%2C200 1x, https:\/\/i0.wp.com\/www.academica.school\/news\/wp-content\/uploads\/2023\/05\/DIPLOMA-DUAL-ACADEMICA-1.png?fit=1200%2C675&ssl=1&resize=525%2C300 1.5x, https:\/\/i0.wp.com\/www.academica.school\/news\/wp-content\/uploads\/2023\/05\/DIPLOMA-DUAL-ACADEMICA-1.png?fit=1200%2C675&ssl=1&resize=700%2C400 2x, https:\/\/i0.wp.com\/www.academica.school\/news\/wp-content\/uploads\/2023\/05\/DIPLOMA-DUAL-ACADEMICA-1.png?fit=1200%2C675&ssl=1&resize=1050%2C600 3x"},"classes":[]},{"id":2492,"url":"https:\/\/www.academica.school\/news\/graduacion-de-dos-alumnas-del-diploma-dual-en-el-col%c2%b7legi-santa-magdalena-sofia-de-palma\/","url_meta":{"origin":1272,"position":5},"title":"Graduaci\u00f3n de dos alumnas del Diploma Dual en el Col\u00b7legi Santa Magdalena Sof\u00eda de Palma","author":"Academica Spain","date":"mayo 23, 2024","format":false,"excerpt":"Este a\u00f1o se grad\u00faan del Diploma Dual dos alumnas del Col\u00b7legi Santa Magdalena Sof\u00eda de Palma de Mallorca. Han finalizado sus estudios en Espa\u00f1a y al mismo tiempo han cursando el American High School Diploma, logrando as\u00ed una doble titulaci\u00f3n. Han sido unos a\u00f1os de esfuerzo y trabajo que han\u2026","rel":"","context":"En \u00abLast News\u00bb","block_context":{"text":"Last News","link":"https:\/\/www.academica.school\/news\/last-news\/"},"img":{"alt_text":"collegi-santa-magdalena-sofia-diploma-dual-academica","src":"https:\/\/i0.wp.com\/www.academica.school\/news\/wp-content\/uploads\/2024\/05\/collegi-santa-magdalena-sofia-diploma-dual-academica-scaled.jpg?fit=1200%2C835&ssl=1&resize=350%2C200","width":350,"height":200,"srcset":"https:\/\/i0.wp.com\/www.academica.school\/news\/wp-content\/uploads\/2024\/05\/collegi-santa-magdalena-sofia-diploma-dual-academica-scaled.jpg?fit=1200%2C835&ssl=1&resize=350%2C200 1x, https:\/\/i0.wp.com\/www.academica.school\/news\/wp-content\/uploads\/2024\/05\/collegi-santa-magdalena-sofia-diploma-dual-academica-scaled.jpg?fit=1200%2C835&ssl=1&resize=525%2C300 1.5x, https:\/\/i0.wp.com\/www.academica.school\/news\/wp-content\/uploads\/2024\/05\/collegi-santa-magdalena-sofia-diploma-dual-academica-scaled.jpg?fit=1200%2C835&ssl=1&resize=700%2C400 2x, https:\/\/i0.wp.com\/www.academica.school\/news\/wp-content\/uploads\/2024\/05\/collegi-santa-magdalena-sofia-diploma-dual-academica-scaled.jpg?fit=1200%2C835&ssl=1&resize=1050%2C600 3x"},"classes":[]}],"_links":{"self":[{"href":"https:\/\/www.academica.school\/news\/wp-json\/wp\/v2\/posts\/1272","targetHints":{"allow":["GET"]}}],"collection":[{"href":"https:\/\/www.academica.school\/news\/wp-json\/wp\/v2\/posts"}],"about":[{"href":"https:\/\/www.academica.school\/news\/wp-json\/wp\/v2\/types\/post"}],"author":[{"embeddable":true,"href":"https:\/\/www.academica.school\/news\/wp-json\/wp\/v2\/users\/1"}],"replies":[{"embeddable":true,"href":"https:\/\/www.academica.school\/news\/wp-json\/wp\/v2\/comments?post=1272"}],"version-history":[{"count":1,"href":"https:\/\/www.academica.school\/news\/wp-json\/wp\/v2\/posts\/1272\/revisions"}],"predecessor-version":[{"id":1274,"href":"https:\/\/www.academica.school\/news\/wp-json\/wp\/v2\/posts\/1272\/revisions\/1274"}],"wp:featuredmedia":[{"embeddable":true,"href":"https:\/\/www.academica.school\/news\/wp-json\/wp\/v2\/media\/1273"}],"wp:attachment":[{"href":"https:\/\/www.academica.school\/news\/wp-json\/wp\/v2\/media?parent=1272"}],"wp:term":[{"taxonomy":"category","embeddable":true,"href":"https:\/\/www.academica.school\/news\/wp-json\/wp\/v2\/categories?post=1272"},{"taxonomy":"post_tag","embeddable":true,"href":"https:\/\/www.academica.school\/news\/wp-json\/wp\/v2\/tags?post=1272"}],"curies":[{"name":"wp","href":"https:\/\/api.w.org\/{rel}","templated":true}]}}