{"id":1312,"date":"2022-01-17T09:31:55","date_gmt":"2022-01-17T09:31:55","guid":{"rendered":"https:\/\/www.academica.school\/news\/?p=1312"},"modified":"2022-01-17T11:52:51","modified_gmt":"2022-01-17T11:52:51","slug":"mi-mayor-satisfaccion-como-directora-del-programa-ha-sido-y-siempre-sera-ver-la-recompensa-y-los-logros-de-nuestros-alumno","status":"publish","type":"post","link":"https:\/\/www.academica.school\/news\/mi-mayor-satisfaccion-como-directora-del-programa-ha-sido-y-siempre-sera-ver-la-recompensa-y-los-logros-de-nuestros-alumno\/","title":{"rendered":"\u00abMi mayor satisfacci\u00f3n como Directora del Programa ha sido y siempre ser\u00e1 ver la recompensa y los logros de nuestros alumnos\u00bb"},"content":{"rendered":"<p>Julie Jordan es la Directora del Programa Diploma Dual en el colegio CEU San Pablo-Montepr\u00edncipe de Madrid. \u00abParticipar en el programa Diploma Dual les ayuda a ser m\u00e1s independientes en su proceso de aprendizaje, lo que a su vez se ve reflejado en sus estudios\u00bb, nos cuenta en esta entrevista.<\/p>\n<p><!--more--><\/p>\n<p><strong>Adem\u00e1s, Julie hace tres a\u00f1os que asumi\u00f3 este reto y desde entonces nos cuenta que han sido muchas las satisfacciones que le ha aportado la experiencia. Sin embargo, \u00abmi mayor satisfacci\u00f3n como Directora del Programa ha sido y siempre ser\u00e1 ver la recompensa y los logros de nuestros alumno\u00bb, asegura.<\/strong><\/p>\n<p><strong>\u00bfCu\u00e1ndo comenzaste a encargarte del Diploma Dual en tu colegio y qu\u00e9 tipo de tareas lleva impl\u00edcita esta responsabilidad para los que sois Directores de Programa?<\/strong><br \/>\nEmpec\u00e9 como Directora de Programa del Diploma Dual hace tres a\u00f1os. Es un rol muy enriquecedor y a la vez un reto personal ya que me ofrece la oportunidad de llevar a cabo el rol de tutora (acad\u00e9mica) para un gran n\u00famero de alumnos en diferentes cursos del colegio (desde 2\u00baESO hasta 2\u00ba de Bachillerato), lo cual implica conocer m\u00e1s en profundidad tanto a los alumnos, con las diferentes casu\u00edsticas y problem\u00e1ticas a lo largo de todo el per\u00edodo de estudios secundario. Dentro de las atribuciones propias del puesto, es necesario hacer un seguimiento con cada alumno de sus estudios con Acad\u00e9mica para ayudarles a encontrar la forma de compaginar las responsabilidades propias de sus estudios con las del Dual. Este a\u00f1o, adem\u00e1s, estoy ilusionada por la nueva implementaci\u00f3n de un programa de mentores entre los alumnos m\u00e1s experimentados en el Dual Diploma para ayudar a los nuevos, que creo que enriquecer\u00e1 a ambos por igual, ya que les servir\u00e1 para mejorar sus habilidades de cooperaci\u00f3n. Aparte de lo anterior, como Directora, tambi\u00e9n soy responsable de la parte administrativa (documentaci\u00f3n, facturaci\u00f3n, certificados acad\u00e9micos etc.), as\u00ed como de la intermediaci\u00f3n entre las familias y los profesores de EE.UU.<\/p>\n<p><strong>\u00bfQu\u00e9 cambios has ido notando en los alumnos inscritos en el programa a medida que han ido avanzando los cursos?<\/strong><br \/>\nEl principal cambio que se nota en los alumnos es la mejora en su autonom\u00eda, eficacia y capacidad a la hora de cumplir varias tareas a la vez. Participar en el programa Dual les ayuda a ser m\u00e1s independientes en su proceso de aprendizaje, lo que a su vez se ve reflejado en sus estudios aqu\u00ed en el CEU San Pablo Montepr\u00edncipe. Son alumnos que desarrollan una mayor facilidad para resolver problemas por s\u00ed mismos, sean tecnol\u00f3gicos, acad\u00e9micos o ling\u00fc\u00edsticos. Adem\u00e1s, suelen tener m\u00e1s iniciativa y son m\u00e1s abiertos a pedir ayuda o consejo cuando lo necesitan.<\/p>\n<p><strong>\u00bfRecomendar\u00edas, por tanto, el Diploma Dual a aquellas familias y alumnos que puedan estar pensando en mejorar su ingl\u00e9s? \u00bfPor qu\u00e9?<\/strong><br \/>\nSin duda, un motivo m\u00e1s a la hora de recomendar el Diploma Dual a los alumnos es que ello le ayudar\u00e1 a mejorar su ingl\u00e9s. Veo cada a\u00f1o como nuestros alumnos del Dual mejoran su confianza a la hora de expresarse en ingl\u00e9s en el d\u00eda a d\u00eda, les ayuda a perder la verg\u00fcenza o el miedo a cometer errores que les impidan comunicarse con soltura y adem\u00e1s, no menos importante, mejoran much\u00edsimo sus habilidades escritas.<\/p>\n<p><strong>Por \u00faltimo, \u00bfcu\u00e1l ha sido tu mayor satisfacci\u00f3n como Directora de Programa a lo largo de estos a\u00f1os?<\/strong><br \/>\nMi mayor satisfacci\u00f3n como Directora del Programa ha sido y siempre ser\u00e1 ver la recompensa y los logros de nuestros alumnos despu\u00e9s de todo el esfuerzo y compromiso que han dedicado a sus estudios, tanto en el Diploma Dual como en sus estudios en el CEU. Todos los a\u00f1os tenemos varios alumnos que consiguen un 4.0 de media en el Dual (una nota \u00abperfecta\u00bb), lo que nos muestra el esfuerzo que le dedican y el talento que tienen. Adem\u00e1s, las oportunidades que les abre este programa a la hora de estudiar en las mejores universidades tanto de Espa\u00f1a como de Europa y EE.UU. es una bendici\u00f3n para ellos y un orgullo para nosotros. Siento muy satisfecha por el trabajo que hemos venido realizando con todos los alumnos y muy orgullosa de todos y cada uno de ellos.<\/p>\n","protected":false},"excerpt":{"rendered":"<p>Julie Jordan es la Directora del Programa Diploma Dual en el colegio CEU San Pablo-Montepr\u00edncipe de Madrid. \u00abParticipar en el programa Diploma Dual les ayuda a ser m\u00e1s independientes en su proceso de aprendizaje, lo que a su vez se ve reflejado en sus estudios\u00bb, nos cuenta en esta entrevista.<\/p>\n","protected":false},"author":1,"featured_media":1313,"comment_status":"closed","ping_status":"closed","sticky":false,"template":"","format":"standard","meta":{"_jetpack_memberships_contains_paid_content":false,"footnotes":""},"categories":[1],"tags":[9,330,4,240,331],"class_list":["post-1312","post","type-post","status-publish","format-standard","has-post-thumbnail","hentry","category-last-news","tag-academica","tag-colegio-ceu-san-pablo-monteprincipe","tag-diploma-dual","tag-directora-de-programa","tag-julie-jordan","clearfix"],"yoast_head":"<!-- This site is optimized with the Yoast SEO plugin v27.4 - https:\/\/yoast.com\/product\/yoast-seo-wordpress\/ -->\n<title>&quot;Mi mayor satisfacci\u00f3n como Directora del Programa ha sido y siempre ser\u00e1 ver la recompensa y los logros de nuestros alumnos&quot; - Academica News<\/title>\n<meta name=\"description\" content=\"Julie Jordan es la Directora del Programa Diploma Dual en el colegio CEU San Pablo-Montepr\u00edncipe de Madrid.\" \/>\n<meta name=\"robots\" content=\"index, follow, max-snippet:-1, max-image-preview:large, max-video-preview:-1\" \/>\n<link rel=\"canonical\" href=\"https:\/\/www.academica.school\/news\/mi-mayor-satisfaccion-como-directora-del-programa-ha-sido-y-siempre-sera-ver-la-recompensa-y-los-logros-de-nuestros-alumno\/\" \/>\n<meta property=\"og:locale\" content=\"es_ES\" \/>\n<meta property=\"og:type\" content=\"article\" \/>\n<meta property=\"og:title\" content=\"&quot;Mi mayor satisfacci\u00f3n como Directora del Programa ha sido y siempre ser\u00e1 ver la recompensa y los logros de nuestros alumnos&quot; - Academica News\" \/>\n<meta property=\"og:description\" content=\"Julie Jordan es la Directora del Programa Diploma Dual en el colegio CEU San Pablo-Montepr\u00edncipe de Madrid.\" \/>\n<meta property=\"og:url\" content=\"https:\/\/www.academica.school\/news\/mi-mayor-satisfaccion-como-directora-del-programa-ha-sido-y-siempre-sera-ver-la-recompensa-y-los-logros-de-nuestros-alumno\/\" \/>\n<meta property=\"og:site_name\" content=\"Academica News\" \/>\n<meta property=\"article:published_time\" content=\"2022-01-17T09:31:55+00:00\" \/>\n<meta property=\"article:modified_time\" content=\"2022-01-17T11:52:51+00:00\" \/>\n<meta property=\"og:image\" content=\"https:\/\/www.academica.school\/news\/wp-content\/uploads\/2022\/01\/Julie-Jordan.jpg\" \/>\n\t<meta property=\"og:image:width\" content=\"800\" \/>\n\t<meta property=\"og:image:height\" content=\"500\" \/>\n\t<meta property=\"og:image:type\" content=\"image\/jpeg\" \/>\n<meta name=\"author\" content=\"Academica Spain\" \/>\n<meta name=\"twitter:card\" content=\"summary_large_image\" \/>\n<meta name=\"twitter:label1\" content=\"Escrito por\" \/>\n\t<meta name=\"twitter:data1\" content=\"Academica Spain\" \/>\n\t<meta name=\"twitter:label2\" content=\"Tiempo de lectura\" \/>\n\t<meta name=\"twitter:data2\" content=\"4 minutos\" \/>\n<script type=\"application\/ld+json\" class=\"yoast-schema-graph\">{\"@context\":\"https:\\\/\\\/schema.org\",\"@graph\":[{\"@type\":\"Article\",\"@id\":\"https:\\\/\\\/www.academica.school\\\/news\\\/mi-mayor-satisfaccion-como-directora-del-programa-ha-sido-y-siempre-sera-ver-la-recompensa-y-los-logros-de-nuestros-alumno\\\/#article\",\"isPartOf\":{\"@id\":\"https:\\\/\\\/www.academica.school\\\/news\\\/mi-mayor-satisfaccion-como-directora-del-programa-ha-sido-y-siempre-sera-ver-la-recompensa-y-los-logros-de-nuestros-alumno\\\/\"},\"author\":{\"name\":\"Academica Spain\",\"@id\":\"https:\\\/\\\/www.academica.school\\\/news\\\/#\\\/schema\\\/person\\\/07ed699df26b3ae2c049959a107fce05\"},\"headline\":\"\u00abMi mayor satisfacci\u00f3n como Directora del Programa ha sido y siempre ser\u00e1 ver la recompensa y los logros de nuestros alumnos\u00bb\",\"datePublished\":\"2022-01-17T09:31:55+00:00\",\"dateModified\":\"2022-01-17T11:52:51+00:00\",\"mainEntityOfPage\":{\"@id\":\"https:\\\/\\\/www.academica.school\\\/news\\\/mi-mayor-satisfaccion-como-directora-del-programa-ha-sido-y-siempre-sera-ver-la-recompensa-y-los-logros-de-nuestros-alumno\\\/\"},\"wordCount\":768,\"publisher\":{\"@id\":\"https:\\\/\\\/www.academica.school\\\/news\\\/#organization\"},\"image\":{\"@id\":\"https:\\\/\\\/www.academica.school\\\/news\\\/mi-mayor-satisfaccion-como-directora-del-programa-ha-sido-y-siempre-sera-ver-la-recompensa-y-los-logros-de-nuestros-alumno\\\/#primaryimage\"},\"thumbnailUrl\":\"https:\\\/\\\/i0.wp.com\\\/www.academica.school\\\/news\\\/wp-content\\\/uploads\\\/2022\\\/01\\\/Julie-Jordan.jpg?fit=800%2C500&ssl=1\",\"keywords\":[\"academica\",\"colegio ceu san pablo monteprincipe\",\"Diploma Dual\",\"directora de programa\",\"julie jordan\"],\"articleSection\":[\"Last News\"],\"inLanguage\":\"es\"},{\"@type\":\"WebPage\",\"@id\":\"https:\\\/\\\/www.academica.school\\\/news\\\/mi-mayor-satisfaccion-como-directora-del-programa-ha-sido-y-siempre-sera-ver-la-recompensa-y-los-logros-de-nuestros-alumno\\\/\",\"url\":\"https:\\\/\\\/www.academica.school\\\/news\\\/mi-mayor-satisfaccion-como-directora-del-programa-ha-sido-y-siempre-sera-ver-la-recompensa-y-los-logros-de-nuestros-alumno\\\/\",\"name\":\"\\\"Mi mayor satisfacci\u00f3n como Directora del Programa ha sido y siempre ser\u00e1 ver la recompensa y los logros de nuestros alumnos\\\" - Academica News\",\"isPartOf\":{\"@id\":\"https:\\\/\\\/www.academica.school\\\/news\\\/#website\"},\"primaryImageOfPage\":{\"@id\":\"https:\\\/\\\/www.academica.school\\\/news\\\/mi-mayor-satisfaccion-como-directora-del-programa-ha-sido-y-siempre-sera-ver-la-recompensa-y-los-logros-de-nuestros-alumno\\\/#primaryimage\"},\"image\":{\"@id\":\"https:\\\/\\\/www.academica.school\\\/news\\\/mi-mayor-satisfaccion-como-directora-del-programa-ha-sido-y-siempre-sera-ver-la-recompensa-y-los-logros-de-nuestros-alumno\\\/#primaryimage\"},\"thumbnailUrl\":\"https:\\\/\\\/i0.wp.com\\\/www.academica.school\\\/news\\\/wp-content\\\/uploads\\\/2022\\\/01\\\/Julie-Jordan.jpg?fit=800%2C500&ssl=1\",\"datePublished\":\"2022-01-17T09:31:55+00:00\",\"dateModified\":\"2022-01-17T11:52:51+00:00\",\"description\":\"Julie Jordan es la Directora del Programa Diploma Dual en el colegio CEU San Pablo-Montepr\u00edncipe de Madrid.\",\"breadcrumb\":{\"@id\":\"https:\\\/\\\/www.academica.school\\\/news\\\/mi-mayor-satisfaccion-como-directora-del-programa-ha-sido-y-siempre-sera-ver-la-recompensa-y-los-logros-de-nuestros-alumno\\\/#breadcrumb\"},\"inLanguage\":\"es\",\"potentialAction\":[{\"@type\":\"ReadAction\",\"target\":[\"https:\\\/\\\/www.academica.school\\\/news\\\/mi-mayor-satisfaccion-como-directora-del-programa-ha-sido-y-siempre-sera-ver-la-recompensa-y-los-logros-de-nuestros-alumno\\\/\"]}]},{\"@type\":\"ImageObject\",\"inLanguage\":\"es\",\"@id\":\"https:\\\/\\\/www.academica.school\\\/news\\\/mi-mayor-satisfaccion-como-directora-del-programa-ha-sido-y-siempre-sera-ver-la-recompensa-y-los-logros-de-nuestros-alumno\\\/#primaryimage\",\"url\":\"https:\\\/\\\/i0.wp.com\\\/www.academica.school\\\/news\\\/wp-content\\\/uploads\\\/2022\\\/01\\\/Julie-Jordan.jpg?fit=800%2C500&ssl=1\",\"contentUrl\":\"https:\\\/\\\/i0.wp.com\\\/www.academica.school\\\/news\\\/wp-content\\\/uploads\\\/2022\\\/01\\\/Julie-Jordan.jpg?fit=800%2C500&ssl=1\",\"width\":800,\"height\":500},{\"@type\":\"BreadcrumbList\",\"@id\":\"https:\\\/\\\/www.academica.school\\\/news\\\/mi-mayor-satisfaccion-como-directora-del-programa-ha-sido-y-siempre-sera-ver-la-recompensa-y-los-logros-de-nuestros-alumno\\\/#breadcrumb\",\"itemListElement\":[{\"@type\":\"ListItem\",\"position\":1,\"name\":\"Portada\",\"item\":\"https:\\\/\\\/www.academica.school\\\/news\\\/\"},{\"@type\":\"ListItem\",\"position\":2,\"name\":\"\u00abMi mayor satisfacci\u00f3n como Directora del Programa ha sido y siempre ser\u00e1 ver la recompensa y los logros de nuestros alumnos\u00bb\"}]},{\"@type\":\"WebSite\",\"@id\":\"https:\\\/\\\/www.academica.school\\\/news\\\/#website\",\"url\":\"https:\\\/\\\/www.academica.school\\\/news\\\/\",\"name\":\"Academica News\",\"description\":\"todo lo que pasa en el mundo acad\u00e9mico, sobre universidades y cualquier evento o novedad en la que participemos\",\"publisher\":{\"@id\":\"https:\\\/\\\/www.academica.school\\\/news\\\/#organization\"},\"potentialAction\":[{\"@type\":\"SearchAction\",\"target\":{\"@type\":\"EntryPoint\",\"urlTemplate\":\"https:\\\/\\\/www.academica.school\\\/news\\\/?s={search_term_string}\"},\"query-input\":{\"@type\":\"PropertyValueSpecification\",\"valueRequired\":true,\"valueName\":\"search_term_string\"}}],\"inLanguage\":\"es\"},{\"@type\":\"Organization\",\"@id\":\"https:\\\/\\\/www.academica.school\\\/news\\\/#organization\",\"name\":\"Academica\",\"url\":\"https:\\\/\\\/www.academica.school\\\/news\\\/\",\"logo\":{\"@type\":\"ImageObject\",\"inLanguage\":\"es\",\"@id\":\"https:\\\/\\\/www.academica.school\\\/news\\\/#\\\/schema\\\/logo\\\/image\\\/\",\"url\":\"https:\\\/\\\/i1.wp.com\\\/www.academica.school\\\/news\\\/wp-content\\\/uploads\\\/2019\\\/11\\\/Captura-de-pantalla-2019-11-20-a-las-12.14.04.png?fit=799%2C500&ssl=1\",\"contentUrl\":\"https:\\\/\\\/i1.wp.com\\\/www.academica.school\\\/news\\\/wp-content\\\/uploads\\\/2019\\\/11\\\/Captura-de-pantalla-2019-11-20-a-las-12.14.04.png?fit=799%2C500&ssl=1\",\"width\":799,\"height\":500,\"caption\":\"Academica\"},\"image\":{\"@id\":\"https:\\\/\\\/www.academica.school\\\/news\\\/#\\\/schema\\\/logo\\\/image\\\/\"}},{\"@type\":\"Person\",\"@id\":\"https:\\\/\\\/www.academica.school\\\/news\\\/#\\\/schema\\\/person\\\/07ed699df26b3ae2c049959a107fce05\",\"name\":\"Academica Spain\",\"image\":{\"@type\":\"ImageObject\",\"inLanguage\":\"es\",\"@id\":\"https:\\\/\\\/secure.gravatar.com\\\/avatar\\\/24d850e4f123aaa0ad5edf9a3fb1d97a98b831f0571142c5dc4b3add4e2db2ea?s=96&d=mm&r=g\",\"url\":\"https:\\\/\\\/secure.gravatar.com\\\/avatar\\\/24d850e4f123aaa0ad5edf9a3fb1d97a98b831f0571142c5dc4b3add4e2db2ea?s=96&d=mm&r=g\",\"contentUrl\":\"https:\\\/\\\/secure.gravatar.com\\\/avatar\\\/24d850e4f123aaa0ad5edf9a3fb1d97a98b831f0571142c5dc4b3add4e2db2ea?s=96&d=mm&r=g\",\"caption\":\"Academica Spain\"},\"url\":\"https:\\\/\\\/www.academica.school\\\/news\\\/author\\\/jasubal\\\/\"}]}<\/script>\n<!-- \/ Yoast SEO plugin. -->","yoast_head_json":{"title":"\"Mi mayor satisfacci\u00f3n como Directora del Programa ha sido y siempre ser\u00e1 ver la recompensa y los logros de nuestros alumnos\" - Academica News","description":"Julie Jordan es la Directora del Programa Diploma Dual en el colegio CEU San Pablo-Montepr\u00edncipe de Madrid.","robots":{"index":"index","follow":"follow","max-snippet":"max-snippet:-1","max-image-preview":"max-image-preview:large","max-video-preview":"max-video-preview:-1"},"canonical":"https:\/\/www.academica.school\/news\/mi-mayor-satisfaccion-como-directora-del-programa-ha-sido-y-siempre-sera-ver-la-recompensa-y-los-logros-de-nuestros-alumno\/","og_locale":"es_ES","og_type":"article","og_title":"\"Mi mayor satisfacci\u00f3n como Directora del Programa ha sido y siempre ser\u00e1 ver la recompensa y los logros de nuestros alumnos\" - Academica News","og_description":"Julie Jordan es la Directora del Programa Diploma Dual en el colegio CEU San Pablo-Montepr\u00edncipe de Madrid.","og_url":"https:\/\/www.academica.school\/news\/mi-mayor-satisfaccion-como-directora-del-programa-ha-sido-y-siempre-sera-ver-la-recompensa-y-los-logros-de-nuestros-alumno\/","og_site_name":"Academica News","article_published_time":"2022-01-17T09:31:55+00:00","article_modified_time":"2022-01-17T11:52:51+00:00","og_image":[{"width":800,"height":500,"url":"https:\/\/www.academica.school\/news\/wp-content\/uploads\/2022\/01\/Julie-Jordan.jpg","type":"image\/jpeg"}],"author":"Academica Spain","twitter_card":"summary_large_image","twitter_misc":{"Escrito por":"Academica Spain","Tiempo de lectura":"4 minutos"},"schema":{"@context":"https:\/\/schema.org","@graph":[{"@type":"Article","@id":"https:\/\/www.academica.school\/news\/mi-mayor-satisfaccion-como-directora-del-programa-ha-sido-y-siempre-sera-ver-la-recompensa-y-los-logros-de-nuestros-alumno\/#article","isPartOf":{"@id":"https:\/\/www.academica.school\/news\/mi-mayor-satisfaccion-como-directora-del-programa-ha-sido-y-siempre-sera-ver-la-recompensa-y-los-logros-de-nuestros-alumno\/"},"author":{"name":"Academica Spain","@id":"https:\/\/www.academica.school\/news\/#\/schema\/person\/07ed699df26b3ae2c049959a107fce05"},"headline":"\u00abMi mayor satisfacci\u00f3n como Directora del Programa ha sido y siempre ser\u00e1 ver la recompensa y los logros de nuestros alumnos\u00bb","datePublished":"2022-01-17T09:31:55+00:00","dateModified":"2022-01-17T11:52:51+00:00","mainEntityOfPage":{"@id":"https:\/\/www.academica.school\/news\/mi-mayor-satisfaccion-como-directora-del-programa-ha-sido-y-siempre-sera-ver-la-recompensa-y-los-logros-de-nuestros-alumno\/"},"wordCount":768,"publisher":{"@id":"https:\/\/www.academica.school\/news\/#organization"},"image":{"@id":"https:\/\/www.academica.school\/news\/mi-mayor-satisfaccion-como-directora-del-programa-ha-sido-y-siempre-sera-ver-la-recompensa-y-los-logros-de-nuestros-alumno\/#primaryimage"},"thumbnailUrl":"https:\/\/i0.wp.com\/www.academica.school\/news\/wp-content\/uploads\/2022\/01\/Julie-Jordan.jpg?fit=800%2C500&ssl=1","keywords":["academica","colegio ceu san pablo monteprincipe","Diploma Dual","directora de programa","julie jordan"],"articleSection":["Last News"],"inLanguage":"es"},{"@type":"WebPage","@id":"https:\/\/www.academica.school\/news\/mi-mayor-satisfaccion-como-directora-del-programa-ha-sido-y-siempre-sera-ver-la-recompensa-y-los-logros-de-nuestros-alumno\/","url":"https:\/\/www.academica.school\/news\/mi-mayor-satisfaccion-como-directora-del-programa-ha-sido-y-siempre-sera-ver-la-recompensa-y-los-logros-de-nuestros-alumno\/","name":"\"Mi mayor satisfacci\u00f3n como Directora del Programa ha sido y siempre ser\u00e1 ver la recompensa y los logros de nuestros alumnos\" - Academica News","isPartOf":{"@id":"https:\/\/www.academica.school\/news\/#website"},"primaryImageOfPage":{"@id":"https:\/\/www.academica.school\/news\/mi-mayor-satisfaccion-como-directora-del-programa-ha-sido-y-siempre-sera-ver-la-recompensa-y-los-logros-de-nuestros-alumno\/#primaryimage"},"image":{"@id":"https:\/\/www.academica.school\/news\/mi-mayor-satisfaccion-como-directora-del-programa-ha-sido-y-siempre-sera-ver-la-recompensa-y-los-logros-de-nuestros-alumno\/#primaryimage"},"thumbnailUrl":"https:\/\/i0.wp.com\/www.academica.school\/news\/wp-content\/uploads\/2022\/01\/Julie-Jordan.jpg?fit=800%2C500&ssl=1","datePublished":"2022-01-17T09:31:55+00:00","dateModified":"2022-01-17T11:52:51+00:00","description":"Julie Jordan es la Directora del Programa Diploma Dual en el colegio CEU San Pablo-Montepr\u00edncipe de Madrid.","breadcrumb":{"@id":"https:\/\/www.academica.school\/news\/mi-mayor-satisfaccion-como-directora-del-programa-ha-sido-y-siempre-sera-ver-la-recompensa-y-los-logros-de-nuestros-alumno\/#breadcrumb"},"inLanguage":"es","potentialAction":[{"@type":"ReadAction","target":["https:\/\/www.academica.school\/news\/mi-mayor-satisfaccion-como-directora-del-programa-ha-sido-y-siempre-sera-ver-la-recompensa-y-los-logros-de-nuestros-alumno\/"]}]},{"@type":"ImageObject","inLanguage":"es","@id":"https:\/\/www.academica.school\/news\/mi-mayor-satisfaccion-como-directora-del-programa-ha-sido-y-siempre-sera-ver-la-recompensa-y-los-logros-de-nuestros-alumno\/#primaryimage","url":"https:\/\/i0.wp.com\/www.academica.school\/news\/wp-content\/uploads\/2022\/01\/Julie-Jordan.jpg?fit=800%2C500&ssl=1","contentUrl":"https:\/\/i0.wp.com\/www.academica.school\/news\/wp-content\/uploads\/2022\/01\/Julie-Jordan.jpg?fit=800%2C500&ssl=1","width":800,"height":500},{"@type":"BreadcrumbList","@id":"https:\/\/www.academica.school\/news\/mi-mayor-satisfaccion-como-directora-del-programa-ha-sido-y-siempre-sera-ver-la-recompensa-y-los-logros-de-nuestros-alumno\/#breadcrumb","itemListElement":[{"@type":"ListItem","position":1,"name":"Portada","item":"https:\/\/www.academica.school\/news\/"},{"@type":"ListItem","position":2,"name":"\u00abMi mayor satisfacci\u00f3n como Directora del Programa ha sido y siempre ser\u00e1 ver la recompensa y los logros de nuestros alumnos\u00bb"}]},{"@type":"WebSite","@id":"https:\/\/www.academica.school\/news\/#website","url":"https:\/\/www.academica.school\/news\/","name":"Academica News","description":"todo lo que pasa en el mundo acad\u00e9mico, sobre universidades y cualquier evento o novedad en la que participemos","publisher":{"@id":"https:\/\/www.academica.school\/news\/#organization"},"potentialAction":[{"@type":"SearchAction","target":{"@type":"EntryPoint","urlTemplate":"https:\/\/www.academica.school\/news\/?s={search_term_string}"},"query-input":{"@type":"PropertyValueSpecification","valueRequired":true,"valueName":"search_term_string"}}],"inLanguage":"es"},{"@type":"Organization","@id":"https:\/\/www.academica.school\/news\/#organization","name":"Academica","url":"https:\/\/www.academica.school\/news\/","logo":{"@type":"ImageObject","inLanguage":"es","@id":"https:\/\/www.academica.school\/news\/#\/schema\/logo\/image\/","url":"https:\/\/i1.wp.com\/www.academica.school\/news\/wp-content\/uploads\/2019\/11\/Captura-de-pantalla-2019-11-20-a-las-12.14.04.png?fit=799%2C500&ssl=1","contentUrl":"https:\/\/i1.wp.com\/www.academica.school\/news\/wp-content\/uploads\/2019\/11\/Captura-de-pantalla-2019-11-20-a-las-12.14.04.png?fit=799%2C500&ssl=1","width":799,"height":500,"caption":"Academica"},"image":{"@id":"https:\/\/www.academica.school\/news\/#\/schema\/logo\/image\/"}},{"@type":"Person","@id":"https:\/\/www.academica.school\/news\/#\/schema\/person\/07ed699df26b3ae2c049959a107fce05","name":"Academica Spain","image":{"@type":"ImageObject","inLanguage":"es","@id":"https:\/\/secure.gravatar.com\/avatar\/24d850e4f123aaa0ad5edf9a3fb1d97a98b831f0571142c5dc4b3add4e2db2ea?s=96&d=mm&r=g","url":"https:\/\/secure.gravatar.com\/avatar\/24d850e4f123aaa0ad5edf9a3fb1d97a98b831f0571142c5dc4b3add4e2db2ea?s=96&d=mm&r=g","contentUrl":"https:\/\/secure.gravatar.com\/avatar\/24d850e4f123aaa0ad5edf9a3fb1d97a98b831f0571142c5dc4b3add4e2db2ea?s=96&d=mm&r=g","caption":"Academica Spain"},"url":"https:\/\/www.academica.school\/news\/author\/jasubal\/"}]}},"jetpack_featured_media_url":"https:\/\/i0.wp.com\/www.academica.school\/news\/wp-content\/uploads\/2022\/01\/Julie-Jordan.jpg?fit=800%2C500&ssl=1","jetpack_sharing_enabled":true,"jetpack_shortlink":"https:\/\/wp.me\/p8RDKh-la","jetpack-related-posts":[{"id":1900,"url":"https:\/\/www.academica.school\/news\/mi-mayor-satisfaccion-es-que-los-alumnos-del-diploma-dual-son-capaces-de-lograr-sus-suenos\/","url_meta":{"origin":1312,"position":0},"title":"\u00abMi mayor satisfacci\u00f3n es que los alumnos del Diploma Dual son capaces de lograr sus sue\u00f1os\u00bb","author":"Academica Spain","date":"noviembre 6, 2023","format":false,"excerpt":"Entrevistamos a Leire Salas, Directora de Programa en el\u00a0Colegio La Anunciata Ikastetxea de San Sebasti\u00e1n, quien nos cuenta su experiencia con el programa. Comenz\u00f3 hace 5 a\u00f1os a encargarse del Diploma Dual en su colegio y desde entonces sigue aport\u00e1ndole nuevos retos y aprendizaje. \u00a0 \u00bfQu\u00e9 tipo de tareas lleva\u2026","rel":"","context":"En \u00abLast News\u00bb","block_context":{"text":"Last News","link":"https:\/\/www.academica.school\/news\/last-news\/"},"img":{"alt_text":"ACADEMICA DIPLOMA DUAL","src":"https:\/\/i0.wp.com\/www.academica.school\/news\/wp-content\/uploads\/2023\/10\/ACADEMICA-DIPLOMA-DUAL-1-e1698156795506.jpg?fit=768%2C665&ssl=1&resize=350%2C200","width":350,"height":200,"srcset":"https:\/\/i0.wp.com\/www.academica.school\/news\/wp-content\/uploads\/2023\/10\/ACADEMICA-DIPLOMA-DUAL-1-e1698156795506.jpg?fit=768%2C665&ssl=1&resize=350%2C200 1x, https:\/\/i0.wp.com\/www.academica.school\/news\/wp-content\/uploads\/2023\/10\/ACADEMICA-DIPLOMA-DUAL-1-e1698156795506.jpg?fit=768%2C665&ssl=1&resize=525%2C300 1.5x, https:\/\/i0.wp.com\/www.academica.school\/news\/wp-content\/uploads\/2023\/10\/ACADEMICA-DIPLOMA-DUAL-1-e1698156795506.jpg?fit=768%2C665&ssl=1&resize=700%2C400 2x"},"classes":[]},{"id":1330,"url":"https:\/\/www.academica.school\/news\/ver-que-los-estudiantes-estan-contentos-y-disfrutan-del-programa-diploma-dual-es-mi-mayor-satisfaccion\/","url_meta":{"origin":1312,"position":1},"title":"\u00abVer que los estudiantes est\u00e1n contentos y disfrutan del programa Diploma Dual es mi mayor satisfacci\u00f3n\u00bb","author":"Academica Spain","date":"febrero 7, 2022","format":false,"excerpt":"Edurne Arroyo es la responsable del departamento de ingl\u00e9s de ESO en el Colegio Juan de Vald\u00e9s, y responsable del Diploma Dual de Academica en el centro. En esta entrevista, Edurne nos explica c\u00f3mo surgi\u00f3 la idea de incluir el Diploma Dual en la oferta educativa del centro y su\u2026","rel":"","context":"En \u00abLast News\u00bb","block_context":{"text":"Last News","link":"https:\/\/www.academica.school\/news\/last-news\/"},"img":{"alt_text":"","src":"https:\/\/i0.wp.com\/www.academica.school\/news\/wp-content\/uploads\/2022\/02\/EdurneArroyo.jpg?fit=800%2C501&ssl=1&resize=350%2C200","width":350,"height":200,"srcset":"https:\/\/i0.wp.com\/www.academica.school\/news\/wp-content\/uploads\/2022\/02\/EdurneArroyo.jpg?fit=800%2C501&ssl=1&resize=350%2C200 1x, https:\/\/i0.wp.com\/www.academica.school\/news\/wp-content\/uploads\/2022\/02\/EdurneArroyo.jpg?fit=800%2C501&ssl=1&resize=525%2C300 1.5x, https:\/\/i0.wp.com\/www.academica.school\/news\/wp-content\/uploads\/2022\/02\/EdurneArroyo.jpg?fit=800%2C501&ssl=1&resize=700%2C400 2x"},"classes":[]},{"id":1101,"url":"https:\/\/www.academica.school\/news\/el-diploma-dual-en-el-colegio-ceu-san-pablo-de-valencia\/","url_meta":{"origin":1312,"position":2},"title":"El Diploma Dual en el Colegio CEU San Pablo de Valencia","author":"Academica Spain","date":"febrero 9, 2021","format":false,"excerpt":"El diario La Raz\u00f3n ha entrevistado recientemente a Mar\u00eda Amparo Arbiol, directora del Colegio CEU San Pablo de Valencia, quien se ha referido al Diploma Dual de Academica como parte integrante del proyecto educativo del centro. \"En las etapas superiores, en Bachillerato, (nuestro centro) oferta el Programa Diploma (Bachillerato internacional),\u2026","rel":"","context":"En \u00abLast News\u00bb","block_context":{"text":"Last News","link":"https:\/\/www.academica.school\/news\/last-news\/"},"img":{"alt_text":"","src":"https:\/\/i0.wp.com\/www.academica.school\/news\/wp-content\/uploads\/2021\/02\/colegio-valencia-san-pablo-pd-bi.jpg?fit=801%2C500&ssl=1&resize=350%2C200","width":350,"height":200,"srcset":"https:\/\/i0.wp.com\/www.academica.school\/news\/wp-content\/uploads\/2021\/02\/colegio-valencia-san-pablo-pd-bi.jpg?fit=801%2C500&ssl=1&resize=350%2C200 1x, https:\/\/i0.wp.com\/www.academica.school\/news\/wp-content\/uploads\/2021\/02\/colegio-valencia-san-pablo-pd-bi.jpg?fit=801%2C500&ssl=1&resize=525%2C300 1.5x, https:\/\/i0.wp.com\/www.academica.school\/news\/wp-content\/uploads\/2021\/02\/colegio-valencia-san-pablo-pd-bi.jpg?fit=801%2C500&ssl=1&resize=700%2C400 2x"},"classes":[]},{"id":1483,"url":"https:\/\/www.academica.school\/news\/el-diploma-dual-aporta-una-ensenanza-diferenciadora-en-la-cual-el-alumno-se-beneficia-de-unos-contenidos-y-una-metodologia-distintos\/","url_meta":{"origin":1312,"position":3},"title":"\u00abEl Diploma Dual aporta una ense\u00f1anza diferenciadora, en la cual el alumno se beneficia de unos contenidos y una metodolog\u00eda distintos\u00bb","author":"Academica Spain","date":"noviembre 3, 2022","format":false,"excerpt":"Entrevistamos a Jennifer Johnson, Directora de Programa en el Colegio San Gregorio de Aguilar de Campoo,\u00a0quien nos cuenta su experiencia con el programa. Jennifer es la responsable del Diploma Dual desde el a\u00f1o 2014, coincidiendo con la implantaci\u00f3n del programa en este centro. \u00a0 \u00bfQu\u00e9 tipo de tareas lleva impl\u00edcita\u2026","rel":"","context":"En \u00abLast News\u00bb","block_context":{"text":"Last News","link":"https:\/\/www.academica.school\/news\/last-news\/"},"img":{"alt_text":"Directora de Programa Diploma Dual Academica","src":"https:\/\/i0.wp.com\/www.academica.school\/news\/wp-content\/uploads\/2022\/11\/IMG_20221002_1241322-e1667467637225.jpg?fit=800%2C769&ssl=1&resize=350%2C200","width":350,"height":200,"srcset":"https:\/\/i0.wp.com\/www.academica.school\/news\/wp-content\/uploads\/2022\/11\/IMG_20221002_1241322-e1667467637225.jpg?fit=800%2C769&ssl=1&resize=350%2C200 1x, https:\/\/i0.wp.com\/www.academica.school\/news\/wp-content\/uploads\/2022\/11\/IMG_20221002_1241322-e1667467637225.jpg?fit=800%2C769&ssl=1&resize=525%2C300 1.5x, https:\/\/i0.wp.com\/www.academica.school\/news\/wp-content\/uploads\/2022\/11\/IMG_20221002_1241322-e1667467637225.jpg?fit=800%2C769&ssl=1&resize=700%2C400 2x"},"classes":[]},{"id":1524,"url":"https:\/\/www.academica.school\/news\/mi-mayor-satisfaccion-con-el-diploma-dual-es-ver-crecer-a-mis-alumnos-en-responsabilidad-compromiso-y-autonomia-personal\/","url_meta":{"origin":1312,"position":4},"title":"\u00abMi mayor satisfacci\u00f3n con el Diploma Dual es ver crecer a mis alumnos en responsabilidad, compromiso y autonom\u00eda personal\u00bb","author":"Academica Spain","date":"enero 10, 2023","format":false,"excerpt":"Entrevistamos a Ana Garc\u00eda, Directora de Programa en el\u00a0Colegio Esclavas SCJ de Alcoy,\u00a0quien nos cuenta su experiencia con el programa. Encargada del Diploma Dual desde que iniciaron con el proyecto en el colegio en el curso 2013-2014, ya cuenta con nueve a\u00f1os de experiencia en este cargo. \u00a0 \u00bfQu\u00e9 tipo\u2026","rel":"","context":"En \u00abLast News\u00bb","block_context":{"text":"Last News","link":"https:\/\/www.academica.school\/news\/last-news\/"},"img":{"alt_text":"Diploma Dual Academica","src":"https:\/\/i0.wp.com\/www.academica.school\/news\/wp-content\/uploads\/2022\/12\/IMG-20221019-WA0004.jpg?fit=1024%2C818&ssl=1&resize=350%2C200","width":350,"height":200,"srcset":"https:\/\/i0.wp.com\/www.academica.school\/news\/wp-content\/uploads\/2022\/12\/IMG-20221019-WA0004.jpg?fit=1024%2C818&ssl=1&resize=350%2C200 1x, https:\/\/i0.wp.com\/www.academica.school\/news\/wp-content\/uploads\/2022\/12\/IMG-20221019-WA0004.jpg?fit=1024%2C818&ssl=1&resize=525%2C300 1.5x, https:\/\/i0.wp.com\/www.academica.school\/news\/wp-content\/uploads\/2022\/12\/IMG-20221019-WA0004.jpg?fit=1024%2C818&ssl=1&resize=700%2C400 2x"},"classes":[]},{"id":3378,"url":"https:\/\/www.academica.school\/news\/alumnos-diploma-dual-crecen\/","url_meta":{"origin":1312,"position":5},"title":"\u00abLos alumnos del Diploma Dual crecen y salen de su zona de confort\u00bb","author":"Academica Spain","date":"octubre 15, 2025","format":false,"excerpt":"Entrevistamos a Carla Liebo, Directora de Programa en el Colegio Los Sauces de Vigo,\u00a0quien nos cuenta su experiencia con el programa. Comenz\u00f3 a encargarse del Diploma Dual en el centro el primer a\u00f1o en el que se ofreci\u00f3 el programa a los alumnos, hace 10 a\u00f1os. \u00bfQu\u00e9 tipo de tareas\u2026","rel":"","context":"En \u00abLast News\u00bb","block_context":{"text":"Last News","link":"https:\/\/www.academica.school\/news\/last-news\/"},"img":{"alt_text":"","src":"","width":0,"height":0},"classes":[]}],"_links":{"self":[{"href":"https:\/\/www.academica.school\/news\/wp-json\/wp\/v2\/posts\/1312","targetHints":{"allow":["GET"]}}],"collection":[{"href":"https:\/\/www.academica.school\/news\/wp-json\/wp\/v2\/posts"}],"about":[{"href":"https:\/\/www.academica.school\/news\/wp-json\/wp\/v2\/types\/post"}],"author":[{"embeddable":true,"href":"https:\/\/www.academica.school\/news\/wp-json\/wp\/v2\/users\/1"}],"replies":[{"embeddable":true,"href":"https:\/\/www.academica.school\/news\/wp-json\/wp\/v2\/comments?post=1312"}],"version-history":[{"count":2,"href":"https:\/\/www.academica.school\/news\/wp-json\/wp\/v2\/posts\/1312\/revisions"}],"predecessor-version":[{"id":1315,"href":"https:\/\/www.academica.school\/news\/wp-json\/wp\/v2\/posts\/1312\/revisions\/1315"}],"wp:featuredmedia":[{"embeddable":true,"href":"https:\/\/www.academica.school\/news\/wp-json\/wp\/v2\/media\/1313"}],"wp:attachment":[{"href":"https:\/\/www.academica.school\/news\/wp-json\/wp\/v2\/media?parent=1312"}],"wp:term":[{"taxonomy":"category","embeddable":true,"href":"https:\/\/www.academica.school\/news\/wp-json\/wp\/v2\/categories?post=1312"},{"taxonomy":"post_tag","embeddable":true,"href":"https:\/\/www.academica.school\/news\/wp-json\/wp\/v2\/tags?post=1312"}],"curies":[{"name":"wp","href":"https:\/\/api.w.org\/{rel}","templated":true}]}}