{"id":1625,"date":"2023-03-13T10:24:13","date_gmt":"2023-03-13T10:24:13","guid":{"rendered":"https:\/\/www.academica.school\/news\/?p=1625"},"modified":"2023-03-16T12:28:22","modified_gmt":"2023-03-16T12:28:22","slug":"tercera-jornada-meeting-your-future-de-academica-y-abc","status":"publish","type":"post","link":"https:\/\/www.academica.school\/news\/tercera-jornada-meeting-your-future-de-academica-y-abc\/","title":{"rendered":"Jornada \u00abMeeting Your Future\u00bb de Academica y ABC con Pablo de la Cruz"},"content":{"rendered":"<p><strong>Academica International Studies<\/strong> celebrar\u00e1 el pr\u00f3ximo 27 de marzo la jornada de orientaci\u00f3n dirigida a todos los centros escolares de Espa\u00f1a, en la que participar\u00e1n alumnos de la ESO y Bachillerato.<\/p>\n<p><!--more--><\/p>\n<p><strong>\u00abMeeting Your Future<\/strong>\u00bb es el t\u00edtulo de unas jornadas, que junto con el <strong>Diario ABC<\/strong> y el <strong>Grupo Vocento<\/strong>, pretenden contribuir a la labor de orientaci\u00f3n universitaria y profesional que llevan a cabo todos los centros escolares con sus alumnos. As\u00ed, el 27 de marzo, todos aquellos centros que lo deseen, pertenezcan o no a la red de colegios adheridos a Academica en Espa\u00f1a, podr\u00e1n inscribirse gratuitamente en estas jornadas, que se llevar\u00e1n a cabo en horario escolar (a las 12:00 h. hora peninsular).<\/p>\n<div class=\"elementor-element elementor-element-c95c329 elementor-column elementor-col-50 elementor-inner-column\" data-id=\"c95c329\" data-element_type=\"column\">\n<div class=\"elementor-column-wrap elementor-element-populated\">\n<div class=\"elementor-widget-wrap\">\n<div class=\"elementor-element elementor-element-442f464 elementor-widget elementor-widget-text-editor\" data-id=\"442f464\" data-element_type=\"widget\" data-widget_type=\"text-editor.default\">\n<div class=\"elementor-widget-container\">\n<div class=\"elementor-text-editor elementor-clearfix\">\n<p>Desde Academica el objetivo es acercar a los alumnos una visi\u00f3n m\u00e1s real de su siguiente etapa educativa y hacerles conscientes de la importancia de la toma de decisiones que tienen que realizar en estos a\u00f1os.<\/p>\n<p>En esta jornada nos acompa\u00f1ar\u00e1 Pablo de la Cruz, ingeniero aeroespacial y diplomado en altos estudios de la defensa nacional.<\/p>\n<p>Pablo es el CEO y cofundador de la empresa de ingenier\u00eda <a href=\"https:\/\/www.anzenengineering.com\/\" target=\"_blank\" rel=\"noopener\">Anzen<\/a>, l\u00edder en Europa en seguridad en aviones, drones, y plataformas aeroespaciales. Anzen tiene sede en Madrid y subsidiarias en Suiza, Estados Unidos y Emiratos \u00c1rabes.<\/p>\n<p>Para poder asistir a esta jornada online es necesario que los centros escolares se inscriban previamente en la p\u00e1gina web creada a tal efecto. Una vez registrado, el usuario recibir\u00e1 un enlace para realizar la conexi\u00f3n a la jornada en cuesti\u00f3n. Puede inscribirse m\u00e1s de un responsable por centro. La inscripci\u00f3n es gratuita.<\/p>\n<p><strong>M\u00e1s informaci\u00f3n e inscripciones <span style=\"color: #0000ff;\"><a style=\"color: #0000ff;\" href=\"https:\/\/the-campus.online\/jornadas-meeting-your-future-22-23\/\">aqu\u00ed<\/a><\/span>.<\/strong><\/p>\n<\/div>\n<\/div>\n<\/div>\n<\/div>\n<\/div>\n<\/div>\n<div class=\"elementor-element elementor-element-119d774 elementor-column elementor-col-50 elementor-inner-column\" data-id=\"119d774\" data-element_type=\"column\">\n<div class=\"elementor-column-wrap elementor-element-populated\">\n<div class=\"elementor-widget-wrap\">\n<div class=\"elementor-element elementor-element-645989d elementor-widget elementor-widget-image\" data-id=\"645989d\" data-element_type=\"widget\" data-widget_type=\"image.default\">\n<div class=\"elementor-widget-container\">\n<div class=\"elementor-image\"><\/div>\n<\/div>\n<\/div>\n<\/div>\n<\/div>\n<\/div>\n","protected":false},"excerpt":{"rendered":"<p>Academica International Studies celebrar\u00e1 el pr\u00f3ximo 27 de marzo la jornada de orientaci\u00f3n dirigida a todos los centros escolares de Espa\u00f1a, en la que participar\u00e1n alumnos de la ESO y Bachillerato.<\/p>\n","protected":false},"author":1,"featured_media":1628,"comment_status":"closed","ping_status":"closed","sticky":false,"template":"","format":"standard","meta":{"_jetpack_memberships_contains_paid_content":false,"footnotes":""},"categories":[1],"tags":[261,434,9,433,45,63,4,222,36,426,266,431,264,432],"class_list":["post-1625","post","type-post","status-publish","format-standard","has-post-thumbnail","hentry","category-last-news","tag-abc","tag-abc-diario","tag-academica","tag-anzen-engineering","tag-bachillerato","tag-bachillerato-americano","tag-diploma-dual","tag-dual-diploma","tag-eso","tag-grupo-vocento","tag-jornadas-meeting-your-future","tag-los-300-mejores","tag-meeting-your-future","tag-pablo-de-la-cruz","clearfix"],"yoast_head":"<!-- This site is optimized with the Yoast SEO plugin v27.4 - https:\/\/yoast.com\/product\/yoast-seo-wordpress\/ -->\n<title>Jornada \u00abMeeting Your Future\u00bb de Academica y ABC con Pablo de la Cruz - Academica News<\/title>\n<meta name=\"description\" content=\"Academica celebrar\u00e1 el pr\u00f3ximo 27 de marzo la tercera jornada de orientaci\u00f3n dirigida a todos los centros escolares de Espa\u00f1a.\" \/>\n<meta name=\"robots\" content=\"index, follow, max-snippet:-1, max-image-preview:large, max-video-preview:-1\" \/>\n<link rel=\"canonical\" href=\"https:\/\/www.academica.school\/news\/tercera-jornada-meeting-your-future-de-academica-y-abc\/\" \/>\n<meta property=\"og:locale\" content=\"es_ES\" \/>\n<meta property=\"og:type\" content=\"article\" \/>\n<meta property=\"og:title\" content=\"Jornada \u00abMeeting Your Future\u00bb de Academica y ABC con Pablo de la Cruz - Academica News\" \/>\n<meta property=\"og:description\" content=\"Academica celebrar\u00e1 el pr\u00f3ximo 27 de marzo la tercera jornada de orientaci\u00f3n dirigida a todos los centros escolares de Espa\u00f1a.\" \/>\n<meta property=\"og:url\" content=\"https:\/\/www.academica.school\/news\/tercera-jornada-meeting-your-future-de-academica-y-abc\/\" \/>\n<meta property=\"og:site_name\" content=\"Academica News\" \/>\n<meta property=\"article:published_time\" content=\"2023-03-13T10:24:13+00:00\" \/>\n<meta property=\"article:modified_time\" content=\"2023-03-16T12:28:22+00:00\" \/>\n<meta property=\"og:image\" content=\"https:\/\/www.academica.school\/news\/wp-content\/uploads\/2023\/03\/MEETING-YOUR-FUTURE-ACADEMICA.png\" \/>\n\t<meta property=\"og:image:width\" content=\"668\" \/>\n\t<meta property=\"og:image:height\" content=\"452\" \/>\n\t<meta property=\"og:image:type\" content=\"image\/png\" \/>\n<meta name=\"author\" content=\"Academica Spain\" \/>\n<meta name=\"twitter:card\" content=\"summary_large_image\" \/>\n<meta name=\"twitter:label1\" content=\"Escrito por\" \/>\n\t<meta name=\"twitter:data1\" content=\"Academica Spain\" \/>\n\t<meta name=\"twitter:label2\" content=\"Tiempo de lectura\" \/>\n\t<meta name=\"twitter:data2\" content=\"2 minutos\" \/>\n<script type=\"application\/ld+json\" class=\"yoast-schema-graph\">{\"@context\":\"https:\\\/\\\/schema.org\",\"@graph\":[{\"@type\":\"Article\",\"@id\":\"https:\\\/\\\/www.academica.school\\\/news\\\/tercera-jornada-meeting-your-future-de-academica-y-abc\\\/#article\",\"isPartOf\":{\"@id\":\"https:\\\/\\\/www.academica.school\\\/news\\\/tercera-jornada-meeting-your-future-de-academica-y-abc\\\/\"},\"author\":{\"name\":\"Academica Spain\",\"@id\":\"https:\\\/\\\/www.academica.school\\\/news\\\/#\\\/schema\\\/person\\\/07ed699df26b3ae2c049959a107fce05\"},\"headline\":\"Jornada \u00abMeeting Your Future\u00bb de Academica y ABC con Pablo de la Cruz\",\"datePublished\":\"2023-03-13T10:24:13+00:00\",\"dateModified\":\"2023-03-16T12:28:22+00:00\",\"mainEntityOfPage\":{\"@id\":\"https:\\\/\\\/www.academica.school\\\/news\\\/tercera-jornada-meeting-your-future-de-academica-y-abc\\\/\"},\"wordCount\":298,\"publisher\":{\"@id\":\"https:\\\/\\\/www.academica.school\\\/news\\\/#organization\"},\"image\":{\"@id\":\"https:\\\/\\\/www.academica.school\\\/news\\\/tercera-jornada-meeting-your-future-de-academica-y-abc\\\/#primaryimage\"},\"thumbnailUrl\":\"https:\\\/\\\/i0.wp.com\\\/www.academica.school\\\/news\\\/wp-content\\\/uploads\\\/2023\\\/03\\\/MEETING-YOUR-FUTURE-ACADEMICA.png?fit=668%2C452&ssl=1\",\"keywords\":[\"abc\",\"abc diario\",\"academica\",\"anzen engineering\",\"bachillerato\",\"bachillerato americano\",\"Diploma Dual\",\"dual diploma\",\"eso\",\"grupo vocento\",\"jornadas meeting your future\",\"los 300 mejores\",\"Meeting your future\",\"Pablo de la cruz\"],\"articleSection\":[\"Last News\"],\"inLanguage\":\"es\"},{\"@type\":\"WebPage\",\"@id\":\"https:\\\/\\\/www.academica.school\\\/news\\\/tercera-jornada-meeting-your-future-de-academica-y-abc\\\/\",\"url\":\"https:\\\/\\\/www.academica.school\\\/news\\\/tercera-jornada-meeting-your-future-de-academica-y-abc\\\/\",\"name\":\"Jornada \u00abMeeting Your Future\u00bb de Academica y ABC con Pablo de la Cruz - Academica News\",\"isPartOf\":{\"@id\":\"https:\\\/\\\/www.academica.school\\\/news\\\/#website\"},\"primaryImageOfPage\":{\"@id\":\"https:\\\/\\\/www.academica.school\\\/news\\\/tercera-jornada-meeting-your-future-de-academica-y-abc\\\/#primaryimage\"},\"image\":{\"@id\":\"https:\\\/\\\/www.academica.school\\\/news\\\/tercera-jornada-meeting-your-future-de-academica-y-abc\\\/#primaryimage\"},\"thumbnailUrl\":\"https:\\\/\\\/i0.wp.com\\\/www.academica.school\\\/news\\\/wp-content\\\/uploads\\\/2023\\\/03\\\/MEETING-YOUR-FUTURE-ACADEMICA.png?fit=668%2C452&ssl=1\",\"datePublished\":\"2023-03-13T10:24:13+00:00\",\"dateModified\":\"2023-03-16T12:28:22+00:00\",\"description\":\"Academica celebrar\u00e1 el pr\u00f3ximo 27 de marzo la tercera jornada de orientaci\u00f3n dirigida a todos los centros escolares de Espa\u00f1a.\",\"breadcrumb\":{\"@id\":\"https:\\\/\\\/www.academica.school\\\/news\\\/tercera-jornada-meeting-your-future-de-academica-y-abc\\\/#breadcrumb\"},\"inLanguage\":\"es\",\"potentialAction\":[{\"@type\":\"ReadAction\",\"target\":[\"https:\\\/\\\/www.academica.school\\\/news\\\/tercera-jornada-meeting-your-future-de-academica-y-abc\\\/\"]}]},{\"@type\":\"ImageObject\",\"inLanguage\":\"es\",\"@id\":\"https:\\\/\\\/www.academica.school\\\/news\\\/tercera-jornada-meeting-your-future-de-academica-y-abc\\\/#primaryimage\",\"url\":\"https:\\\/\\\/i0.wp.com\\\/www.academica.school\\\/news\\\/wp-content\\\/uploads\\\/2023\\\/03\\\/MEETING-YOUR-FUTURE-ACADEMICA.png?fit=668%2C452&ssl=1\",\"contentUrl\":\"https:\\\/\\\/i0.wp.com\\\/www.academica.school\\\/news\\\/wp-content\\\/uploads\\\/2023\\\/03\\\/MEETING-YOUR-FUTURE-ACADEMICA.png?fit=668%2C452&ssl=1\",\"width\":668,\"height\":452,\"caption\":\"MEETING YOUR FUTURE ACADEMICA\"},{\"@type\":\"BreadcrumbList\",\"@id\":\"https:\\\/\\\/www.academica.school\\\/news\\\/tercera-jornada-meeting-your-future-de-academica-y-abc\\\/#breadcrumb\",\"itemListElement\":[{\"@type\":\"ListItem\",\"position\":1,\"name\":\"Portada\",\"item\":\"https:\\\/\\\/www.academica.school\\\/news\\\/\"},{\"@type\":\"ListItem\",\"position\":2,\"name\":\"Jornada \u00abMeeting Your Future\u00bb de Academica y ABC con Pablo de la Cruz\"}]},{\"@type\":\"WebSite\",\"@id\":\"https:\\\/\\\/www.academica.school\\\/news\\\/#website\",\"url\":\"https:\\\/\\\/www.academica.school\\\/news\\\/\",\"name\":\"Academica News\",\"description\":\"todo lo que pasa en el mundo acad\u00e9mico, sobre universidades y cualquier evento o novedad en la que participemos\",\"publisher\":{\"@id\":\"https:\\\/\\\/www.academica.school\\\/news\\\/#organization\"},\"potentialAction\":[{\"@type\":\"SearchAction\",\"target\":{\"@type\":\"EntryPoint\",\"urlTemplate\":\"https:\\\/\\\/www.academica.school\\\/news\\\/?s={search_term_string}\"},\"query-input\":{\"@type\":\"PropertyValueSpecification\",\"valueRequired\":true,\"valueName\":\"search_term_string\"}}],\"inLanguage\":\"es\"},{\"@type\":\"Organization\",\"@id\":\"https:\\\/\\\/www.academica.school\\\/news\\\/#organization\",\"name\":\"Academica\",\"url\":\"https:\\\/\\\/www.academica.school\\\/news\\\/\",\"logo\":{\"@type\":\"ImageObject\",\"inLanguage\":\"es\",\"@id\":\"https:\\\/\\\/www.academica.school\\\/news\\\/#\\\/schema\\\/logo\\\/image\\\/\",\"url\":\"https:\\\/\\\/i1.wp.com\\\/www.academica.school\\\/news\\\/wp-content\\\/uploads\\\/2019\\\/11\\\/Captura-de-pantalla-2019-11-20-a-las-12.14.04.png?fit=799%2C500&ssl=1\",\"contentUrl\":\"https:\\\/\\\/i1.wp.com\\\/www.academica.school\\\/news\\\/wp-content\\\/uploads\\\/2019\\\/11\\\/Captura-de-pantalla-2019-11-20-a-las-12.14.04.png?fit=799%2C500&ssl=1\",\"width\":799,\"height\":500,\"caption\":\"Academica\"},\"image\":{\"@id\":\"https:\\\/\\\/www.academica.school\\\/news\\\/#\\\/schema\\\/logo\\\/image\\\/\"}},{\"@type\":\"Person\",\"@id\":\"https:\\\/\\\/www.academica.school\\\/news\\\/#\\\/schema\\\/person\\\/07ed699df26b3ae2c049959a107fce05\",\"name\":\"Academica Spain\",\"image\":{\"@type\":\"ImageObject\",\"inLanguage\":\"es\",\"@id\":\"https:\\\/\\\/secure.gravatar.com\\\/avatar\\\/24d850e4f123aaa0ad5edf9a3fb1d97a98b831f0571142c5dc4b3add4e2db2ea?s=96&d=mm&r=g\",\"url\":\"https:\\\/\\\/secure.gravatar.com\\\/avatar\\\/24d850e4f123aaa0ad5edf9a3fb1d97a98b831f0571142c5dc4b3add4e2db2ea?s=96&d=mm&r=g\",\"contentUrl\":\"https:\\\/\\\/secure.gravatar.com\\\/avatar\\\/24d850e4f123aaa0ad5edf9a3fb1d97a98b831f0571142c5dc4b3add4e2db2ea?s=96&d=mm&r=g\",\"caption\":\"Academica Spain\"},\"url\":\"https:\\\/\\\/www.academica.school\\\/news\\\/author\\\/jasubal\\\/\"}]}<\/script>\n<!-- \/ Yoast SEO plugin. -->","yoast_head_json":{"title":"Jornada \u00abMeeting Your Future\u00bb de Academica y ABC con Pablo de la Cruz - Academica News","description":"Academica celebrar\u00e1 el pr\u00f3ximo 27 de marzo la tercera jornada de orientaci\u00f3n dirigida a todos los centros escolares de Espa\u00f1a.","robots":{"index":"index","follow":"follow","max-snippet":"max-snippet:-1","max-image-preview":"max-image-preview:large","max-video-preview":"max-video-preview:-1"},"canonical":"https:\/\/www.academica.school\/news\/tercera-jornada-meeting-your-future-de-academica-y-abc\/","og_locale":"es_ES","og_type":"article","og_title":"Jornada \u00abMeeting Your Future\u00bb de Academica y ABC con Pablo de la Cruz - Academica News","og_description":"Academica celebrar\u00e1 el pr\u00f3ximo 27 de marzo la tercera jornada de orientaci\u00f3n dirigida a todos los centros escolares de Espa\u00f1a.","og_url":"https:\/\/www.academica.school\/news\/tercera-jornada-meeting-your-future-de-academica-y-abc\/","og_site_name":"Academica News","article_published_time":"2023-03-13T10:24:13+00:00","article_modified_time":"2023-03-16T12:28:22+00:00","og_image":[{"width":668,"height":452,"url":"https:\/\/www.academica.school\/news\/wp-content\/uploads\/2023\/03\/MEETING-YOUR-FUTURE-ACADEMICA.png","type":"image\/png"}],"author":"Academica Spain","twitter_card":"summary_large_image","twitter_misc":{"Escrito por":"Academica Spain","Tiempo de lectura":"2 minutos"},"schema":{"@context":"https:\/\/schema.org","@graph":[{"@type":"Article","@id":"https:\/\/www.academica.school\/news\/tercera-jornada-meeting-your-future-de-academica-y-abc\/#article","isPartOf":{"@id":"https:\/\/www.academica.school\/news\/tercera-jornada-meeting-your-future-de-academica-y-abc\/"},"author":{"name":"Academica Spain","@id":"https:\/\/www.academica.school\/news\/#\/schema\/person\/07ed699df26b3ae2c049959a107fce05"},"headline":"Jornada \u00abMeeting Your Future\u00bb de Academica y ABC con Pablo de la Cruz","datePublished":"2023-03-13T10:24:13+00:00","dateModified":"2023-03-16T12:28:22+00:00","mainEntityOfPage":{"@id":"https:\/\/www.academica.school\/news\/tercera-jornada-meeting-your-future-de-academica-y-abc\/"},"wordCount":298,"publisher":{"@id":"https:\/\/www.academica.school\/news\/#organization"},"image":{"@id":"https:\/\/www.academica.school\/news\/tercera-jornada-meeting-your-future-de-academica-y-abc\/#primaryimage"},"thumbnailUrl":"https:\/\/i0.wp.com\/www.academica.school\/news\/wp-content\/uploads\/2023\/03\/MEETING-YOUR-FUTURE-ACADEMICA.png?fit=668%2C452&ssl=1","keywords":["abc","abc diario","academica","anzen engineering","bachillerato","bachillerato americano","Diploma Dual","dual diploma","eso","grupo vocento","jornadas meeting your future","los 300 mejores","Meeting your future","Pablo de la cruz"],"articleSection":["Last News"],"inLanguage":"es"},{"@type":"WebPage","@id":"https:\/\/www.academica.school\/news\/tercera-jornada-meeting-your-future-de-academica-y-abc\/","url":"https:\/\/www.academica.school\/news\/tercera-jornada-meeting-your-future-de-academica-y-abc\/","name":"Jornada \u00abMeeting Your Future\u00bb de Academica y ABC con Pablo de la Cruz - Academica News","isPartOf":{"@id":"https:\/\/www.academica.school\/news\/#website"},"primaryImageOfPage":{"@id":"https:\/\/www.academica.school\/news\/tercera-jornada-meeting-your-future-de-academica-y-abc\/#primaryimage"},"image":{"@id":"https:\/\/www.academica.school\/news\/tercera-jornada-meeting-your-future-de-academica-y-abc\/#primaryimage"},"thumbnailUrl":"https:\/\/i0.wp.com\/www.academica.school\/news\/wp-content\/uploads\/2023\/03\/MEETING-YOUR-FUTURE-ACADEMICA.png?fit=668%2C452&ssl=1","datePublished":"2023-03-13T10:24:13+00:00","dateModified":"2023-03-16T12:28:22+00:00","description":"Academica celebrar\u00e1 el pr\u00f3ximo 27 de marzo la tercera jornada de orientaci\u00f3n dirigida a todos los centros escolares de Espa\u00f1a.","breadcrumb":{"@id":"https:\/\/www.academica.school\/news\/tercera-jornada-meeting-your-future-de-academica-y-abc\/#breadcrumb"},"inLanguage":"es","potentialAction":[{"@type":"ReadAction","target":["https:\/\/www.academica.school\/news\/tercera-jornada-meeting-your-future-de-academica-y-abc\/"]}]},{"@type":"ImageObject","inLanguage":"es","@id":"https:\/\/www.academica.school\/news\/tercera-jornada-meeting-your-future-de-academica-y-abc\/#primaryimage","url":"https:\/\/i0.wp.com\/www.academica.school\/news\/wp-content\/uploads\/2023\/03\/MEETING-YOUR-FUTURE-ACADEMICA.png?fit=668%2C452&ssl=1","contentUrl":"https:\/\/i0.wp.com\/www.academica.school\/news\/wp-content\/uploads\/2023\/03\/MEETING-YOUR-FUTURE-ACADEMICA.png?fit=668%2C452&ssl=1","width":668,"height":452,"caption":"MEETING YOUR FUTURE ACADEMICA"},{"@type":"BreadcrumbList","@id":"https:\/\/www.academica.school\/news\/tercera-jornada-meeting-your-future-de-academica-y-abc\/#breadcrumb","itemListElement":[{"@type":"ListItem","position":1,"name":"Portada","item":"https:\/\/www.academica.school\/news\/"},{"@type":"ListItem","position":2,"name":"Jornada \u00abMeeting Your Future\u00bb de Academica y ABC con Pablo de la Cruz"}]},{"@type":"WebSite","@id":"https:\/\/www.academica.school\/news\/#website","url":"https:\/\/www.academica.school\/news\/","name":"Academica News","description":"todo lo que pasa en el mundo acad\u00e9mico, sobre universidades y cualquier evento o novedad en la que participemos","publisher":{"@id":"https:\/\/www.academica.school\/news\/#organization"},"potentialAction":[{"@type":"SearchAction","target":{"@type":"EntryPoint","urlTemplate":"https:\/\/www.academica.school\/news\/?s={search_term_string}"},"query-input":{"@type":"PropertyValueSpecification","valueRequired":true,"valueName":"search_term_string"}}],"inLanguage":"es"},{"@type":"Organization","@id":"https:\/\/www.academica.school\/news\/#organization","name":"Academica","url":"https:\/\/www.academica.school\/news\/","logo":{"@type":"ImageObject","inLanguage":"es","@id":"https:\/\/www.academica.school\/news\/#\/schema\/logo\/image\/","url":"https:\/\/i1.wp.com\/www.academica.school\/news\/wp-content\/uploads\/2019\/11\/Captura-de-pantalla-2019-11-20-a-las-12.14.04.png?fit=799%2C500&ssl=1","contentUrl":"https:\/\/i1.wp.com\/www.academica.school\/news\/wp-content\/uploads\/2019\/11\/Captura-de-pantalla-2019-11-20-a-las-12.14.04.png?fit=799%2C500&ssl=1","width":799,"height":500,"caption":"Academica"},"image":{"@id":"https:\/\/www.academica.school\/news\/#\/schema\/logo\/image\/"}},{"@type":"Person","@id":"https:\/\/www.academica.school\/news\/#\/schema\/person\/07ed699df26b3ae2c049959a107fce05","name":"Academica Spain","image":{"@type":"ImageObject","inLanguage":"es","@id":"https:\/\/secure.gravatar.com\/avatar\/24d850e4f123aaa0ad5edf9a3fb1d97a98b831f0571142c5dc4b3add4e2db2ea?s=96&d=mm&r=g","url":"https:\/\/secure.gravatar.com\/avatar\/24d850e4f123aaa0ad5edf9a3fb1d97a98b831f0571142c5dc4b3add4e2db2ea?s=96&d=mm&r=g","contentUrl":"https:\/\/secure.gravatar.com\/avatar\/24d850e4f123aaa0ad5edf9a3fb1d97a98b831f0571142c5dc4b3add4e2db2ea?s=96&d=mm&r=g","caption":"Academica Spain"},"url":"https:\/\/www.academica.school\/news\/author\/jasubal\/"}]}},"jetpack_featured_media_url":"https:\/\/i0.wp.com\/www.academica.school\/news\/wp-content\/uploads\/2023\/03\/MEETING-YOUR-FUTURE-ACADEMICA.png?fit=668%2C452&ssl=1","jetpack_sharing_enabled":true,"jetpack_shortlink":"https:\/\/wp.me\/p8RDKh-qd","jetpack-related-posts":[{"id":1589,"url":"https:\/\/www.academica.school\/news\/segunda-jornada-meeting-your-future-de-academica-y-abc\/","url_meta":{"origin":1625,"position":0},"title":"Jornada \u00abMeeting Your Future\u00bb de Academica y ABC con Pablo Hermoso","author":"Academica Spain","date":"marzo 16, 2023","format":false,"excerpt":"Academica International Studies celebr\u00f3 el pasado 28 de febrero la jornada de orientaci\u00f3n dirigida a todos los centros escolares de Espa\u00f1a, en la que participaron alumnos de la ESO y Bachillerato. \"Meeting Your Future\" es el t\u00edtulo de unas jornadas, que junto con el Diario ABC y el Grupo Vocento,\u2026","rel":"","context":"En \u00abLast News\u00bb","block_context":{"text":"Last News","link":"https:\/\/www.academica.school\/news\/last-news\/"},"img":{"alt_text":"JORNADAS MEETING YOUR FUTURE ACADEMICA","src":"https:\/\/i0.wp.com\/www.academica.school\/news\/wp-content\/uploads\/2023\/03\/JORNADAS-MEETING-YOUR-FUTURE-ACADEMICA.png?fit=1200%2C714&ssl=1&resize=350%2C200","width":350,"height":200,"srcset":"https:\/\/i0.wp.com\/www.academica.school\/news\/wp-content\/uploads\/2023\/03\/JORNADAS-MEETING-YOUR-FUTURE-ACADEMICA.png?fit=1200%2C714&ssl=1&resize=350%2C200 1x, https:\/\/i0.wp.com\/www.academica.school\/news\/wp-content\/uploads\/2023\/03\/JORNADAS-MEETING-YOUR-FUTURE-ACADEMICA.png?fit=1200%2C714&ssl=1&resize=525%2C300 1.5x, https:\/\/i0.wp.com\/www.academica.school\/news\/wp-content\/uploads\/2023\/03\/JORNADAS-MEETING-YOUR-FUTURE-ACADEMICA.png?fit=1200%2C714&ssl=1&resize=700%2C400 2x, https:\/\/i0.wp.com\/www.academica.school\/news\/wp-content\/uploads\/2023\/03\/JORNADAS-MEETING-YOUR-FUTURE-ACADEMICA.png?fit=1200%2C714&ssl=1&resize=1050%2C600 3x"},"classes":[]},{"id":1750,"url":"https:\/\/www.academica.school\/news\/exito-de-las-jornadas-meeting-your-future-de-academica-y-abc\/","url_meta":{"origin":1625,"position":1},"title":"\u00c9xito de las Jornadas \u00abMeeting Your Future\u00bb de Academica y ABC","author":"Academica Spain","date":"mayo 18, 2023","format":false,"excerpt":"Las \u00abJornadas Meeting Your Future\u00bb\u00a0celebradas a lo largo de estos meses y dirigidas a todos los centros escolares de Espa\u00f1a, son protagonistas de la versi\u00f3n online del diario ABC. Desde Academica y ABC apostamos por el talento, dedicaci\u00f3n y esfuerzo de todas aquellas personas que liderar\u00e1n el futuro y es\u2026","rel":"","context":"En \u00abLast News\u00bb","block_context":{"text":"Last News","link":"https:\/\/www.academica.school\/news\/last-news\/"},"img":{"alt_text":"DIPLOMA DUAL ACADEMICA","src":"https:\/\/i0.wp.com\/www.academica.school\/news\/wp-content\/uploads\/2023\/05\/HELPING-SCHOOLS-SUCCEED.png?fit=1200%2C675&ssl=1&resize=350%2C200","width":350,"height":200,"srcset":"https:\/\/i0.wp.com\/www.academica.school\/news\/wp-content\/uploads\/2023\/05\/HELPING-SCHOOLS-SUCCEED.png?fit=1200%2C675&ssl=1&resize=350%2C200 1x, https:\/\/i0.wp.com\/www.academica.school\/news\/wp-content\/uploads\/2023\/05\/HELPING-SCHOOLS-SUCCEED.png?fit=1200%2C675&ssl=1&resize=525%2C300 1.5x, https:\/\/i0.wp.com\/www.academica.school\/news\/wp-content\/uploads\/2023\/05\/HELPING-SCHOOLS-SUCCEED.png?fit=1200%2C675&ssl=1&resize=700%2C400 2x, https:\/\/i0.wp.com\/www.academica.school\/news\/wp-content\/uploads\/2023\/05\/HELPING-SCHOOLS-SUCCEED.png?fit=1200%2C675&ssl=1&resize=1050%2C600 3x"},"classes":[]},{"id":1654,"url":"https:\/\/www.academica.school\/news\/jornada-meeting-your-future-de-academica-y-abc-con-jose-luis-martinez-almeida\/","url_meta":{"origin":1625,"position":2},"title":"Jornada \u00abMeeting Your Future\u00bb de Academica y ABC con D. Jos\u00e9 Luis Mart\u00ednez Almeida","author":"Academica Spain","date":"marzo 31, 2023","format":false,"excerpt":"Academica International Studies celebrar\u00e1 el pr\u00f3ximo 13 de abril la siguiente jornada de orientaci\u00f3n dirigida a todos los centros escolares de Espa\u00f1a, en la que participar\u00e1n alumnos de la ESO y Bachillerato. \"Meeting Your Future\" es el t\u00edtulo de unas jornadas, que junto con el Diario ABC y el Grupo\u2026","rel":"","context":"En \u00abLast News\u00bb","block_context":{"text":"Last News","link":"https:\/\/www.academica.school\/news\/last-news\/"},"img":{"alt_text":"JORNADAS MEETING YOUR FUTURE","src":"https:\/\/i0.wp.com\/www.academica.school\/news\/wp-content\/uploads\/2023\/03\/JORNADAS-MEETING-YOUR-FUTURE.png?fit=384%2C462&ssl=1&resize=350%2C200","width":350,"height":200},"classes":[]},{"id":2246,"url":"https:\/\/www.academica.school\/news\/mas-de-100-000-alumnos-se-conectan-a-la-jornada-meeting-your-future-con-alberto-martinez\/","url_meta":{"origin":1625,"position":3},"title":"M\u00e1s de 100.000 alumnos se conectan a la \u00abJornada Meeting Your Future\u00bb con Alberto Mart\u00ednez","author":"Academica Spain","date":"marzo 18, 2024","format":false,"excerpt":"La \u00abJornada Meeting Your Future\u00bb que tuvo lugar el pasado mi\u00e9rcoles 13 de marzo y estuvo\u00a0dirigida a todos los centros escolares de Espa\u00f1a, ha sido protagonista de la versi\u00f3n online del diario ABC. Desde Academica y ABC apostamos por el talento, dedicaci\u00f3n y esfuerzo de todas aquellas personas que liderar\u00e1n\u2026","rel":"","context":"En \u00abLast News\u00bb","block_context":{"text":"Last News","link":"https:\/\/www.academica.school\/news\/last-news\/"},"img":{"alt_text":"jornadas-meeting-your-future-academica","src":"https:\/\/i0.wp.com\/www.academica.school\/news\/wp-content\/uploads\/2024\/03\/jornadas-meeting-your-future-academica.png?fit=1200%2C801&ssl=1&resize=350%2C200","width":350,"height":200,"srcset":"https:\/\/i0.wp.com\/www.academica.school\/news\/wp-content\/uploads\/2024\/03\/jornadas-meeting-your-future-academica.png?fit=1200%2C801&ssl=1&resize=350%2C200 1x, https:\/\/i0.wp.com\/www.academica.school\/news\/wp-content\/uploads\/2024\/03\/jornadas-meeting-your-future-academica.png?fit=1200%2C801&ssl=1&resize=525%2C300 1.5x, https:\/\/i0.wp.com\/www.academica.school\/news\/wp-content\/uploads\/2024\/03\/jornadas-meeting-your-future-academica.png?fit=1200%2C801&ssl=1&resize=700%2C400 2x, https:\/\/i0.wp.com\/www.academica.school\/news\/wp-content\/uploads\/2024\/03\/jornadas-meeting-your-future-academica.png?fit=1200%2C801&ssl=1&resize=1050%2C600 3x"},"classes":[]},{"id":1674,"url":"https:\/\/www.academica.school\/news\/jornada-meeting-your-future-con-d-jose-luis-martinez-almeida\/","url_meta":{"origin":1625,"position":4},"title":"Jornada Meeting Your Future con D. Jos\u00e9 Luis Mart\u00ednez-Almeida","author":"Academica Spain","date":"abril 21, 2023","format":false,"excerpt":"El alcalde de Madrid, D.\u00a0Jos\u00e9 Luis Mart\u00ednez-Almeida, particip\u00f3 el pasado 13 de abril en una nueva Jornada Meeting Your Future en colaboraci\u00f3n con el Diario ABC y\u00a0Grupo Vocento. La jornada cont\u00f3 con m\u00e1s de 160.000 alumnos conectados online en colegios e institutos de toda Espa\u00f1a y con la presencia en\u2026","rel":"","context":"En \u00abLast News\u00bb","block_context":{"text":"Last News","link":"https:\/\/www.academica.school\/news\/last-news\/"},"img":{"alt_text":"ACADEMICA DIPLOMA DUAL","src":"https:\/\/i0.wp.com\/www.academica.school\/news\/wp-content\/uploads\/2023\/04\/COLEGIO-SANTA-CATALINA-DE-SENA-MADRID-3-scaled.jpg?fit=1200%2C900&ssl=1&resize=350%2C200","width":350,"height":200,"srcset":"https:\/\/i0.wp.com\/www.academica.school\/news\/wp-content\/uploads\/2023\/04\/COLEGIO-SANTA-CATALINA-DE-SENA-MADRID-3-scaled.jpg?fit=1200%2C900&ssl=1&resize=350%2C200 1x, https:\/\/i0.wp.com\/www.academica.school\/news\/wp-content\/uploads\/2023\/04\/COLEGIO-SANTA-CATALINA-DE-SENA-MADRID-3-scaled.jpg?fit=1200%2C900&ssl=1&resize=525%2C300 1.5x, https:\/\/i0.wp.com\/www.academica.school\/news\/wp-content\/uploads\/2023\/04\/COLEGIO-SANTA-CATALINA-DE-SENA-MADRID-3-scaled.jpg?fit=1200%2C900&ssl=1&resize=700%2C400 2x, https:\/\/i0.wp.com\/www.academica.school\/news\/wp-content\/uploads\/2023\/04\/COLEGIO-SANTA-CATALINA-DE-SENA-MADRID-3-scaled.jpg?fit=1200%2C900&ssl=1&resize=1050%2C600 3x"},"classes":[]},{"id":2287,"url":"https:\/\/www.academica.school\/news\/nueva-jornada-meeting-your-future-con-juan-fernandez-miranda\/","url_meta":{"origin":1625,"position":5},"title":"Nueva Jornada Meeting Your Future con Juan Fern\u00e1ndez-Miranda","author":"Academica Spain","date":"abril 10, 2024","format":false,"excerpt":"El pr\u00f3ximo 12 de abril a las 12 horas se celebrar\u00e1 una nueva Jornada Meeting Your Future\u00a0en uni\u00f3n\u00a0con ABC Grupo Vocento. Se trata de videoconferencias para apoyar la gran labor educativa que llevan a cabo desde el colegio, impulsando los valores del esfuerzo y trabajo diario, a trav\u00e9s de invitados\u2026","rel":"","context":"En \u00abLast News\u00bb","block_context":{"text":"Last News","link":"https:\/\/www.academica.school\/news\/last-news\/"},"img":{"alt_text":"jornadas-meeting-your-future-academica","src":"https:\/\/i0.wp.com\/www.academica.school\/news\/wp-content\/uploads\/2024\/03\/Juan-Fernandez-Miranda-e1711527687676.jpg?fit=543%2C644&ssl=1&resize=350%2C200","width":350,"height":200,"srcset":"https:\/\/i0.wp.com\/www.academica.school\/news\/wp-content\/uploads\/2024\/03\/Juan-Fernandez-Miranda-e1711527687676.jpg?fit=543%2C644&ssl=1&resize=350%2C200 1x, https:\/\/i0.wp.com\/www.academica.school\/news\/wp-content\/uploads\/2024\/03\/Juan-Fernandez-Miranda-e1711527687676.jpg?fit=543%2C644&ssl=1&resize=525%2C300 1.5x"},"classes":[]}],"_links":{"self":[{"href":"https:\/\/www.academica.school\/news\/wp-json\/wp\/v2\/posts\/1625","targetHints":{"allow":["GET"]}}],"collection":[{"href":"https:\/\/www.academica.school\/news\/wp-json\/wp\/v2\/posts"}],"about":[{"href":"https:\/\/www.academica.school\/news\/wp-json\/wp\/v2\/types\/post"}],"author":[{"embeddable":true,"href":"https:\/\/www.academica.school\/news\/wp-json\/wp\/v2\/users\/1"}],"replies":[{"embeddable":true,"href":"https:\/\/www.academica.school\/news\/wp-json\/wp\/v2\/comments?post=1625"}],"version-history":[{"count":3,"href":"https:\/\/www.academica.school\/news\/wp-json\/wp\/v2\/posts\/1625\/revisions"}],"predecessor-version":[{"id":1640,"href":"https:\/\/www.academica.school\/news\/wp-json\/wp\/v2\/posts\/1625\/revisions\/1640"}],"wp:featuredmedia":[{"embeddable":true,"href":"https:\/\/www.academica.school\/news\/wp-json\/wp\/v2\/media\/1628"}],"wp:attachment":[{"href":"https:\/\/www.academica.school\/news\/wp-json\/wp\/v2\/media?parent=1625"}],"wp:term":[{"taxonomy":"category","embeddable":true,"href":"https:\/\/www.academica.school\/news\/wp-json\/wp\/v2\/categories?post=1625"},{"taxonomy":"post_tag","embeddable":true,"href":"https:\/\/www.academica.school\/news\/wp-json\/wp\/v2\/tags?post=1625"}],"curies":[{"name":"wp","href":"https:\/\/api.w.org\/{rel}","templated":true}]}}