{"id":1667,"date":"2023-04-17T07:41:18","date_gmt":"2023-04-17T07:41:18","guid":{"rendered":"https:\/\/www.academica.school\/news\/?p=1667"},"modified":"2023-04-17T07:41:18","modified_gmt":"2023-04-17T07:41:18","slug":"la-mayor-ventaja-del-diploma-dual-es-la-apertura-de-mente-de-los-estudiantes","status":"publish","type":"post","link":"https:\/\/www.academica.school\/news\/la-mayor-ventaja-del-diploma-dual-es-la-apertura-de-mente-de-los-estudiantes\/","title":{"rendered":"\u00abLa mayor ventaja del Diploma Dual es la apertura de mente de los estudiantes\u00bb"},"content":{"rendered":"<p>Entrevistamos a Marta del Pino, Directora de Programa en el<strong>\u00a0Colegio Eskibel de San Sebasti\u00e1n,\u00a0<\/strong>quien nos cuenta su experiencia con el programa.<\/p>\n<p><!--more--><\/p>\n<p>El Colegio Eskibel comenzo\u0301 a ofrecer el Diploma Dual a las alumnas en el curso acade\u0301mico 2019-20.<\/p>\n<p>&nbsp;<\/p>\n<p><strong>\u00bfQu\u00e9 tipo de tareas lleva impl\u00edcita esta responsabilidad para los que sois Directores de Programa?<\/strong><\/p>\n<div class=\"page\" title=\"Page 1\">\n<div class=\"section\">\n<div class=\"layoutArea\">\n<div class=\"column\">\n<div class=\"page\" title=\"Page 1\">\n<div class=\"section\">\n<div class=\"layoutArea\">\n<div class=\"column\">\n<p>Como Directora de Programa me dedico a las tareas de promocio\u0301n tanto a las alumnas como a las familias, gestio\u0301n de nuevas matri\u0301culas junto con el Departamento de Administracio\u0301n del colegio, adema\u0301s de tratar de resolver todo tipo de dudas que puedan surgir de tipo acade\u0301mico y tecnolo\u0301gico principalmente. En definitiva, soy una suerte de coach que anima a las alumnas a dar lo mejor de si\u0301 mismas y a aspirar a la excelencia a trave\u0301s de este magni\u0301fico programa.<\/p>\n<\/div>\n<\/div>\n<\/div>\n<\/div>\n<\/div>\n<\/div>\n<\/div>\n<\/div>\n<p>&nbsp;<\/p>\n<p><b>\u00bfQu\u00e9 cambios has ido notando en los alumnos inscritos en el programa a medida que han ido avanzando los a\u00f1os?<\/b><\/p>\n<div class=\"page\" title=\"Page 2\">\n<div class=\"section\">\n<div class=\"layoutArea\">\n<div class=\"column\">\n<p>La mejora de su nivel ingle\u0301s es evidente, especialmente la expresio\u0301n oral y escrita. A trave\u0301s de las diferentes tareas que les proponen, estas dos destrezas se trabajan en profundidad y, despue\u0301s, se ve reflejado en su rendimiento acade\u0301mico. El nu\u0301mero de alumnas que se presentan a exa\u0301menes oficiales de ingle\u0301s tambie\u0301n se ha visto incrementado.<\/p>\n<p>Pero, aunque parece evidente que en un programa dual americano las alumnas mejoren su nivel de ingle\u0301s, tambie\u0301n mejora su capacidad de organizacio\u0301n, ya que tienen que cuidar los estudios de aqui\u0301 y los de alli\u0301, sin olvidar el manejo de las tecnologi\u0301as, ya que el programa es i\u0301ntegramente online, lo que favorece el uso de estas herramientas de un modo eficaz.<\/p>\n<\/div>\n<\/div>\n<\/div>\n<\/div>\n<blockquote><p><strong>Las alumnas comienzan a familiarizarse desde la ESO con una forma de trabajar ma\u0301s propia de la universidad y, esto me parece una tremenda ventaja para ellas y un aprendizaje muy enriquecedor para su futuro.<\/strong><\/p><\/blockquote>\n<p>&nbsp;<\/p>\n<p><b>\u00bfQu\u00e9 ventajas crees que aporta estudiar un curricular de un pa\u00eds diferente al nuestro, como el estadounidense?<\/b><\/p>\n<div class=\"page\" title=\"Page 1\">\n<div class=\"section\">\n<div class=\"layoutArea\">\n<div class=\"column\">\n<div class=\"page\" title=\"Page 2\">\n<div class=\"section\">\n<div class=\"layoutArea\">\n<div class=\"column\">\n<p>La mayor ventaja es la apertura de mente. Las alumnas se ven expuestas a una forma de trabajar distinta a la nuestra pero, desde luego, no excluyente. Todo suma y esto les proporciona mayor capacidad de aprendizaje para otras tareas y actividades ya sean de Eskibel como las propias del Diploma Dual, pero tambie\u0301n de aplicacio\u0301n en su vida cotidiana, ya que las actividades son muy pra\u0301cticas y u\u0301tiles.<\/p>\n<\/div>\n<\/div>\n<\/div>\n<\/div>\n<\/div>\n<\/div>\n<\/div>\n<\/div>\n<p>&nbsp;<\/p>\n<p><b>\u00bfCrees que aprenden los alumnos realmente ingl\u00e9s? \u00bfC\u00f3mo dir\u00edas que es ese aprendizaje?<\/b><\/p>\n<div class=\"page\" title=\"Page 2\">\n<div class=\"section\">\n<div class=\"layoutArea\">\n<div class=\"column\">\n<div class=\"page\" title=\"Page 2\">\n<div class=\"section\">\n<div class=\"layoutArea\">\n<div class=\"column\">\n<p>El aprendizaje del ingle\u0301s se realiza de un modo muy pra\u0301ctico. Para entrar en el programa, las alumnas deben pasar una Prueba de Acceso en la que se determina su nivel de ingle\u0301s.<\/p>\n<blockquote><p><strong>Una vez dentro, veo c\u00f3mo usan el ingle\u0301s como medio ma\u0301s que como fin, es decir, la inmersio\u0301n lingu\u0308i\u0301stica se produce como si estuvieran cada tarde un ratito en Estados Unidos.<\/strong><\/p><\/blockquote>\n<p>Asi\u0301, casi sin darse cuenta, cada vez que se conectan esta\u0301n practicando el idioma de forma pra\u0301cticamente bilingu\u0308e a trave\u0301s de tareas muy realistas, de temas que les interesan o interpelan, adema\u0301s la relacio\u0301n con sus profesores americanos es cercana y cordial, lo que fomenta tambie\u0301n la comunicacio\u0301n. Todo se hace de una manera muy natural, en absoluto forzada por eso es tan eficaz.<\/p>\n<\/div>\n<\/div>\n<\/div>\n<\/div>\n<\/div>\n<\/div>\n<\/div>\n<\/div>\n<p>&nbsp;<\/p>\n<p><b>\u00bfSe nota ese nivel despu\u00e9s a la hora de cosechar buenos resultados en la Selectividad?<\/b><\/p>\n<div class=\"page\" title=\"Page 2\">\n<div class=\"section\">\n<div class=\"layoutArea\">\n<div class=\"column\">\n<div class=\"page\" title=\"Page 2\">\n<div class=\"section\">\n<div class=\"layoutArea\">\n<div class=\"column\">\n<p>El an\u0303o pasado se graduo\u0301 nuestra primera alumna y los resultados obtenidos en ingle\u0301s fueron muy buenos, adema\u0301s pudo presentarse al examen de Cambridge para obtener la titulacio\u0301n oficial. Este curso se gradu\u0301an otras tres alumnas y estoy segura de que el Diploma Dual les ayudara\u0301 a obtener una buena puntuacio\u0301n, muy necesaria a la hora de elegir universidad.<\/p>\n<p>Adema\u0301s, este programa tambie\u0301n les permite, si lo desean, estudiar en USA ya que se les hace la convalidacio\u0301n de estudios, aunque no es la finalidad u\u0301ltima, desde luego es una gran ventaja para las alumnas que deseen estudiar en el extranjero.<\/p>\n<\/div>\n<\/div>\n<\/div>\n<\/div>\n<\/div>\n<\/div>\n<\/div>\n<\/div>\n<p>&nbsp;<\/p>\n<p><b>\u00bfRecomendar\u00edas el Diploma Dual a aquellas familias y alumnos que puedan estar pensando en mejorar su ingl\u00e9s? \u00bfPor qu\u00e9?<\/b><\/p>\n<div class=\"page\" title=\"Page 2\">\n<div class=\"section\">\n<div class=\"layoutArea\">\n<div class=\"column\">\n<div class=\"page\" title=\"Page 3\">\n<div class=\"section\">\n<div class=\"layoutArea\">\n<div class=\"column\">\n<p>Sin dudarlo. Gracias al Diploma Dual la exposicio\u0301n al idioma es constante. Las alumnas pierden el miedo a enfrentarse a hablar con una persona nativa, a realizar tareas en ingle\u0301s y a exponerlas en ese idioma. Las ventajas son enormes y los resultados se ven enseguida, si se trabaja de forma constante, organizada y responsable.<\/p>\n<\/div>\n<\/div>\n<\/div>\n<\/div>\n<\/div>\n<\/div>\n<\/div>\n<\/div>\n<p>&nbsp;<\/p>\n<p><b>Por \u00faltimo, \u00bfcu\u00e1l ha sido tu mayor satisfacci\u00f3n como Directora de Programa a lo largo de estos a\u00f1os?<\/b><\/p>\n<div class=\"page\" title=\"Page 2\">\n<div class=\"section\">\n<div class=\"layoutArea\">\n<div class=\"column\">\n<div class=\"page\" title=\"Page 3\">\n<div class=\"section\">\n<div class=\"layoutArea\">\n<div class=\"column\">\n<p>Ver el progreso de mis alumnas, co\u0301mo se adaptan con facilidad a una forma diferente de trabajar y en otro idioma, contemplar lo que son capaces de hacer de forma auto\u0301noma gracias a las posibilidades que ofrece el Diploma Dual, es, sin duda, mi mayor satisfaccio\u0301n.<\/p>\n<\/div>\n<\/div>\n<\/div>\n<\/div>\n<\/div>\n<\/div>\n<\/div>\n<\/div>\n","protected":false},"excerpt":{"rendered":"<p>Entrevistamos a Marta del Pino, Directora de Programa en el\u00a0Colegio Eskibel de San Sebasti\u00e1n,\u00a0quien nos cuenta su experiencia con el programa.<\/p>\n","protected":false},"author":1,"featured_media":1673,"comment_status":"closed","ping_status":"closed","sticky":false,"template":"","format":"standard","meta":{"_jetpack_memberships_contains_paid_content":false,"footnotes":""},"categories":[1],"tags":[9,198,63,441,4,240,222,229,443,442],"class_list":["post-1667","post","type-post","status-publish","format-standard","has-post-thumbnail","hentry","category-last-news","tag-academica","tag-american-high-school","tag-bachillerato-americano","tag-colegio-eskibel","tag-diploma-dual","tag-directora-de-programa","tag-dual-diploma","tag-entrevista","tag-marta-del-pino","tag-san-sebastian","clearfix"],"yoast_head":"<!-- This site is optimized with the Yoast SEO plugin v27.4 - https:\/\/yoast.com\/product\/yoast-seo-wordpress\/ -->\n<title>&quot;La mayor ventaja del Diploma Dual es la apertura de mente de los estudiantes&quot; - Academica News<\/title>\n<meta name=\"description\" content=\"Entrevistamos a Marta del Pino, Directora de Programa en el\u00a0Colegio Eskibel de San Sebasti\u00e1n,\u00a0quien nos cuenta su experiencia.\" \/>\n<meta name=\"robots\" content=\"index, follow, max-snippet:-1, max-image-preview:large, max-video-preview:-1\" \/>\n<link rel=\"canonical\" href=\"https:\/\/www.academica.school\/news\/la-mayor-ventaja-del-diploma-dual-es-la-apertura-de-mente-de-los-estudiantes\/\" \/>\n<meta property=\"og:locale\" content=\"es_ES\" \/>\n<meta property=\"og:type\" content=\"article\" \/>\n<meta property=\"og:title\" content=\"&quot;La mayor ventaja del Diploma Dual es la apertura de mente de los estudiantes&quot; - Academica News\" \/>\n<meta property=\"og:description\" content=\"Entrevistamos a Marta del Pino, Directora de Programa en el\u00a0Colegio Eskibel de San Sebasti\u00e1n,\u00a0quien nos cuenta su experiencia.\" \/>\n<meta property=\"og:url\" content=\"https:\/\/www.academica.school\/news\/la-mayor-ventaja-del-diploma-dual-es-la-apertura-de-mente-de-los-estudiantes\/\" \/>\n<meta property=\"og:site_name\" content=\"Academica News\" \/>\n<meta property=\"article:published_time\" content=\"2023-04-17T07:41:18+00:00\" \/>\n<meta property=\"og:image\" content=\"https:\/\/www.academica.school\/news\/wp-content\/uploads\/2023\/04\/ACADEMICA-DIPLOMA-DUAL.jpg\" \/>\n\t<meta property=\"og:image:width\" content=\"828\" \/>\n\t<meta property=\"og:image:height\" content=\"659\" \/>\n\t<meta property=\"og:image:type\" content=\"image\/jpeg\" \/>\n<meta name=\"author\" content=\"Academica Spain\" \/>\n<meta name=\"twitter:card\" content=\"summary_large_image\" \/>\n<meta name=\"twitter:label1\" content=\"Escrito por\" \/>\n\t<meta name=\"twitter:data1\" content=\"Academica Spain\" \/>\n\t<meta name=\"twitter:label2\" content=\"Tiempo de lectura\" \/>\n\t<meta name=\"twitter:data2\" content=\"4 minutos\" \/>\n<script type=\"application\/ld+json\" class=\"yoast-schema-graph\">{\"@context\":\"https:\\\/\\\/schema.org\",\"@graph\":[{\"@type\":\"Article\",\"@id\":\"https:\\\/\\\/www.academica.school\\\/news\\\/la-mayor-ventaja-del-diploma-dual-es-la-apertura-de-mente-de-los-estudiantes\\\/#article\",\"isPartOf\":{\"@id\":\"https:\\\/\\\/www.academica.school\\\/news\\\/la-mayor-ventaja-del-diploma-dual-es-la-apertura-de-mente-de-los-estudiantes\\\/\"},\"author\":{\"name\":\"Academica Spain\",\"@id\":\"https:\\\/\\\/www.academica.school\\\/news\\\/#\\\/schema\\\/person\\\/07ed699df26b3ae2c049959a107fce05\"},\"headline\":\"\u00abLa mayor ventaja del Diploma Dual es la apertura de mente de los estudiantes\u00bb\",\"datePublished\":\"2023-04-17T07:41:18+00:00\",\"mainEntityOfPage\":{\"@id\":\"https:\\\/\\\/www.academica.school\\\/news\\\/la-mayor-ventaja-del-diploma-dual-es-la-apertura-de-mente-de-los-estudiantes\\\/\"},\"wordCount\":884,\"publisher\":{\"@id\":\"https:\\\/\\\/www.academica.school\\\/news\\\/#organization\"},\"image\":{\"@id\":\"https:\\\/\\\/www.academica.school\\\/news\\\/la-mayor-ventaja-del-diploma-dual-es-la-apertura-de-mente-de-los-estudiantes\\\/#primaryimage\"},\"thumbnailUrl\":\"https:\\\/\\\/i0.wp.com\\\/www.academica.school\\\/news\\\/wp-content\\\/uploads\\\/2023\\\/04\\\/ACADEMICA-DIPLOMA-DUAL.jpg?fit=828%2C659&ssl=1\",\"keywords\":[\"academica\",\"american high school\",\"bachillerato americano\",\"colegio eskibel\",\"Diploma Dual\",\"directora de programa\",\"dual diploma\",\"entrevista\",\"marta del pino\",\"san sebasti\u00e1n\"],\"articleSection\":[\"Last News\"],\"inLanguage\":\"es\"},{\"@type\":\"WebPage\",\"@id\":\"https:\\\/\\\/www.academica.school\\\/news\\\/la-mayor-ventaja-del-diploma-dual-es-la-apertura-de-mente-de-los-estudiantes\\\/\",\"url\":\"https:\\\/\\\/www.academica.school\\\/news\\\/la-mayor-ventaja-del-diploma-dual-es-la-apertura-de-mente-de-los-estudiantes\\\/\",\"name\":\"\\\"La mayor ventaja del Diploma Dual es la apertura de mente de los estudiantes\\\" - Academica News\",\"isPartOf\":{\"@id\":\"https:\\\/\\\/www.academica.school\\\/news\\\/#website\"},\"primaryImageOfPage\":{\"@id\":\"https:\\\/\\\/www.academica.school\\\/news\\\/la-mayor-ventaja-del-diploma-dual-es-la-apertura-de-mente-de-los-estudiantes\\\/#primaryimage\"},\"image\":{\"@id\":\"https:\\\/\\\/www.academica.school\\\/news\\\/la-mayor-ventaja-del-diploma-dual-es-la-apertura-de-mente-de-los-estudiantes\\\/#primaryimage\"},\"thumbnailUrl\":\"https:\\\/\\\/i0.wp.com\\\/www.academica.school\\\/news\\\/wp-content\\\/uploads\\\/2023\\\/04\\\/ACADEMICA-DIPLOMA-DUAL.jpg?fit=828%2C659&ssl=1\",\"datePublished\":\"2023-04-17T07:41:18+00:00\",\"description\":\"Entrevistamos a Marta del Pino, Directora de Programa en el\u00a0Colegio Eskibel de San Sebasti\u00e1n,\u00a0quien nos cuenta su experiencia.\",\"breadcrumb\":{\"@id\":\"https:\\\/\\\/www.academica.school\\\/news\\\/la-mayor-ventaja-del-diploma-dual-es-la-apertura-de-mente-de-los-estudiantes\\\/#breadcrumb\"},\"inLanguage\":\"es\",\"potentialAction\":[{\"@type\":\"ReadAction\",\"target\":[\"https:\\\/\\\/www.academica.school\\\/news\\\/la-mayor-ventaja-del-diploma-dual-es-la-apertura-de-mente-de-los-estudiantes\\\/\"]}]},{\"@type\":\"ImageObject\",\"inLanguage\":\"es\",\"@id\":\"https:\\\/\\\/www.academica.school\\\/news\\\/la-mayor-ventaja-del-diploma-dual-es-la-apertura-de-mente-de-los-estudiantes\\\/#primaryimage\",\"url\":\"https:\\\/\\\/i0.wp.com\\\/www.academica.school\\\/news\\\/wp-content\\\/uploads\\\/2023\\\/04\\\/ACADEMICA-DIPLOMA-DUAL.jpg?fit=828%2C659&ssl=1\",\"contentUrl\":\"https:\\\/\\\/i0.wp.com\\\/www.academica.school\\\/news\\\/wp-content\\\/uploads\\\/2023\\\/04\\\/ACADEMICA-DIPLOMA-DUAL.jpg?fit=828%2C659&ssl=1\",\"width\":828,\"height\":659,\"caption\":\"ACADEMICA DIPLOMA DUAL\"},{\"@type\":\"BreadcrumbList\",\"@id\":\"https:\\\/\\\/www.academica.school\\\/news\\\/la-mayor-ventaja-del-diploma-dual-es-la-apertura-de-mente-de-los-estudiantes\\\/#breadcrumb\",\"itemListElement\":[{\"@type\":\"ListItem\",\"position\":1,\"name\":\"Portada\",\"item\":\"https:\\\/\\\/www.academica.school\\\/news\\\/\"},{\"@type\":\"ListItem\",\"position\":2,\"name\":\"\u00abLa mayor ventaja del Diploma Dual es la apertura de mente de los estudiantes\u00bb\"}]},{\"@type\":\"WebSite\",\"@id\":\"https:\\\/\\\/www.academica.school\\\/news\\\/#website\",\"url\":\"https:\\\/\\\/www.academica.school\\\/news\\\/\",\"name\":\"Academica News\",\"description\":\"todo lo que pasa en el mundo acad\u00e9mico, sobre universidades y cualquier evento o novedad en la que participemos\",\"publisher\":{\"@id\":\"https:\\\/\\\/www.academica.school\\\/news\\\/#organization\"},\"potentialAction\":[{\"@type\":\"SearchAction\",\"target\":{\"@type\":\"EntryPoint\",\"urlTemplate\":\"https:\\\/\\\/www.academica.school\\\/news\\\/?s={search_term_string}\"},\"query-input\":{\"@type\":\"PropertyValueSpecification\",\"valueRequired\":true,\"valueName\":\"search_term_string\"}}],\"inLanguage\":\"es\"},{\"@type\":\"Organization\",\"@id\":\"https:\\\/\\\/www.academica.school\\\/news\\\/#organization\",\"name\":\"Academica\",\"url\":\"https:\\\/\\\/www.academica.school\\\/news\\\/\",\"logo\":{\"@type\":\"ImageObject\",\"inLanguage\":\"es\",\"@id\":\"https:\\\/\\\/www.academica.school\\\/news\\\/#\\\/schema\\\/logo\\\/image\\\/\",\"url\":\"https:\\\/\\\/i1.wp.com\\\/www.academica.school\\\/news\\\/wp-content\\\/uploads\\\/2019\\\/11\\\/Captura-de-pantalla-2019-11-20-a-las-12.14.04.png?fit=799%2C500&ssl=1\",\"contentUrl\":\"https:\\\/\\\/i1.wp.com\\\/www.academica.school\\\/news\\\/wp-content\\\/uploads\\\/2019\\\/11\\\/Captura-de-pantalla-2019-11-20-a-las-12.14.04.png?fit=799%2C500&ssl=1\",\"width\":799,\"height\":500,\"caption\":\"Academica\"},\"image\":{\"@id\":\"https:\\\/\\\/www.academica.school\\\/news\\\/#\\\/schema\\\/logo\\\/image\\\/\"}},{\"@type\":\"Person\",\"@id\":\"https:\\\/\\\/www.academica.school\\\/news\\\/#\\\/schema\\\/person\\\/07ed699df26b3ae2c049959a107fce05\",\"name\":\"Academica Spain\",\"image\":{\"@type\":\"ImageObject\",\"inLanguage\":\"es\",\"@id\":\"https:\\\/\\\/secure.gravatar.com\\\/avatar\\\/24d850e4f123aaa0ad5edf9a3fb1d97a98b831f0571142c5dc4b3add4e2db2ea?s=96&d=mm&r=g\",\"url\":\"https:\\\/\\\/secure.gravatar.com\\\/avatar\\\/24d850e4f123aaa0ad5edf9a3fb1d97a98b831f0571142c5dc4b3add4e2db2ea?s=96&d=mm&r=g\",\"contentUrl\":\"https:\\\/\\\/secure.gravatar.com\\\/avatar\\\/24d850e4f123aaa0ad5edf9a3fb1d97a98b831f0571142c5dc4b3add4e2db2ea?s=96&d=mm&r=g\",\"caption\":\"Academica Spain\"},\"url\":\"https:\\\/\\\/www.academica.school\\\/news\\\/author\\\/jasubal\\\/\"}]}<\/script>\n<!-- \/ Yoast SEO plugin. -->","yoast_head_json":{"title":"\"La mayor ventaja del Diploma Dual es la apertura de mente de los estudiantes\" - Academica News","description":"Entrevistamos a Marta del Pino, Directora de Programa en el\u00a0Colegio Eskibel de San Sebasti\u00e1n,\u00a0quien nos cuenta su experiencia.","robots":{"index":"index","follow":"follow","max-snippet":"max-snippet:-1","max-image-preview":"max-image-preview:large","max-video-preview":"max-video-preview:-1"},"canonical":"https:\/\/www.academica.school\/news\/la-mayor-ventaja-del-diploma-dual-es-la-apertura-de-mente-de-los-estudiantes\/","og_locale":"es_ES","og_type":"article","og_title":"\"La mayor ventaja del Diploma Dual es la apertura de mente de los estudiantes\" - Academica News","og_description":"Entrevistamos a Marta del Pino, Directora de Programa en el\u00a0Colegio Eskibel de San Sebasti\u00e1n,\u00a0quien nos cuenta su experiencia.","og_url":"https:\/\/www.academica.school\/news\/la-mayor-ventaja-del-diploma-dual-es-la-apertura-de-mente-de-los-estudiantes\/","og_site_name":"Academica News","article_published_time":"2023-04-17T07:41:18+00:00","og_image":[{"width":828,"height":659,"url":"https:\/\/www.academica.school\/news\/wp-content\/uploads\/2023\/04\/ACADEMICA-DIPLOMA-DUAL.jpg","type":"image\/jpeg"}],"author":"Academica Spain","twitter_card":"summary_large_image","twitter_misc":{"Escrito por":"Academica Spain","Tiempo de lectura":"4 minutos"},"schema":{"@context":"https:\/\/schema.org","@graph":[{"@type":"Article","@id":"https:\/\/www.academica.school\/news\/la-mayor-ventaja-del-diploma-dual-es-la-apertura-de-mente-de-los-estudiantes\/#article","isPartOf":{"@id":"https:\/\/www.academica.school\/news\/la-mayor-ventaja-del-diploma-dual-es-la-apertura-de-mente-de-los-estudiantes\/"},"author":{"name":"Academica Spain","@id":"https:\/\/www.academica.school\/news\/#\/schema\/person\/07ed699df26b3ae2c049959a107fce05"},"headline":"\u00abLa mayor ventaja del Diploma Dual es la apertura de mente de los estudiantes\u00bb","datePublished":"2023-04-17T07:41:18+00:00","mainEntityOfPage":{"@id":"https:\/\/www.academica.school\/news\/la-mayor-ventaja-del-diploma-dual-es-la-apertura-de-mente-de-los-estudiantes\/"},"wordCount":884,"publisher":{"@id":"https:\/\/www.academica.school\/news\/#organization"},"image":{"@id":"https:\/\/www.academica.school\/news\/la-mayor-ventaja-del-diploma-dual-es-la-apertura-de-mente-de-los-estudiantes\/#primaryimage"},"thumbnailUrl":"https:\/\/i0.wp.com\/www.academica.school\/news\/wp-content\/uploads\/2023\/04\/ACADEMICA-DIPLOMA-DUAL.jpg?fit=828%2C659&ssl=1","keywords":["academica","american high school","bachillerato americano","colegio eskibel","Diploma Dual","directora de programa","dual diploma","entrevista","marta del pino","san sebasti\u00e1n"],"articleSection":["Last News"],"inLanguage":"es"},{"@type":"WebPage","@id":"https:\/\/www.academica.school\/news\/la-mayor-ventaja-del-diploma-dual-es-la-apertura-de-mente-de-los-estudiantes\/","url":"https:\/\/www.academica.school\/news\/la-mayor-ventaja-del-diploma-dual-es-la-apertura-de-mente-de-los-estudiantes\/","name":"\"La mayor ventaja del Diploma Dual es la apertura de mente de los estudiantes\" - Academica News","isPartOf":{"@id":"https:\/\/www.academica.school\/news\/#website"},"primaryImageOfPage":{"@id":"https:\/\/www.academica.school\/news\/la-mayor-ventaja-del-diploma-dual-es-la-apertura-de-mente-de-los-estudiantes\/#primaryimage"},"image":{"@id":"https:\/\/www.academica.school\/news\/la-mayor-ventaja-del-diploma-dual-es-la-apertura-de-mente-de-los-estudiantes\/#primaryimage"},"thumbnailUrl":"https:\/\/i0.wp.com\/www.academica.school\/news\/wp-content\/uploads\/2023\/04\/ACADEMICA-DIPLOMA-DUAL.jpg?fit=828%2C659&ssl=1","datePublished":"2023-04-17T07:41:18+00:00","description":"Entrevistamos a Marta del Pino, Directora de Programa en el\u00a0Colegio Eskibel de San Sebasti\u00e1n,\u00a0quien nos cuenta su experiencia.","breadcrumb":{"@id":"https:\/\/www.academica.school\/news\/la-mayor-ventaja-del-diploma-dual-es-la-apertura-de-mente-de-los-estudiantes\/#breadcrumb"},"inLanguage":"es","potentialAction":[{"@type":"ReadAction","target":["https:\/\/www.academica.school\/news\/la-mayor-ventaja-del-diploma-dual-es-la-apertura-de-mente-de-los-estudiantes\/"]}]},{"@type":"ImageObject","inLanguage":"es","@id":"https:\/\/www.academica.school\/news\/la-mayor-ventaja-del-diploma-dual-es-la-apertura-de-mente-de-los-estudiantes\/#primaryimage","url":"https:\/\/i0.wp.com\/www.academica.school\/news\/wp-content\/uploads\/2023\/04\/ACADEMICA-DIPLOMA-DUAL.jpg?fit=828%2C659&ssl=1","contentUrl":"https:\/\/i0.wp.com\/www.academica.school\/news\/wp-content\/uploads\/2023\/04\/ACADEMICA-DIPLOMA-DUAL.jpg?fit=828%2C659&ssl=1","width":828,"height":659,"caption":"ACADEMICA DIPLOMA DUAL"},{"@type":"BreadcrumbList","@id":"https:\/\/www.academica.school\/news\/la-mayor-ventaja-del-diploma-dual-es-la-apertura-de-mente-de-los-estudiantes\/#breadcrumb","itemListElement":[{"@type":"ListItem","position":1,"name":"Portada","item":"https:\/\/www.academica.school\/news\/"},{"@type":"ListItem","position":2,"name":"\u00abLa mayor ventaja del Diploma Dual es la apertura de mente de los estudiantes\u00bb"}]},{"@type":"WebSite","@id":"https:\/\/www.academica.school\/news\/#website","url":"https:\/\/www.academica.school\/news\/","name":"Academica News","description":"todo lo que pasa en el mundo acad\u00e9mico, sobre universidades y cualquier evento o novedad en la que participemos","publisher":{"@id":"https:\/\/www.academica.school\/news\/#organization"},"potentialAction":[{"@type":"SearchAction","target":{"@type":"EntryPoint","urlTemplate":"https:\/\/www.academica.school\/news\/?s={search_term_string}"},"query-input":{"@type":"PropertyValueSpecification","valueRequired":true,"valueName":"search_term_string"}}],"inLanguage":"es"},{"@type":"Organization","@id":"https:\/\/www.academica.school\/news\/#organization","name":"Academica","url":"https:\/\/www.academica.school\/news\/","logo":{"@type":"ImageObject","inLanguage":"es","@id":"https:\/\/www.academica.school\/news\/#\/schema\/logo\/image\/","url":"https:\/\/i1.wp.com\/www.academica.school\/news\/wp-content\/uploads\/2019\/11\/Captura-de-pantalla-2019-11-20-a-las-12.14.04.png?fit=799%2C500&ssl=1","contentUrl":"https:\/\/i1.wp.com\/www.academica.school\/news\/wp-content\/uploads\/2019\/11\/Captura-de-pantalla-2019-11-20-a-las-12.14.04.png?fit=799%2C500&ssl=1","width":799,"height":500,"caption":"Academica"},"image":{"@id":"https:\/\/www.academica.school\/news\/#\/schema\/logo\/image\/"}},{"@type":"Person","@id":"https:\/\/www.academica.school\/news\/#\/schema\/person\/07ed699df26b3ae2c049959a107fce05","name":"Academica Spain","image":{"@type":"ImageObject","inLanguage":"es","@id":"https:\/\/secure.gravatar.com\/avatar\/24d850e4f123aaa0ad5edf9a3fb1d97a98b831f0571142c5dc4b3add4e2db2ea?s=96&d=mm&r=g","url":"https:\/\/secure.gravatar.com\/avatar\/24d850e4f123aaa0ad5edf9a3fb1d97a98b831f0571142c5dc4b3add4e2db2ea?s=96&d=mm&r=g","contentUrl":"https:\/\/secure.gravatar.com\/avatar\/24d850e4f123aaa0ad5edf9a3fb1d97a98b831f0571142c5dc4b3add4e2db2ea?s=96&d=mm&r=g","caption":"Academica Spain"},"url":"https:\/\/www.academica.school\/news\/author\/jasubal\/"}]}},"jetpack_featured_media_url":"https:\/\/i0.wp.com\/www.academica.school\/news\/wp-content\/uploads\/2023\/04\/ACADEMICA-DIPLOMA-DUAL.jpg?fit=828%2C659&ssl=1","jetpack_sharing_enabled":true,"jetpack_shortlink":"https:\/\/wp.me\/p8RDKh-qT","jetpack-related-posts":[{"id":1713,"url":"https:\/\/www.academica.school\/news\/las-alumnas-del-diploma-dual-mejoran-sus-habitos-de-estudio-y-logran-una-gran-independencia-a-la-hora-de-trabajar\/","url_meta":{"origin":1667,"position":0},"title":"\u00abLas alumnas del Diploma Dual mejoran sus h\u00e1bitos de estudio y logran una gran independencia a la hora de trabajar\u00bb","author":"Academica Spain","date":"mayo 24, 2023","format":false,"excerpt":"Entrevistamos a Davinia Alf\u00e9rez Valero, Directora de Programa en el\u00a0Colegio Altaduna de Almer\u00eda,\u00a0quien nos cuenta su experiencia con el programa. Davinia lleva encarg\u00e1ndose del Diploma Dual desde el curso 2018\/2019. \u00a0 \u00bfQu\u00e9 tipo de tareas lleva impl\u00edcita esta responsabilidad para los que sois Directores de Programa? Algunas de las tareas\u2026","rel":"","context":"En \u00abLast News\u00bb","block_context":{"text":"Last News","link":"https:\/\/www.academica.school\/news\/last-news\/"},"img":{"alt_text":"Diploma Dual Academica","src":"https:\/\/i0.wp.com\/www.academica.school\/news\/wp-content\/uploads\/2023\/04\/foto-scaled.jpg?fit=1200%2C1132&ssl=1&resize=350%2C200","width":350,"height":200,"srcset":"https:\/\/i0.wp.com\/www.academica.school\/news\/wp-content\/uploads\/2023\/04\/foto-scaled.jpg?fit=1200%2C1132&ssl=1&resize=350%2C200 1x, https:\/\/i0.wp.com\/www.academica.school\/news\/wp-content\/uploads\/2023\/04\/foto-scaled.jpg?fit=1200%2C1132&ssl=1&resize=525%2C300 1.5x, https:\/\/i0.wp.com\/www.academica.school\/news\/wp-content\/uploads\/2023\/04\/foto-scaled.jpg?fit=1200%2C1132&ssl=1&resize=700%2C400 2x, https:\/\/i0.wp.com\/www.academica.school\/news\/wp-content\/uploads\/2023\/04\/foto-scaled.jpg?fit=1200%2C1132&ssl=1&resize=1050%2C600 3x"},"classes":[]},{"id":4245,"url":"https:\/\/www.academica.school\/news\/compartiendo-experiencias-la-salle-horta-barcelona-diploma-dual\/","url_meta":{"origin":1667,"position":1},"title":"Compartiendo experiencias en el Colegio La Salle Horta de Barcelona: una mirada al Diploma Dual","author":"Academica Spain","date":"marzo 27, 2026","format":false,"excerpt":"Hemos tenido la oportunidad de visitar el Colegio La Salle Horta de Barcelona, donde nos han recibido Marta, Directora del centro, y Empar, Directora del Programa Diploma Dual, quienes nos han permitido conocer de cerca c\u00f3mo se desarrolla el programa en su d\u00eda a d\u00eda. Durante el encuentro, tanto Marta\u2026","rel":"","context":"En \u00abLast News\u00bb","block_context":{"text":"Last News","link":"https:\/\/www.academica.school\/news\/last-news\/"},"img":{"alt_text":"Visita Colegio La Salle Horta Barcelona","src":"https:\/\/i0.wp.com\/www.academica.school\/news\/wp-content\/uploads\/2026\/03\/diploma-dual-la-salle-horta-e1774606046796.jpeg?fit=1200%2C1157&ssl=1&resize=350%2C200","width":350,"height":200,"srcset":"https:\/\/i0.wp.com\/www.academica.school\/news\/wp-content\/uploads\/2026\/03\/diploma-dual-la-salle-horta-e1774606046796.jpeg?fit=1200%2C1157&ssl=1&resize=350%2C200 1x, https:\/\/i0.wp.com\/www.academica.school\/news\/wp-content\/uploads\/2026\/03\/diploma-dual-la-salle-horta-e1774606046796.jpeg?fit=1200%2C1157&ssl=1&resize=525%2C300 1.5x, https:\/\/i0.wp.com\/www.academica.school\/news\/wp-content\/uploads\/2026\/03\/diploma-dual-la-salle-horta-e1774606046796.jpeg?fit=1200%2C1157&ssl=1&resize=700%2C400 2x, https:\/\/i0.wp.com\/www.academica.school\/news\/wp-content\/uploads\/2026\/03\/diploma-dual-la-salle-horta-e1774606046796.jpeg?fit=1200%2C1157&ssl=1&resize=1050%2C600 3x"},"classes":[]},{"id":1900,"url":"https:\/\/www.academica.school\/news\/mi-mayor-satisfaccion-es-que-los-alumnos-del-diploma-dual-son-capaces-de-lograr-sus-suenos\/","url_meta":{"origin":1667,"position":2},"title":"\u00abMi mayor satisfacci\u00f3n es que los alumnos del Diploma Dual son capaces de lograr sus sue\u00f1os\u00bb","author":"Academica Spain","date":"noviembre 6, 2023","format":false,"excerpt":"Entrevistamos a Leire Salas, Directora de Programa en el\u00a0Colegio La Anunciata Ikastetxea de San Sebasti\u00e1n, quien nos cuenta su experiencia con el programa. Comenz\u00f3 hace 5 a\u00f1os a encargarse del Diploma Dual en su colegio y desde entonces sigue aport\u00e1ndole nuevos retos y aprendizaje. \u00a0 \u00bfQu\u00e9 tipo de tareas lleva\u2026","rel":"","context":"En \u00abLast News\u00bb","block_context":{"text":"Last News","link":"https:\/\/www.academica.school\/news\/last-news\/"},"img":{"alt_text":"ACADEMICA DIPLOMA DUAL","src":"https:\/\/i0.wp.com\/www.academica.school\/news\/wp-content\/uploads\/2023\/10\/ACADEMICA-DIPLOMA-DUAL-1-e1698156795506.jpg?fit=768%2C665&ssl=1&resize=350%2C200","width":350,"height":200,"srcset":"https:\/\/i0.wp.com\/www.academica.school\/news\/wp-content\/uploads\/2023\/10\/ACADEMICA-DIPLOMA-DUAL-1-e1698156795506.jpg?fit=768%2C665&ssl=1&resize=350%2C200 1x, https:\/\/i0.wp.com\/www.academica.school\/news\/wp-content\/uploads\/2023\/10\/ACADEMICA-DIPLOMA-DUAL-1-e1698156795506.jpg?fit=768%2C665&ssl=1&resize=525%2C300 1.5x, https:\/\/i0.wp.com\/www.academica.school\/news\/wp-content\/uploads\/2023\/10\/ACADEMICA-DIPLOMA-DUAL-1-e1698156795506.jpg?fit=768%2C665&ssl=1&resize=700%2C400 2x"},"classes":[]},{"id":3535,"url":"https:\/\/www.academica.school\/news\/diploma-dual-enriquecimiento-cultural-vital-conocer-otra-cultura\/","url_meta":{"origin":1667,"position":3},"title":"\u00abEl Diploma Dual supone un gran enriquecimiento cultural y vital que permite conocer otra cultura desde dentro\u00bb","author":"Academica Spain","date":"abril 9, 2026","format":false,"excerpt":"Entrevistamos a Laura Fern\u00e1ndez, Directora de Programa en el Colegio Santa Mar\u00eda del Carmen de Madrid,\u00a0quien nos cuenta su experiencia con el programa. Comenz\u00f3 a encargarse del Diploma Dual en el curso 2023\/24. \u00bfQu\u00e9 tipo de tareas lleva impl\u00edcita esta responsabilidad para los que sois Directores de Programa? En mi\u2026","rel":"","context":"En \u00abLast News\u00bb","block_context":{"text":"Last News","link":"https:\/\/www.academica.school\/news\/last-news\/"},"img":{"alt_text":"Entrevista con la Directora de Programa del Colegio Santa Maria del Carmen","src":"https:\/\/i0.wp.com\/www.academica.school\/news\/wp-content\/uploads\/2025\/10\/diploma-dual-santa-maria-del-carmen-2.jpg?fit=1000%2C742&ssl=1&resize=350%2C200","width":350,"height":200,"srcset":"https:\/\/i0.wp.com\/www.academica.school\/news\/wp-content\/uploads\/2025\/10\/diploma-dual-santa-maria-del-carmen-2.jpg?fit=1000%2C742&ssl=1&resize=350%2C200 1x, https:\/\/i0.wp.com\/www.academica.school\/news\/wp-content\/uploads\/2025\/10\/diploma-dual-santa-maria-del-carmen-2.jpg?fit=1000%2C742&ssl=1&resize=525%2C300 1.5x, https:\/\/i0.wp.com\/www.academica.school\/news\/wp-content\/uploads\/2025\/10\/diploma-dual-santa-maria-del-carmen-2.jpg?fit=1000%2C742&ssl=1&resize=700%2C400 2x"},"classes":[]},{"id":3859,"url":"https:\/\/www.academica.school\/news\/compromiso-futuro-alumnas-colegio-ayalde-munabe\/","url_meta":{"origin":1667,"position":4},"title":"Compromiso con el futuro: Alumnas del Colegio Ayalde-Munabe de Vizcaya","author":"Academica Spain","date":"diciembre 18, 2025","format":false,"excerpt":"Eloy, Director del Colegio Ayalde-Munabe de Vizcaya y, Beth, Directora de Programa, nos recibieron para compartir su experiencia con el Diploma Dual y mostrarnos c\u00f3mo este programa est\u00e1 influyendo en el d\u00eda a d\u00eda de los alumnos que lo est\u00e1n cursando. Eloy y Beth fueron los encargados de guiarnos durante\u2026","rel":"","context":"En \u00abLast News\u00bb","block_context":{"text":"Last News","link":"https:\/\/www.academica.school\/news\/last-news\/"},"img":{"alt_text":"Visita al Colegio Ayalde-Munabe de Vizcaya","src":"https:\/\/i0.wp.com\/www.academica.school\/news\/wp-content\/uploads\/2025\/12\/diploma-dual-colegio-ayalde-munabe.jpg?fit=1200%2C900&ssl=1&resize=350%2C200","width":350,"height":200,"srcset":"https:\/\/i0.wp.com\/www.academica.school\/news\/wp-content\/uploads\/2025\/12\/diploma-dual-colegio-ayalde-munabe.jpg?fit=1200%2C900&ssl=1&resize=350%2C200 1x, https:\/\/i0.wp.com\/www.academica.school\/news\/wp-content\/uploads\/2025\/12\/diploma-dual-colegio-ayalde-munabe.jpg?fit=1200%2C900&ssl=1&resize=525%2C300 1.5x, https:\/\/i0.wp.com\/www.academica.school\/news\/wp-content\/uploads\/2025\/12\/diploma-dual-colegio-ayalde-munabe.jpg?fit=1200%2C900&ssl=1&resize=700%2C400 2x, https:\/\/i0.wp.com\/www.academica.school\/news\/wp-content\/uploads\/2025\/12\/diploma-dual-colegio-ayalde-munabe.jpg?fit=1200%2C900&ssl=1&resize=1050%2C600 3x"},"classes":[]},{"id":3800,"url":"https:\/\/www.academica.school\/news\/alumnos-diploma-dual-aprenden-mejoran-nivel-ingles\/","url_meta":{"origin":1667,"position":5},"title":"\u00abLos alumnos del Diploma Dual aprenden y mejoran su nivel de ingl\u00e9s en situaciones reales al 100%\u00bb","author":"Academica Spain","date":"febrero 2, 2026","format":false,"excerpt":"Entrevistamos a Marta Dugo, Directora de Programa en el Colegio Mar\u00eda Auxiliadora Salesianas \u00c9cija de Sevilla,\u00a0quien nos cuenta su experiencia con el programa. Marta ha comenzado este a\u00f1o a encargarse del Diploma Dual en el centro. \u00bfQu\u00e9 tipo de tareas lleva impl\u00edcita esta responsabilidad para los que sois Directores de\u2026","rel":"","context":"En \u00abLast News\u00bb","block_context":{"text":"Last News","link":"https:\/\/www.academica.school\/news\/last-news\/"},"img":{"alt_text":"Entrevista Directora de Programa Colegio Mar\u00eda Auxiliadora Salesianas \u00c9cija de Sevilla","src":"https:\/\/i0.wp.com\/www.academica.school\/news\/wp-content\/uploads\/2025\/12\/diploma-dual-salesianas-ecija.jpg?fit=425%2C510&ssl=1&resize=350%2C200","width":350,"height":200},"classes":[]}],"_links":{"self":[{"href":"https:\/\/www.academica.school\/news\/wp-json\/wp\/v2\/posts\/1667","targetHints":{"allow":["GET"]}}],"collection":[{"href":"https:\/\/www.academica.school\/news\/wp-json\/wp\/v2\/posts"}],"about":[{"href":"https:\/\/www.academica.school\/news\/wp-json\/wp\/v2\/types\/post"}],"author":[{"embeddable":true,"href":"https:\/\/www.academica.school\/news\/wp-json\/wp\/v2\/users\/1"}],"replies":[{"embeddable":true,"href":"https:\/\/www.academica.school\/news\/wp-json\/wp\/v2\/comments?post=1667"}],"version-history":[{"count":7,"href":"https:\/\/www.academica.school\/news\/wp-json\/wp\/v2\/posts\/1667\/revisions"}],"predecessor-version":[{"id":1690,"href":"https:\/\/www.academica.school\/news\/wp-json\/wp\/v2\/posts\/1667\/revisions\/1690"}],"wp:featuredmedia":[{"embeddable":true,"href":"https:\/\/www.academica.school\/news\/wp-json\/wp\/v2\/media\/1673"}],"wp:attachment":[{"href":"https:\/\/www.academica.school\/news\/wp-json\/wp\/v2\/media?parent=1667"}],"wp:term":[{"taxonomy":"category","embeddable":true,"href":"https:\/\/www.academica.school\/news\/wp-json\/wp\/v2\/categories?post=1667"},{"taxonomy":"post_tag","embeddable":true,"href":"https:\/\/www.academica.school\/news\/wp-json\/wp\/v2\/tags?post=1667"}],"curies":[{"name":"wp","href":"https:\/\/api.w.org\/{rel}","templated":true}]}}