{"id":1900,"date":"2023-11-06T07:54:46","date_gmt":"2023-11-06T07:54:46","guid":{"rendered":"https:\/\/www.academica.school\/news\/?p=1900"},"modified":"2023-11-06T14:17:43","modified_gmt":"2023-11-06T14:17:43","slug":"mi-mayor-satisfaccion-es-que-los-alumnos-del-diploma-dual-son-capaces-de-lograr-sus-suenos","status":"publish","type":"post","link":"https:\/\/www.academica.school\/news\/mi-mayor-satisfaccion-es-que-los-alumnos-del-diploma-dual-son-capaces-de-lograr-sus-suenos\/","title":{"rendered":"\u00abMi mayor satisfacci\u00f3n es que los alumnos del Diploma Dual son capaces de lograr sus sue\u00f1os\u00bb"},"content":{"rendered":"<p>Entrevistamos a Leire Salas, Directora de Programa en el<strong>\u00a0Colegio La Anunciata Ikastetxea de<\/strong> <strong>San Sebasti\u00e1n<\/strong>, quien nos cuenta su experiencia con el programa.<\/p>\n<p><!--more--><\/p>\n<p>Comenz\u00f3 hace 5 a\u00f1os a encargarse del Diploma Dual en su colegio y desde entonces sigue aport\u00e1ndole nuevos retos y aprendizaje.<\/p>\n<p>&nbsp;<\/p>\n<p><strong>\u00bfQu\u00e9 tipo de tareas lleva impl\u00edcita esta responsabilidad para los que sois Directores de Programa?<\/strong><\/p>\n<p>Ser Directora de Programa del Diploma Dual supone informar y comunicar al alumnado y a las familias de la opci\u00f3n que hay en mi colegio de poder cursar un doble bachillerato (el nuestro y el estadounidense). A parte de eso supone, reunirse con la instituci\u00f3n Academica para estar constantemente al tanto de cambios y de fechas importantes. A su vez, comunicarme con los profesores nativos de los alumnos que cursan el Diploma Dual. Y por supuesto, hablar, motivar, ayudar\u2026 al alumnado de mi centro para que puedan llevarlo lo mejor posible.<\/p>\n<p>&nbsp;<\/p>\n<p><b>\u00bfQu\u00e9 cambios has ido notando en los alumnos inscritos en el programa a medida que han ido avanzando los a\u00f1os?<\/b><\/p>\n<div class=\"page\" title=\"Page 2\">\n<div class=\"section\">\n<div class=\"layoutArea\">\n<div class=\"column\">\n<p>Cada vez noto que necesitan menos mi ayuda, son m\u00e1s aut\u00f3nomos. Ellos mismos van trabajando a su ritmo y yo me encargo de controlar que lleven todas las tareas al d\u00eda. \u00a1Son un@s campeon@s!<\/p>\n<p>&nbsp;<\/p>\n<\/div>\n<\/div>\n<\/div>\n<\/div>\n<p><b>\u00bfQu\u00e9 ventajas\u00a0crees que aporta estudiar un curricular de un pa\u00eds diferente al nuestro, como el estadounidense?<\/b><\/p>\n<div class=\"page\" title=\"Page 1\">\n<div class=\"section\">\n<div class=\"layoutArea\">\n<div class=\"column\">\n<div class=\"page\" title=\"Page 2\">\n<div class=\"section\">\n<div class=\"layoutArea\">\n<div class=\"column\">\n<p>Las ventajas que aporta estudiar un curricular estadounidense son muy numerosas. Por un lado, la inmersi\u00f3n ling\u00fc\u00edstica en un entorno de estudio y trabajo. Todas las tareas y comunicaciones en el Diploma Dual son en ingl\u00e9s. El profesor que se les adjudica es nativo de Estados Unidos. A su vez, otra ventaja importante es la inmersi\u00f3n tecnol\u00f3gica. Todo se realiza 100% online, el alumnado trabaja a trav\u00e9s de diferentes plataformas y herramientas.<\/p>\n<blockquote><p><strong>Por \u00faltimo, el trabajo a nivel personal, esfuerzo, responsabilidad, organizaci\u00f3n y madurez que hace el alumnado es enorme.<\/strong><\/p><\/blockquote>\n<\/div>\n<\/div>\n<\/div>\n<\/div>\n<\/div>\n<\/div>\n<\/div>\n<\/div>\n<p>&nbsp;<\/p>\n<p><b>\u00bfCrees que aprenden los alumnos realmente ingl\u00e9s? \u00bfC\u00f3mo dir\u00edas que es ese aprendizaje?<\/b><\/p>\n<div class=\"page\" title=\"Page 2\">\n<div class=\"section\">\n<div class=\"layoutArea\">\n<div class=\"column\">\n<div class=\"page\" title=\"Page 2\">\n<div class=\"section\">\n<div class=\"layoutArea\">\n<div class=\"column\">\n<p>Sinceramente, creo que los alumnos aprenden y llegan a conseguir un nivel alto de ingl\u00e9s. Dir\u00eda que, ese aprendizaje que hacen a lo largo de los a\u00f1os que van cursando el Diploma Dual es inconsciente, es decir, ellos mismos no se dan cuenta de que realmente est\u00e1n avanzando en el idioma hasta que son conscientes de que lo que antes hac\u00edan en dos horas, ahora son capaces de hacerlo en menos tiempo.<\/p>\n<\/div>\n<\/div>\n<\/div>\n<\/div>\n<\/div>\n<\/div>\n<\/div>\n<\/div>\n<p>&nbsp;<\/p>\n<p><b>\u00bfSe nota ese nivel despu\u00e9s a la hora de cosechar buenos resultados en la Selectividad?<\/b><\/p>\n<div class=\"page\" title=\"Page 2\">\n<div class=\"section\">\n<div class=\"layoutArea\">\n<div class=\"column\">\n<div class=\"page\" title=\"Page 2\">\n<div class=\"section\">\n<div class=\"layoutArea\">\n<div class=\"column\">\n<p>El nivel alcanzado en el Diploma Dual da sus resultados en la Selectividad. A parte de que este alumnado va m\u00e1s tranquilo y relajado en esta asignatura porque van confiados con el nivel que tienen, los resultados obtenidos al realizar la prueba son buenos.<span class=\"Apple-converted-space\">\u00a0<\/span><\/p>\n<p>&nbsp;<\/p>\n<\/div>\n<\/div>\n<\/div>\n<\/div>\n<\/div>\n<\/div>\n<\/div>\n<\/div>\n<p><b>\u00bfRecomendar\u00edas el Diploma Dual a aquellas familias y alumnos que puedan estar pensando en mejorar su ingl\u00e9s? \u00bfPor qu\u00e9?<\/b><\/p>\n<div class=\"page\" title=\"Page 2\">\n<div class=\"section\">\n<div class=\"layoutArea\">\n<div class=\"column\">\n<div class=\"page\" title=\"Page 3\">\n<div class=\"section\">\n<div class=\"layoutArea\">\n<div class=\"column\">\n<p>Recomendar\u00eda el Diploma Dual a las familias o alumnos que puedan estar pensando en mejorar su ingl\u00e9s. Indudablemente, lo recomiendo como mejora y aprendizaje del ingl\u00e9s porque todas las tareas y actividades que tienen que realizar se hacen \u00fanicamente en ingl\u00e9s, a parte de todas las videoconferencias y comunicaciones con el profesor nativo asignado.<span class=\"Apple-converted-space\">\u00a0<\/span><\/p>\n<\/div>\n<\/div>\n<\/div>\n<\/div>\n<\/div>\n<\/div>\n<\/div>\n<\/div>\n<p>&nbsp;<\/p>\n<p><b>Por \u00faltimo, \u00bfcu\u00e1l ha sido tu mayor satisfacci\u00f3n como Directora de Programa a lo largo de estos a\u00f1os?<\/b><\/p>\n<div class=\"page\" title=\"Page 2\">\n<div class=\"section\">\n<div class=\"layoutArea\">\n<div class=\"column\">\n<div class=\"page\" title=\"Page 3\">\n<div class=\"section\">\n<div class=\"layoutArea\">\n<div class=\"column\">\n<p>Mi mayor satisfacci\u00f3n como Directora de Programa ha sido que los alumnos que cursan el Diploma Dual consigan su sue\u00f1o y logren llegar a su graduaci\u00f3n.<span class=\"Apple-converted-space\">\u00a0<\/span><\/p>\n<\/div>\n<\/div>\n<\/div>\n<\/div>\n<\/div>\n<\/div>\n<\/div>\n<\/div>\n","protected":false},"excerpt":{"rendered":"<p>Entrevistamos a Leire Salas, Directora de Programa en el\u00a0Colegio La Anunciata Ikastetxea de San Sebasti\u00e1n, quien nos cuenta su experiencia con el programa.<\/p>\n","protected":false},"author":1,"featured_media":1902,"comment_status":"closed","ping_status":"closed","sticky":false,"template":"","format":"standard","meta":{"_jetpack_memberships_contains_paid_content":false,"footnotes":""},"categories":[1],"tags":[9,198,63,488,4,240,222,229,442],"class_list":["post-1900","post","type-post","status-publish","format-standard","has-post-thumbnail","hentry","category-last-news","tag-academica","tag-american-high-school","tag-bachillerato-americano","tag-colegio-la-anunciata","tag-diploma-dual","tag-directora-de-programa","tag-dual-diploma","tag-entrevista","tag-san-sebastian","clearfix"],"yoast_head":"<!-- This site is optimized with the Yoast SEO plugin v27.4 - https:\/\/yoast.com\/product\/yoast-seo-wordpress\/ -->\n<title>&quot;Mi mayor satisfacci\u00f3n es que los alumnos del Diploma Dual son capaces de lograr sus sue\u00f1os&quot; - Academica News<\/title>\n<meta name=\"description\" content=\"Entrevistamos a Leire Salas, Directora de Programa en el\u00a0Colegio La Anunciata Ikastetxea de San Sebasti\u00e1n.\" \/>\n<meta name=\"robots\" content=\"index, follow, max-snippet:-1, max-image-preview:large, max-video-preview:-1\" \/>\n<link rel=\"canonical\" href=\"https:\/\/www.academica.school\/news\/mi-mayor-satisfaccion-es-que-los-alumnos-del-diploma-dual-son-capaces-de-lograr-sus-suenos\/\" \/>\n<meta property=\"og:locale\" content=\"es_ES\" \/>\n<meta property=\"og:type\" content=\"article\" \/>\n<meta property=\"og:title\" content=\"&quot;Mi mayor satisfacci\u00f3n es que los alumnos del Diploma Dual son capaces de lograr sus sue\u00f1os&quot; - Academica News\" \/>\n<meta property=\"og:description\" content=\"Entrevistamos a Leire Salas, Directora de Programa en el\u00a0Colegio La Anunciata Ikastetxea de San Sebasti\u00e1n.\" \/>\n<meta property=\"og:url\" content=\"https:\/\/www.academica.school\/news\/mi-mayor-satisfaccion-es-que-los-alumnos-del-diploma-dual-son-capaces-de-lograr-sus-suenos\/\" \/>\n<meta property=\"og:site_name\" content=\"Academica News\" \/>\n<meta property=\"article:published_time\" content=\"2023-11-06T07:54:46+00:00\" \/>\n<meta property=\"article:modified_time\" content=\"2023-11-06T14:17:43+00:00\" \/>\n<meta property=\"og:image\" content=\"https:\/\/www.academica.school\/news\/wp-content\/uploads\/2023\/10\/ACADEMICA-DIPLOMA-DUAL-1-e1698156795506.jpg\" \/>\n\t<meta property=\"og:image:width\" content=\"768\" \/>\n\t<meta property=\"og:image:height\" content=\"665\" \/>\n\t<meta property=\"og:image:type\" content=\"image\/jpeg\" \/>\n<meta name=\"author\" content=\"Academica Spain\" \/>\n<meta name=\"twitter:card\" content=\"summary_large_image\" \/>\n<meta name=\"twitter:label1\" content=\"Escrito por\" \/>\n\t<meta name=\"twitter:data1\" content=\"Academica Spain\" \/>\n\t<meta name=\"twitter:label2\" content=\"Tiempo de lectura\" \/>\n\t<meta name=\"twitter:data2\" content=\"3 minutos\" \/>\n<script type=\"application\/ld+json\" class=\"yoast-schema-graph\">{\"@context\":\"https:\\\/\\\/schema.org\",\"@graph\":[{\"@type\":\"Article\",\"@id\":\"https:\\\/\\\/www.academica.school\\\/news\\\/mi-mayor-satisfaccion-es-que-los-alumnos-del-diploma-dual-son-capaces-de-lograr-sus-suenos\\\/#article\",\"isPartOf\":{\"@id\":\"https:\\\/\\\/www.academica.school\\\/news\\\/mi-mayor-satisfaccion-es-que-los-alumnos-del-diploma-dual-son-capaces-de-lograr-sus-suenos\\\/\"},\"author\":{\"name\":\"Academica Spain\",\"@id\":\"https:\\\/\\\/www.academica.school\\\/news\\\/#\\\/schema\\\/person\\\/07ed699df26b3ae2c049959a107fce05\"},\"headline\":\"\u00abMi mayor satisfacci\u00f3n es que los alumnos del Diploma Dual son capaces de lograr sus sue\u00f1os\u00bb\",\"datePublished\":\"2023-11-06T07:54:46+00:00\",\"dateModified\":\"2023-11-06T14:17:43+00:00\",\"mainEntityOfPage\":{\"@id\":\"https:\\\/\\\/www.academica.school\\\/news\\\/mi-mayor-satisfaccion-es-que-los-alumnos-del-diploma-dual-son-capaces-de-lograr-sus-suenos\\\/\"},\"wordCount\":638,\"publisher\":{\"@id\":\"https:\\\/\\\/www.academica.school\\\/news\\\/#organization\"},\"image\":{\"@id\":\"https:\\\/\\\/www.academica.school\\\/news\\\/mi-mayor-satisfaccion-es-que-los-alumnos-del-diploma-dual-son-capaces-de-lograr-sus-suenos\\\/#primaryimage\"},\"thumbnailUrl\":\"https:\\\/\\\/i0.wp.com\\\/www.academica.school\\\/news\\\/wp-content\\\/uploads\\\/2023\\\/10\\\/ACADEMICA-DIPLOMA-DUAL-1-e1698156795506.jpg?fit=768%2C665&ssl=1\",\"keywords\":[\"academica\",\"american high school\",\"bachillerato americano\",\"colegio la anunciata\",\"Diploma Dual\",\"directora de programa\",\"dual diploma\",\"entrevista\",\"san sebasti\u00e1n\"],\"articleSection\":[\"Last News\"],\"inLanguage\":\"es\"},{\"@type\":\"WebPage\",\"@id\":\"https:\\\/\\\/www.academica.school\\\/news\\\/mi-mayor-satisfaccion-es-que-los-alumnos-del-diploma-dual-son-capaces-de-lograr-sus-suenos\\\/\",\"url\":\"https:\\\/\\\/www.academica.school\\\/news\\\/mi-mayor-satisfaccion-es-que-los-alumnos-del-diploma-dual-son-capaces-de-lograr-sus-suenos\\\/\",\"name\":\"\\\"Mi mayor satisfacci\u00f3n es que los alumnos del Diploma Dual son capaces de lograr sus sue\u00f1os\\\" - Academica News\",\"isPartOf\":{\"@id\":\"https:\\\/\\\/www.academica.school\\\/news\\\/#website\"},\"primaryImageOfPage\":{\"@id\":\"https:\\\/\\\/www.academica.school\\\/news\\\/mi-mayor-satisfaccion-es-que-los-alumnos-del-diploma-dual-son-capaces-de-lograr-sus-suenos\\\/#primaryimage\"},\"image\":{\"@id\":\"https:\\\/\\\/www.academica.school\\\/news\\\/mi-mayor-satisfaccion-es-que-los-alumnos-del-diploma-dual-son-capaces-de-lograr-sus-suenos\\\/#primaryimage\"},\"thumbnailUrl\":\"https:\\\/\\\/i0.wp.com\\\/www.academica.school\\\/news\\\/wp-content\\\/uploads\\\/2023\\\/10\\\/ACADEMICA-DIPLOMA-DUAL-1-e1698156795506.jpg?fit=768%2C665&ssl=1\",\"datePublished\":\"2023-11-06T07:54:46+00:00\",\"dateModified\":\"2023-11-06T14:17:43+00:00\",\"description\":\"Entrevistamos a Leire Salas, Directora de Programa en el\u00a0Colegio La Anunciata Ikastetxea de San Sebasti\u00e1n.\",\"breadcrumb\":{\"@id\":\"https:\\\/\\\/www.academica.school\\\/news\\\/mi-mayor-satisfaccion-es-que-los-alumnos-del-diploma-dual-son-capaces-de-lograr-sus-suenos\\\/#breadcrumb\"},\"inLanguage\":\"es\",\"potentialAction\":[{\"@type\":\"ReadAction\",\"target\":[\"https:\\\/\\\/www.academica.school\\\/news\\\/mi-mayor-satisfaccion-es-que-los-alumnos-del-diploma-dual-son-capaces-de-lograr-sus-suenos\\\/\"]}]},{\"@type\":\"ImageObject\",\"inLanguage\":\"es\",\"@id\":\"https:\\\/\\\/www.academica.school\\\/news\\\/mi-mayor-satisfaccion-es-que-los-alumnos-del-diploma-dual-son-capaces-de-lograr-sus-suenos\\\/#primaryimage\",\"url\":\"https:\\\/\\\/i0.wp.com\\\/www.academica.school\\\/news\\\/wp-content\\\/uploads\\\/2023\\\/10\\\/ACADEMICA-DIPLOMA-DUAL-1-e1698156795506.jpg?fit=768%2C665&ssl=1\",\"contentUrl\":\"https:\\\/\\\/i0.wp.com\\\/www.academica.school\\\/news\\\/wp-content\\\/uploads\\\/2023\\\/10\\\/ACADEMICA-DIPLOMA-DUAL-1-e1698156795506.jpg?fit=768%2C665&ssl=1\",\"width\":768,\"height\":665,\"caption\":\"ACADEMICA DIPLOMA DUAL\"},{\"@type\":\"BreadcrumbList\",\"@id\":\"https:\\\/\\\/www.academica.school\\\/news\\\/mi-mayor-satisfaccion-es-que-los-alumnos-del-diploma-dual-son-capaces-de-lograr-sus-suenos\\\/#breadcrumb\",\"itemListElement\":[{\"@type\":\"ListItem\",\"position\":1,\"name\":\"Portada\",\"item\":\"https:\\\/\\\/www.academica.school\\\/news\\\/\"},{\"@type\":\"ListItem\",\"position\":2,\"name\":\"\u00abMi mayor satisfacci\u00f3n es que los alumnos del Diploma Dual son capaces de lograr sus sue\u00f1os\u00bb\"}]},{\"@type\":\"WebSite\",\"@id\":\"https:\\\/\\\/www.academica.school\\\/news\\\/#website\",\"url\":\"https:\\\/\\\/www.academica.school\\\/news\\\/\",\"name\":\"Academica News\",\"description\":\"todo lo que pasa en el mundo acad\u00e9mico, sobre universidades y cualquier evento o novedad en la que participemos\",\"publisher\":{\"@id\":\"https:\\\/\\\/www.academica.school\\\/news\\\/#organization\"},\"potentialAction\":[{\"@type\":\"SearchAction\",\"target\":{\"@type\":\"EntryPoint\",\"urlTemplate\":\"https:\\\/\\\/www.academica.school\\\/news\\\/?s={search_term_string}\"},\"query-input\":{\"@type\":\"PropertyValueSpecification\",\"valueRequired\":true,\"valueName\":\"search_term_string\"}}],\"inLanguage\":\"es\"},{\"@type\":\"Organization\",\"@id\":\"https:\\\/\\\/www.academica.school\\\/news\\\/#organization\",\"name\":\"Academica\",\"url\":\"https:\\\/\\\/www.academica.school\\\/news\\\/\",\"logo\":{\"@type\":\"ImageObject\",\"inLanguage\":\"es\",\"@id\":\"https:\\\/\\\/www.academica.school\\\/news\\\/#\\\/schema\\\/logo\\\/image\\\/\",\"url\":\"https:\\\/\\\/i1.wp.com\\\/www.academica.school\\\/news\\\/wp-content\\\/uploads\\\/2019\\\/11\\\/Captura-de-pantalla-2019-11-20-a-las-12.14.04.png?fit=799%2C500&ssl=1\",\"contentUrl\":\"https:\\\/\\\/i1.wp.com\\\/www.academica.school\\\/news\\\/wp-content\\\/uploads\\\/2019\\\/11\\\/Captura-de-pantalla-2019-11-20-a-las-12.14.04.png?fit=799%2C500&ssl=1\",\"width\":799,\"height\":500,\"caption\":\"Academica\"},\"image\":{\"@id\":\"https:\\\/\\\/www.academica.school\\\/news\\\/#\\\/schema\\\/logo\\\/image\\\/\"}},{\"@type\":\"Person\",\"@id\":\"https:\\\/\\\/www.academica.school\\\/news\\\/#\\\/schema\\\/person\\\/07ed699df26b3ae2c049959a107fce05\",\"name\":\"Academica Spain\",\"image\":{\"@type\":\"ImageObject\",\"inLanguage\":\"es\",\"@id\":\"https:\\\/\\\/secure.gravatar.com\\\/avatar\\\/24d850e4f123aaa0ad5edf9a3fb1d97a98b831f0571142c5dc4b3add4e2db2ea?s=96&d=mm&r=g\",\"url\":\"https:\\\/\\\/secure.gravatar.com\\\/avatar\\\/24d850e4f123aaa0ad5edf9a3fb1d97a98b831f0571142c5dc4b3add4e2db2ea?s=96&d=mm&r=g\",\"contentUrl\":\"https:\\\/\\\/secure.gravatar.com\\\/avatar\\\/24d850e4f123aaa0ad5edf9a3fb1d97a98b831f0571142c5dc4b3add4e2db2ea?s=96&d=mm&r=g\",\"caption\":\"Academica Spain\"},\"url\":\"https:\\\/\\\/www.academica.school\\\/news\\\/author\\\/jasubal\\\/\"}]}<\/script>\n<!-- \/ Yoast SEO plugin. -->","yoast_head_json":{"title":"\"Mi mayor satisfacci\u00f3n es que los alumnos del Diploma Dual son capaces de lograr sus sue\u00f1os\" - Academica News","description":"Entrevistamos a Leire Salas, Directora de Programa en el\u00a0Colegio La Anunciata Ikastetxea de San Sebasti\u00e1n.","robots":{"index":"index","follow":"follow","max-snippet":"max-snippet:-1","max-image-preview":"max-image-preview:large","max-video-preview":"max-video-preview:-1"},"canonical":"https:\/\/www.academica.school\/news\/mi-mayor-satisfaccion-es-que-los-alumnos-del-diploma-dual-son-capaces-de-lograr-sus-suenos\/","og_locale":"es_ES","og_type":"article","og_title":"\"Mi mayor satisfacci\u00f3n es que los alumnos del Diploma Dual son capaces de lograr sus sue\u00f1os\" - Academica News","og_description":"Entrevistamos a Leire Salas, Directora de Programa en el\u00a0Colegio La Anunciata Ikastetxea de San Sebasti\u00e1n.","og_url":"https:\/\/www.academica.school\/news\/mi-mayor-satisfaccion-es-que-los-alumnos-del-diploma-dual-son-capaces-de-lograr-sus-suenos\/","og_site_name":"Academica News","article_published_time":"2023-11-06T07:54:46+00:00","article_modified_time":"2023-11-06T14:17:43+00:00","og_image":[{"width":768,"height":665,"url":"https:\/\/www.academica.school\/news\/wp-content\/uploads\/2023\/10\/ACADEMICA-DIPLOMA-DUAL-1-e1698156795506.jpg","type":"image\/jpeg"}],"author":"Academica Spain","twitter_card":"summary_large_image","twitter_misc":{"Escrito por":"Academica Spain","Tiempo de lectura":"3 minutos"},"schema":{"@context":"https:\/\/schema.org","@graph":[{"@type":"Article","@id":"https:\/\/www.academica.school\/news\/mi-mayor-satisfaccion-es-que-los-alumnos-del-diploma-dual-son-capaces-de-lograr-sus-suenos\/#article","isPartOf":{"@id":"https:\/\/www.academica.school\/news\/mi-mayor-satisfaccion-es-que-los-alumnos-del-diploma-dual-son-capaces-de-lograr-sus-suenos\/"},"author":{"name":"Academica Spain","@id":"https:\/\/www.academica.school\/news\/#\/schema\/person\/07ed699df26b3ae2c049959a107fce05"},"headline":"\u00abMi mayor satisfacci\u00f3n es que los alumnos del Diploma Dual son capaces de lograr sus sue\u00f1os\u00bb","datePublished":"2023-11-06T07:54:46+00:00","dateModified":"2023-11-06T14:17:43+00:00","mainEntityOfPage":{"@id":"https:\/\/www.academica.school\/news\/mi-mayor-satisfaccion-es-que-los-alumnos-del-diploma-dual-son-capaces-de-lograr-sus-suenos\/"},"wordCount":638,"publisher":{"@id":"https:\/\/www.academica.school\/news\/#organization"},"image":{"@id":"https:\/\/www.academica.school\/news\/mi-mayor-satisfaccion-es-que-los-alumnos-del-diploma-dual-son-capaces-de-lograr-sus-suenos\/#primaryimage"},"thumbnailUrl":"https:\/\/i0.wp.com\/www.academica.school\/news\/wp-content\/uploads\/2023\/10\/ACADEMICA-DIPLOMA-DUAL-1-e1698156795506.jpg?fit=768%2C665&ssl=1","keywords":["academica","american high school","bachillerato americano","colegio la anunciata","Diploma Dual","directora de programa","dual diploma","entrevista","san sebasti\u00e1n"],"articleSection":["Last News"],"inLanguage":"es"},{"@type":"WebPage","@id":"https:\/\/www.academica.school\/news\/mi-mayor-satisfaccion-es-que-los-alumnos-del-diploma-dual-son-capaces-de-lograr-sus-suenos\/","url":"https:\/\/www.academica.school\/news\/mi-mayor-satisfaccion-es-que-los-alumnos-del-diploma-dual-son-capaces-de-lograr-sus-suenos\/","name":"\"Mi mayor satisfacci\u00f3n es que los alumnos del Diploma Dual son capaces de lograr sus sue\u00f1os\" - Academica News","isPartOf":{"@id":"https:\/\/www.academica.school\/news\/#website"},"primaryImageOfPage":{"@id":"https:\/\/www.academica.school\/news\/mi-mayor-satisfaccion-es-que-los-alumnos-del-diploma-dual-son-capaces-de-lograr-sus-suenos\/#primaryimage"},"image":{"@id":"https:\/\/www.academica.school\/news\/mi-mayor-satisfaccion-es-que-los-alumnos-del-diploma-dual-son-capaces-de-lograr-sus-suenos\/#primaryimage"},"thumbnailUrl":"https:\/\/i0.wp.com\/www.academica.school\/news\/wp-content\/uploads\/2023\/10\/ACADEMICA-DIPLOMA-DUAL-1-e1698156795506.jpg?fit=768%2C665&ssl=1","datePublished":"2023-11-06T07:54:46+00:00","dateModified":"2023-11-06T14:17:43+00:00","description":"Entrevistamos a Leire Salas, Directora de Programa en el\u00a0Colegio La Anunciata Ikastetxea de San Sebasti\u00e1n.","breadcrumb":{"@id":"https:\/\/www.academica.school\/news\/mi-mayor-satisfaccion-es-que-los-alumnos-del-diploma-dual-son-capaces-de-lograr-sus-suenos\/#breadcrumb"},"inLanguage":"es","potentialAction":[{"@type":"ReadAction","target":["https:\/\/www.academica.school\/news\/mi-mayor-satisfaccion-es-que-los-alumnos-del-diploma-dual-son-capaces-de-lograr-sus-suenos\/"]}]},{"@type":"ImageObject","inLanguage":"es","@id":"https:\/\/www.academica.school\/news\/mi-mayor-satisfaccion-es-que-los-alumnos-del-diploma-dual-son-capaces-de-lograr-sus-suenos\/#primaryimage","url":"https:\/\/i0.wp.com\/www.academica.school\/news\/wp-content\/uploads\/2023\/10\/ACADEMICA-DIPLOMA-DUAL-1-e1698156795506.jpg?fit=768%2C665&ssl=1","contentUrl":"https:\/\/i0.wp.com\/www.academica.school\/news\/wp-content\/uploads\/2023\/10\/ACADEMICA-DIPLOMA-DUAL-1-e1698156795506.jpg?fit=768%2C665&ssl=1","width":768,"height":665,"caption":"ACADEMICA DIPLOMA DUAL"},{"@type":"BreadcrumbList","@id":"https:\/\/www.academica.school\/news\/mi-mayor-satisfaccion-es-que-los-alumnos-del-diploma-dual-son-capaces-de-lograr-sus-suenos\/#breadcrumb","itemListElement":[{"@type":"ListItem","position":1,"name":"Portada","item":"https:\/\/www.academica.school\/news\/"},{"@type":"ListItem","position":2,"name":"\u00abMi mayor satisfacci\u00f3n es que los alumnos del Diploma Dual son capaces de lograr sus sue\u00f1os\u00bb"}]},{"@type":"WebSite","@id":"https:\/\/www.academica.school\/news\/#website","url":"https:\/\/www.academica.school\/news\/","name":"Academica News","description":"todo lo que pasa en el mundo acad\u00e9mico, sobre universidades y cualquier evento o novedad en la que participemos","publisher":{"@id":"https:\/\/www.academica.school\/news\/#organization"},"potentialAction":[{"@type":"SearchAction","target":{"@type":"EntryPoint","urlTemplate":"https:\/\/www.academica.school\/news\/?s={search_term_string}"},"query-input":{"@type":"PropertyValueSpecification","valueRequired":true,"valueName":"search_term_string"}}],"inLanguage":"es"},{"@type":"Organization","@id":"https:\/\/www.academica.school\/news\/#organization","name":"Academica","url":"https:\/\/www.academica.school\/news\/","logo":{"@type":"ImageObject","inLanguage":"es","@id":"https:\/\/www.academica.school\/news\/#\/schema\/logo\/image\/","url":"https:\/\/i1.wp.com\/www.academica.school\/news\/wp-content\/uploads\/2019\/11\/Captura-de-pantalla-2019-11-20-a-las-12.14.04.png?fit=799%2C500&ssl=1","contentUrl":"https:\/\/i1.wp.com\/www.academica.school\/news\/wp-content\/uploads\/2019\/11\/Captura-de-pantalla-2019-11-20-a-las-12.14.04.png?fit=799%2C500&ssl=1","width":799,"height":500,"caption":"Academica"},"image":{"@id":"https:\/\/www.academica.school\/news\/#\/schema\/logo\/image\/"}},{"@type":"Person","@id":"https:\/\/www.academica.school\/news\/#\/schema\/person\/07ed699df26b3ae2c049959a107fce05","name":"Academica Spain","image":{"@type":"ImageObject","inLanguage":"es","@id":"https:\/\/secure.gravatar.com\/avatar\/24d850e4f123aaa0ad5edf9a3fb1d97a98b831f0571142c5dc4b3add4e2db2ea?s=96&d=mm&r=g","url":"https:\/\/secure.gravatar.com\/avatar\/24d850e4f123aaa0ad5edf9a3fb1d97a98b831f0571142c5dc4b3add4e2db2ea?s=96&d=mm&r=g","contentUrl":"https:\/\/secure.gravatar.com\/avatar\/24d850e4f123aaa0ad5edf9a3fb1d97a98b831f0571142c5dc4b3add4e2db2ea?s=96&d=mm&r=g","caption":"Academica Spain"},"url":"https:\/\/www.academica.school\/news\/author\/jasubal\/"}]}},"jetpack_featured_media_url":"https:\/\/i0.wp.com\/www.academica.school\/news\/wp-content\/uploads\/2023\/10\/ACADEMICA-DIPLOMA-DUAL-1-e1698156795506.jpg?fit=768%2C665&ssl=1","jetpack_sharing_enabled":true,"jetpack_shortlink":"https:\/\/wp.me\/p8RDKh-uE","jetpack-related-posts":[{"id":4121,"url":"https:\/\/www.academica.school\/news\/diploma-dual-colegio-balder-de-madrid\/","url_meta":{"origin":1900,"position":0},"title":"El Diploma Dual en el Colegio Balder de Madrid","author":"Academica Spain","date":"febrero 24, 2026","format":"video","excerpt":"Lorena, Directora de Programa del Diploma Dual en el Colegio Balder de Madrid nos cuenta en qu\u00e9 consiste el programa y las ventajas que conlleva cursarlo. En este v\u00eddeo, tambi\u00e9n nos explica su labor como Directora de Programa, destacando el seguimiento y apoyo que ofrece a los alumnos que est\u00e1n\u2026","rel":"","context":"En \u00abLast News\u00bb","block_context":{"text":"Last News","link":"https:\/\/www.academica.school\/news\/last-news\/"},"img":{"alt_text":"V\u00eddeo Colegio Balder Madrid","src":"https:\/\/i0.wp.com\/www.academica.school\/news\/wp-content\/uploads\/2026\/02\/Captura-de-pantalla-2026-02-24-a-las-11.01.59.png?fit=1200%2C574&ssl=1&resize=350%2C200","width":350,"height":200,"srcset":"https:\/\/i0.wp.com\/www.academica.school\/news\/wp-content\/uploads\/2026\/02\/Captura-de-pantalla-2026-02-24-a-las-11.01.59.png?fit=1200%2C574&ssl=1&resize=350%2C200 1x, https:\/\/i0.wp.com\/www.academica.school\/news\/wp-content\/uploads\/2026\/02\/Captura-de-pantalla-2026-02-24-a-las-11.01.59.png?fit=1200%2C574&ssl=1&resize=525%2C300 1.5x, https:\/\/i0.wp.com\/www.academica.school\/news\/wp-content\/uploads\/2026\/02\/Captura-de-pantalla-2026-02-24-a-las-11.01.59.png?fit=1200%2C574&ssl=1&resize=700%2C400 2x, https:\/\/i0.wp.com\/www.academica.school\/news\/wp-content\/uploads\/2026\/02\/Captura-de-pantalla-2026-02-24-a-las-11.01.59.png?fit=1200%2C574&ssl=1&resize=1050%2C600 3x"},"classes":[]},{"id":4245,"url":"https:\/\/www.academica.school\/news\/compartiendo-experiencias-la-salle-horta-barcelona-diploma-dual\/","url_meta":{"origin":1900,"position":1},"title":"Compartiendo experiencias en el Colegio La Salle Horta de Barcelona: una mirada al Diploma Dual","author":"Academica Spain","date":"marzo 27, 2026","format":false,"excerpt":"Hemos tenido la oportunidad de visitar el Colegio La Salle Horta de Barcelona, donde nos han recibido Marta, Directora del centro, y Empar, Directora del Programa Diploma Dual, quienes nos han permitido conocer de cerca c\u00f3mo se desarrolla el programa en su d\u00eda a d\u00eda. Durante el encuentro, tanto Marta\u2026","rel":"","context":"En \u00abLast News\u00bb","block_context":{"text":"Last News","link":"https:\/\/www.academica.school\/news\/last-news\/"},"img":{"alt_text":"Visita Colegio La Salle Horta Barcelona","src":"https:\/\/i0.wp.com\/www.academica.school\/news\/wp-content\/uploads\/2026\/03\/diploma-dual-la-salle-horta-e1774606046796.jpeg?fit=1200%2C1157&ssl=1&resize=350%2C200","width":350,"height":200,"srcset":"https:\/\/i0.wp.com\/www.academica.school\/news\/wp-content\/uploads\/2026\/03\/diploma-dual-la-salle-horta-e1774606046796.jpeg?fit=1200%2C1157&ssl=1&resize=350%2C200 1x, https:\/\/i0.wp.com\/www.academica.school\/news\/wp-content\/uploads\/2026\/03\/diploma-dual-la-salle-horta-e1774606046796.jpeg?fit=1200%2C1157&ssl=1&resize=525%2C300 1.5x, https:\/\/i0.wp.com\/www.academica.school\/news\/wp-content\/uploads\/2026\/03\/diploma-dual-la-salle-horta-e1774606046796.jpeg?fit=1200%2C1157&ssl=1&resize=700%2C400 2x, https:\/\/i0.wp.com\/www.academica.school\/news\/wp-content\/uploads\/2026\/03\/diploma-dual-la-salle-horta-e1774606046796.jpeg?fit=1200%2C1157&ssl=1&resize=1050%2C600 3x"},"classes":[]},{"id":3480,"url":"https:\/\/www.academica.school\/news\/visita-colegio-san-jose-calasanz-valencia\/","url_meta":{"origin":1900,"position":2},"title":"Visita al Colegio San Jos\u00e9 de Calasanz de Valencia","author":"Academica Spain","date":"octubre 15, 2025","format":false,"excerpt":"Hemos tenido el placer de visitar el Colegio San Jos\u00e9 de Calasanz de Valencia para conocer de cerca c\u00f3mo est\u00e1n avanzando los estudiantes que cursan el programa Diploma Dual. El Diploma Dual es el programa oficial de convalidaci\u00f3n internacional de t\u00edtulos de Bachillerato creado y desarrollado por Academica, que permite\u2026","rel":"","context":"En \u00abLast News\u00bb","block_context":{"text":"Last News","link":"https:\/\/www.academica.school\/news\/last-news\/"},"img":{"alt_text":"diploma-dual-san-jose-calasanz","src":"https:\/\/i0.wp.com\/www.academica.school\/news\/wp-content\/uploads\/2025\/10\/diploma-dual-san-jose-calasanz-e1760522411606.jpg?fit=900%2C1086&ssl=1&resize=350%2C200","width":350,"height":200,"srcset":"https:\/\/i0.wp.com\/www.academica.school\/news\/wp-content\/uploads\/2025\/10\/diploma-dual-san-jose-calasanz-e1760522411606.jpg?fit=900%2C1086&ssl=1&resize=350%2C200 1x, https:\/\/i0.wp.com\/www.academica.school\/news\/wp-content\/uploads\/2025\/10\/diploma-dual-san-jose-calasanz-e1760522411606.jpg?fit=900%2C1086&ssl=1&resize=525%2C300 1.5x, https:\/\/i0.wp.com\/www.academica.school\/news\/wp-content\/uploads\/2025\/10\/diploma-dual-san-jose-calasanz-e1760522411606.jpg?fit=900%2C1086&ssl=1&resize=700%2C400 2x"},"classes":[]},{"id":3535,"url":"https:\/\/www.academica.school\/news\/diploma-dual-enriquecimiento-cultural-vital-conocer-otra-cultura\/","url_meta":{"origin":1900,"position":3},"title":"\u00abEl Diploma Dual supone un gran enriquecimiento cultural y vital que permite conocer otra cultura desde dentro\u00bb","author":"Academica Spain","date":"abril 9, 2026","format":false,"excerpt":"Entrevistamos a Laura Fern\u00e1ndez, Directora de Programa en el Colegio Santa Mar\u00eda del Carmen de Madrid,\u00a0quien nos cuenta su experiencia con el programa. Comenz\u00f3 a encargarse del Diploma Dual en el curso 2023\/24. \u00bfQu\u00e9 tipo de tareas lleva impl\u00edcita esta responsabilidad para los que sois Directores de Programa? En mi\u2026","rel":"","context":"En \u00abLast News\u00bb","block_context":{"text":"Last News","link":"https:\/\/www.academica.school\/news\/last-news\/"},"img":{"alt_text":"Entrevista con la Directora de Programa del Colegio Santa Maria del Carmen","src":"https:\/\/i0.wp.com\/www.academica.school\/news\/wp-content\/uploads\/2025\/10\/diploma-dual-santa-maria-del-carmen-2.jpg?fit=1000%2C742&ssl=1&resize=350%2C200","width":350,"height":200,"srcset":"https:\/\/i0.wp.com\/www.academica.school\/news\/wp-content\/uploads\/2025\/10\/diploma-dual-santa-maria-del-carmen-2.jpg?fit=1000%2C742&ssl=1&resize=350%2C200 1x, https:\/\/i0.wp.com\/www.academica.school\/news\/wp-content\/uploads\/2025\/10\/diploma-dual-santa-maria-del-carmen-2.jpg?fit=1000%2C742&ssl=1&resize=525%2C300 1.5x, https:\/\/i0.wp.com\/www.academica.school\/news\/wp-content\/uploads\/2025\/10\/diploma-dual-santa-maria-del-carmen-2.jpg?fit=1000%2C742&ssl=1&resize=700%2C400 2x"},"classes":[]},{"id":2503,"url":"https:\/\/www.academica.school\/news\/el-colegio-nuestra-senora-de-la-seo-de-valencia-entrevistado-en-xtradio-xativa\/","url_meta":{"origin":1900,"position":4},"title":"El Colegio Nuestra Se\u00f1ora de la SEO de Valencia entrevistado en Xtradio X\u00e0tiva","author":"Academica Spain","date":"mayo 27, 2024","format":false,"excerpt":"Xtradio X\u00e0tiva ha recibido la visita de \u00c1ngela Cortell, Directora de Programa del Diploma Dual en el Colegio Nuestra Se\u00f1ora de la SEO de Valencia. Xtradio X\u00e0tiva quiso conocer de cerca el centro escolar y la excelencia de sus proyectos educativos como el Bachillerato Dual Internacional de Academica que cursan\u2026","rel":"","context":"En \u00abLast News\u00bb","block_context":{"text":"Last News","link":"https:\/\/www.academica.school\/news\/last-news\/"},"img":{"alt_text":"diploma-dual-academica","src":"https:\/\/i0.wp.com\/www.academica.school\/news\/wp-content\/uploads\/2024\/05\/MAKE-YOUR-POSTER-CURSO-202324-2.png?fit=1200%2C848&ssl=1&resize=350%2C200","width":350,"height":200,"srcset":"https:\/\/i0.wp.com\/www.academica.school\/news\/wp-content\/uploads\/2024\/05\/MAKE-YOUR-POSTER-CURSO-202324-2.png?fit=1200%2C848&ssl=1&resize=350%2C200 1x, https:\/\/i0.wp.com\/www.academica.school\/news\/wp-content\/uploads\/2024\/05\/MAKE-YOUR-POSTER-CURSO-202324-2.png?fit=1200%2C848&ssl=1&resize=525%2C300 1.5x, https:\/\/i0.wp.com\/www.academica.school\/news\/wp-content\/uploads\/2024\/05\/MAKE-YOUR-POSTER-CURSO-202324-2.png?fit=1200%2C848&ssl=1&resize=700%2C400 2x, https:\/\/i0.wp.com\/www.academica.school\/news\/wp-content\/uploads\/2024\/05\/MAKE-YOUR-POSTER-CURSO-202324-2.png?fit=1200%2C848&ssl=1&resize=1050%2C600 3x"},"classes":[]},{"id":3525,"url":"https:\/\/www.academica.school\/news\/visita-colegio-gran-capita\/","url_meta":{"origin":1900,"position":5},"title":"Visita al Colegio Gran Capit\u00e0: Conociendo de cerca la implementaci\u00f3n del Diploma Dual","author":"Academica Spain","date":"octubre 22, 2025","format":false,"excerpt":"Desde Academica no hemos querido dejar pasar la oportunidad de visitar el Colegio Gran Capit\u00e0 de Sant Joan Desp\u00ed para ver c\u00f3mo est\u00e1n llevando el programa. El Diploma Dual es el programa oficial de convalidaci\u00f3n internacional de t\u00edtulos de Bachillerato creado y desarrollado por Academica, que permite a los alumnos\u2026","rel":"","context":"En \u00abLast News\u00bb","block_context":{"text":"Last News","link":"https:\/\/www.academica.school\/news\/last-news\/"},"img":{"alt_text":"diploma-dual-gran-capita","src":"https:\/\/i0.wp.com\/www.academica.school\/news\/wp-content\/uploads\/2025\/10\/diploma-dual-gran-capita-2-e1761063152755.jpg?fit=947%2C1200&ssl=1&resize=350%2C200","width":350,"height":200,"srcset":"https:\/\/i0.wp.com\/www.academica.school\/news\/wp-content\/uploads\/2025\/10\/diploma-dual-gran-capita-2-e1761063152755.jpg?fit=947%2C1200&ssl=1&resize=350%2C200 1x, https:\/\/i0.wp.com\/www.academica.school\/news\/wp-content\/uploads\/2025\/10\/diploma-dual-gran-capita-2-e1761063152755.jpg?fit=947%2C1200&ssl=1&resize=525%2C300 1.5x, https:\/\/i0.wp.com\/www.academica.school\/news\/wp-content\/uploads\/2025\/10\/diploma-dual-gran-capita-2-e1761063152755.jpg?fit=947%2C1200&ssl=1&resize=700%2C400 2x"},"classes":[]}],"_links":{"self":[{"href":"https:\/\/www.academica.school\/news\/wp-json\/wp\/v2\/posts\/1900","targetHints":{"allow":["GET"]}}],"collection":[{"href":"https:\/\/www.academica.school\/news\/wp-json\/wp\/v2\/posts"}],"about":[{"href":"https:\/\/www.academica.school\/news\/wp-json\/wp\/v2\/types\/post"}],"author":[{"embeddable":true,"href":"https:\/\/www.academica.school\/news\/wp-json\/wp\/v2\/users\/1"}],"replies":[{"embeddable":true,"href":"https:\/\/www.academica.school\/news\/wp-json\/wp\/v2\/comments?post=1900"}],"version-history":[{"count":4,"href":"https:\/\/www.academica.school\/news\/wp-json\/wp\/v2\/posts\/1900\/revisions"}],"predecessor-version":[{"id":1934,"href":"https:\/\/www.academica.school\/news\/wp-json\/wp\/v2\/posts\/1900\/revisions\/1934"}],"wp:featuredmedia":[{"embeddable":true,"href":"https:\/\/www.academica.school\/news\/wp-json\/wp\/v2\/media\/1902"}],"wp:attachment":[{"href":"https:\/\/www.academica.school\/news\/wp-json\/wp\/v2\/media?parent=1900"}],"wp:term":[{"taxonomy":"category","embeddable":true,"href":"https:\/\/www.academica.school\/news\/wp-json\/wp\/v2\/categories?post=1900"},{"taxonomy":"post_tag","embeddable":true,"href":"https:\/\/www.academica.school\/news\/wp-json\/wp\/v2\/tags?post=1900"}],"curies":[{"name":"wp","href":"https:\/\/api.w.org\/{rel}","templated":true}]}}