{"id":1920,"date":"2023-11-03T11:36:02","date_gmt":"2023-11-03T11:36:02","guid":{"rendered":"https:\/\/www.academica.school\/news\/?p=1920"},"modified":"2023-11-03T11:36:02","modified_gmt":"2023-11-03T11:36:02","slug":"el-diploma-dual-en-el-colegio-jesuites-gracia-de-barcelona","status":"publish","type":"post","link":"https:\/\/www.academica.school\/news\/el-diploma-dual-en-el-colegio-jesuites-gracia-de-barcelona\/","title":{"rendered":"El Diploma Dual en el Colegio Jesu\u00eftes Gr\u00e0cia de Barcelona"},"content":{"rendered":"<p>Iv\u00e1n y Xavier, exalumnos del Colegio Jesu\u00eftes Gr\u00e0cia (Barcelona), nos hablan de su experiencia con el Diploma Dual.<\/p>\n<p><!--more--><\/p>\n<p>Actualmente, est\u00e1n estudiando el Grado de Econom\u00eda en la Universidad Pompeu Fabra de Barcelona. En este v\u00eddeo, nos explican en qu\u00e9 consiste el programa y qu\u00e9 les ha aportado a ellos tanto personalmente como profesionalmente.<\/p>\n<p>El Diploma Dual es el programa oficial de convalidaci\u00f3n internacional de t\u00edtulos de Bachillerato creado y desarrollado por Academica, que permite a los alumnos obtener dos titulaciones simult\u00e1neas: la propia de su pa\u00eds y el American High School Diploma.<\/p>\n<p>Los alumnos del Diploma Dual solamente tienen que cursar 6 asignaturas para obtener la titulaci\u00f3n americana. Los convenios internacionales alcanzados por Academica y la excelencia educativa del programa permiten obtener la m\u00e1xima convalidaci\u00f3n posible: 75% de los 24 cr\u00e9ditos necesarios para obtener el American High School Diploma.<\/p>\n","protected":false},"excerpt":{"rendered":"<p>Iv\u00e1n y Xavier, exalumnos del Colegio Jesu\u00eftes Gr\u00e0cia (Barcelona), nos hablan de su experiencia con el Diploma Dual.<\/p>\n","protected":false},"author":1,"featured_media":1922,"comment_status":"closed","ping_status":"closed","sticky":false,"template":"","format":"video","meta":{"_jetpack_memberships_contains_paid_content":false,"footnotes":""},"categories":[1],"tags":[9,198,63,59,495,4,222],"class_list":["post-1920","post","type-post","status-publish","format-video","has-post-thumbnail","hentry","category-last-news","tag-academica","tag-american-high-school","tag-bachillerato-americano","tag-barcelona","tag-colegio-jesuites-gracia","tag-diploma-dual","tag-dual-diploma","post_format-post-format-video","clearfix"],"yoast_head":"<!-- This site is optimized with the Yoast SEO plugin v27.4 - https:\/\/yoast.com\/product\/yoast-seo-wordpress\/ -->\n<title>El Diploma Dual en el Colegio Jesu\u00eftes Gr\u00e0cia de Barcelona - Academica News<\/title>\n<meta name=\"description\" content=\"Iv\u00e1n y Xavier, exalumnos del Colegio Jesu\u00eftes Gr\u00e0cia (Barcelona), nos hablan de su experiencia con el Diploma Dual.\" \/>\n<meta name=\"robots\" content=\"index, follow, max-snippet:-1, max-image-preview:large, max-video-preview:-1\" \/>\n<link rel=\"canonical\" href=\"https:\/\/www.academica.school\/news\/el-diploma-dual-en-el-colegio-jesuites-gracia-de-barcelona\/\" \/>\n<meta property=\"og:locale\" content=\"es_ES\" \/>\n<meta property=\"og:type\" content=\"article\" \/>\n<meta property=\"og:title\" content=\"El Diploma Dual en el Colegio Jesu\u00eftes Gr\u00e0cia de Barcelona - Academica News\" \/>\n<meta property=\"og:description\" content=\"Iv\u00e1n y Xavier, exalumnos del Colegio Jesu\u00eftes Gr\u00e0cia (Barcelona), nos hablan de su experiencia con el Diploma Dual.\" \/>\n<meta property=\"og:url\" content=\"https:\/\/www.academica.school\/news\/el-diploma-dual-en-el-colegio-jesuites-gracia-de-barcelona\/\" \/>\n<meta property=\"og:site_name\" content=\"Academica News\" \/>\n<meta property=\"article:published_time\" content=\"2023-11-03T11:36:02+00:00\" \/>\n<meta property=\"og:image\" content=\"https:\/\/www.academica.school\/news\/wp-content\/uploads\/2023\/11\/ACADEMICA-DIPLOMA-DUAL.png\" \/>\n\t<meta property=\"og:image:width\" content=\"603\" \/>\n\t<meta property=\"og:image:height\" content=\"300\" \/>\n\t<meta property=\"og:image:type\" content=\"image\/png\" \/>\n<meta name=\"author\" content=\"Academica Spain\" \/>\n<meta name=\"twitter:card\" content=\"summary_large_image\" \/>\n<meta name=\"twitter:label1\" content=\"Escrito por\" \/>\n\t<meta name=\"twitter:data1\" content=\"Academica Spain\" \/>\n\t<meta name=\"twitter:label2\" content=\"Tiempo de lectura\" \/>\n\t<meta name=\"twitter:data2\" content=\"1 minuto\" \/>\n<script type=\"application\/ld+json\" class=\"yoast-schema-graph\">{\"@context\":\"https:\\\/\\\/schema.org\",\"@graph\":[{\"@type\":\"Article\",\"@id\":\"https:\\\/\\\/www.academica.school\\\/news\\\/el-diploma-dual-en-el-colegio-jesuites-gracia-de-barcelona\\\/#article\",\"isPartOf\":{\"@id\":\"https:\\\/\\\/www.academica.school\\\/news\\\/el-diploma-dual-en-el-colegio-jesuites-gracia-de-barcelona\\\/\"},\"author\":{\"name\":\"Academica Spain\",\"@id\":\"https:\\\/\\\/www.academica.school\\\/news\\\/#\\\/schema\\\/person\\\/07ed699df26b3ae2c049959a107fce05\"},\"headline\":\"El Diploma Dual en el Colegio Jesu\u00eftes Gr\u00e0cia de Barcelona\",\"datePublished\":\"2023-11-03T11:36:02+00:00\",\"mainEntityOfPage\":{\"@id\":\"https:\\\/\\\/www.academica.school\\\/news\\\/el-diploma-dual-en-el-colegio-jesuites-gracia-de-barcelona\\\/\"},\"wordCount\":162,\"publisher\":{\"@id\":\"https:\\\/\\\/www.academica.school\\\/news\\\/#organization\"},\"image\":{\"@id\":\"https:\\\/\\\/www.academica.school\\\/news\\\/el-diploma-dual-en-el-colegio-jesuites-gracia-de-barcelona\\\/#primaryimage\"},\"thumbnailUrl\":\"https:\\\/\\\/i0.wp.com\\\/www.academica.school\\\/news\\\/wp-content\\\/uploads\\\/2023\\\/11\\\/ACADEMICA-DIPLOMA-DUAL.png?fit=603%2C300&ssl=1\",\"keywords\":[\"academica\",\"american high school\",\"bachillerato americano\",\"barcelona\",\"colegio jesu\u00eftes gr\u00e0cia\",\"Diploma Dual\",\"dual diploma\"],\"articleSection\":[\"Last News\"],\"inLanguage\":\"es\"},{\"@type\":\"WebPage\",\"@id\":\"https:\\\/\\\/www.academica.school\\\/news\\\/el-diploma-dual-en-el-colegio-jesuites-gracia-de-barcelona\\\/\",\"url\":\"https:\\\/\\\/www.academica.school\\\/news\\\/el-diploma-dual-en-el-colegio-jesuites-gracia-de-barcelona\\\/\",\"name\":\"El Diploma Dual en el Colegio Jesu\u00eftes Gr\u00e0cia de Barcelona - Academica News\",\"isPartOf\":{\"@id\":\"https:\\\/\\\/www.academica.school\\\/news\\\/#website\"},\"primaryImageOfPage\":{\"@id\":\"https:\\\/\\\/www.academica.school\\\/news\\\/el-diploma-dual-en-el-colegio-jesuites-gracia-de-barcelona\\\/#primaryimage\"},\"image\":{\"@id\":\"https:\\\/\\\/www.academica.school\\\/news\\\/el-diploma-dual-en-el-colegio-jesuites-gracia-de-barcelona\\\/#primaryimage\"},\"thumbnailUrl\":\"https:\\\/\\\/i0.wp.com\\\/www.academica.school\\\/news\\\/wp-content\\\/uploads\\\/2023\\\/11\\\/ACADEMICA-DIPLOMA-DUAL.png?fit=603%2C300&ssl=1\",\"datePublished\":\"2023-11-03T11:36:02+00:00\",\"description\":\"Iv\u00e1n y Xavier, exalumnos del Colegio Jesu\u00eftes Gr\u00e0cia (Barcelona), nos hablan de su experiencia con el Diploma Dual.\",\"breadcrumb\":{\"@id\":\"https:\\\/\\\/www.academica.school\\\/news\\\/el-diploma-dual-en-el-colegio-jesuites-gracia-de-barcelona\\\/#breadcrumb\"},\"inLanguage\":\"es\",\"potentialAction\":[{\"@type\":\"ReadAction\",\"target\":[\"https:\\\/\\\/www.academica.school\\\/news\\\/el-diploma-dual-en-el-colegio-jesuites-gracia-de-barcelona\\\/\"]}]},{\"@type\":\"ImageObject\",\"inLanguage\":\"es\",\"@id\":\"https:\\\/\\\/www.academica.school\\\/news\\\/el-diploma-dual-en-el-colegio-jesuites-gracia-de-barcelona\\\/#primaryimage\",\"url\":\"https:\\\/\\\/i0.wp.com\\\/www.academica.school\\\/news\\\/wp-content\\\/uploads\\\/2023\\\/11\\\/ACADEMICA-DIPLOMA-DUAL.png?fit=603%2C300&ssl=1\",\"contentUrl\":\"https:\\\/\\\/i0.wp.com\\\/www.academica.school\\\/news\\\/wp-content\\\/uploads\\\/2023\\\/11\\\/ACADEMICA-DIPLOMA-DUAL.png?fit=603%2C300&ssl=1\",\"width\":603,\"height\":300,\"caption\":\"ACADEMICA DIPLOMA DUAL\"},{\"@type\":\"BreadcrumbList\",\"@id\":\"https:\\\/\\\/www.academica.school\\\/news\\\/el-diploma-dual-en-el-colegio-jesuites-gracia-de-barcelona\\\/#breadcrumb\",\"itemListElement\":[{\"@type\":\"ListItem\",\"position\":1,\"name\":\"Portada\",\"item\":\"https:\\\/\\\/www.academica.school\\\/news\\\/\"},{\"@type\":\"ListItem\",\"position\":2,\"name\":\"El Diploma Dual en el Colegio Jesu\u00eftes Gr\u00e0cia de Barcelona\"}]},{\"@type\":\"WebSite\",\"@id\":\"https:\\\/\\\/www.academica.school\\\/news\\\/#website\",\"url\":\"https:\\\/\\\/www.academica.school\\\/news\\\/\",\"name\":\"Academica News\",\"description\":\"todo lo que pasa en el mundo acad\u00e9mico, sobre universidades y cualquier evento o novedad en la que participemos\",\"publisher\":{\"@id\":\"https:\\\/\\\/www.academica.school\\\/news\\\/#organization\"},\"potentialAction\":[{\"@type\":\"SearchAction\",\"target\":{\"@type\":\"EntryPoint\",\"urlTemplate\":\"https:\\\/\\\/www.academica.school\\\/news\\\/?s={search_term_string}\"},\"query-input\":{\"@type\":\"PropertyValueSpecification\",\"valueRequired\":true,\"valueName\":\"search_term_string\"}}],\"inLanguage\":\"es\"},{\"@type\":\"Organization\",\"@id\":\"https:\\\/\\\/www.academica.school\\\/news\\\/#organization\",\"name\":\"Academica\",\"url\":\"https:\\\/\\\/www.academica.school\\\/news\\\/\",\"logo\":{\"@type\":\"ImageObject\",\"inLanguage\":\"es\",\"@id\":\"https:\\\/\\\/www.academica.school\\\/news\\\/#\\\/schema\\\/logo\\\/image\\\/\",\"url\":\"https:\\\/\\\/i1.wp.com\\\/www.academica.school\\\/news\\\/wp-content\\\/uploads\\\/2019\\\/11\\\/Captura-de-pantalla-2019-11-20-a-las-12.14.04.png?fit=799%2C500&ssl=1\",\"contentUrl\":\"https:\\\/\\\/i1.wp.com\\\/www.academica.school\\\/news\\\/wp-content\\\/uploads\\\/2019\\\/11\\\/Captura-de-pantalla-2019-11-20-a-las-12.14.04.png?fit=799%2C500&ssl=1\",\"width\":799,\"height\":500,\"caption\":\"Academica\"},\"image\":{\"@id\":\"https:\\\/\\\/www.academica.school\\\/news\\\/#\\\/schema\\\/logo\\\/image\\\/\"}},{\"@type\":\"Person\",\"@id\":\"https:\\\/\\\/www.academica.school\\\/news\\\/#\\\/schema\\\/person\\\/07ed699df26b3ae2c049959a107fce05\",\"name\":\"Academica Spain\",\"image\":{\"@type\":\"ImageObject\",\"inLanguage\":\"es\",\"@id\":\"https:\\\/\\\/secure.gravatar.com\\\/avatar\\\/24d850e4f123aaa0ad5edf9a3fb1d97a98b831f0571142c5dc4b3add4e2db2ea?s=96&d=mm&r=g\",\"url\":\"https:\\\/\\\/secure.gravatar.com\\\/avatar\\\/24d850e4f123aaa0ad5edf9a3fb1d97a98b831f0571142c5dc4b3add4e2db2ea?s=96&d=mm&r=g\",\"contentUrl\":\"https:\\\/\\\/secure.gravatar.com\\\/avatar\\\/24d850e4f123aaa0ad5edf9a3fb1d97a98b831f0571142c5dc4b3add4e2db2ea?s=96&d=mm&r=g\",\"caption\":\"Academica Spain\"},\"url\":\"https:\\\/\\\/www.academica.school\\\/news\\\/author\\\/jasubal\\\/\"}]}<\/script>\n<!-- \/ Yoast SEO plugin. -->","yoast_head_json":{"title":"El Diploma Dual en el Colegio Jesu\u00eftes Gr\u00e0cia de Barcelona - Academica News","description":"Iv\u00e1n y Xavier, exalumnos del Colegio Jesu\u00eftes Gr\u00e0cia (Barcelona), nos hablan de su experiencia con el Diploma Dual.","robots":{"index":"index","follow":"follow","max-snippet":"max-snippet:-1","max-image-preview":"max-image-preview:large","max-video-preview":"max-video-preview:-1"},"canonical":"https:\/\/www.academica.school\/news\/el-diploma-dual-en-el-colegio-jesuites-gracia-de-barcelona\/","og_locale":"es_ES","og_type":"article","og_title":"El Diploma Dual en el Colegio Jesu\u00eftes Gr\u00e0cia de Barcelona - Academica News","og_description":"Iv\u00e1n y Xavier, exalumnos del Colegio Jesu\u00eftes Gr\u00e0cia (Barcelona), nos hablan de su experiencia con el Diploma Dual.","og_url":"https:\/\/www.academica.school\/news\/el-diploma-dual-en-el-colegio-jesuites-gracia-de-barcelona\/","og_site_name":"Academica News","article_published_time":"2023-11-03T11:36:02+00:00","og_image":[{"width":603,"height":300,"url":"https:\/\/www.academica.school\/news\/wp-content\/uploads\/2023\/11\/ACADEMICA-DIPLOMA-DUAL.png","type":"image\/png"}],"author":"Academica Spain","twitter_card":"summary_large_image","twitter_misc":{"Escrito por":"Academica Spain","Tiempo de lectura":"1 minuto"},"schema":{"@context":"https:\/\/schema.org","@graph":[{"@type":"Article","@id":"https:\/\/www.academica.school\/news\/el-diploma-dual-en-el-colegio-jesuites-gracia-de-barcelona\/#article","isPartOf":{"@id":"https:\/\/www.academica.school\/news\/el-diploma-dual-en-el-colegio-jesuites-gracia-de-barcelona\/"},"author":{"name":"Academica Spain","@id":"https:\/\/www.academica.school\/news\/#\/schema\/person\/07ed699df26b3ae2c049959a107fce05"},"headline":"El Diploma Dual en el Colegio Jesu\u00eftes Gr\u00e0cia de Barcelona","datePublished":"2023-11-03T11:36:02+00:00","mainEntityOfPage":{"@id":"https:\/\/www.academica.school\/news\/el-diploma-dual-en-el-colegio-jesuites-gracia-de-barcelona\/"},"wordCount":162,"publisher":{"@id":"https:\/\/www.academica.school\/news\/#organization"},"image":{"@id":"https:\/\/www.academica.school\/news\/el-diploma-dual-en-el-colegio-jesuites-gracia-de-barcelona\/#primaryimage"},"thumbnailUrl":"https:\/\/i0.wp.com\/www.academica.school\/news\/wp-content\/uploads\/2023\/11\/ACADEMICA-DIPLOMA-DUAL.png?fit=603%2C300&ssl=1","keywords":["academica","american high school","bachillerato americano","barcelona","colegio jesu\u00eftes gr\u00e0cia","Diploma Dual","dual diploma"],"articleSection":["Last News"],"inLanguage":"es"},{"@type":"WebPage","@id":"https:\/\/www.academica.school\/news\/el-diploma-dual-en-el-colegio-jesuites-gracia-de-barcelona\/","url":"https:\/\/www.academica.school\/news\/el-diploma-dual-en-el-colegio-jesuites-gracia-de-barcelona\/","name":"El Diploma Dual en el Colegio Jesu\u00eftes Gr\u00e0cia de Barcelona - Academica News","isPartOf":{"@id":"https:\/\/www.academica.school\/news\/#website"},"primaryImageOfPage":{"@id":"https:\/\/www.academica.school\/news\/el-diploma-dual-en-el-colegio-jesuites-gracia-de-barcelona\/#primaryimage"},"image":{"@id":"https:\/\/www.academica.school\/news\/el-diploma-dual-en-el-colegio-jesuites-gracia-de-barcelona\/#primaryimage"},"thumbnailUrl":"https:\/\/i0.wp.com\/www.academica.school\/news\/wp-content\/uploads\/2023\/11\/ACADEMICA-DIPLOMA-DUAL.png?fit=603%2C300&ssl=1","datePublished":"2023-11-03T11:36:02+00:00","description":"Iv\u00e1n y Xavier, exalumnos del Colegio Jesu\u00eftes Gr\u00e0cia (Barcelona), nos hablan de su experiencia con el Diploma Dual.","breadcrumb":{"@id":"https:\/\/www.academica.school\/news\/el-diploma-dual-en-el-colegio-jesuites-gracia-de-barcelona\/#breadcrumb"},"inLanguage":"es","potentialAction":[{"@type":"ReadAction","target":["https:\/\/www.academica.school\/news\/el-diploma-dual-en-el-colegio-jesuites-gracia-de-barcelona\/"]}]},{"@type":"ImageObject","inLanguage":"es","@id":"https:\/\/www.academica.school\/news\/el-diploma-dual-en-el-colegio-jesuites-gracia-de-barcelona\/#primaryimage","url":"https:\/\/i0.wp.com\/www.academica.school\/news\/wp-content\/uploads\/2023\/11\/ACADEMICA-DIPLOMA-DUAL.png?fit=603%2C300&ssl=1","contentUrl":"https:\/\/i0.wp.com\/www.academica.school\/news\/wp-content\/uploads\/2023\/11\/ACADEMICA-DIPLOMA-DUAL.png?fit=603%2C300&ssl=1","width":603,"height":300,"caption":"ACADEMICA DIPLOMA DUAL"},{"@type":"BreadcrumbList","@id":"https:\/\/www.academica.school\/news\/el-diploma-dual-en-el-colegio-jesuites-gracia-de-barcelona\/#breadcrumb","itemListElement":[{"@type":"ListItem","position":1,"name":"Portada","item":"https:\/\/www.academica.school\/news\/"},{"@type":"ListItem","position":2,"name":"El Diploma Dual en el Colegio Jesu\u00eftes Gr\u00e0cia de Barcelona"}]},{"@type":"WebSite","@id":"https:\/\/www.academica.school\/news\/#website","url":"https:\/\/www.academica.school\/news\/","name":"Academica News","description":"todo lo que pasa en el mundo acad\u00e9mico, sobre universidades y cualquier evento o novedad en la que participemos","publisher":{"@id":"https:\/\/www.academica.school\/news\/#organization"},"potentialAction":[{"@type":"SearchAction","target":{"@type":"EntryPoint","urlTemplate":"https:\/\/www.academica.school\/news\/?s={search_term_string}"},"query-input":{"@type":"PropertyValueSpecification","valueRequired":true,"valueName":"search_term_string"}}],"inLanguage":"es"},{"@type":"Organization","@id":"https:\/\/www.academica.school\/news\/#organization","name":"Academica","url":"https:\/\/www.academica.school\/news\/","logo":{"@type":"ImageObject","inLanguage":"es","@id":"https:\/\/www.academica.school\/news\/#\/schema\/logo\/image\/","url":"https:\/\/i1.wp.com\/www.academica.school\/news\/wp-content\/uploads\/2019\/11\/Captura-de-pantalla-2019-11-20-a-las-12.14.04.png?fit=799%2C500&ssl=1","contentUrl":"https:\/\/i1.wp.com\/www.academica.school\/news\/wp-content\/uploads\/2019\/11\/Captura-de-pantalla-2019-11-20-a-las-12.14.04.png?fit=799%2C500&ssl=1","width":799,"height":500,"caption":"Academica"},"image":{"@id":"https:\/\/www.academica.school\/news\/#\/schema\/logo\/image\/"}},{"@type":"Person","@id":"https:\/\/www.academica.school\/news\/#\/schema\/person\/07ed699df26b3ae2c049959a107fce05","name":"Academica Spain","image":{"@type":"ImageObject","inLanguage":"es","@id":"https:\/\/secure.gravatar.com\/avatar\/24d850e4f123aaa0ad5edf9a3fb1d97a98b831f0571142c5dc4b3add4e2db2ea?s=96&d=mm&r=g","url":"https:\/\/secure.gravatar.com\/avatar\/24d850e4f123aaa0ad5edf9a3fb1d97a98b831f0571142c5dc4b3add4e2db2ea?s=96&d=mm&r=g","contentUrl":"https:\/\/secure.gravatar.com\/avatar\/24d850e4f123aaa0ad5edf9a3fb1d97a98b831f0571142c5dc4b3add4e2db2ea?s=96&d=mm&r=g","caption":"Academica Spain"},"url":"https:\/\/www.academica.school\/news\/author\/jasubal\/"}]}},"jetpack_featured_media_url":"https:\/\/i0.wp.com\/www.academica.school\/news\/wp-content\/uploads\/2023\/11\/ACADEMICA-DIPLOMA-DUAL.png?fit=603%2C300&ssl=1","jetpack_sharing_enabled":true,"jetpack_shortlink":"https:\/\/wp.me\/p8RDKh-uY","jetpack-related-posts":[{"id":3898,"url":"https:\/\/www.academica.school\/news\/collegi-kostka-jesuites-gracia-barcelona-entrega-diplomas-alumnos-graduados\/","url_meta":{"origin":1920,"position":0},"title":"El Col\u00b7legi Kostka Jesu\u00eftes Gr\u00e0cia de Barcelona entrega los diplomas a los estudiantes graduados de la Class of 2025","author":"Academica Spain","date":"diciembre 19, 2025","format":false,"excerpt":"Con gran entusiasmo, \u00c0lex, Director del Col\u00b7legi Kostka Jesu\u00eftes Gr\u00e0cia de Barcelona y, Jacinto, Director de Programa, hicieron entrega de los diplomas a los estudiantes que han alcanzado una meta excepcional. Gracias al programa de Diploma Dual, han obtenido, de manera simult\u00e1nea, el t\u00edtulo de Bachillerato espa\u00f1ol y el American\u2026","rel":"","context":"En \u00abLast News\u00bb","block_context":{"text":"Last News","link":"https:\/\/www.academica.school\/news\/last-news\/"},"img":{"alt_text":"Entrega de diplomas en el Col\u00b7legi Kostka Jesu\u00eftes Gr\u00e0cia Barcelona","src":"https:\/\/i0.wp.com\/www.academica.school\/news\/wp-content\/uploads\/2025\/12\/diploma-dual-jesuites-kostka-2.jpg?fit=1200%2C829&ssl=1&resize=350%2C200","width":350,"height":200,"srcset":"https:\/\/i0.wp.com\/www.academica.school\/news\/wp-content\/uploads\/2025\/12\/diploma-dual-jesuites-kostka-2.jpg?fit=1200%2C829&ssl=1&resize=350%2C200 1x, https:\/\/i0.wp.com\/www.academica.school\/news\/wp-content\/uploads\/2025\/12\/diploma-dual-jesuites-kostka-2.jpg?fit=1200%2C829&ssl=1&resize=525%2C300 1.5x, https:\/\/i0.wp.com\/www.academica.school\/news\/wp-content\/uploads\/2025\/12\/diploma-dual-jesuites-kostka-2.jpg?fit=1200%2C829&ssl=1&resize=700%2C400 2x, https:\/\/i0.wp.com\/www.academica.school\/news\/wp-content\/uploads\/2025\/12\/diploma-dual-jesuites-kostka-2.jpg?fit=1200%2C829&ssl=1&resize=1050%2C600 3x"},"classes":[]},{"id":1800,"url":"https:\/\/www.academica.school\/news\/el-diploma-dual-en-el-colegio-jesuites-el-clot-la-opinion-de-los-padres\/","url_meta":{"origin":1920,"position":1},"title":"El Diploma Dual en el Colegio Jesu\u00eftes El Clot: la opini\u00f3n de los padres","author":"Academica Spain","date":"junio 23, 2023","format":"video","excerpt":"Silvia Mart\u00ednez es la madre de una alumna que est\u00e1 cursando el Diploma Dual en el Colegio Jesu\u00eftes El Clot (Barcelona) y nos habla sobre el programa. Para Silvia, el programa le est\u00e1 aportando muchas cosas positivas tanto acad\u00e9micamente como personalmente a su hija. Adem\u00e1s del idioma, destaca el aprendizaje\u2026","rel":"","context":"En \u00abLast News\u00bb","block_context":{"text":"Last News","link":"https:\/\/www.academica.school\/news\/last-news\/"},"img":{"alt_text":"ACADEMICA DIPLOMA DUAL","src":"https:\/\/i0.wp.com\/www.academica.school\/news\/wp-content\/uploads\/2023\/06\/ACADEMICA-DIPLOMA-DUAL.png?fit=607%2C340&ssl=1&resize=350%2C200","width":350,"height":200,"srcset":"https:\/\/i0.wp.com\/www.academica.school\/news\/wp-content\/uploads\/2023\/06\/ACADEMICA-DIPLOMA-DUAL.png?fit=607%2C340&ssl=1&resize=350%2C200 1x, https:\/\/i0.wp.com\/www.academica.school\/news\/wp-content\/uploads\/2023\/06\/ACADEMICA-DIPLOMA-DUAL.png?fit=607%2C340&ssl=1&resize=525%2C300 1.5x"},"classes":[]},{"id":1793,"url":"https:\/\/www.academica.school\/news\/dos-alumnos-del-colegio-jesuites-bellvitge-nos-cuentan-que-es-el-diploma-dual\/","url_meta":{"origin":1920,"position":2},"title":"Dos alumnos del Colegio Jesu\u00eftes Bellvitge nos cuentan qu\u00e9 es el Diploma Dual","author":"Academica Spain","date":"junio 15, 2023","format":"video","excerpt":"Itziar y Pau, alumnos de 4\u00ba de la ESO en el Colegio Jesu\u00eftes Bellvitge (L'Hospitalet de Llobregat), nos cuentan su experiencia cursando el Diploma Dual. Nos hablan de la raz\u00f3n por la que decidieron ampliar sus conocimientos y estudiar el High School Americano, adem\u00e1s de darnos m\u00e1s detalles sobre las\u2026","rel":"","context":"En \u00abLast News\u00bb","block_context":{"text":"Last News","link":"https:\/\/www.academica.school\/news\/last-news\/"},"img":{"alt_text":"ACADEMICA DIPLOMA DUAL","src":"https:\/\/i0.wp.com\/www.academica.school\/news\/wp-content\/uploads\/2023\/06\/HELPING-SCHOOLS-SUCCEED.png?fit=1200%2C675&ssl=1&resize=350%2C200","width":350,"height":200,"srcset":"https:\/\/i0.wp.com\/www.academica.school\/news\/wp-content\/uploads\/2023\/06\/HELPING-SCHOOLS-SUCCEED.png?fit=1200%2C675&ssl=1&resize=350%2C200 1x, https:\/\/i0.wp.com\/www.academica.school\/news\/wp-content\/uploads\/2023\/06\/HELPING-SCHOOLS-SUCCEED.png?fit=1200%2C675&ssl=1&resize=525%2C300 1.5x, https:\/\/i0.wp.com\/www.academica.school\/news\/wp-content\/uploads\/2023\/06\/HELPING-SCHOOLS-SUCCEED.png?fit=1200%2C675&ssl=1&resize=700%2C400 2x, https:\/\/i0.wp.com\/www.academica.school\/news\/wp-content\/uploads\/2023\/06\/HELPING-SCHOOLS-SUCCEED.png?fit=1200%2C675&ssl=1&resize=1050%2C600 3x"},"classes":[]},{"id":3312,"url":"https:\/\/www.academica.school\/news\/colegio-sant-josep-gracia-apuesta-diploma-dual\/","url_meta":{"origin":1920,"position":3},"title":"El Col\u00b7legi Sant Josep Gr\u00e0cia de Barcelona apuesta por el Diploma Dual","author":"Academica Spain","date":"junio 17, 2025","format":false,"excerpt":"El Col\u00b7legi Sant Josep Gr\u00e0cia de Barcelona\u00a0ya forma parte de los m\u00e1s de 1.000 colegios adheridos al programa Diploma Dual en Espa\u00f1a y Portugal. De esta forma, el colegio ofrece a sus alumnos la posibilidad de obtener dos titulaciones de forma simult\u00e1nea: la propia de su pa\u00eds y el American\u2026","rel":"","context":"En \u00abLast News\u00bb","block_context":{"text":"Last News","link":"https:\/\/www.academica.school\/news\/last-news\/"},"img":{"alt_text":"diploma-dual-st-josep-gracia","src":"https:\/\/i0.wp.com\/www.academica.school\/news\/wp-content\/uploads\/2025\/06\/diploma-dual-st-josep-gracia-e1749809862373.jpg?fit=900%2C810&ssl=1&resize=350%2C200","width":350,"height":200,"srcset":"https:\/\/i0.wp.com\/www.academica.school\/news\/wp-content\/uploads\/2025\/06\/diploma-dual-st-josep-gracia-e1749809862373.jpg?fit=900%2C810&ssl=1&resize=350%2C200 1x, https:\/\/i0.wp.com\/www.academica.school\/news\/wp-content\/uploads\/2025\/06\/diploma-dual-st-josep-gracia-e1749809862373.jpg?fit=900%2C810&ssl=1&resize=525%2C300 1.5x, https:\/\/i0.wp.com\/www.academica.school\/news\/wp-content\/uploads\/2025\/06\/diploma-dual-st-josep-gracia-e1749809862373.jpg?fit=900%2C810&ssl=1&resize=700%2C400 2x"},"classes":[]},{"id":4275,"url":"https:\/\/www.academica.school\/news\/compromiso-excelencia-educativa-diploma-dual-jesuites-sarria-barcelona\/","url_meta":{"origin":1920,"position":4},"title":"Compromiso y excelencia educativa: el Diploma Dual en el Colegio Jesu\u00eftes Sarri\u00e0 de Barcelona","author":"Academica Spain","date":"abril 10, 2026","format":false,"excerpt":"Desde Academica queremos agradecer a Anna, Directora de Centro del Colegio Jesu\u00eftes Sarri\u00e0 Sant Ignasi de Barcelona, as\u00ed como a Xavier, M\u00edriam, L\u00eddia y Meritxell, Directores de Programa, por su c\u00e1lida acogida durante nuestra reciente visita al colegio, donde tuvimos la oportunidad de conocer de primera mano el excelente trabajo\u2026","rel":"","context":"En \u00abLast News\u00bb","block_context":{"text":"Last News","link":"https:\/\/www.academica.school\/news\/last-news\/"},"img":{"alt_text":"Visita Colegio Jesu\u00eftes Sarri\u00e0 Sant Ignasi Barcelona","src":"https:\/\/i0.wp.com\/www.academica.school\/news\/wp-content\/uploads\/2026\/04\/diploma-dual-jesuites-sarria.jpeg?fit=1200%2C972&ssl=1&resize=350%2C200","width":350,"height":200,"srcset":"https:\/\/i0.wp.com\/www.academica.school\/news\/wp-content\/uploads\/2026\/04\/diploma-dual-jesuites-sarria.jpeg?fit=1200%2C972&ssl=1&resize=350%2C200 1x, https:\/\/i0.wp.com\/www.academica.school\/news\/wp-content\/uploads\/2026\/04\/diploma-dual-jesuites-sarria.jpeg?fit=1200%2C972&ssl=1&resize=525%2C300 1.5x, https:\/\/i0.wp.com\/www.academica.school\/news\/wp-content\/uploads\/2026\/04\/diploma-dual-jesuites-sarria.jpeg?fit=1200%2C972&ssl=1&resize=700%2C400 2x, https:\/\/i0.wp.com\/www.academica.school\/news\/wp-content\/uploads\/2026\/04\/diploma-dual-jesuites-sarria.jpeg?fit=1200%2C972&ssl=1&resize=1050%2C600 3x"},"classes":[]},{"id":4319,"url":"https:\/\/www.academica.school\/news\/talento-esfuerzo-futuro-diploma-dual-jesuites-sant-gervasi\/","url_meta":{"origin":1920,"position":5},"title":"Talento, esfuerzo y futuro: as\u00ed trabajan los alumnos del Diploma Dual en el Colegio Jesu\u00eftes Sant Gervasi de Barcelona","author":"Academica Spain","date":"abril 22, 2026","format":false,"excerpt":"Hemos tenido el placer de visitar el Colegio Jesu\u00eftes Sant Gervasi de Barcelona, donde nos han recibido Enric, Director de Centro, y Brian, Director de Programa del Diploma Dual, quienes nos han permitido conocer de primera mano c\u00f3mo se est\u00e1 desarrollando el programa dentro de su proyecto educativo. Durante la\u2026","rel":"","context":"En \u00abLast News\u00bb","block_context":{"text":"Last News","link":"https:\/\/www.academica.school\/news\/last-news\/"},"img":{"alt_text":"Visita Colegio Jesu\u00eftes Sant Gervasi Barcelona","src":"https:\/\/i0.wp.com\/www.academica.school\/news\/wp-content\/uploads\/2026\/04\/diploma-dual-jesuites-st-gervasi-2.jpeg?fit=1000%2C750&ssl=1&resize=350%2C200","width":350,"height":200,"srcset":"https:\/\/i0.wp.com\/www.academica.school\/news\/wp-content\/uploads\/2026\/04\/diploma-dual-jesuites-st-gervasi-2.jpeg?fit=1000%2C750&ssl=1&resize=350%2C200 1x, https:\/\/i0.wp.com\/www.academica.school\/news\/wp-content\/uploads\/2026\/04\/diploma-dual-jesuites-st-gervasi-2.jpeg?fit=1000%2C750&ssl=1&resize=525%2C300 1.5x, https:\/\/i0.wp.com\/www.academica.school\/news\/wp-content\/uploads\/2026\/04\/diploma-dual-jesuites-st-gervasi-2.jpeg?fit=1000%2C750&ssl=1&resize=700%2C400 2x"},"classes":[]}],"_links":{"self":[{"href":"https:\/\/www.academica.school\/news\/wp-json\/wp\/v2\/posts\/1920","targetHints":{"allow":["GET"]}}],"collection":[{"href":"https:\/\/www.academica.school\/news\/wp-json\/wp\/v2\/posts"}],"about":[{"href":"https:\/\/www.academica.school\/news\/wp-json\/wp\/v2\/types\/post"}],"author":[{"embeddable":true,"href":"https:\/\/www.academica.school\/news\/wp-json\/wp\/v2\/users\/1"}],"replies":[{"embeddable":true,"href":"https:\/\/www.academica.school\/news\/wp-json\/wp\/v2\/comments?post=1920"}],"version-history":[{"count":2,"href":"https:\/\/www.academica.school\/news\/wp-json\/wp\/v2\/posts\/1920\/revisions"}],"predecessor-version":[{"id":1923,"href":"https:\/\/www.academica.school\/news\/wp-json\/wp\/v2\/posts\/1920\/revisions\/1923"}],"wp:featuredmedia":[{"embeddable":true,"href":"https:\/\/www.academica.school\/news\/wp-json\/wp\/v2\/media\/1922"}],"wp:attachment":[{"href":"https:\/\/www.academica.school\/news\/wp-json\/wp\/v2\/media?parent=1920"}],"wp:term":[{"taxonomy":"category","embeddable":true,"href":"https:\/\/www.academica.school\/news\/wp-json\/wp\/v2\/categories?post=1920"},{"taxonomy":"post_tag","embeddable":true,"href":"https:\/\/www.academica.school\/news\/wp-json\/wp\/v2\/tags?post=1920"}],"curies":[{"name":"wp","href":"https:\/\/api.w.org\/{rel}","templated":true}]}}