{"id":1931,"date":"2023-12-04T10:33:19","date_gmt":"2023-12-04T10:33:19","guid":{"rendered":"https:\/\/www.academica.school\/news\/?p=1931"},"modified":"2023-12-04T10:33:19","modified_gmt":"2023-12-04T10:33:19","slug":"la-mayor-ventaja-del-diploma-dual-es-la-amplitud-de-miras-que-te-proporciona-el-conocer-otras-culturas","status":"publish","type":"post","link":"https:\/\/www.academica.school\/news\/la-mayor-ventaja-del-diploma-dual-es-la-amplitud-de-miras-que-te-proporciona-el-conocer-otras-culturas\/","title":{"rendered":"\u00abLa mayor ventaja del Diploma Dual es la amplitud de miras que te proporciona el conocer otras culturas\u00bb"},"content":{"rendered":"<p>Entrevistamos a Gema Arango, Directora de Programa en el<strong>\u00a0Colegio Virgen Mediadora de<\/strong> <strong>Gij\u00f3n<\/strong>, quien nos cuenta su experiencia con el programa.<\/p>\n<p><!--more--><\/p>\n<p>Gema nos cuenta que hace 5 a\u00f1os que se encarga del programa, pero que a pesar de ello, ella lo conoce desde hace unos 10 a\u00f1os que fue cuando se implant\u00f3 el Diploma Dual en el colegio.<\/p>\n<p>&nbsp;<\/p>\n<p><strong>\u00bfQu\u00e9 tipo de tareas lleva impl\u00edcita esta responsabilidad para los que sois Directores de Programa?<\/strong><\/p>\n<div class=\"elementToProof\">Entre las responsabilidades como Directora del programa est\u00e1n el acompa\u00f1amiento al alumnado que cursa el Diploma Dual desde que todo empieza con el Test de Admisi\u00f3n hasta el d\u00eda de la graduaci\u00f3n cuando acaban, pasando por darles la bienvenida al programa, hacer un seguimiento de las tareas que presentan&#8230; sobre todo, acompa\u00f1arles en su recorrido por el Diploma Dual.<\/div>\n<div><\/div>\n<div class=\"elementToProof\">En nuestro caso, tenemos unos d\u00edas de tutor\u00eda presencial en el colegio en los que los alumnos que as\u00ed lo desean se quedan y pueden trabajar, condultar dudas y hacer las tareas en vez de hacerlas en casa.<\/div>\n<p>&nbsp;<\/p>\n<p><b>\u00bfQu\u00e9 cambios has ido notando en los alumnos inscritos en el programa a medida que han ido avanzando los a\u00f1os?<\/b><\/p>\n<div class=\"page\" title=\"Page 2\">\n<div class=\"section\">\n<div class=\"layoutArea\">\n<div class=\"column\">\n<p>La capacidad de organizaci\u00f3n, la responsabilidad, la autonom\u00eda&#8230; que van desarrollando seg\u00fan va pasando el tiempo. Adem\u00e1s, claro est\u00e1, del dominio del idioma y la p\u00e9rdida del miedo a expresarse en la lengua extranjera.<\/p>\n<p>&nbsp;<\/p>\n<\/div>\n<\/div>\n<\/div>\n<\/div>\n<p><b>\u00bfQu\u00e9 ventajas\u00a0crees que aporta estudiar un curricular de un pa\u00eds diferente al nuestro, como el estadounidense?<\/b><\/p>\n<div class=\"page\" title=\"Page 1\">\n<div class=\"section\">\n<div class=\"layoutArea\">\n<div class=\"column\">\n<div class=\"page\" title=\"Page 2\">\n<div class=\"section\">\n<div class=\"layoutArea\">\n<div class=\"column\">\n<p>Para m\u00ed, la mayor ventaja es la amplitud de miras que te proporciona el conocer otras culturas. Me parece que eso es algo que no se estudia, pero se adquiere al estar en contacto con otras asignaturas muy diferentes a las nuestras, alumnos de otros pa\u00edses, profesores acostumbrados a\u00a0 trabajar con alumnos de distintas procedencias&#8230; en fin una suma de factores quedan\u00a0como resultado un bagaje cultural muy muy completo.<\/p>\n<\/div>\n<\/div>\n<\/div>\n<\/div>\n<\/div>\n<\/div>\n<\/div>\n<\/div>\n<p>&nbsp;<\/p>\n<p><b>\u00bfCrees que aprenden los alumnos realmente ingl\u00e9s? \u00bfC\u00f3mo dir\u00edas que es ese aprendizaje?<\/b><\/p>\n<div class=\"page\" title=\"Page 2\">\n<div class=\"section\">\n<div class=\"layoutArea\">\n<div class=\"column\">\n<div class=\"page\" title=\"Page 2\">\n<div class=\"section\">\n<div class=\"layoutArea\">\n<div class=\"column\">\n<p>Por supuesto, aunque hay que decir que hay otras formas de aprender ingl\u00e9s y en el caso del Diploma Dual no s\u00f3lo se trata de aprender ingl\u00e9s.<\/p>\n<blockquote><p><strong>El aprendizaje va m\u00e1s all\u00e1, es mucho m\u00e1s completo con el \u00abplus\u00bb de que se cursa en la lengua extranjera y as\u00ed casi sin darse cuenta van desenvolvi\u00e9ndose en ingl\u00e9s en diferentes \u00e1mbitos.<\/strong><\/p><\/blockquote>\n<\/div>\n<\/div>\n<\/div>\n<\/div>\n<\/div>\n<\/div>\n<\/div>\n<\/div>\n<p>&nbsp;<\/p>\n<p><b>\u00bfSe nota ese nivel despu\u00e9s a la hora de cosechar buenos resultados en la Selectividad?<\/b><\/p>\n<div class=\"page\" title=\"Page 2\">\n<div class=\"section\">\n<div class=\"layoutArea\">\n<div class=\"column\">\n<div class=\"page\" title=\"Page 2\">\n<div class=\"section\">\n<div class=\"layoutArea\">\n<div class=\"column\">\n<p>S\u00ed, sin duda. Es normal, despu\u00e9s de 3 o 4 a\u00f1os utilizando el idioma casi a diario, se nota y mucho.<\/p>\n<p>&nbsp;<\/p>\n<\/div>\n<\/div>\n<\/div>\n<\/div>\n<\/div>\n<\/div>\n<\/div>\n<\/div>\n<p><b>\u00bfRecomendar\u00edas el Diploma Dual a aquellas familias y alumnos que puedan estar pensando en mejorar su ingl\u00e9s? \u00bfPor qu\u00e9?<\/b><\/p>\n<div class=\"page\" title=\"Page 2\">\n<div class=\"section\">\n<div class=\"layoutArea\">\n<div class=\"column\">\n<div class=\"page\" title=\"Page 3\">\n<div class=\"section\">\n<div class=\"layoutArea\">\n<div class=\"column\">\n<p>S\u00ed. Yo siempre comento lo mismo, es una oportunidad. Te permite conocer otras materias, otra forma de trabajar&#8230; otra cultura. Es cierto que hay hacer un esfuerzo extra, que es un proyecto a medio y largo plazo pero de verdad pienso que merece la pena.<\/p>\n<\/div>\n<\/div>\n<\/div>\n<\/div>\n<\/div>\n<\/div>\n<\/div>\n<\/div>\n<p>&nbsp;<\/p>\n<p><b>Por \u00faltimo, \u00bfcu\u00e1l ha sido tu mayor satisfacci\u00f3n como Directora de Programa a lo largo de estos a\u00f1os?<\/b><\/p>\n<div class=\"page\" title=\"Page 2\">\n<div class=\"section\">\n<div class=\"layoutArea\">\n<div class=\"column\">\n<div class=\"page\" title=\"Page 3\">\n<div class=\"section\">\n<div class=\"layoutArea\">\n<div class=\"column\">\n<p>Pues el ver como poco a poco van consiguiendo objetivos y aunque a veces algunos de ellos tienen dudas, la satisfacci\u00f3n que sienten al acabar y lo orgullosos que se sienten.<\/p>\n<\/div>\n<\/div>\n<\/div>\n<\/div>\n<\/div>\n<\/div>\n<\/div>\n<\/div>\n","protected":false},"excerpt":{"rendered":"<p>Entrevistamos a Gema Arango, Directora de Programa en el\u00a0Colegio Virgen Mediadora de Gij\u00f3n, quien nos cuenta su experiencia con el programa.<\/p>\n","protected":false},"author":1,"featured_media":1936,"comment_status":"closed","ping_status":"closed","sticky":false,"template":"","format":"standard","meta":{"_jetpack_memberships_contains_paid_content":false,"footnotes":""},"categories":[1],"tags":[9,198,63,208,497,4,245,222,229,498],"class_list":["post-1931","post","type-post","status-publish","format-standard","has-post-thumbnail","hentry","category-last-news","tag-academica","tag-american-high-school","tag-bachillerato-americano","tag-colegio","tag-colegio-virgen-mediadora","tag-diploma-dual","tag-director-de-programa","tag-dual-diploma","tag-entrevista","tag-gijon","clearfix"],"yoast_head":"<!-- This site is optimized with the Yoast SEO plugin v27.5 - https:\/\/yoast.com\/product\/yoast-seo-wordpress\/ -->\n<title>&quot;La mayor ventaja del Diploma Dual es la amplitud de miras que te proporciona el conocer otras culturas&quot; - Academica News<\/title>\n<meta name=\"description\" content=\"Entrevistamos a Gema Arango, Directora de Programa en el\u00a0Colegio Virgen Mediadora de Gij\u00f3n, quien nos cuenta su experiencia con el programa.\" \/>\n<meta name=\"robots\" content=\"index, follow, max-snippet:-1, max-image-preview:large, max-video-preview:-1\" \/>\n<link rel=\"canonical\" href=\"https:\/\/www.academica.school\/news\/la-mayor-ventaja-del-diploma-dual-es-la-amplitud-de-miras-que-te-proporciona-el-conocer-otras-culturas\/\" \/>\n<meta property=\"og:locale\" content=\"es_ES\" \/>\n<meta property=\"og:type\" content=\"article\" \/>\n<meta property=\"og:title\" content=\"&quot;La mayor ventaja del Diploma Dual es la amplitud de miras que te proporciona el conocer otras culturas&quot; - Academica News\" \/>\n<meta property=\"og:description\" content=\"Entrevistamos a Gema Arango, Directora de Programa en el\u00a0Colegio Virgen Mediadora de Gij\u00f3n, quien nos cuenta su experiencia con el programa.\" \/>\n<meta property=\"og:url\" content=\"https:\/\/www.academica.school\/news\/la-mayor-ventaja-del-diploma-dual-es-la-amplitud-de-miras-que-te-proporciona-el-conocer-otras-culturas\/\" \/>\n<meta property=\"og:site_name\" content=\"Academica News\" \/>\n<meta property=\"article:published_time\" content=\"2023-12-04T10:33:19+00:00\" \/>\n<meta property=\"og:image\" content=\"https:\/\/www.academica.school\/news\/wp-content\/uploads\/2023\/11\/ACADEMICA-DIPLOMA-DUAL-2.jpg\" \/>\n\t<meta property=\"og:image:width\" content=\"989\" \/>\n\t<meta property=\"og:image:height\" content=\"742\" \/>\n\t<meta property=\"og:image:type\" content=\"image\/jpeg\" \/>\n<meta name=\"author\" content=\"Academica Spain\" \/>\n<meta name=\"twitter:card\" content=\"summary_large_image\" \/>\n<meta name=\"twitter:label1\" content=\"Escrito por\" \/>\n\t<meta name=\"twitter:data1\" content=\"Academica Spain\" \/>\n\t<meta name=\"twitter:label2\" content=\"Tiempo de lectura\" \/>\n\t<meta name=\"twitter:data2\" content=\"3 minutos\" \/>\n<script type=\"application\/ld+json\" class=\"yoast-schema-graph\">{\"@context\":\"https:\\\/\\\/schema.org\",\"@graph\":[{\"@type\":\"Article\",\"@id\":\"https:\\\/\\\/www.academica.school\\\/news\\\/la-mayor-ventaja-del-diploma-dual-es-la-amplitud-de-miras-que-te-proporciona-el-conocer-otras-culturas\\\/#article\",\"isPartOf\":{\"@id\":\"https:\\\/\\\/www.academica.school\\\/news\\\/la-mayor-ventaja-del-diploma-dual-es-la-amplitud-de-miras-que-te-proporciona-el-conocer-otras-culturas\\\/\"},\"author\":{\"name\":\"Academica Spain\",\"@id\":\"https:\\\/\\\/www.academica.school\\\/news\\\/#\\\/schema\\\/person\\\/07ed699df26b3ae2c049959a107fce05\"},\"headline\":\"\u00abLa mayor ventaja del Diploma Dual es la amplitud de miras que te proporciona el conocer otras culturas\u00bb\",\"datePublished\":\"2023-12-04T10:33:19+00:00\",\"mainEntityOfPage\":{\"@id\":\"https:\\\/\\\/www.academica.school\\\/news\\\/la-mayor-ventaja-del-diploma-dual-es-la-amplitud-de-miras-que-te-proporciona-el-conocer-otras-culturas\\\/\"},\"wordCount\":594,\"publisher\":{\"@id\":\"https:\\\/\\\/www.academica.school\\\/news\\\/#organization\"},\"image\":{\"@id\":\"https:\\\/\\\/www.academica.school\\\/news\\\/la-mayor-ventaja-del-diploma-dual-es-la-amplitud-de-miras-que-te-proporciona-el-conocer-otras-culturas\\\/#primaryimage\"},\"thumbnailUrl\":\"https:\\\/\\\/i0.wp.com\\\/www.academica.school\\\/news\\\/wp-content\\\/uploads\\\/2023\\\/11\\\/ACADEMICA-DIPLOMA-DUAL-2.jpg?fit=989%2C742&ssl=1\",\"keywords\":[\"academica\",\"american high school\",\"bachillerato americano\",\"colegio\",\"colegio virgen mediadora\",\"Diploma Dual\",\"director de programa\",\"dual diploma\",\"entrevista\",\"gijon\"],\"articleSection\":[\"Last News\"],\"inLanguage\":\"es\"},{\"@type\":\"WebPage\",\"@id\":\"https:\\\/\\\/www.academica.school\\\/news\\\/la-mayor-ventaja-del-diploma-dual-es-la-amplitud-de-miras-que-te-proporciona-el-conocer-otras-culturas\\\/\",\"url\":\"https:\\\/\\\/www.academica.school\\\/news\\\/la-mayor-ventaja-del-diploma-dual-es-la-amplitud-de-miras-que-te-proporciona-el-conocer-otras-culturas\\\/\",\"name\":\"\\\"La mayor ventaja del Diploma Dual es la amplitud de miras que te proporciona el conocer otras culturas\\\" - Academica News\",\"isPartOf\":{\"@id\":\"https:\\\/\\\/www.academica.school\\\/news\\\/#website\"},\"primaryImageOfPage\":{\"@id\":\"https:\\\/\\\/www.academica.school\\\/news\\\/la-mayor-ventaja-del-diploma-dual-es-la-amplitud-de-miras-que-te-proporciona-el-conocer-otras-culturas\\\/#primaryimage\"},\"image\":{\"@id\":\"https:\\\/\\\/www.academica.school\\\/news\\\/la-mayor-ventaja-del-diploma-dual-es-la-amplitud-de-miras-que-te-proporciona-el-conocer-otras-culturas\\\/#primaryimage\"},\"thumbnailUrl\":\"https:\\\/\\\/i0.wp.com\\\/www.academica.school\\\/news\\\/wp-content\\\/uploads\\\/2023\\\/11\\\/ACADEMICA-DIPLOMA-DUAL-2.jpg?fit=989%2C742&ssl=1\",\"datePublished\":\"2023-12-04T10:33:19+00:00\",\"description\":\"Entrevistamos a Gema Arango, Directora de Programa en el\u00a0Colegio Virgen Mediadora de Gij\u00f3n, quien nos cuenta su experiencia con el programa.\",\"breadcrumb\":{\"@id\":\"https:\\\/\\\/www.academica.school\\\/news\\\/la-mayor-ventaja-del-diploma-dual-es-la-amplitud-de-miras-que-te-proporciona-el-conocer-otras-culturas\\\/#breadcrumb\"},\"inLanguage\":\"es\",\"potentialAction\":[{\"@type\":\"ReadAction\",\"target\":[\"https:\\\/\\\/www.academica.school\\\/news\\\/la-mayor-ventaja-del-diploma-dual-es-la-amplitud-de-miras-que-te-proporciona-el-conocer-otras-culturas\\\/\"]}]},{\"@type\":\"ImageObject\",\"inLanguage\":\"es\",\"@id\":\"https:\\\/\\\/www.academica.school\\\/news\\\/la-mayor-ventaja-del-diploma-dual-es-la-amplitud-de-miras-que-te-proporciona-el-conocer-otras-culturas\\\/#primaryimage\",\"url\":\"https:\\\/\\\/i0.wp.com\\\/www.academica.school\\\/news\\\/wp-content\\\/uploads\\\/2023\\\/11\\\/ACADEMICA-DIPLOMA-DUAL-2.jpg?fit=989%2C742&ssl=1\",\"contentUrl\":\"https:\\\/\\\/i0.wp.com\\\/www.academica.school\\\/news\\\/wp-content\\\/uploads\\\/2023\\\/11\\\/ACADEMICA-DIPLOMA-DUAL-2.jpg?fit=989%2C742&ssl=1\",\"width\":989,\"height\":742,\"caption\":\"ACADEMICA DIPLOMA DUAL\"},{\"@type\":\"BreadcrumbList\",\"@id\":\"https:\\\/\\\/www.academica.school\\\/news\\\/la-mayor-ventaja-del-diploma-dual-es-la-amplitud-de-miras-que-te-proporciona-el-conocer-otras-culturas\\\/#breadcrumb\",\"itemListElement\":[{\"@type\":\"ListItem\",\"position\":1,\"name\":\"Portada\",\"item\":\"https:\\\/\\\/www.academica.school\\\/news\\\/\"},{\"@type\":\"ListItem\",\"position\":2,\"name\":\"\u00abLa mayor ventaja del Diploma Dual es la amplitud de miras que te proporciona el conocer otras culturas\u00bb\"}]},{\"@type\":\"WebSite\",\"@id\":\"https:\\\/\\\/www.academica.school\\\/news\\\/#website\",\"url\":\"https:\\\/\\\/www.academica.school\\\/news\\\/\",\"name\":\"Academica News\",\"description\":\"todo lo que pasa en el mundo acad\u00e9mico, sobre universidades y cualquier evento o novedad en la que participemos\",\"publisher\":{\"@id\":\"https:\\\/\\\/www.academica.school\\\/news\\\/#organization\"},\"potentialAction\":[{\"@type\":\"SearchAction\",\"target\":{\"@type\":\"EntryPoint\",\"urlTemplate\":\"https:\\\/\\\/www.academica.school\\\/news\\\/?s={search_term_string}\"},\"query-input\":{\"@type\":\"PropertyValueSpecification\",\"valueRequired\":true,\"valueName\":\"search_term_string\"}}],\"inLanguage\":\"es\"},{\"@type\":\"Organization\",\"@id\":\"https:\\\/\\\/www.academica.school\\\/news\\\/#organization\",\"name\":\"Academica\",\"url\":\"https:\\\/\\\/www.academica.school\\\/news\\\/\",\"logo\":{\"@type\":\"ImageObject\",\"inLanguage\":\"es\",\"@id\":\"https:\\\/\\\/www.academica.school\\\/news\\\/#\\\/schema\\\/logo\\\/image\\\/\",\"url\":\"https:\\\/\\\/i1.wp.com\\\/www.academica.school\\\/news\\\/wp-content\\\/uploads\\\/2019\\\/11\\\/Captura-de-pantalla-2019-11-20-a-las-12.14.04.png?fit=799%2C500&ssl=1\",\"contentUrl\":\"https:\\\/\\\/i1.wp.com\\\/www.academica.school\\\/news\\\/wp-content\\\/uploads\\\/2019\\\/11\\\/Captura-de-pantalla-2019-11-20-a-las-12.14.04.png?fit=799%2C500&ssl=1\",\"width\":799,\"height\":500,\"caption\":\"Academica\"},\"image\":{\"@id\":\"https:\\\/\\\/www.academica.school\\\/news\\\/#\\\/schema\\\/logo\\\/image\\\/\"}},{\"@type\":\"Person\",\"@id\":\"https:\\\/\\\/www.academica.school\\\/news\\\/#\\\/schema\\\/person\\\/07ed699df26b3ae2c049959a107fce05\",\"name\":\"Academica Spain\",\"image\":{\"@type\":\"ImageObject\",\"inLanguage\":\"es\",\"@id\":\"https:\\\/\\\/secure.gravatar.com\\\/avatar\\\/24d850e4f123aaa0ad5edf9a3fb1d97a98b831f0571142c5dc4b3add4e2db2ea?s=96&d=mm&r=g\",\"url\":\"https:\\\/\\\/secure.gravatar.com\\\/avatar\\\/24d850e4f123aaa0ad5edf9a3fb1d97a98b831f0571142c5dc4b3add4e2db2ea?s=96&d=mm&r=g\",\"contentUrl\":\"https:\\\/\\\/secure.gravatar.com\\\/avatar\\\/24d850e4f123aaa0ad5edf9a3fb1d97a98b831f0571142c5dc4b3add4e2db2ea?s=96&d=mm&r=g\",\"caption\":\"Academica Spain\"},\"url\":\"https:\\\/\\\/www.academica.school\\\/news\\\/author\\\/jasubal\\\/\"}]}<\/script>\n<!-- \/ Yoast SEO plugin. -->","yoast_head_json":{"title":"\"La mayor ventaja del Diploma Dual es la amplitud de miras que te proporciona el conocer otras culturas\" - Academica News","description":"Entrevistamos a Gema Arango, Directora de Programa en el\u00a0Colegio Virgen Mediadora de Gij\u00f3n, quien nos cuenta su experiencia con el programa.","robots":{"index":"index","follow":"follow","max-snippet":"max-snippet:-1","max-image-preview":"max-image-preview:large","max-video-preview":"max-video-preview:-1"},"canonical":"https:\/\/www.academica.school\/news\/la-mayor-ventaja-del-diploma-dual-es-la-amplitud-de-miras-que-te-proporciona-el-conocer-otras-culturas\/","og_locale":"es_ES","og_type":"article","og_title":"\"La mayor ventaja del Diploma Dual es la amplitud de miras que te proporciona el conocer otras culturas\" - Academica News","og_description":"Entrevistamos a Gema Arango, Directora de Programa en el\u00a0Colegio Virgen Mediadora de Gij\u00f3n, quien nos cuenta su experiencia con el programa.","og_url":"https:\/\/www.academica.school\/news\/la-mayor-ventaja-del-diploma-dual-es-la-amplitud-de-miras-que-te-proporciona-el-conocer-otras-culturas\/","og_site_name":"Academica News","article_published_time":"2023-12-04T10:33:19+00:00","og_image":[{"width":989,"height":742,"url":"https:\/\/www.academica.school\/news\/wp-content\/uploads\/2023\/11\/ACADEMICA-DIPLOMA-DUAL-2.jpg","type":"image\/jpeg"}],"author":"Academica Spain","twitter_card":"summary_large_image","twitter_misc":{"Escrito por":"Academica Spain","Tiempo de lectura":"3 minutos"},"schema":{"@context":"https:\/\/schema.org","@graph":[{"@type":"Article","@id":"https:\/\/www.academica.school\/news\/la-mayor-ventaja-del-diploma-dual-es-la-amplitud-de-miras-que-te-proporciona-el-conocer-otras-culturas\/#article","isPartOf":{"@id":"https:\/\/www.academica.school\/news\/la-mayor-ventaja-del-diploma-dual-es-la-amplitud-de-miras-que-te-proporciona-el-conocer-otras-culturas\/"},"author":{"name":"Academica Spain","@id":"https:\/\/www.academica.school\/news\/#\/schema\/person\/07ed699df26b3ae2c049959a107fce05"},"headline":"\u00abLa mayor ventaja del Diploma Dual es la amplitud de miras que te proporciona el conocer otras culturas\u00bb","datePublished":"2023-12-04T10:33:19+00:00","mainEntityOfPage":{"@id":"https:\/\/www.academica.school\/news\/la-mayor-ventaja-del-diploma-dual-es-la-amplitud-de-miras-que-te-proporciona-el-conocer-otras-culturas\/"},"wordCount":594,"publisher":{"@id":"https:\/\/www.academica.school\/news\/#organization"},"image":{"@id":"https:\/\/www.academica.school\/news\/la-mayor-ventaja-del-diploma-dual-es-la-amplitud-de-miras-que-te-proporciona-el-conocer-otras-culturas\/#primaryimage"},"thumbnailUrl":"https:\/\/i0.wp.com\/www.academica.school\/news\/wp-content\/uploads\/2023\/11\/ACADEMICA-DIPLOMA-DUAL-2.jpg?fit=989%2C742&ssl=1","keywords":["academica","american high school","bachillerato americano","colegio","colegio virgen mediadora","Diploma Dual","director de programa","dual diploma","entrevista","gijon"],"articleSection":["Last News"],"inLanguage":"es"},{"@type":"WebPage","@id":"https:\/\/www.academica.school\/news\/la-mayor-ventaja-del-diploma-dual-es-la-amplitud-de-miras-que-te-proporciona-el-conocer-otras-culturas\/","url":"https:\/\/www.academica.school\/news\/la-mayor-ventaja-del-diploma-dual-es-la-amplitud-de-miras-que-te-proporciona-el-conocer-otras-culturas\/","name":"\"La mayor ventaja del Diploma Dual es la amplitud de miras que te proporciona el conocer otras culturas\" - Academica News","isPartOf":{"@id":"https:\/\/www.academica.school\/news\/#website"},"primaryImageOfPage":{"@id":"https:\/\/www.academica.school\/news\/la-mayor-ventaja-del-diploma-dual-es-la-amplitud-de-miras-que-te-proporciona-el-conocer-otras-culturas\/#primaryimage"},"image":{"@id":"https:\/\/www.academica.school\/news\/la-mayor-ventaja-del-diploma-dual-es-la-amplitud-de-miras-que-te-proporciona-el-conocer-otras-culturas\/#primaryimage"},"thumbnailUrl":"https:\/\/i0.wp.com\/www.academica.school\/news\/wp-content\/uploads\/2023\/11\/ACADEMICA-DIPLOMA-DUAL-2.jpg?fit=989%2C742&ssl=1","datePublished":"2023-12-04T10:33:19+00:00","description":"Entrevistamos a Gema Arango, Directora de Programa en el\u00a0Colegio Virgen Mediadora de Gij\u00f3n, quien nos cuenta su experiencia con el programa.","breadcrumb":{"@id":"https:\/\/www.academica.school\/news\/la-mayor-ventaja-del-diploma-dual-es-la-amplitud-de-miras-que-te-proporciona-el-conocer-otras-culturas\/#breadcrumb"},"inLanguage":"es","potentialAction":[{"@type":"ReadAction","target":["https:\/\/www.academica.school\/news\/la-mayor-ventaja-del-diploma-dual-es-la-amplitud-de-miras-que-te-proporciona-el-conocer-otras-culturas\/"]}]},{"@type":"ImageObject","inLanguage":"es","@id":"https:\/\/www.academica.school\/news\/la-mayor-ventaja-del-diploma-dual-es-la-amplitud-de-miras-que-te-proporciona-el-conocer-otras-culturas\/#primaryimage","url":"https:\/\/i0.wp.com\/www.academica.school\/news\/wp-content\/uploads\/2023\/11\/ACADEMICA-DIPLOMA-DUAL-2.jpg?fit=989%2C742&ssl=1","contentUrl":"https:\/\/i0.wp.com\/www.academica.school\/news\/wp-content\/uploads\/2023\/11\/ACADEMICA-DIPLOMA-DUAL-2.jpg?fit=989%2C742&ssl=1","width":989,"height":742,"caption":"ACADEMICA DIPLOMA DUAL"},{"@type":"BreadcrumbList","@id":"https:\/\/www.academica.school\/news\/la-mayor-ventaja-del-diploma-dual-es-la-amplitud-de-miras-que-te-proporciona-el-conocer-otras-culturas\/#breadcrumb","itemListElement":[{"@type":"ListItem","position":1,"name":"Portada","item":"https:\/\/www.academica.school\/news\/"},{"@type":"ListItem","position":2,"name":"\u00abLa mayor ventaja del Diploma Dual es la amplitud de miras que te proporciona el conocer otras culturas\u00bb"}]},{"@type":"WebSite","@id":"https:\/\/www.academica.school\/news\/#website","url":"https:\/\/www.academica.school\/news\/","name":"Academica News","description":"todo lo que pasa en el mundo acad\u00e9mico, sobre universidades y cualquier evento o novedad en la que participemos","publisher":{"@id":"https:\/\/www.academica.school\/news\/#organization"},"potentialAction":[{"@type":"SearchAction","target":{"@type":"EntryPoint","urlTemplate":"https:\/\/www.academica.school\/news\/?s={search_term_string}"},"query-input":{"@type":"PropertyValueSpecification","valueRequired":true,"valueName":"search_term_string"}}],"inLanguage":"es"},{"@type":"Organization","@id":"https:\/\/www.academica.school\/news\/#organization","name":"Academica","url":"https:\/\/www.academica.school\/news\/","logo":{"@type":"ImageObject","inLanguage":"es","@id":"https:\/\/www.academica.school\/news\/#\/schema\/logo\/image\/","url":"https:\/\/i1.wp.com\/www.academica.school\/news\/wp-content\/uploads\/2019\/11\/Captura-de-pantalla-2019-11-20-a-las-12.14.04.png?fit=799%2C500&ssl=1","contentUrl":"https:\/\/i1.wp.com\/www.academica.school\/news\/wp-content\/uploads\/2019\/11\/Captura-de-pantalla-2019-11-20-a-las-12.14.04.png?fit=799%2C500&ssl=1","width":799,"height":500,"caption":"Academica"},"image":{"@id":"https:\/\/www.academica.school\/news\/#\/schema\/logo\/image\/"}},{"@type":"Person","@id":"https:\/\/www.academica.school\/news\/#\/schema\/person\/07ed699df26b3ae2c049959a107fce05","name":"Academica Spain","image":{"@type":"ImageObject","inLanguage":"es","@id":"https:\/\/secure.gravatar.com\/avatar\/24d850e4f123aaa0ad5edf9a3fb1d97a98b831f0571142c5dc4b3add4e2db2ea?s=96&d=mm&r=g","url":"https:\/\/secure.gravatar.com\/avatar\/24d850e4f123aaa0ad5edf9a3fb1d97a98b831f0571142c5dc4b3add4e2db2ea?s=96&d=mm&r=g","contentUrl":"https:\/\/secure.gravatar.com\/avatar\/24d850e4f123aaa0ad5edf9a3fb1d97a98b831f0571142c5dc4b3add4e2db2ea?s=96&d=mm&r=g","caption":"Academica Spain"},"url":"https:\/\/www.academica.school\/news\/author\/jasubal\/"}]}},"jetpack_featured_media_url":"https:\/\/i0.wp.com\/www.academica.school\/news\/wp-content\/uploads\/2023\/11\/ACADEMICA-DIPLOMA-DUAL-2.jpg?fit=989%2C742&ssl=1","jetpack_sharing_enabled":true,"jetpack_shortlink":"https:\/\/wp.me\/p8RDKh-v9","jetpack-related-posts":[{"id":4121,"url":"https:\/\/www.academica.school\/news\/diploma-dual-colegio-balder-de-madrid\/","url_meta":{"origin":1931,"position":0},"title":"El Diploma Dual en el Colegio Balder de Madrid","author":"Academica Spain","date":"febrero 24, 2026","format":"video","excerpt":"Lorena, Directora de Programa del Diploma Dual en el Colegio Balder de Madrid nos cuenta en qu\u00e9 consiste el programa y las ventajas que conlleva cursarlo. En este v\u00eddeo, tambi\u00e9n nos explica su labor como Directora de Programa, destacando el seguimiento y apoyo que ofrece a los alumnos que est\u00e1n\u2026","rel":"","context":"En \u00abLast News\u00bb","block_context":{"text":"Last News","link":"https:\/\/www.academica.school\/news\/last-news\/"},"img":{"alt_text":"V\u00eddeo Colegio Balder Madrid","src":"https:\/\/i0.wp.com\/www.academica.school\/news\/wp-content\/uploads\/2026\/02\/Captura-de-pantalla-2026-02-24-a-las-11.01.59.png?fit=1200%2C574&ssl=1&resize=350%2C200","width":350,"height":200,"srcset":"https:\/\/i0.wp.com\/www.academica.school\/news\/wp-content\/uploads\/2026\/02\/Captura-de-pantalla-2026-02-24-a-las-11.01.59.png?fit=1200%2C574&ssl=1&resize=350%2C200 1x, https:\/\/i0.wp.com\/www.academica.school\/news\/wp-content\/uploads\/2026\/02\/Captura-de-pantalla-2026-02-24-a-las-11.01.59.png?fit=1200%2C574&ssl=1&resize=525%2C300 1.5x, https:\/\/i0.wp.com\/www.academica.school\/news\/wp-content\/uploads\/2026\/02\/Captura-de-pantalla-2026-02-24-a-las-11.01.59.png?fit=1200%2C574&ssl=1&resize=700%2C400 2x, https:\/\/i0.wp.com\/www.academica.school\/news\/wp-content\/uploads\/2026\/02\/Captura-de-pantalla-2026-02-24-a-las-11.01.59.png?fit=1200%2C574&ssl=1&resize=1050%2C600 3x"},"classes":[]},{"id":1312,"url":"https:\/\/www.academica.school\/news\/mi-mayor-satisfaccion-como-directora-del-programa-ha-sido-y-siempre-sera-ver-la-recompensa-y-los-logros-de-nuestros-alumno\/","url_meta":{"origin":1931,"position":1},"title":"\u00abMi mayor satisfacci\u00f3n como Directora del Programa ha sido y siempre ser\u00e1 ver la recompensa y los logros de nuestros alumnos\u00bb","author":"Academica Spain","date":"enero 17, 2022","format":false,"excerpt":"Julie Jordan es la Directora del Programa Diploma Dual en el colegio CEU San Pablo-Montepr\u00edncipe de Madrid. \"Participar en el programa Diploma Dual les ayuda a ser m\u00e1s independientes en su proceso de aprendizaje, lo que a su vez se ve reflejado en sus estudios\", nos cuenta en esta entrevista.\u2026","rel":"","context":"En \u00abLast News\u00bb","block_context":{"text":"Last News","link":"https:\/\/www.academica.school\/news\/last-news\/"},"img":{"alt_text":"","src":"https:\/\/i0.wp.com\/www.academica.school\/news\/wp-content\/uploads\/2022\/01\/Julie-Jordan.jpg?fit=800%2C500&ssl=1&resize=350%2C200","width":350,"height":200,"srcset":"https:\/\/i0.wp.com\/www.academica.school\/news\/wp-content\/uploads\/2022\/01\/Julie-Jordan.jpg?fit=800%2C500&ssl=1&resize=350%2C200 1x, https:\/\/i0.wp.com\/www.academica.school\/news\/wp-content\/uploads\/2022\/01\/Julie-Jordan.jpg?fit=800%2C500&ssl=1&resize=525%2C300 1.5x, https:\/\/i0.wp.com\/www.academica.school\/news\/wp-content\/uploads\/2022\/01\/Julie-Jordan.jpg?fit=800%2C500&ssl=1&resize=700%2C400 2x"},"classes":[]},{"id":1882,"url":"https:\/\/www.academica.school\/news\/los-alumnos-del-diploma-dual-ponen-en-practica-todo-su-potencial-y-amplian-sus-conocimientos-no-solo-del-idioma-sino-de-otras-disciplinas\/","url_meta":{"origin":1931,"position":2},"title":"\u00abLos alumnos del Diploma Dual ponen en pr\u00e1ctica todo su potencial y amplian sus conocimientos no s\u00f3lo del idioma sino de otras disciplinas\u00bb","author":"Academica Spain","date":"octubre 23, 2023","format":false,"excerpt":"Entrevistamos a Gema L\u00f3pez y Roc\u00edo Mart\u00ednez, Directoras de Programa en el\u00a0Colegio FEC La Sagrada Familia de Cuenca, quienes nos cuentan su experiencia con el programa. El colegio lleva ofreciendo el programa desde el curso 2019\/20, en ese momento era solamente Gema la responsable del mismo. Sin embargo, fue el\u2026","rel":"","context":"En \u00abLast News\u00bb","block_context":{"text":"Last News","link":"https:\/\/www.academica.school\/news\/last-news\/"},"img":{"alt_text":"ACADEMICA DIPLOMA DUAL","src":"https:\/\/i0.wp.com\/www.academica.school\/news\/wp-content\/uploads\/2023\/10\/ACADEMICA-DIPLOMA-DUAL-e1698047064434.jpg?fit=717%2C744&ssl=1&resize=350%2C200","width":350,"height":200,"srcset":"https:\/\/i0.wp.com\/www.academica.school\/news\/wp-content\/uploads\/2023\/10\/ACADEMICA-DIPLOMA-DUAL-e1698047064434.jpg?fit=717%2C744&ssl=1&resize=350%2C200 1x, https:\/\/i0.wp.com\/www.academica.school\/news\/wp-content\/uploads\/2023\/10\/ACADEMICA-DIPLOMA-DUAL-e1698047064434.jpg?fit=717%2C744&ssl=1&resize=525%2C300 1.5x, https:\/\/i0.wp.com\/www.academica.school\/news\/wp-content\/uploads\/2023\/10\/ACADEMICA-DIPLOMA-DUAL-e1698047064434.jpg?fit=717%2C744&ssl=1&resize=700%2C400 2x"},"classes":[]},{"id":3507,"url":"https:\/\/www.academica.school\/news\/autonomia-mayor-cambio-en-alumnos-diploma-dual\/","url_meta":{"origin":1931,"position":3},"title":"\u00abLa autonom\u00eda es el mayor de los cambios que noto en los alumnos del Diploma Dual\u00bb","author":"Academica Spain","date":"marzo 18, 2026","format":false,"excerpt":"Entrevistamos a Carmen Fortea, Directora de Programa en el Colegio Almedina de C\u00f3rdoba, quien nos cuenta su experiencia con el programa. Comenc\u00e9 como Directora de Programa en el a\u00f1o 2016, el mismo a\u00f1o en que se instaur\u00f3 en el colegio. \u00bfQu\u00e9 tipo de tareas lleva impl\u00edcita esta responsabilidad para los\u2026","rel":"","context":"En \u00abLast News\u00bb","block_context":{"text":"Last News","link":"https:\/\/www.academica.school\/news\/last-news\/"},"img":{"alt_text":"diploma-dual-almedina","src":"https:\/\/i0.wp.com\/www.academica.school\/news\/wp-content\/uploads\/2025\/10\/diploma-dual-almedina-scaled-e1760714215698.jpg?fit=900%2C1201&ssl=1&resize=350%2C200","width":350,"height":200,"srcset":"https:\/\/i0.wp.com\/www.academica.school\/news\/wp-content\/uploads\/2025\/10\/diploma-dual-almedina-scaled-e1760714215698.jpg?fit=900%2C1201&ssl=1&resize=350%2C200 1x, https:\/\/i0.wp.com\/www.academica.school\/news\/wp-content\/uploads\/2025\/10\/diploma-dual-almedina-scaled-e1760714215698.jpg?fit=900%2C1201&ssl=1&resize=525%2C300 1.5x, https:\/\/i0.wp.com\/www.academica.school\/news\/wp-content\/uploads\/2025\/10\/diploma-dual-almedina-scaled-e1760714215698.jpg?fit=900%2C1201&ssl=1&resize=700%2C400 2x"},"classes":[]},{"id":3725,"url":"https:\/\/www.academica.school\/news\/compromiso-excelencia-diploma-dual-colegio-ceu-virgen-nina-vitoria\/","url_meta":{"origin":1931,"position":4},"title":"Compromiso y excelencia educativa: el Diploma Dual en el Colegio CEU Virgen Ni\u00f1a de Vitoria","author":"Academica Spain","date":"diciembre 2, 2025","format":false,"excerpt":"Hemos tenido el placer de visitar el Colegio CEU Virgen Ni\u00f1a de Vitoria, donde hemos podido conocer c\u00f3mo est\u00e1n llevando el Diploma Dual y el impacto que est\u00e1 teniendo en sus estudiantes. Desde el primer momento, hemos podido ver que este centro no solo se enfoca en la excelencia acad\u00e9mica,\u2026","rel":"","context":"En \u00abLast News\u00bb","block_context":{"text":"Last News","link":"https:\/\/www.academica.school\/news\/last-news\/"},"img":{"alt_text":"Visita al Colegio CEU Virgen Ni\u00f1a de Vitoria","src":"https:\/\/i0.wp.com\/www.academica.school\/news\/wp-content\/uploads\/2025\/12\/diploma-dual-ceu-virgen-nina-e1764601831662.jpg?fit=1040%2C1200&ssl=1&resize=350%2C200","width":350,"height":200,"srcset":"https:\/\/i0.wp.com\/www.academica.school\/news\/wp-content\/uploads\/2025\/12\/diploma-dual-ceu-virgen-nina-e1764601831662.jpg?fit=1040%2C1200&ssl=1&resize=350%2C200 1x, https:\/\/i0.wp.com\/www.academica.school\/news\/wp-content\/uploads\/2025\/12\/diploma-dual-ceu-virgen-nina-e1764601831662.jpg?fit=1040%2C1200&ssl=1&resize=525%2C300 1.5x, https:\/\/i0.wp.com\/www.academica.school\/news\/wp-content\/uploads\/2025\/12\/diploma-dual-ceu-virgen-nina-e1764601831662.jpg?fit=1040%2C1200&ssl=1&resize=700%2C400 2x"},"classes":[]},{"id":1900,"url":"https:\/\/www.academica.school\/news\/mi-mayor-satisfaccion-es-que-los-alumnos-del-diploma-dual-son-capaces-de-lograr-sus-suenos\/","url_meta":{"origin":1931,"position":5},"title":"\u00abMi mayor satisfacci\u00f3n es que los alumnos del Diploma Dual son capaces de lograr sus sue\u00f1os\u00bb","author":"Academica Spain","date":"noviembre 6, 2023","format":false,"excerpt":"Entrevistamos a Leire Salas, Directora de Programa en el\u00a0Colegio La Anunciata Ikastetxea de San Sebasti\u00e1n, quien nos cuenta su experiencia con el programa. Comenz\u00f3 hace 5 a\u00f1os a encargarse del Diploma Dual en su colegio y desde entonces sigue aport\u00e1ndole nuevos retos y aprendizaje. \u00a0 \u00bfQu\u00e9 tipo de tareas lleva\u2026","rel":"","context":"En \u00abLast News\u00bb","block_context":{"text":"Last News","link":"https:\/\/www.academica.school\/news\/last-news\/"},"img":{"alt_text":"ACADEMICA DIPLOMA DUAL","src":"https:\/\/i0.wp.com\/www.academica.school\/news\/wp-content\/uploads\/2023\/10\/ACADEMICA-DIPLOMA-DUAL-1-e1698156795506.jpg?fit=768%2C665&ssl=1&resize=350%2C200","width":350,"height":200,"srcset":"https:\/\/i0.wp.com\/www.academica.school\/news\/wp-content\/uploads\/2023\/10\/ACADEMICA-DIPLOMA-DUAL-1-e1698156795506.jpg?fit=768%2C665&ssl=1&resize=350%2C200 1x, https:\/\/i0.wp.com\/www.academica.school\/news\/wp-content\/uploads\/2023\/10\/ACADEMICA-DIPLOMA-DUAL-1-e1698156795506.jpg?fit=768%2C665&ssl=1&resize=525%2C300 1.5x, https:\/\/i0.wp.com\/www.academica.school\/news\/wp-content\/uploads\/2023\/10\/ACADEMICA-DIPLOMA-DUAL-1-e1698156795506.jpg?fit=768%2C665&ssl=1&resize=700%2C400 2x"},"classes":[]}],"_links":{"self":[{"href":"https:\/\/www.academica.school\/news\/wp-json\/wp\/v2\/posts\/1931","targetHints":{"allow":["GET"]}}],"collection":[{"href":"https:\/\/www.academica.school\/news\/wp-json\/wp\/v2\/posts"}],"about":[{"href":"https:\/\/www.academica.school\/news\/wp-json\/wp\/v2\/types\/post"}],"author":[{"embeddable":true,"href":"https:\/\/www.academica.school\/news\/wp-json\/wp\/v2\/users\/1"}],"replies":[{"embeddable":true,"href":"https:\/\/www.academica.school\/news\/wp-json\/wp\/v2\/comments?post=1931"}],"version-history":[{"count":4,"href":"https:\/\/www.academica.school\/news\/wp-json\/wp\/v2\/posts\/1931\/revisions"}],"predecessor-version":[{"id":1990,"href":"https:\/\/www.academica.school\/news\/wp-json\/wp\/v2\/posts\/1931\/revisions\/1990"}],"wp:featuredmedia":[{"embeddable":true,"href":"https:\/\/www.academica.school\/news\/wp-json\/wp\/v2\/media\/1936"}],"wp:attachment":[{"href":"https:\/\/www.academica.school\/news\/wp-json\/wp\/v2\/media?parent=1931"}],"wp:term":[{"taxonomy":"category","embeddable":true,"href":"https:\/\/www.academica.school\/news\/wp-json\/wp\/v2\/categories?post=1931"},{"taxonomy":"post_tag","embeddable":true,"href":"https:\/\/www.academica.school\/news\/wp-json\/wp\/v2\/tags?post=1931"}],"curies":[{"name":"wp","href":"https:\/\/api.w.org\/{rel}","templated":true}]}}