{"id":1979,"date":"2024-01-22T10:37:49","date_gmt":"2024-01-22T10:37:49","guid":{"rendered":"https:\/\/www.academica.school\/news\/?p=1979"},"modified":"2024-01-22T10:38:36","modified_gmt":"2024-01-22T10:38:36","slug":"tanto-yo-como-las-familias-pensamos-que-el-diploma-dual-supone-un-gran-crecimiento-a-nivel-personal-de-los-alumnos","status":"publish","type":"post","link":"https:\/\/www.academica.school\/news\/tanto-yo-como-las-familias-pensamos-que-el-diploma-dual-supone-un-gran-crecimiento-a-nivel-personal-de-los-alumnos\/","title":{"rendered":"\u00abTanto yo como las familias pensamos que el Diploma Dual supone un gran crecimiento a nivel personal de los alumnos\u00bb"},"content":{"rendered":"<p>Entrevistamos a Paloma de Riquer, Directora de Programa en el<strong>\u00a0Colegio Nazaret-Oporto de Madrid<\/strong>, quien nos cuenta su experiencia con el programa.<\/p>\n<p><!--more--><\/p>\n<p>El Diploma Dual arranc\u00f3 en su centro en el a\u00f1o 2020 y desde el principio ha sido la Directora de Programa.<\/p>\n<p>&nbsp;<\/p>\n<p><strong>\u00bfQu\u00e9 tipo de tareas lleva impl\u00edcita esta responsabilidad para los que sois Directores de Programa?<\/strong><\/p>\n<div class=\"page\" title=\"Page 1\">\n<div class=\"section\">\n<div class=\"layoutArea\">\n<div class=\"column\">\n<div class=\"page\" title=\"Page 1\">\n<div class=\"section\">\n<div class=\"layoutArea\">\n<div class=\"column\">\n<div class=\"page\" title=\"Page 1\">\n<div class=\"section\">\n<div class=\"layoutArea\">\n<div class=\"column\">\n<p>Acompa\u00f1arles en un nuevo reto para ellos y hacerles crecer tanto a nivel ling\u00fc\u00edstico como personal y tecnol\u00f3gico es uno de los grandes objetivos que nos planteamos desde que comienzan su andadura.<\/p>\n<\/div>\n<\/div>\n<\/div>\n<\/div>\n<\/div>\n<\/div>\n<\/div>\n<\/div>\n<\/div>\n<\/div>\n<\/div>\n<\/div>\n<p>&nbsp;<\/p>\n<p><b>\u00bfQu\u00e9 cambios has ido notando en los alumnos inscritos en el programa a medida que han ido avanzando los a\u00f1os?<\/b><\/p>\n<div class=\"page\" title=\"Page 2\">\n<div class=\"section\">\n<div class=\"layoutArea\">\n<div class=\"column\">\n<div class=\"page\" title=\"Page 1\">\n<div class=\"section\">\n<div class=\"layoutArea\">\n<div class=\"column\">\n<p>Cuando se inscriben en el Diploma Dual les invito a la hora en la que los compa\u00f1eros que ya lo cursan est\u00e1n trabajando y eso genera una conexi\u00f3n entre los alumnos que forman parte del programa. Eso provoca que vengan sin miedos y con entusiasmo. Adem\u00e1s, se genera una red de colaboraci\u00f3n entre ellos a pesar de ser de diferentes cursos que tambi\u00e9n es bonita de ver desde fuera.<\/p>\n<\/div>\n<\/div>\n<\/div>\n<\/div>\n<p>&nbsp;<\/p>\n<\/div>\n<\/div>\n<\/div>\n<\/div>\n<p><b>\u00bfQu\u00e9 ventajas crees que aporta estudiar un curricular de un pa\u00eds diferente al nuestro, como el estadounidense?<\/b><\/p>\n<div class=\"page\" title=\"Page 1\">\n<div class=\"section\">\n<div class=\"layoutArea\">\n<div class=\"column\">\n<div class=\"page\" title=\"Page 2\">\n<div class=\"section\">\n<div class=\"layoutArea\">\n<div class=\"column\">\n<div class=\"page\" title=\"Page 1\">\n<div class=\"section\">\n<div class=\"layoutArea\">\n<div class=\"column\">\n<p>Principalmente dir\u00eda que estudiar con un m\u00e9todo diferente al que tenemos en Espa\u00f1a, mucho m\u00e1s pr\u00e1ctico y din\u00e1mico que genera un aprendizaje y unas habilidades que les ser\u00e1n muy \u00fatiles en el largo plazo.<\/p>\n<\/div>\n<\/div>\n<\/div>\n<\/div>\n<\/div>\n<\/div>\n<\/div>\n<\/div>\n<\/div>\n<\/div>\n<\/div>\n<\/div>\n<p>&nbsp;<\/p>\n<p><b>\u00bfCrees que aprenden los alumnos realmente ingl\u00e9s? \u00bfC\u00f3mo dir\u00edas que es ese aprendizaje?<\/b><\/p>\n<div class=\"page\" title=\"Page 2\">\n<div class=\"section\">\n<div class=\"layoutArea\">\n<div class=\"column\">\n<div class=\"page\" title=\"Page 2\">\n<div class=\"section\">\n<div class=\"layoutArea\">\n<div class=\"column\">\n<div class=\"page\" title=\"Page 1\">\n<div class=\"section\">\n<div class=\"layoutArea\">\n<div class=\"column\">\n<p>Sin duda alguna aprenden a desenvolverse usando esta segunda lengua no s\u00f3lo para sus tareas sino como herramienta de comunicaci\u00f3n para su profesora. Es un aprendizaje vivo, real y siempre contextualizado.<\/p>\n<\/div>\n<\/div>\n<\/div>\n<\/div>\n<\/div>\n<\/div>\n<\/div>\n<\/div>\n<\/div>\n<\/div>\n<\/div>\n<\/div>\n<p>&nbsp;<\/p>\n<p><b>\u00bfRecomendar\u00edas el Diploma Dual a aquellas familias y alumnos que puedan estar pensando en mejorar su ingl\u00e9s? \u00bfPor qu\u00e9?<\/b><\/p>\n<div class=\"page\" title=\"Page 2\">\n<div class=\"section\">\n<div class=\"layoutArea\">\n<div class=\"column\">\n<div class=\"page\" title=\"Page 3\">\n<div class=\"section\">\n<div class=\"layoutArea\">\n<div class=\"column\">\n<div class=\"page\" title=\"Page 1\">\n<div class=\"section\">\n<div class=\"layoutArea\">\n<div class=\"column\">\n<p>Sin duda alguna aprenden a conocer el ingl\u00e9s desde otra perspectiva y como veh\u00edculo para comunicarse. M\u00e1s all\u00e1 del crecimiento ling\u00fc\u00edstico, muchas familias nos cuentan que donde m\u00e1s observan el crecimiento en sus hijos es a nivel personal porque crecen en aspectos vitales como la organizaci\u00f3n y saber combinar dos programas de estudio de forma simult\u00e1nea.<\/p>\n<\/div>\n<\/div>\n<\/div>\n<\/div>\n<\/div>\n<\/div>\n<\/div>\n<\/div>\n<\/div>\n<\/div>\n<\/div>\n<\/div>\n<p>&nbsp;<\/p>\n<p><b>Por \u00faltimo, \u00bfcu\u00e1l ha sido tu mayor satisfacci\u00f3n como Directora de Programa a lo largo de estos a\u00f1os?<\/b><\/p>\n<div class=\"page\" title=\"Page 2\">\n<div class=\"section\">\n<div class=\"layoutArea\">\n<div class=\"column\">\n<div class=\"page\" title=\"Page 3\">\n<div class=\"section\">\n<div class=\"layoutArea\">\n<div class=\"column\">\n<div class=\"page\" title=\"Page 1\">\n<div class=\"section\">\n<div class=\"layoutArea\">\n<div class=\"column\">\n<p>Sin duda alguna ver el crecimiento que tienen mis alumnos en diferentes \u00e1mbitos. Me da mucha envidia sana que ellos tengan una oportunidad que a m\u00ed me gustar\u00eda haber tenido en mi \u00e9poca de estudiante. Rompe fronteras, agiliza mentes y genera un aprendizaje real y con garant\u00edas de futuro.<\/p>\n<\/div>\n<\/div>\n<\/div>\n<\/div>\n<\/div>\n<\/div>\n<\/div>\n<\/div>\n<\/div>\n<\/div>\n<\/div>\n<\/div>\n","protected":false},"excerpt":{"rendered":"<p>Entrevistamos a Paloma de Riquer, Directora de Programa en el\u00a0Colegio Nazaret-Oporto de Madrid, quien nos cuenta su experiencia con el programa.<\/p>\n","protected":false},"author":1,"featured_media":1980,"comment_status":"closed","ping_status":"closed","sticky":false,"template":"","format":"standard","meta":{"_jetpack_memberships_contains_paid_content":false,"footnotes":""},"categories":[1],"tags":[9,139,198,63,326,4,240,222,229,79],"class_list":["post-1979","post","type-post","status-publish","format-standard","has-post-thumbnail","hentry","category-last-news","tag-academica","tag-academica-spain","tag-american-high-school","tag-bachillerato-americano","tag-colegio-nazaret-oporto","tag-diploma-dual","tag-directora-de-programa","tag-dual-diploma","tag-entrevista","tag-madrid","clearfix"],"yoast_head":"<!-- This site is optimized with the Yoast SEO plugin v27.4 - https:\/\/yoast.com\/product\/yoast-seo-wordpress\/ -->\n<title>&quot;Tanto yo como las familias pensamos que el Diploma Dual supone un gran crecimiento a nivel personal de los alumnos&quot; - Academica News<\/title>\n<meta name=\"description\" content=\"Entrevistamos a Paloma de Riquer, Directora de Programa en el\u00a0Colegio Nazaret-Oporto de Madrid, quien nos cuenta su experiencia.\" \/>\n<meta name=\"robots\" content=\"index, follow, max-snippet:-1, max-image-preview:large, max-video-preview:-1\" \/>\n<link rel=\"canonical\" href=\"https:\/\/www.academica.school\/news\/tanto-yo-como-las-familias-pensamos-que-el-diploma-dual-supone-un-gran-crecimiento-a-nivel-personal-de-los-alumnos\/\" \/>\n<meta property=\"og:locale\" content=\"es_ES\" \/>\n<meta property=\"og:type\" content=\"article\" \/>\n<meta property=\"og:title\" content=\"&quot;Tanto yo como las familias pensamos que el Diploma Dual supone un gran crecimiento a nivel personal de los alumnos&quot; - Academica News\" \/>\n<meta property=\"og:description\" content=\"Entrevistamos a Paloma de Riquer, Directora de Programa en el\u00a0Colegio Nazaret-Oporto de Madrid, quien nos cuenta su experiencia.\" \/>\n<meta property=\"og:url\" content=\"https:\/\/www.academica.school\/news\/tanto-yo-como-las-familias-pensamos-que-el-diploma-dual-supone-un-gran-crecimiento-a-nivel-personal-de-los-alumnos\/\" \/>\n<meta property=\"og:site_name\" content=\"Academica News\" \/>\n<meta property=\"article:published_time\" content=\"2024-01-22T10:37:49+00:00\" \/>\n<meta property=\"article:modified_time\" content=\"2024-01-22T10:38:36+00:00\" \/>\n<meta property=\"og:image\" content=\"https:\/\/www.academica.school\/news\/wp-content\/uploads\/2023\/11\/20231122_113928-scaled-e1705919905652.jpg\" \/>\n\t<meta property=\"og:image:width\" content=\"1335\" \/>\n\t<meta property=\"og:image:height\" content=\"1105\" \/>\n\t<meta property=\"og:image:type\" content=\"image\/jpeg\" \/>\n<meta name=\"author\" content=\"Academica Spain\" \/>\n<meta name=\"twitter:card\" content=\"summary_large_image\" \/>\n<meta name=\"twitter:label1\" content=\"Escrito por\" \/>\n\t<meta name=\"twitter:data1\" content=\"Academica Spain\" \/>\n\t<meta name=\"twitter:label2\" content=\"Tiempo de lectura\" \/>\n\t<meta name=\"twitter:data2\" content=\"3 minutos\" \/>\n<script type=\"application\/ld+json\" class=\"yoast-schema-graph\">{\"@context\":\"https:\\\/\\\/schema.org\",\"@graph\":[{\"@type\":\"Article\",\"@id\":\"https:\\\/\\\/www.academica.school\\\/news\\\/tanto-yo-como-las-familias-pensamos-que-el-diploma-dual-supone-un-gran-crecimiento-a-nivel-personal-de-los-alumnos\\\/#article\",\"isPartOf\":{\"@id\":\"https:\\\/\\\/www.academica.school\\\/news\\\/tanto-yo-como-las-familias-pensamos-que-el-diploma-dual-supone-un-gran-crecimiento-a-nivel-personal-de-los-alumnos\\\/\"},\"author\":{\"name\":\"Academica Spain\",\"@id\":\"https:\\\/\\\/www.academica.school\\\/news\\\/#\\\/schema\\\/person\\\/07ed699df26b3ae2c049959a107fce05\"},\"headline\":\"\u00abTanto yo como las familias pensamos que el Diploma Dual supone un gran crecimiento a nivel personal de los alumnos\u00bb\",\"datePublished\":\"2024-01-22T10:37:49+00:00\",\"dateModified\":\"2024-01-22T10:38:36+00:00\",\"mainEntityOfPage\":{\"@id\":\"https:\\\/\\\/www.academica.school\\\/news\\\/tanto-yo-como-las-familias-pensamos-que-el-diploma-dual-supone-un-gran-crecimiento-a-nivel-personal-de-los-alumnos\\\/\"},\"wordCount\":480,\"publisher\":{\"@id\":\"https:\\\/\\\/www.academica.school\\\/news\\\/#organization\"},\"image\":{\"@id\":\"https:\\\/\\\/www.academica.school\\\/news\\\/tanto-yo-como-las-familias-pensamos-que-el-diploma-dual-supone-un-gran-crecimiento-a-nivel-personal-de-los-alumnos\\\/#primaryimage\"},\"thumbnailUrl\":\"https:\\\/\\\/i0.wp.com\\\/www.academica.school\\\/news\\\/wp-content\\\/uploads\\\/2023\\\/11\\\/20231122_113928-scaled-e1705919905652.jpg?fit=1335%2C1105&ssl=1\",\"keywords\":[\"academica\",\"academica spain\",\"american high school\",\"bachillerato americano\",\"Colegio Nazaret-Oporto\",\"Diploma Dual\",\"directora de programa\",\"dual diploma\",\"entrevista\",\"madrid\"],\"articleSection\":[\"Last News\"],\"inLanguage\":\"es\"},{\"@type\":\"WebPage\",\"@id\":\"https:\\\/\\\/www.academica.school\\\/news\\\/tanto-yo-como-las-familias-pensamos-que-el-diploma-dual-supone-un-gran-crecimiento-a-nivel-personal-de-los-alumnos\\\/\",\"url\":\"https:\\\/\\\/www.academica.school\\\/news\\\/tanto-yo-como-las-familias-pensamos-que-el-diploma-dual-supone-un-gran-crecimiento-a-nivel-personal-de-los-alumnos\\\/\",\"name\":\"\\\"Tanto yo como las familias pensamos que el Diploma Dual supone un gran crecimiento a nivel personal de los alumnos\\\" - Academica News\",\"isPartOf\":{\"@id\":\"https:\\\/\\\/www.academica.school\\\/news\\\/#website\"},\"primaryImageOfPage\":{\"@id\":\"https:\\\/\\\/www.academica.school\\\/news\\\/tanto-yo-como-las-familias-pensamos-que-el-diploma-dual-supone-un-gran-crecimiento-a-nivel-personal-de-los-alumnos\\\/#primaryimage\"},\"image\":{\"@id\":\"https:\\\/\\\/www.academica.school\\\/news\\\/tanto-yo-como-las-familias-pensamos-que-el-diploma-dual-supone-un-gran-crecimiento-a-nivel-personal-de-los-alumnos\\\/#primaryimage\"},\"thumbnailUrl\":\"https:\\\/\\\/i0.wp.com\\\/www.academica.school\\\/news\\\/wp-content\\\/uploads\\\/2023\\\/11\\\/20231122_113928-scaled-e1705919905652.jpg?fit=1335%2C1105&ssl=1\",\"datePublished\":\"2024-01-22T10:37:49+00:00\",\"dateModified\":\"2024-01-22T10:38:36+00:00\",\"description\":\"Entrevistamos a Paloma de Riquer, Directora de Programa en el\u00a0Colegio Nazaret-Oporto de Madrid, quien nos cuenta su experiencia.\",\"breadcrumb\":{\"@id\":\"https:\\\/\\\/www.academica.school\\\/news\\\/tanto-yo-como-las-familias-pensamos-que-el-diploma-dual-supone-un-gran-crecimiento-a-nivel-personal-de-los-alumnos\\\/#breadcrumb\"},\"inLanguage\":\"es\",\"potentialAction\":[{\"@type\":\"ReadAction\",\"target\":[\"https:\\\/\\\/www.academica.school\\\/news\\\/tanto-yo-como-las-familias-pensamos-que-el-diploma-dual-supone-un-gran-crecimiento-a-nivel-personal-de-los-alumnos\\\/\"]}]},{\"@type\":\"ImageObject\",\"inLanguage\":\"es\",\"@id\":\"https:\\\/\\\/www.academica.school\\\/news\\\/tanto-yo-como-las-familias-pensamos-que-el-diploma-dual-supone-un-gran-crecimiento-a-nivel-personal-de-los-alumnos\\\/#primaryimage\",\"url\":\"https:\\\/\\\/i0.wp.com\\\/www.academica.school\\\/news\\\/wp-content\\\/uploads\\\/2023\\\/11\\\/20231122_113928-scaled-e1705919905652.jpg?fit=1335%2C1105&ssl=1\",\"contentUrl\":\"https:\\\/\\\/i0.wp.com\\\/www.academica.school\\\/news\\\/wp-content\\\/uploads\\\/2023\\\/11\\\/20231122_113928-scaled-e1705919905652.jpg?fit=1335%2C1105&ssl=1\",\"width\":1335,\"height\":1105,\"caption\":\"ACADEMICA DIPLOMA DUAL\"},{\"@type\":\"BreadcrumbList\",\"@id\":\"https:\\\/\\\/www.academica.school\\\/news\\\/tanto-yo-como-las-familias-pensamos-que-el-diploma-dual-supone-un-gran-crecimiento-a-nivel-personal-de-los-alumnos\\\/#breadcrumb\",\"itemListElement\":[{\"@type\":\"ListItem\",\"position\":1,\"name\":\"Portada\",\"item\":\"https:\\\/\\\/www.academica.school\\\/news\\\/\"},{\"@type\":\"ListItem\",\"position\":2,\"name\":\"\u00abTanto yo como las familias pensamos que el Diploma Dual supone un gran crecimiento a nivel personal de los alumnos\u00bb\"}]},{\"@type\":\"WebSite\",\"@id\":\"https:\\\/\\\/www.academica.school\\\/news\\\/#website\",\"url\":\"https:\\\/\\\/www.academica.school\\\/news\\\/\",\"name\":\"Academica News\",\"description\":\"todo lo que pasa en el mundo acad\u00e9mico, sobre universidades y cualquier evento o novedad en la que participemos\",\"publisher\":{\"@id\":\"https:\\\/\\\/www.academica.school\\\/news\\\/#organization\"},\"potentialAction\":[{\"@type\":\"SearchAction\",\"target\":{\"@type\":\"EntryPoint\",\"urlTemplate\":\"https:\\\/\\\/www.academica.school\\\/news\\\/?s={search_term_string}\"},\"query-input\":{\"@type\":\"PropertyValueSpecification\",\"valueRequired\":true,\"valueName\":\"search_term_string\"}}],\"inLanguage\":\"es\"},{\"@type\":\"Organization\",\"@id\":\"https:\\\/\\\/www.academica.school\\\/news\\\/#organization\",\"name\":\"Academica\",\"url\":\"https:\\\/\\\/www.academica.school\\\/news\\\/\",\"logo\":{\"@type\":\"ImageObject\",\"inLanguage\":\"es\",\"@id\":\"https:\\\/\\\/www.academica.school\\\/news\\\/#\\\/schema\\\/logo\\\/image\\\/\",\"url\":\"https:\\\/\\\/i1.wp.com\\\/www.academica.school\\\/news\\\/wp-content\\\/uploads\\\/2019\\\/11\\\/Captura-de-pantalla-2019-11-20-a-las-12.14.04.png?fit=799%2C500&ssl=1\",\"contentUrl\":\"https:\\\/\\\/i1.wp.com\\\/www.academica.school\\\/news\\\/wp-content\\\/uploads\\\/2019\\\/11\\\/Captura-de-pantalla-2019-11-20-a-las-12.14.04.png?fit=799%2C500&ssl=1\",\"width\":799,\"height\":500,\"caption\":\"Academica\"},\"image\":{\"@id\":\"https:\\\/\\\/www.academica.school\\\/news\\\/#\\\/schema\\\/logo\\\/image\\\/\"}},{\"@type\":\"Person\",\"@id\":\"https:\\\/\\\/www.academica.school\\\/news\\\/#\\\/schema\\\/person\\\/07ed699df26b3ae2c049959a107fce05\",\"name\":\"Academica Spain\",\"image\":{\"@type\":\"ImageObject\",\"inLanguage\":\"es\",\"@id\":\"https:\\\/\\\/secure.gravatar.com\\\/avatar\\\/24d850e4f123aaa0ad5edf9a3fb1d97a98b831f0571142c5dc4b3add4e2db2ea?s=96&d=mm&r=g\",\"url\":\"https:\\\/\\\/secure.gravatar.com\\\/avatar\\\/24d850e4f123aaa0ad5edf9a3fb1d97a98b831f0571142c5dc4b3add4e2db2ea?s=96&d=mm&r=g\",\"contentUrl\":\"https:\\\/\\\/secure.gravatar.com\\\/avatar\\\/24d850e4f123aaa0ad5edf9a3fb1d97a98b831f0571142c5dc4b3add4e2db2ea?s=96&d=mm&r=g\",\"caption\":\"Academica Spain\"},\"url\":\"https:\\\/\\\/www.academica.school\\\/news\\\/author\\\/jasubal\\\/\"}]}<\/script>\n<!-- \/ Yoast SEO plugin. -->","yoast_head_json":{"title":"\"Tanto yo como las familias pensamos que el Diploma Dual supone un gran crecimiento a nivel personal de los alumnos\" - Academica News","description":"Entrevistamos a Paloma de Riquer, Directora de Programa en el\u00a0Colegio Nazaret-Oporto de Madrid, quien nos cuenta su experiencia.","robots":{"index":"index","follow":"follow","max-snippet":"max-snippet:-1","max-image-preview":"max-image-preview:large","max-video-preview":"max-video-preview:-1"},"canonical":"https:\/\/www.academica.school\/news\/tanto-yo-como-las-familias-pensamos-que-el-diploma-dual-supone-un-gran-crecimiento-a-nivel-personal-de-los-alumnos\/","og_locale":"es_ES","og_type":"article","og_title":"\"Tanto yo como las familias pensamos que el Diploma Dual supone un gran crecimiento a nivel personal de los alumnos\" - Academica News","og_description":"Entrevistamos a Paloma de Riquer, Directora de Programa en el\u00a0Colegio Nazaret-Oporto de Madrid, quien nos cuenta su experiencia.","og_url":"https:\/\/www.academica.school\/news\/tanto-yo-como-las-familias-pensamos-que-el-diploma-dual-supone-un-gran-crecimiento-a-nivel-personal-de-los-alumnos\/","og_site_name":"Academica News","article_published_time":"2024-01-22T10:37:49+00:00","article_modified_time":"2024-01-22T10:38:36+00:00","og_image":[{"width":1335,"height":1105,"url":"https:\/\/www.academica.school\/news\/wp-content\/uploads\/2023\/11\/20231122_113928-scaled-e1705919905652.jpg","type":"image\/jpeg"}],"author":"Academica Spain","twitter_card":"summary_large_image","twitter_misc":{"Escrito por":"Academica Spain","Tiempo de lectura":"3 minutos"},"schema":{"@context":"https:\/\/schema.org","@graph":[{"@type":"Article","@id":"https:\/\/www.academica.school\/news\/tanto-yo-como-las-familias-pensamos-que-el-diploma-dual-supone-un-gran-crecimiento-a-nivel-personal-de-los-alumnos\/#article","isPartOf":{"@id":"https:\/\/www.academica.school\/news\/tanto-yo-como-las-familias-pensamos-que-el-diploma-dual-supone-un-gran-crecimiento-a-nivel-personal-de-los-alumnos\/"},"author":{"name":"Academica Spain","@id":"https:\/\/www.academica.school\/news\/#\/schema\/person\/07ed699df26b3ae2c049959a107fce05"},"headline":"\u00abTanto yo como las familias pensamos que el Diploma Dual supone un gran crecimiento a nivel personal de los alumnos\u00bb","datePublished":"2024-01-22T10:37:49+00:00","dateModified":"2024-01-22T10:38:36+00:00","mainEntityOfPage":{"@id":"https:\/\/www.academica.school\/news\/tanto-yo-como-las-familias-pensamos-que-el-diploma-dual-supone-un-gran-crecimiento-a-nivel-personal-de-los-alumnos\/"},"wordCount":480,"publisher":{"@id":"https:\/\/www.academica.school\/news\/#organization"},"image":{"@id":"https:\/\/www.academica.school\/news\/tanto-yo-como-las-familias-pensamos-que-el-diploma-dual-supone-un-gran-crecimiento-a-nivel-personal-de-los-alumnos\/#primaryimage"},"thumbnailUrl":"https:\/\/i0.wp.com\/www.academica.school\/news\/wp-content\/uploads\/2023\/11\/20231122_113928-scaled-e1705919905652.jpg?fit=1335%2C1105&ssl=1","keywords":["academica","academica spain","american high school","bachillerato americano","Colegio Nazaret-Oporto","Diploma Dual","directora de programa","dual diploma","entrevista","madrid"],"articleSection":["Last News"],"inLanguage":"es"},{"@type":"WebPage","@id":"https:\/\/www.academica.school\/news\/tanto-yo-como-las-familias-pensamos-que-el-diploma-dual-supone-un-gran-crecimiento-a-nivel-personal-de-los-alumnos\/","url":"https:\/\/www.academica.school\/news\/tanto-yo-como-las-familias-pensamos-que-el-diploma-dual-supone-un-gran-crecimiento-a-nivel-personal-de-los-alumnos\/","name":"\"Tanto yo como las familias pensamos que el Diploma Dual supone un gran crecimiento a nivel personal de los alumnos\" - Academica News","isPartOf":{"@id":"https:\/\/www.academica.school\/news\/#website"},"primaryImageOfPage":{"@id":"https:\/\/www.academica.school\/news\/tanto-yo-como-las-familias-pensamos-que-el-diploma-dual-supone-un-gran-crecimiento-a-nivel-personal-de-los-alumnos\/#primaryimage"},"image":{"@id":"https:\/\/www.academica.school\/news\/tanto-yo-como-las-familias-pensamos-que-el-diploma-dual-supone-un-gran-crecimiento-a-nivel-personal-de-los-alumnos\/#primaryimage"},"thumbnailUrl":"https:\/\/i0.wp.com\/www.academica.school\/news\/wp-content\/uploads\/2023\/11\/20231122_113928-scaled-e1705919905652.jpg?fit=1335%2C1105&ssl=1","datePublished":"2024-01-22T10:37:49+00:00","dateModified":"2024-01-22T10:38:36+00:00","description":"Entrevistamos a Paloma de Riquer, Directora de Programa en el\u00a0Colegio Nazaret-Oporto de Madrid, quien nos cuenta su experiencia.","breadcrumb":{"@id":"https:\/\/www.academica.school\/news\/tanto-yo-como-las-familias-pensamos-que-el-diploma-dual-supone-un-gran-crecimiento-a-nivel-personal-de-los-alumnos\/#breadcrumb"},"inLanguage":"es","potentialAction":[{"@type":"ReadAction","target":["https:\/\/www.academica.school\/news\/tanto-yo-como-las-familias-pensamos-que-el-diploma-dual-supone-un-gran-crecimiento-a-nivel-personal-de-los-alumnos\/"]}]},{"@type":"ImageObject","inLanguage":"es","@id":"https:\/\/www.academica.school\/news\/tanto-yo-como-las-familias-pensamos-que-el-diploma-dual-supone-un-gran-crecimiento-a-nivel-personal-de-los-alumnos\/#primaryimage","url":"https:\/\/i0.wp.com\/www.academica.school\/news\/wp-content\/uploads\/2023\/11\/20231122_113928-scaled-e1705919905652.jpg?fit=1335%2C1105&ssl=1","contentUrl":"https:\/\/i0.wp.com\/www.academica.school\/news\/wp-content\/uploads\/2023\/11\/20231122_113928-scaled-e1705919905652.jpg?fit=1335%2C1105&ssl=1","width":1335,"height":1105,"caption":"ACADEMICA DIPLOMA DUAL"},{"@type":"BreadcrumbList","@id":"https:\/\/www.academica.school\/news\/tanto-yo-como-las-familias-pensamos-que-el-diploma-dual-supone-un-gran-crecimiento-a-nivel-personal-de-los-alumnos\/#breadcrumb","itemListElement":[{"@type":"ListItem","position":1,"name":"Portada","item":"https:\/\/www.academica.school\/news\/"},{"@type":"ListItem","position":2,"name":"\u00abTanto yo como las familias pensamos que el Diploma Dual supone un gran crecimiento a nivel personal de los alumnos\u00bb"}]},{"@type":"WebSite","@id":"https:\/\/www.academica.school\/news\/#website","url":"https:\/\/www.academica.school\/news\/","name":"Academica News","description":"todo lo que pasa en el mundo acad\u00e9mico, sobre universidades y cualquier evento o novedad en la que participemos","publisher":{"@id":"https:\/\/www.academica.school\/news\/#organization"},"potentialAction":[{"@type":"SearchAction","target":{"@type":"EntryPoint","urlTemplate":"https:\/\/www.academica.school\/news\/?s={search_term_string}"},"query-input":{"@type":"PropertyValueSpecification","valueRequired":true,"valueName":"search_term_string"}}],"inLanguage":"es"},{"@type":"Organization","@id":"https:\/\/www.academica.school\/news\/#organization","name":"Academica","url":"https:\/\/www.academica.school\/news\/","logo":{"@type":"ImageObject","inLanguage":"es","@id":"https:\/\/www.academica.school\/news\/#\/schema\/logo\/image\/","url":"https:\/\/i1.wp.com\/www.academica.school\/news\/wp-content\/uploads\/2019\/11\/Captura-de-pantalla-2019-11-20-a-las-12.14.04.png?fit=799%2C500&ssl=1","contentUrl":"https:\/\/i1.wp.com\/www.academica.school\/news\/wp-content\/uploads\/2019\/11\/Captura-de-pantalla-2019-11-20-a-las-12.14.04.png?fit=799%2C500&ssl=1","width":799,"height":500,"caption":"Academica"},"image":{"@id":"https:\/\/www.academica.school\/news\/#\/schema\/logo\/image\/"}},{"@type":"Person","@id":"https:\/\/www.academica.school\/news\/#\/schema\/person\/07ed699df26b3ae2c049959a107fce05","name":"Academica Spain","image":{"@type":"ImageObject","inLanguage":"es","@id":"https:\/\/secure.gravatar.com\/avatar\/24d850e4f123aaa0ad5edf9a3fb1d97a98b831f0571142c5dc4b3add4e2db2ea?s=96&d=mm&r=g","url":"https:\/\/secure.gravatar.com\/avatar\/24d850e4f123aaa0ad5edf9a3fb1d97a98b831f0571142c5dc4b3add4e2db2ea?s=96&d=mm&r=g","contentUrl":"https:\/\/secure.gravatar.com\/avatar\/24d850e4f123aaa0ad5edf9a3fb1d97a98b831f0571142c5dc4b3add4e2db2ea?s=96&d=mm&r=g","caption":"Academica Spain"},"url":"https:\/\/www.academica.school\/news\/author\/jasubal\/"}]}},"jetpack_featured_media_url":"https:\/\/i0.wp.com\/www.academica.school\/news\/wp-content\/uploads\/2023\/11\/20231122_113928-scaled-e1705919905652.jpg?fit=1335%2C1105&ssl=1","jetpack_sharing_enabled":true,"jetpack_shortlink":"https:\/\/wp.me\/p8RDKh-vV","jetpack-related-posts":[{"id":1300,"url":"https:\/\/www.academica.school\/news\/el-diploma-dual-en-el-colegio-nazaret-oporto-madrid\/","url_meta":{"origin":1979,"position":0},"title":"El Diploma Dual en el Colegio Nazaret-Oporto (Madrid)","author":"Academica Spain","date":"diciembre 14, 2021","format":"video","excerpt":"Jhon Jairo Idrobo Brito, alumno del Colegio Nazaret-Oporto (Madrid) nos ofrece su testimonio sobre el Diploma Dual de Academica y por qu\u00e9 razones lo recomienda a todo el mundo. El Diploma Dual es el programa oficial de convalidaci\u00f3n internacional de t\u00edtulos de Bachillerato creado y desarrollado por Academica. Los alumnos\u2026","rel":"","context":"En \u00abLast News\u00bb","block_context":{"text":"Last News","link":"https:\/\/www.academica.school\/news\/last-news\/"},"img":{"alt_text":"","src":"https:\/\/i0.wp.com\/www.academica.school\/news\/wp-content\/uploads\/2021\/12\/Jon-Jairo.jpg?fit=800%2C500&ssl=1&resize=350%2C200","width":350,"height":200,"srcset":"https:\/\/i0.wp.com\/www.academica.school\/news\/wp-content\/uploads\/2021\/12\/Jon-Jairo.jpg?fit=800%2C500&ssl=1&resize=350%2C200 1x, https:\/\/i0.wp.com\/www.academica.school\/news\/wp-content\/uploads\/2021\/12\/Jon-Jairo.jpg?fit=800%2C500&ssl=1&resize=525%2C300 1.5x, https:\/\/i0.wp.com\/www.academica.school\/news\/wp-content\/uploads\/2021\/12\/Jon-Jairo.jpg?fit=800%2C500&ssl=1&resize=700%2C400 2x"},"classes":[]},{"id":4121,"url":"https:\/\/www.academica.school\/news\/diploma-dual-colegio-balder-de-madrid\/","url_meta":{"origin":1979,"position":1},"title":"El Diploma Dual en el Colegio Balder de Madrid","author":"Academica Spain","date":"febrero 24, 2026","format":"video","excerpt":"Lorena, Directora de Programa del Diploma Dual en el Colegio Balder de Madrid nos cuenta en qu\u00e9 consiste el programa y las ventajas que conlleva cursarlo. En este v\u00eddeo, tambi\u00e9n nos explica su labor como Directora de Programa, destacando el seguimiento y apoyo que ofrece a los alumnos que est\u00e1n\u2026","rel":"","context":"En \u00abLast News\u00bb","block_context":{"text":"Last News","link":"https:\/\/www.academica.school\/news\/last-news\/"},"img":{"alt_text":"V\u00eddeo Colegio Balder Madrid","src":"https:\/\/i0.wp.com\/www.academica.school\/news\/wp-content\/uploads\/2026\/02\/Captura-de-pantalla-2026-02-24-a-las-11.01.59.png?fit=1200%2C574&ssl=1&resize=350%2C200","width":350,"height":200,"srcset":"https:\/\/i0.wp.com\/www.academica.school\/news\/wp-content\/uploads\/2026\/02\/Captura-de-pantalla-2026-02-24-a-las-11.01.59.png?fit=1200%2C574&ssl=1&resize=350%2C200 1x, https:\/\/i0.wp.com\/www.academica.school\/news\/wp-content\/uploads\/2026\/02\/Captura-de-pantalla-2026-02-24-a-las-11.01.59.png?fit=1200%2C574&ssl=1&resize=525%2C300 1.5x, https:\/\/i0.wp.com\/www.academica.school\/news\/wp-content\/uploads\/2026\/02\/Captura-de-pantalla-2026-02-24-a-las-11.01.59.png?fit=1200%2C574&ssl=1&resize=700%2C400 2x, https:\/\/i0.wp.com\/www.academica.school\/news\/wp-content\/uploads\/2026\/02\/Captura-de-pantalla-2026-02-24-a-las-11.01.59.png?fit=1200%2C574&ssl=1&resize=1050%2C600 3x"},"classes":[]},{"id":3963,"url":"https:\/\/www.academica.school\/news\/conociendo-alumnos-diploma-dual-la-inmaculada-ikastetxea-barakaldo\/","url_meta":{"origin":1979,"position":2},"title":"Conociendo de cerca a los alumnos del Diploma Dual en el Colegio La Inmaculada Ikastetxea de Barakaldo","author":"Academica Spain","date":"enero 16, 2026","format":false,"excerpt":"Iratxe, Directora de Programa del Colegio La Inmaculada Ikastetxea de Barakaldo, nos abri\u00f3 las puertas del centro para compartir su experiencia con el Diploma Dual y mostrarnos c\u00f3mo este programa forma parte del d\u00eda a d\u00eda del alumnado. El colegio apuesta por la innovaci\u00f3n y el acompa\u00f1amiento cercano, creando un\u2026","rel":"","context":"En \u00abLast News\u00bb","block_context":{"text":"Last News","link":"https:\/\/www.academica.school\/news\/last-news\/"},"img":{"alt_text":"Visita al Colegio La Inmaculada Ikastetxea Barakaldo","src":"https:\/\/i0.wp.com\/www.academica.school\/news\/wp-content\/uploads\/2026\/01\/diploma-dual-la-inmaculada-barakaldo-e1768549065666.jpg?fit=1200%2C900&ssl=1&resize=350%2C200","width":350,"height":200,"srcset":"https:\/\/i0.wp.com\/www.academica.school\/news\/wp-content\/uploads\/2026\/01\/diploma-dual-la-inmaculada-barakaldo-e1768549065666.jpg?fit=1200%2C900&ssl=1&resize=350%2C200 1x, https:\/\/i0.wp.com\/www.academica.school\/news\/wp-content\/uploads\/2026\/01\/diploma-dual-la-inmaculada-barakaldo-e1768549065666.jpg?fit=1200%2C900&ssl=1&resize=525%2C300 1.5x, https:\/\/i0.wp.com\/www.academica.school\/news\/wp-content\/uploads\/2026\/01\/diploma-dual-la-inmaculada-barakaldo-e1768549065666.jpg?fit=1200%2C900&ssl=1&resize=700%2C400 2x, https:\/\/i0.wp.com\/www.academica.school\/news\/wp-content\/uploads\/2026\/01\/diploma-dual-la-inmaculada-barakaldo-e1768549065666.jpg?fit=1200%2C900&ssl=1&resize=1050%2C600 3x"},"classes":[]},{"id":3497,"url":"https:\/\/www.academica.school\/news\/diploma-dual-colegio-santa-maria-del-carmen-madrid\/","url_meta":{"origin":1979,"position":3},"title":"El Diploma Dual en el Colegio Santa Mar\u00eda del Carmen de Madrid","author":"Academica Spain","date":"octubre 17, 2025","format":false,"excerpt":"Ayer visitamos el Colegio Santa Mar\u00eda del Carmen de Madrid que ofrece el Diploma Dual, con el objetivo de conocer de primera mano c\u00f3mo se est\u00e1 desarrollando el programa y la evoluci\u00f3n de los alumnos que lo est\u00e1n cursando. El Diploma Dual es el programa oficial de convalidaci\u00f3n internacional de\u2026","rel":"","context":"En \u00abLast News\u00bb","block_context":{"text":"Last News","link":"https:\/\/www.academica.school\/news\/last-news\/"},"img":{"alt_text":"diploma-dual-santa-maria-carmen","src":"https:\/\/i0.wp.com\/www.academica.school\/news\/wp-content\/uploads\/2025\/10\/diploma-dual-santa-maria-carmen-e1760694900917.jpg?fit=900%2C1200&ssl=1&resize=350%2C200","width":350,"height":200,"srcset":"https:\/\/i0.wp.com\/www.academica.school\/news\/wp-content\/uploads\/2025\/10\/diploma-dual-santa-maria-carmen-e1760694900917.jpg?fit=900%2C1200&ssl=1&resize=350%2C200 1x, https:\/\/i0.wp.com\/www.academica.school\/news\/wp-content\/uploads\/2025\/10\/diploma-dual-santa-maria-carmen-e1760694900917.jpg?fit=900%2C1200&ssl=1&resize=525%2C300 1.5x, https:\/\/i0.wp.com\/www.academica.school\/news\/wp-content\/uploads\/2025\/10\/diploma-dual-santa-maria-carmen-e1760694900917.jpg?fit=900%2C1200&ssl=1&resize=700%2C400 2x"},"classes":[]},{"id":3791,"url":"https:\/\/www.academica.school\/news\/innovacion-crecimiento-academico-diploma-dual-dominiques-barcelona\/","url_meta":{"origin":1979,"position":4},"title":"Innovaci\u00f3n y crecimiento acad\u00e9mico: el Diploma Dual en el Colegio Dominiques de Barcelona","author":"Academica Spain","date":"diciembre 10, 2025","format":false,"excerpt":"Tuvimos el placer de visitar el Colegio Dominiques de Barcelona para conocer de cerca el trabajo que realizan los alumnos del Diploma Dual. Desde el primer momento, fuimos testigos del compromiso de la instituci\u00f3n con una educaci\u00f3n integral que fomenta el crecimiento tanto acad\u00e9mico como personal de cada alumno. La\u2026","rel":"","context":"En \u00abLast News\u00bb","block_context":{"text":"Last News","link":"https:\/\/www.academica.school\/news\/last-news\/"},"img":{"alt_text":"Visita al Colegio Dominiques de Barcelona","src":"https:\/\/i0.wp.com\/www.academica.school\/news\/wp-content\/uploads\/2025\/12\/diploma-dual-dominiques-bcn-e1765355473208.jpg?fit=1200%2C762&ssl=1&resize=350%2C200","width":350,"height":200,"srcset":"https:\/\/i0.wp.com\/www.academica.school\/news\/wp-content\/uploads\/2025\/12\/diploma-dual-dominiques-bcn-e1765355473208.jpg?fit=1200%2C762&ssl=1&resize=350%2C200 1x, https:\/\/i0.wp.com\/www.academica.school\/news\/wp-content\/uploads\/2025\/12\/diploma-dual-dominiques-bcn-e1765355473208.jpg?fit=1200%2C762&ssl=1&resize=525%2C300 1.5x, https:\/\/i0.wp.com\/www.academica.school\/news\/wp-content\/uploads\/2025\/12\/diploma-dual-dominiques-bcn-e1765355473208.jpg?fit=1200%2C762&ssl=1&resize=700%2C400 2x, https:\/\/i0.wp.com\/www.academica.school\/news\/wp-content\/uploads\/2025\/12\/diploma-dual-dominiques-bcn-e1765355473208.jpg?fit=1200%2C762&ssl=1&resize=1050%2C600 3x"},"classes":[]},{"id":4038,"url":"https:\/\/www.academica.school\/news\/compartiendo-experiencias-alumnos-diploma-dual-sagrat-cor-sarria\/","url_meta":{"origin":1979,"position":5},"title":"Compartiendo experiencias con los alumnos del Diploma Dual en el Colegio Sagrat Cor Sarri\u00e0 de Barcelona","author":"Academica Spain","date":"febrero 5, 2026","format":false,"excerpt":"Carlos, Director del Colegio Sagrat Cor Sarri\u00e0 de Barcelona y, Cristina, Directora del Programa, nos recibieron para compartir su experiencia con el Diploma Dual y mostrarnos c\u00f3mo este programa se integra en el proyecto educativo del centro y en el d\u00eda a d\u00eda del alumnado. El centro apuesta por una\u2026","rel":"","context":"En \u00abLast News\u00bb","block_context":{"text":"Last News","link":"https:\/\/www.academica.school\/news\/last-news\/"},"img":{"alt_text":"Visita Colegio Sagrat Cor Sarri\u00e0 Barcelona","src":"https:\/\/i0.wp.com\/www.academica.school\/news\/wp-content\/uploads\/2026\/02\/diploma-dual-sagrat-cor-sarria-e1770305070671.jpeg?fit=1000%2C981&ssl=1&resize=350%2C200","width":350,"height":200,"srcset":"https:\/\/i0.wp.com\/www.academica.school\/news\/wp-content\/uploads\/2026\/02\/diploma-dual-sagrat-cor-sarria-e1770305070671.jpeg?fit=1000%2C981&ssl=1&resize=350%2C200 1x, https:\/\/i0.wp.com\/www.academica.school\/news\/wp-content\/uploads\/2026\/02\/diploma-dual-sagrat-cor-sarria-e1770305070671.jpeg?fit=1000%2C981&ssl=1&resize=525%2C300 1.5x, https:\/\/i0.wp.com\/www.academica.school\/news\/wp-content\/uploads\/2026\/02\/diploma-dual-sagrat-cor-sarria-e1770305070671.jpeg?fit=1000%2C981&ssl=1&resize=700%2C400 2x"},"classes":[]}],"_links":{"self":[{"href":"https:\/\/www.academica.school\/news\/wp-json\/wp\/v2\/posts\/1979","targetHints":{"allow":["GET"]}}],"collection":[{"href":"https:\/\/www.academica.school\/news\/wp-json\/wp\/v2\/posts"}],"about":[{"href":"https:\/\/www.academica.school\/news\/wp-json\/wp\/v2\/types\/post"}],"author":[{"embeddable":true,"href":"https:\/\/www.academica.school\/news\/wp-json\/wp\/v2\/users\/1"}],"replies":[{"embeddable":true,"href":"https:\/\/www.academica.school\/news\/wp-json\/wp\/v2\/comments?post=1979"}],"version-history":[{"count":1,"href":"https:\/\/www.academica.school\/news\/wp-json\/wp\/v2\/posts\/1979\/revisions"}],"predecessor-version":[{"id":1981,"href":"https:\/\/www.academica.school\/news\/wp-json\/wp\/v2\/posts\/1979\/revisions\/1981"}],"wp:featuredmedia":[{"embeddable":true,"href":"https:\/\/www.academica.school\/news\/wp-json\/wp\/v2\/media\/1980"}],"wp:attachment":[{"href":"https:\/\/www.academica.school\/news\/wp-json\/wp\/v2\/media?parent=1979"}],"wp:term":[{"taxonomy":"category","embeddable":true,"href":"https:\/\/www.academica.school\/news\/wp-json\/wp\/v2\/categories?post=1979"},{"taxonomy":"post_tag","embeddable":true,"href":"https:\/\/www.academica.school\/news\/wp-json\/wp\/v2\/tags?post=1979"}],"curies":[{"name":"wp","href":"https:\/\/api.w.org\/{rel}","templated":true}]}}