{"id":2029,"date":"2024-01-15T11:02:52","date_gmt":"2024-01-15T11:02:52","guid":{"rendered":"https:\/\/www.academica.school\/news\/?p=2029"},"modified":"2024-01-15T11:02:52","modified_gmt":"2024-01-15T11:02:52","slug":"i-have-a-dream-martin-luther-king-jr","status":"publish","type":"post","link":"https:\/\/www.academica.school\/news\/i-have-a-dream-martin-luther-king-jr\/","title":{"rendered":"\u00abI have a dream\u00bb &#8211; Martin Luther King, Jr"},"content":{"rendered":"<p>Hoy se celebra el D\u00eda de Martin Luther King, Jr en Estados Unidos, que conmemora el nacimiento de uno de los principales activistas por los derechos civiles el cual estuvo a favor de la lucha no violenta para defender los derechos humanos de los ciudadanos afroamericanos.<\/p>\n<p><!--more--><\/p>\n<p>Luther King lider\u00f3 numerosas protestas y logr\u00f3 as\u00ed grandes transformaciones para lograr la aceptaci\u00f3n de los derechos de los afroamericanos como el uso del transporte o el acceso a lugares p\u00fablicos.<\/p>\n<p>Sufri\u00f3 varios atentados y fue durante una huelga organizada por un movimiento afroamericano en Memphis donde fue asesinado en el a\u00f1o 1968.<\/p>\n<p>La celebraci\u00f3n de este d\u00eda es muy importante en EE.UU. dado que se conmemora lo que signific\u00f3 Martin Luther King, Jr en la vida social, pol\u00edtica y cultural del pa\u00eds, adem\u00e1s de reivindicar algo por lo que \u00e9l tanto luch\u00f3: la igualdad que debe existir entre los seres humanos.<\/p>\n<p>&nbsp;<\/p>\n<p><span class=\"embed-youtube\" style=\"text-align:center; display: block;\"><iframe loading=\"lazy\" class=\"youtube-player\" width=\"1170\" height=\"659\" src=\"https:\/\/www.youtube.com\/embed\/e49VEpWg61M?version=3&#038;rel=1&#038;showsearch=0&#038;showinfo=1&#038;iv_load_policy=1&#038;fs=1&#038;hl=es-ES&#038;autohide=2&#038;wmode=transparent\" allowfullscreen=\"true\" style=\"border:0;\" sandbox=\"allow-scripts allow-same-origin allow-popups allow-presentation allow-popups-to-escape-sandbox\"><\/iframe><\/span><\/p>\n","protected":false},"excerpt":{"rendered":"<p>Hoy se celebra el D\u00eda de Martin Luther King, Jr en Estados Unidos, que conmemora el nacimiento de uno de los principales activistas por los derechos civiles el cual estuvo a favor de la lucha no violenta para defender los derechos humanos de los ciudadanos afroamericanos.<\/p>\n","protected":false},"author":1,"featured_media":2034,"comment_status":"closed","ping_status":"closed","sticky":false,"template":"","format":"standard","meta":{"_jetpack_memberships_contains_paid_content":false,"footnotes":""},"categories":[1],"tags":[9,139,533,198,63,532,4,222,145,531],"class_list":["post-2029","post","type-post","status-publish","format-standard","has-post-thumbnail","hentry","category-last-news","tag-academica","tag-academica-spain","tag-activista","tag-american-high-school","tag-bachillerato-americano","tag-derechos-civiles","tag-diploma-dual","tag-dual-diploma","tag-eeuu","tag-martin-luther-king","clearfix"],"yoast_head":"<!-- This site is optimized with the Yoast SEO plugin v27.4 - https:\/\/yoast.com\/product\/yoast-seo-wordpress\/ -->\n<title>&quot;I have a dream&quot; - Martin Luther King, Jr - Academica News<\/title>\n<meta name=\"description\" content=\"Hoy se celebra el D\u00eda de Martin Luther King, Jr en Estados Unidos, que conmemora el nacimiento de uno de los principales activistas.\" \/>\n<meta name=\"robots\" content=\"index, follow, max-snippet:-1, max-image-preview:large, max-video-preview:-1\" \/>\n<link rel=\"canonical\" href=\"https:\/\/www.academica.school\/news\/i-have-a-dream-martin-luther-king-jr\/\" \/>\n<meta property=\"og:locale\" content=\"es_ES\" \/>\n<meta property=\"og:type\" content=\"article\" \/>\n<meta property=\"og:title\" content=\"&quot;I have a dream&quot; - Martin Luther King, Jr - Academica News\" \/>\n<meta property=\"og:description\" content=\"Hoy se celebra el D\u00eda de Martin Luther King, Jr en Estados Unidos, que conmemora el nacimiento de uno de los principales activistas.\" \/>\n<meta property=\"og:url\" content=\"https:\/\/www.academica.school\/news\/i-have-a-dream-martin-luther-king-jr\/\" \/>\n<meta property=\"og:site_name\" content=\"Academica News\" \/>\n<meta property=\"article:published_time\" content=\"2024-01-15T11:02:52+00:00\" \/>\n<meta property=\"og:image\" content=\"https:\/\/www.academica.school\/news\/wp-content\/uploads\/2024\/01\/5651632.jpeg\" \/>\n\t<meta property=\"og:image:width\" content=\"1600\" \/>\n\t<meta property=\"og:image:height\" content=\"900\" \/>\n\t<meta property=\"og:image:type\" content=\"image\/jpeg\" \/>\n<meta name=\"author\" content=\"Academica Spain\" \/>\n<meta name=\"twitter:card\" content=\"summary_large_image\" \/>\n<meta name=\"twitter:label1\" content=\"Escrito por\" \/>\n\t<meta name=\"twitter:data1\" content=\"Academica Spain\" \/>\n\t<meta name=\"twitter:label2\" content=\"Tiempo de lectura\" \/>\n\t<meta name=\"twitter:data2\" content=\"1 minuto\" \/>\n<script type=\"application\/ld+json\" class=\"yoast-schema-graph\">{\"@context\":\"https:\\\/\\\/schema.org\",\"@graph\":[{\"@type\":\"Article\",\"@id\":\"https:\\\/\\\/www.academica.school\\\/news\\\/i-have-a-dream-martin-luther-king-jr\\\/#article\",\"isPartOf\":{\"@id\":\"https:\\\/\\\/www.academica.school\\\/news\\\/i-have-a-dream-martin-luther-king-jr\\\/\"},\"author\":{\"name\":\"Academica Spain\",\"@id\":\"https:\\\/\\\/www.academica.school\\\/news\\\/#\\\/schema\\\/person\\\/07ed699df26b3ae2c049959a107fce05\"},\"headline\":\"\u00abI have a dream\u00bb &#8211; Martin Luther King, Jr\",\"datePublished\":\"2024-01-15T11:02:52+00:00\",\"mainEntityOfPage\":{\"@id\":\"https:\\\/\\\/www.academica.school\\\/news\\\/i-have-a-dream-martin-luther-king-jr\\\/\"},\"wordCount\":176,\"publisher\":{\"@id\":\"https:\\\/\\\/www.academica.school\\\/news\\\/#organization\"},\"image\":{\"@id\":\"https:\\\/\\\/www.academica.school\\\/news\\\/i-have-a-dream-martin-luther-king-jr\\\/#primaryimage\"},\"thumbnailUrl\":\"https:\\\/\\\/i0.wp.com\\\/www.academica.school\\\/news\\\/wp-content\\\/uploads\\\/2024\\\/01\\\/5651632.jpeg?fit=1600%2C900&ssl=1\",\"keywords\":[\"academica\",\"academica spain\",\"activista\",\"american high school\",\"bachillerato americano\",\"derechos civiles\",\"Diploma Dual\",\"dual diploma\",\"eeuu\",\"martin luther king\"],\"articleSection\":[\"Last News\"],\"inLanguage\":\"es\"},{\"@type\":\"WebPage\",\"@id\":\"https:\\\/\\\/www.academica.school\\\/news\\\/i-have-a-dream-martin-luther-king-jr\\\/\",\"url\":\"https:\\\/\\\/www.academica.school\\\/news\\\/i-have-a-dream-martin-luther-king-jr\\\/\",\"name\":\"\\\"I have a dream\\\" - Martin Luther King, Jr - Academica News\",\"isPartOf\":{\"@id\":\"https:\\\/\\\/www.academica.school\\\/news\\\/#website\"},\"primaryImageOfPage\":{\"@id\":\"https:\\\/\\\/www.academica.school\\\/news\\\/i-have-a-dream-martin-luther-king-jr\\\/#primaryimage\"},\"image\":{\"@id\":\"https:\\\/\\\/www.academica.school\\\/news\\\/i-have-a-dream-martin-luther-king-jr\\\/#primaryimage\"},\"thumbnailUrl\":\"https:\\\/\\\/i0.wp.com\\\/www.academica.school\\\/news\\\/wp-content\\\/uploads\\\/2024\\\/01\\\/5651632.jpeg?fit=1600%2C900&ssl=1\",\"datePublished\":\"2024-01-15T11:02:52+00:00\",\"description\":\"Hoy se celebra el D\u00eda de Martin Luther King, Jr en Estados Unidos, que conmemora el nacimiento de uno de los principales activistas.\",\"breadcrumb\":{\"@id\":\"https:\\\/\\\/www.academica.school\\\/news\\\/i-have-a-dream-martin-luther-king-jr\\\/#breadcrumb\"},\"inLanguage\":\"es\",\"potentialAction\":[{\"@type\":\"ReadAction\",\"target\":[\"https:\\\/\\\/www.academica.school\\\/news\\\/i-have-a-dream-martin-luther-king-jr\\\/\"]}]},{\"@type\":\"ImageObject\",\"inLanguage\":\"es\",\"@id\":\"https:\\\/\\\/www.academica.school\\\/news\\\/i-have-a-dream-martin-luther-king-jr\\\/#primaryimage\",\"url\":\"https:\\\/\\\/i0.wp.com\\\/www.academica.school\\\/news\\\/wp-content\\\/uploads\\\/2024\\\/01\\\/5651632.jpeg?fit=1600%2C900&ssl=1\",\"contentUrl\":\"https:\\\/\\\/i0.wp.com\\\/www.academica.school\\\/news\\\/wp-content\\\/uploads\\\/2024\\\/01\\\/5651632.jpeg?fit=1600%2C900&ssl=1\",\"width\":1600,\"height\":900,\"caption\":\"martin-luther-king-day\"},{\"@type\":\"BreadcrumbList\",\"@id\":\"https:\\\/\\\/www.academica.school\\\/news\\\/i-have-a-dream-martin-luther-king-jr\\\/#breadcrumb\",\"itemListElement\":[{\"@type\":\"ListItem\",\"position\":1,\"name\":\"Portada\",\"item\":\"https:\\\/\\\/www.academica.school\\\/news\\\/\"},{\"@type\":\"ListItem\",\"position\":2,\"name\":\"\u00abI have a dream\u00bb &#8211; Martin Luther King, Jr\"}]},{\"@type\":\"WebSite\",\"@id\":\"https:\\\/\\\/www.academica.school\\\/news\\\/#website\",\"url\":\"https:\\\/\\\/www.academica.school\\\/news\\\/\",\"name\":\"Academica News\",\"description\":\"todo lo que pasa en el mundo acad\u00e9mico, sobre universidades y cualquier evento o novedad en la que participemos\",\"publisher\":{\"@id\":\"https:\\\/\\\/www.academica.school\\\/news\\\/#organization\"},\"potentialAction\":[{\"@type\":\"SearchAction\",\"target\":{\"@type\":\"EntryPoint\",\"urlTemplate\":\"https:\\\/\\\/www.academica.school\\\/news\\\/?s={search_term_string}\"},\"query-input\":{\"@type\":\"PropertyValueSpecification\",\"valueRequired\":true,\"valueName\":\"search_term_string\"}}],\"inLanguage\":\"es\"},{\"@type\":\"Organization\",\"@id\":\"https:\\\/\\\/www.academica.school\\\/news\\\/#organization\",\"name\":\"Academica\",\"url\":\"https:\\\/\\\/www.academica.school\\\/news\\\/\",\"logo\":{\"@type\":\"ImageObject\",\"inLanguage\":\"es\",\"@id\":\"https:\\\/\\\/www.academica.school\\\/news\\\/#\\\/schema\\\/logo\\\/image\\\/\",\"url\":\"https:\\\/\\\/i1.wp.com\\\/www.academica.school\\\/news\\\/wp-content\\\/uploads\\\/2019\\\/11\\\/Captura-de-pantalla-2019-11-20-a-las-12.14.04.png?fit=799%2C500&ssl=1\",\"contentUrl\":\"https:\\\/\\\/i1.wp.com\\\/www.academica.school\\\/news\\\/wp-content\\\/uploads\\\/2019\\\/11\\\/Captura-de-pantalla-2019-11-20-a-las-12.14.04.png?fit=799%2C500&ssl=1\",\"width\":799,\"height\":500,\"caption\":\"Academica\"},\"image\":{\"@id\":\"https:\\\/\\\/www.academica.school\\\/news\\\/#\\\/schema\\\/logo\\\/image\\\/\"}},{\"@type\":\"Person\",\"@id\":\"https:\\\/\\\/www.academica.school\\\/news\\\/#\\\/schema\\\/person\\\/07ed699df26b3ae2c049959a107fce05\",\"name\":\"Academica Spain\",\"image\":{\"@type\":\"ImageObject\",\"inLanguage\":\"es\",\"@id\":\"https:\\\/\\\/secure.gravatar.com\\\/avatar\\\/24d850e4f123aaa0ad5edf9a3fb1d97a98b831f0571142c5dc4b3add4e2db2ea?s=96&d=mm&r=g\",\"url\":\"https:\\\/\\\/secure.gravatar.com\\\/avatar\\\/24d850e4f123aaa0ad5edf9a3fb1d97a98b831f0571142c5dc4b3add4e2db2ea?s=96&d=mm&r=g\",\"contentUrl\":\"https:\\\/\\\/secure.gravatar.com\\\/avatar\\\/24d850e4f123aaa0ad5edf9a3fb1d97a98b831f0571142c5dc4b3add4e2db2ea?s=96&d=mm&r=g\",\"caption\":\"Academica Spain\"},\"url\":\"https:\\\/\\\/www.academica.school\\\/news\\\/author\\\/jasubal\\\/\"}]}<\/script>\n<!-- \/ Yoast SEO plugin. -->","yoast_head_json":{"title":"\"I have a dream\" - Martin Luther King, Jr - Academica News","description":"Hoy se celebra el D\u00eda de Martin Luther King, Jr en Estados Unidos, que conmemora el nacimiento de uno de los principales activistas.","robots":{"index":"index","follow":"follow","max-snippet":"max-snippet:-1","max-image-preview":"max-image-preview:large","max-video-preview":"max-video-preview:-1"},"canonical":"https:\/\/www.academica.school\/news\/i-have-a-dream-martin-luther-king-jr\/","og_locale":"es_ES","og_type":"article","og_title":"\"I have a dream\" - Martin Luther King, Jr - Academica News","og_description":"Hoy se celebra el D\u00eda de Martin Luther King, Jr en Estados Unidos, que conmemora el nacimiento de uno de los principales activistas.","og_url":"https:\/\/www.academica.school\/news\/i-have-a-dream-martin-luther-king-jr\/","og_site_name":"Academica News","article_published_time":"2024-01-15T11:02:52+00:00","og_image":[{"width":1600,"height":900,"url":"https:\/\/www.academica.school\/news\/wp-content\/uploads\/2024\/01\/5651632.jpeg","type":"image\/jpeg"}],"author":"Academica Spain","twitter_card":"summary_large_image","twitter_misc":{"Escrito por":"Academica Spain","Tiempo de lectura":"1 minuto"},"schema":{"@context":"https:\/\/schema.org","@graph":[{"@type":"Article","@id":"https:\/\/www.academica.school\/news\/i-have-a-dream-martin-luther-king-jr\/#article","isPartOf":{"@id":"https:\/\/www.academica.school\/news\/i-have-a-dream-martin-luther-king-jr\/"},"author":{"name":"Academica Spain","@id":"https:\/\/www.academica.school\/news\/#\/schema\/person\/07ed699df26b3ae2c049959a107fce05"},"headline":"\u00abI have a dream\u00bb &#8211; Martin Luther King, Jr","datePublished":"2024-01-15T11:02:52+00:00","mainEntityOfPage":{"@id":"https:\/\/www.academica.school\/news\/i-have-a-dream-martin-luther-king-jr\/"},"wordCount":176,"publisher":{"@id":"https:\/\/www.academica.school\/news\/#organization"},"image":{"@id":"https:\/\/www.academica.school\/news\/i-have-a-dream-martin-luther-king-jr\/#primaryimage"},"thumbnailUrl":"https:\/\/i0.wp.com\/www.academica.school\/news\/wp-content\/uploads\/2024\/01\/5651632.jpeg?fit=1600%2C900&ssl=1","keywords":["academica","academica spain","activista","american high school","bachillerato americano","derechos civiles","Diploma Dual","dual diploma","eeuu","martin luther king"],"articleSection":["Last News"],"inLanguage":"es"},{"@type":"WebPage","@id":"https:\/\/www.academica.school\/news\/i-have-a-dream-martin-luther-king-jr\/","url":"https:\/\/www.academica.school\/news\/i-have-a-dream-martin-luther-king-jr\/","name":"\"I have a dream\" - Martin Luther King, Jr - Academica News","isPartOf":{"@id":"https:\/\/www.academica.school\/news\/#website"},"primaryImageOfPage":{"@id":"https:\/\/www.academica.school\/news\/i-have-a-dream-martin-luther-king-jr\/#primaryimage"},"image":{"@id":"https:\/\/www.academica.school\/news\/i-have-a-dream-martin-luther-king-jr\/#primaryimage"},"thumbnailUrl":"https:\/\/i0.wp.com\/www.academica.school\/news\/wp-content\/uploads\/2024\/01\/5651632.jpeg?fit=1600%2C900&ssl=1","datePublished":"2024-01-15T11:02:52+00:00","description":"Hoy se celebra el D\u00eda de Martin Luther King, Jr en Estados Unidos, que conmemora el nacimiento de uno de los principales activistas.","breadcrumb":{"@id":"https:\/\/www.academica.school\/news\/i-have-a-dream-martin-luther-king-jr\/#breadcrumb"},"inLanguage":"es","potentialAction":[{"@type":"ReadAction","target":["https:\/\/www.academica.school\/news\/i-have-a-dream-martin-luther-king-jr\/"]}]},{"@type":"ImageObject","inLanguage":"es","@id":"https:\/\/www.academica.school\/news\/i-have-a-dream-martin-luther-king-jr\/#primaryimage","url":"https:\/\/i0.wp.com\/www.academica.school\/news\/wp-content\/uploads\/2024\/01\/5651632.jpeg?fit=1600%2C900&ssl=1","contentUrl":"https:\/\/i0.wp.com\/www.academica.school\/news\/wp-content\/uploads\/2024\/01\/5651632.jpeg?fit=1600%2C900&ssl=1","width":1600,"height":900,"caption":"martin-luther-king-day"},{"@type":"BreadcrumbList","@id":"https:\/\/www.academica.school\/news\/i-have-a-dream-martin-luther-king-jr\/#breadcrumb","itemListElement":[{"@type":"ListItem","position":1,"name":"Portada","item":"https:\/\/www.academica.school\/news\/"},{"@type":"ListItem","position":2,"name":"\u00abI have a dream\u00bb &#8211; Martin Luther King, Jr"}]},{"@type":"WebSite","@id":"https:\/\/www.academica.school\/news\/#website","url":"https:\/\/www.academica.school\/news\/","name":"Academica News","description":"todo lo que pasa en el mundo acad\u00e9mico, sobre universidades y cualquier evento o novedad en la que participemos","publisher":{"@id":"https:\/\/www.academica.school\/news\/#organization"},"potentialAction":[{"@type":"SearchAction","target":{"@type":"EntryPoint","urlTemplate":"https:\/\/www.academica.school\/news\/?s={search_term_string}"},"query-input":{"@type":"PropertyValueSpecification","valueRequired":true,"valueName":"search_term_string"}}],"inLanguage":"es"},{"@type":"Organization","@id":"https:\/\/www.academica.school\/news\/#organization","name":"Academica","url":"https:\/\/www.academica.school\/news\/","logo":{"@type":"ImageObject","inLanguage":"es","@id":"https:\/\/www.academica.school\/news\/#\/schema\/logo\/image\/","url":"https:\/\/i1.wp.com\/www.academica.school\/news\/wp-content\/uploads\/2019\/11\/Captura-de-pantalla-2019-11-20-a-las-12.14.04.png?fit=799%2C500&ssl=1","contentUrl":"https:\/\/i1.wp.com\/www.academica.school\/news\/wp-content\/uploads\/2019\/11\/Captura-de-pantalla-2019-11-20-a-las-12.14.04.png?fit=799%2C500&ssl=1","width":799,"height":500,"caption":"Academica"},"image":{"@id":"https:\/\/www.academica.school\/news\/#\/schema\/logo\/image\/"}},{"@type":"Person","@id":"https:\/\/www.academica.school\/news\/#\/schema\/person\/07ed699df26b3ae2c049959a107fce05","name":"Academica Spain","image":{"@type":"ImageObject","inLanguage":"es","@id":"https:\/\/secure.gravatar.com\/avatar\/24d850e4f123aaa0ad5edf9a3fb1d97a98b831f0571142c5dc4b3add4e2db2ea?s=96&d=mm&r=g","url":"https:\/\/secure.gravatar.com\/avatar\/24d850e4f123aaa0ad5edf9a3fb1d97a98b831f0571142c5dc4b3add4e2db2ea?s=96&d=mm&r=g","contentUrl":"https:\/\/secure.gravatar.com\/avatar\/24d850e4f123aaa0ad5edf9a3fb1d97a98b831f0571142c5dc4b3add4e2db2ea?s=96&d=mm&r=g","caption":"Academica Spain"},"url":"https:\/\/www.academica.school\/news\/author\/jasubal\/"}]}},"jetpack_featured_media_url":"https:\/\/i0.wp.com\/www.academica.school\/news\/wp-content\/uploads\/2024\/01\/5651632.jpeg?fit=1600%2C900&ssl=1","jetpack_sharing_enabled":true,"jetpack_shortlink":"https:\/\/wp.me\/p8RDKh-wJ","jetpack-related-posts":[{"id":3938,"url":"https:\/\/www.academica.school\/news\/i-have-a-dream-martin-luther-king-jr-y-su-legado\/","url_meta":{"origin":2029,"position":0},"title":"\u201cI Have a Dream\u201d: Martin Luther King Jr. y su legado","author":"Academica Spain","date":"enero 19, 2026","format":false,"excerpt":"Hoy se celebra en Estados Unidos el D\u00eda de Martin Luther King Jr., un d\u00eda para recordar y honrar a una de las figuras m\u00e1s influyentes de su historia. Es una fecha dedicada a reflexionar sobre los valores de igualdad, justicia y respeto que marcaron su vida y que siguen\u2026","rel":"","context":"En \u00abLast News\u00bb","block_context":{"text":"Last News","link":"https:\/\/www.academica.school\/news\/last-news\/"},"img":{"alt_text":"Martin Luther King Day","src":"https:\/\/i0.wp.com\/www.academica.school\/news\/wp-content\/uploads\/2026\/01\/martin-luther-king-jr.jpg?fit=1200%2C868&ssl=1&resize=350%2C200","width":350,"height":200,"srcset":"https:\/\/i0.wp.com\/www.academica.school\/news\/wp-content\/uploads\/2026\/01\/martin-luther-king-jr.jpg?fit=1200%2C868&ssl=1&resize=350%2C200 1x, https:\/\/i0.wp.com\/www.academica.school\/news\/wp-content\/uploads\/2026\/01\/martin-luther-king-jr.jpg?fit=1200%2C868&ssl=1&resize=525%2C300 1.5x, https:\/\/i0.wp.com\/www.academica.school\/news\/wp-content\/uploads\/2026\/01\/martin-luther-king-jr.jpg?fit=1200%2C868&ssl=1&resize=700%2C400 2x, https:\/\/i0.wp.com\/www.academica.school\/news\/wp-content\/uploads\/2026\/01\/martin-luther-king-jr.jpg?fit=1200%2C868&ssl=1&resize=1050%2C600 3x"},"classes":[]},{"id":3353,"url":"https:\/\/www.academica.school\/news\/diploma-dual-colegio-luther-king-arafo-tenerife\/","url_meta":{"origin":2029,"position":1},"title":"El Diploma Dual en el Colegio Luther King Arafo de Tenerife","author":"Academica Spain","date":"julio 9, 2025","format":"video","excerpt":"En este v\u00eddeo, dos de los alumnos que est\u00e1n cursando el Diploma Dual en el Colegio Luther King Arafo de Tenerife nos cuenta su experiencia. Adem\u00e1s, el Director de Programa en el centro explica en qu\u00e9 consiste el programa, c\u00f3mo se organizan los alumnos y los beneficios que tiene cursar\u2026","rel":"","context":"En \u00abLast News\u00bb","block_context":{"text":"Last News","link":"https:\/\/www.academica.school\/news\/last-news\/"},"img":{"alt_text":"diploma-dual-luther-king-arafo","src":"https:\/\/i0.wp.com\/www.academica.school\/news\/wp-content\/uploads\/2025\/06\/diploma-dual-luther-king-arafo.png?fit=1000%2C529&ssl=1&resize=350%2C200","width":350,"height":200,"srcset":"https:\/\/i0.wp.com\/www.academica.school\/news\/wp-content\/uploads\/2025\/06\/diploma-dual-luther-king-arafo.png?fit=1000%2C529&ssl=1&resize=350%2C200 1x, https:\/\/i0.wp.com\/www.academica.school\/news\/wp-content\/uploads\/2025\/06\/diploma-dual-luther-king-arafo.png?fit=1000%2C529&ssl=1&resize=525%2C300 1.5x, https:\/\/i0.wp.com\/www.academica.school\/news\/wp-content\/uploads\/2025\/06\/diploma-dual-luther-king-arafo.png?fit=1000%2C529&ssl=1&resize=700%2C400 2x"},"classes":[]},{"id":3330,"url":"https:\/\/www.academica.school\/news\/diploma-dual-colegio-luther-king-la-laguna-de-tenerife\/","url_meta":{"origin":2029,"position":2},"title":"El Diploma Dual en el Colegio Luther King La Laguna de Tenerife","author":"Academica Spain","date":"junio 19, 2025","format":"video","excerpt":"Uno de los alumnos que est\u00e1 cursando el Diploma Dual en el Colegio Luther King La Laguna de Tenerife nos cuenta su experiencia. Adem\u00e1s, la Directora de Programa en el centro explica en qu\u00e9 consiste el programa, c\u00f3mo se organizan los alumnos y los beneficios que tiene cursar el mismo.\u2026","rel":"","context":"En \u00abLast News\u00bb","block_context":{"text":"Last News","link":"https:\/\/www.academica.school\/news\/last-news\/"},"img":{"alt_text":"diploma-dual-colegio-luther-king","src":"https:\/\/i0.wp.com\/www.academica.school\/news\/wp-content\/uploads\/2025\/06\/diploma-dual-colegio-luther-king.png?fit=1000%2C501&ssl=1&resize=350%2C200","width":350,"height":200,"srcset":"https:\/\/i0.wp.com\/www.academica.school\/news\/wp-content\/uploads\/2025\/06\/diploma-dual-colegio-luther-king.png?fit=1000%2C501&ssl=1&resize=350%2C200 1x, https:\/\/i0.wp.com\/www.academica.school\/news\/wp-content\/uploads\/2025\/06\/diploma-dual-colegio-luther-king.png?fit=1000%2C501&ssl=1&resize=525%2C300 1.5x, https:\/\/i0.wp.com\/www.academica.school\/news\/wp-content\/uploads\/2025\/06\/diploma-dual-colegio-luther-king.png?fit=1000%2C501&ssl=1&resize=700%2C400 2x"},"classes":[]},{"id":4175,"url":"https:\/\/www.academica.school\/news\/diploma-dual-colegio-luther-king-arafo-santa-cruz-de-tenerife\/","url_meta":{"origin":2029,"position":3},"title":"El Diploma Dual en el Colegio Luther King Arafo de Santa Cruz de Tenerife","author":"Academica Spain","date":"marzo 26, 2026","format":"video","excerpt":"Luc\u00eda est\u00e1 cursando su primer a\u00f1o del Diploma Dual en el Colegio Luther King Arafo de Santa Cruz de Tenerife y, en este v\u00eddeo, nos cuenta su experiencia en el programa. Nos habla de c\u00f3mo se organiza, c\u00f3mo se distribuye las tareas y del apoyo que recibe de su profesor\u2026","rel":"","context":"En \u00abLast News\u00bb","block_context":{"text":"Last News","link":"https:\/\/www.academica.school\/news\/last-news\/"},"img":{"alt_text":"V\u00eddeo Luther King Arafo Santa Cruz de Tenerife","src":"https:\/\/i0.wp.com\/www.academica.school\/news\/wp-content\/uploads\/2026\/03\/diploma-dual-luther-king-arafo.png?fit=866%2C1190&ssl=1&resize=350%2C200","width":350,"height":200,"srcset":"https:\/\/i0.wp.com\/www.academica.school\/news\/wp-content\/uploads\/2026\/03\/diploma-dual-luther-king-arafo.png?fit=866%2C1190&ssl=1&resize=350%2C200 1x, https:\/\/i0.wp.com\/www.academica.school\/news\/wp-content\/uploads\/2026\/03\/diploma-dual-luther-king-arafo.png?fit=866%2C1190&ssl=1&resize=525%2C300 1.5x, https:\/\/i0.wp.com\/www.academica.school\/news\/wp-content\/uploads\/2026\/03\/diploma-dual-luther-king-arafo.png?fit=866%2C1190&ssl=1&resize=700%2C400 2x"},"classes":[]},{"id":1915,"url":"https:\/\/www.academica.school\/news\/que-se-celebra-el-dia-de-los-veteranos-en-ee-uu\/","url_meta":{"origin":2029,"position":4},"title":"\u00bfQu\u00e9 se celebra el D\u00eda de los Veteranos en EE.UU.?","author":"Academica Spain","date":"noviembre 11, 2023","format":false,"excerpt":"Hoy, d\u00eda 11 de noviembre, se celebra el D\u00eda de los Veteranos en EE.UU. En este d\u00eda se conmemora a los soldados con vida que en alg\u00fan momento prestaron sus servicios a las Fuerzas Armadas de EE.UU., e incluso a los que ya fallecieron, pero que lo hicieron fuera de\u2026","rel":"","context":"En \u00abLast News\u00bb","block_context":{"text":"Last News","link":"https:\/\/www.academica.school\/news\/last-news\/"},"img":{"alt_text":"ACADEMICA DIPLOMA DUAL","src":"https:\/\/i0.wp.com\/www.academica.school\/news\/wp-content\/uploads\/2023\/11\/ACADEMICA-DIPLOMA-DUAL.jpg?fit=1200%2C675&ssl=1&resize=350%2C200","width":350,"height":200,"srcset":"https:\/\/i0.wp.com\/www.academica.school\/news\/wp-content\/uploads\/2023\/11\/ACADEMICA-DIPLOMA-DUAL.jpg?fit=1200%2C675&ssl=1&resize=350%2C200 1x, https:\/\/i0.wp.com\/www.academica.school\/news\/wp-content\/uploads\/2023\/11\/ACADEMICA-DIPLOMA-DUAL.jpg?fit=1200%2C675&ssl=1&resize=525%2C300 1.5x, https:\/\/i0.wp.com\/www.academica.school\/news\/wp-content\/uploads\/2023\/11\/ACADEMICA-DIPLOMA-DUAL.jpg?fit=1200%2C675&ssl=1&resize=700%2C400 2x, https:\/\/i0.wp.com\/www.academica.school\/news\/wp-content\/uploads\/2023\/11\/ACADEMICA-DIPLOMA-DUAL.jpg?fit=1200%2C675&ssl=1&resize=1050%2C600 3x"},"classes":[]},{"id":2726,"url":"https:\/\/www.academica.school\/news\/el-diploma-dual-en-el-colegio-los-tilos-de-madrid\/","url_meta":{"origin":2029,"position":5},"title":"El Diploma Dual en el Colegio Los Tilos de Madrid","author":"Academica Spain","date":"noviembre 6, 2024","format":"video","excerpt":"Nuo Celine, exalumna del Colegio Los Tilos de Madrid, se gradu\u00f3 el a\u00f1o pasado del Diploma Dual, obteniendo su American High School Diploma. Actualmente se encuentra estudiando el Grado de Derecho con una Menci\u00f3n en Justicia Social y Derechos Humanos y, en este v\u00eddeo, nos cuenta c\u00f3mo le ha ayudado\u2026","rel":"","context":"En \u00abLast News\u00bb","block_context":{"text":"Last News","link":"https:\/\/www.academica.school\/news\/last-news\/"},"img":{"alt_text":"diploma-dual-academica","src":"https:\/\/i0.wp.com\/www.academica.school\/news\/wp-content\/uploads\/2024\/11\/diploma-dual-academica-2-scaled.jpg?fit=1200%2C750&ssl=1&resize=350%2C200","width":350,"height":200,"srcset":"https:\/\/i0.wp.com\/www.academica.school\/news\/wp-content\/uploads\/2024\/11\/diploma-dual-academica-2-scaled.jpg?fit=1200%2C750&ssl=1&resize=350%2C200 1x, https:\/\/i0.wp.com\/www.academica.school\/news\/wp-content\/uploads\/2024\/11\/diploma-dual-academica-2-scaled.jpg?fit=1200%2C750&ssl=1&resize=525%2C300 1.5x, https:\/\/i0.wp.com\/www.academica.school\/news\/wp-content\/uploads\/2024\/11\/diploma-dual-academica-2-scaled.jpg?fit=1200%2C750&ssl=1&resize=700%2C400 2x, https:\/\/i0.wp.com\/www.academica.school\/news\/wp-content\/uploads\/2024\/11\/diploma-dual-academica-2-scaled.jpg?fit=1200%2C750&ssl=1&resize=1050%2C600 3x"},"classes":[]}],"_links":{"self":[{"href":"https:\/\/www.academica.school\/news\/wp-json\/wp\/v2\/posts\/2029","targetHints":{"allow":["GET"]}}],"collection":[{"href":"https:\/\/www.academica.school\/news\/wp-json\/wp\/v2\/posts"}],"about":[{"href":"https:\/\/www.academica.school\/news\/wp-json\/wp\/v2\/types\/post"}],"author":[{"embeddable":true,"href":"https:\/\/www.academica.school\/news\/wp-json\/wp\/v2\/users\/1"}],"replies":[{"embeddable":true,"href":"https:\/\/www.academica.school\/news\/wp-json\/wp\/v2\/comments?post=2029"}],"version-history":[{"count":5,"href":"https:\/\/www.academica.school\/news\/wp-json\/wp\/v2\/posts\/2029\/revisions"}],"predecessor-version":[{"id":2035,"href":"https:\/\/www.academica.school\/news\/wp-json\/wp\/v2\/posts\/2029\/revisions\/2035"}],"wp:featuredmedia":[{"embeddable":true,"href":"https:\/\/www.academica.school\/news\/wp-json\/wp\/v2\/media\/2034"}],"wp:attachment":[{"href":"https:\/\/www.academica.school\/news\/wp-json\/wp\/v2\/media?parent=2029"}],"wp:term":[{"taxonomy":"category","embeddable":true,"href":"https:\/\/www.academica.school\/news\/wp-json\/wp\/v2\/categories?post=2029"},{"taxonomy":"post_tag","embeddable":true,"href":"https:\/\/www.academica.school\/news\/wp-json\/wp\/v2\/tags?post=2029"}],"curies":[{"name":"wp","href":"https:\/\/api.w.org\/{rel}","templated":true}]}}