{"id":2425,"date":"2024-05-10T07:42:29","date_gmt":"2024-05-10T07:42:29","guid":{"rendered":"https:\/\/www.academica.school\/news\/?p=2425"},"modified":"2024-05-10T07:45:33","modified_gmt":"2024-05-10T07:45:33","slug":"descubriendo-la-escola-universitaria-mediterrani-eum","status":"publish","type":"post","link":"https:\/\/www.academica.school\/news\/descubriendo-la-escola-universitaria-mediterrani-eum\/","title":{"rendered":"Descubriendo la Escuela Universitaria Mediterrani (EUM)"},"content":{"rendered":"<p><span style=\"font-weight: 400;\">La <a href=\"https:\/\/mediterrani.com\"><span style=\"text-decoration: underline; color: #0000ff;\"><b>Escuela Universitaria Mediterrani<\/b><strong> (EUM)<\/strong><\/span><\/a>\u00a0est\u00e1 presente en las <a href=\"https:\/\/www.academica.school\/university-bach\"><span style=\"text-decoration: underline; color: #0000ff;\"><strong>Jornadas Academica University Around The World<\/strong><\/span><\/a> <\/span>para dar a conocer a los alumnos de 1\u00ba de Bachillerato los grados y programas que ofrece.<\/p>\n<p><!--more--><\/p>\n<p><span style=\"font-weight: 400;\">El objetivo de estas jornadas es seguir apoyando la gran labor educativa y de orientaci\u00f3n que llevan a cabo los centros escolares, inculc\u00e1ndoles a los alumnos los valores del esfuerzo y trabajo diario.<\/span><\/p>\n<p>Situada en el centro de Barcelona, ofrece titulaciones como el Grado en Turismo, el Grado en Marketing y el Grado en Log\u00edstica Empresarial.<\/p>\n<p>En esta jornada hemos tenido el placer de contar con Lorena Gim\u00e9nez, Responsable de Orientaci\u00f3n Acad\u00e9mica en la Universidad. Lorena adem\u00e1s de explicarnos en detalle en qu\u00e9 consisten cada uno de los grados que ofrecen, nos ha hablado de la gran cantidad de salidas que tienen todos los grados y las empresas en las que puede trabajar un futuro estudiante graduado en esas titulaciones.<\/p>\n<p>Adem\u00e1s, Lorena ha incidido en la importancia que tiene estar form\u00e1ndose continuamente, no s\u00f3lo en los idiomas, que son fundamentales a d\u00eda de hoy, sino en aquellas \u00e1reas en las que estamos interesados.<\/p>\n<p>Ha sido una jornada muy interesante en la que decenas de alumnos y familias han tenido la oportunidad de conocer de forma m\u00e1s cercana la EUM.<\/p>\n","protected":false},"excerpt":{"rendered":"<p>La Escuela Universitaria Mediterrani (EUM)\u00a0est\u00e1 presente en las Jornadas Academica University Around The World para dar a conocer a los alumnos de 1\u00ba de Bachillerato los grados y programas que ofrece.<\/p>\n","protected":false},"author":1,"featured_media":2431,"comment_status":"closed","ping_status":"closed","sticky":false,"template":"","format":"standard","meta":{"_jetpack_memberships_contains_paid_content":false,"footnotes":""},"categories":[1],"tags":[139,104,89,198,63,59,7,4,222,543,431,97,538],"class_list":["post-2425","post","type-post","status-publish","format-standard","has-post-thumbnail","hentry","category-last-news","tag-academica-spain","tag-academica-university","tag-alumnos","tag-american-high-school","tag-bachillerato-americano","tag-barcelona","tag-colegios","tag-diploma-dual","tag-dual-diploma","tag-escola-universitaria-mediterrani","tag-los-300-mejores","tag-universidades","tag-university","clearfix"],"yoast_head":"<!-- This site is optimized with the Yoast SEO plugin v27.4 - https:\/\/yoast.com\/product\/yoast-seo-wordpress\/ -->\n<title>Descubriendo la Escuela Universitaria Mediterrani (EUM) - Academica News<\/title>\n<meta name=\"description\" content=\"La Escola Universit\u00e0ria Mediterrani (EUM)\u00a0est\u00e1 presente en las Jornadas Academica University Around The World para dar a conoce sus grados.\" \/>\n<meta name=\"robots\" content=\"index, follow, max-snippet:-1, max-image-preview:large, max-video-preview:-1\" \/>\n<link rel=\"canonical\" href=\"https:\/\/www.academica.school\/news\/descubriendo-la-escola-universitaria-mediterrani-eum\/\" \/>\n<meta property=\"og:locale\" content=\"es_ES\" \/>\n<meta property=\"og:type\" content=\"article\" \/>\n<meta property=\"og:title\" content=\"Descubriendo la Escuela Universitaria Mediterrani (EUM) - Academica News\" \/>\n<meta property=\"og:description\" content=\"La Escola Universit\u00e0ria Mediterrani (EUM)\u00a0est\u00e1 presente en las Jornadas Academica University Around The World para dar a conoce sus grados.\" \/>\n<meta property=\"og:url\" content=\"https:\/\/www.academica.school\/news\/descubriendo-la-escola-universitaria-mediterrani-eum\/\" \/>\n<meta property=\"og:site_name\" content=\"Academica News\" \/>\n<meta property=\"article:published_time\" content=\"2024-05-10T07:42:29+00:00\" \/>\n<meta property=\"article:modified_time\" content=\"2024-05-10T07:45:33+00:00\" \/>\n<meta property=\"og:image\" content=\"https:\/\/www.academica.school\/news\/wp-content\/uploads\/2024\/05\/EUM-2.png\" \/>\n\t<meta property=\"og:image:width\" content=\"2188\" \/>\n\t<meta property=\"og:image:height\" content=\"1254\" \/>\n\t<meta property=\"og:image:type\" content=\"image\/png\" \/>\n<meta name=\"author\" content=\"Academica Spain\" \/>\n<meta name=\"twitter:card\" content=\"summary_large_image\" \/>\n<meta name=\"twitter:label1\" content=\"Escrito por\" \/>\n\t<meta name=\"twitter:data1\" content=\"Academica Spain\" \/>\n\t<meta name=\"twitter:label2\" content=\"Tiempo de lectura\" \/>\n\t<meta name=\"twitter:data2\" content=\"2 minutos\" \/>\n<script type=\"application\/ld+json\" class=\"yoast-schema-graph\">{\"@context\":\"https:\\\/\\\/schema.org\",\"@graph\":[{\"@type\":\"Article\",\"@id\":\"https:\\\/\\\/www.academica.school\\\/news\\\/descubriendo-la-escola-universitaria-mediterrani-eum\\\/#article\",\"isPartOf\":{\"@id\":\"https:\\\/\\\/www.academica.school\\\/news\\\/descubriendo-la-escola-universitaria-mediterrani-eum\\\/\"},\"author\":{\"name\":\"Academica Spain\",\"@id\":\"https:\\\/\\\/www.academica.school\\\/news\\\/#\\\/schema\\\/person\\\/07ed699df26b3ae2c049959a107fce05\"},\"headline\":\"Descubriendo la Escuela Universitaria Mediterrani (EUM)\",\"datePublished\":\"2024-05-10T07:42:29+00:00\",\"dateModified\":\"2024-05-10T07:45:33+00:00\",\"mainEntityOfPage\":{\"@id\":\"https:\\\/\\\/www.academica.school\\\/news\\\/descubriendo-la-escola-universitaria-mediterrani-eum\\\/\"},\"wordCount\":228,\"publisher\":{\"@id\":\"https:\\\/\\\/www.academica.school\\\/news\\\/#organization\"},\"image\":{\"@id\":\"https:\\\/\\\/www.academica.school\\\/news\\\/descubriendo-la-escola-universitaria-mediterrani-eum\\\/#primaryimage\"},\"thumbnailUrl\":\"https:\\\/\\\/i0.wp.com\\\/www.academica.school\\\/news\\\/wp-content\\\/uploads\\\/2024\\\/05\\\/EUM-2.png?fit=2188%2C1254&ssl=1\",\"keywords\":[\"academica spain\",\"academica university\",\"alumnos\",\"american high school\",\"bachillerato americano\",\"barcelona\",\"colegios\",\"Diploma Dual\",\"dual diploma\",\"escola universitaria mediterrani\",\"los 300 mejores\",\"universidades\",\"university\"],\"articleSection\":[\"Last News\"],\"inLanguage\":\"es\"},{\"@type\":\"WebPage\",\"@id\":\"https:\\\/\\\/www.academica.school\\\/news\\\/descubriendo-la-escola-universitaria-mediterrani-eum\\\/\",\"url\":\"https:\\\/\\\/www.academica.school\\\/news\\\/descubriendo-la-escola-universitaria-mediterrani-eum\\\/\",\"name\":\"Descubriendo la Escuela Universitaria Mediterrani (EUM) - Academica News\",\"isPartOf\":{\"@id\":\"https:\\\/\\\/www.academica.school\\\/news\\\/#website\"},\"primaryImageOfPage\":{\"@id\":\"https:\\\/\\\/www.academica.school\\\/news\\\/descubriendo-la-escola-universitaria-mediterrani-eum\\\/#primaryimage\"},\"image\":{\"@id\":\"https:\\\/\\\/www.academica.school\\\/news\\\/descubriendo-la-escola-universitaria-mediterrani-eum\\\/#primaryimage\"},\"thumbnailUrl\":\"https:\\\/\\\/i0.wp.com\\\/www.academica.school\\\/news\\\/wp-content\\\/uploads\\\/2024\\\/05\\\/EUM-2.png?fit=2188%2C1254&ssl=1\",\"datePublished\":\"2024-05-10T07:42:29+00:00\",\"dateModified\":\"2024-05-10T07:45:33+00:00\",\"description\":\"La Escola Universit\u00e0ria Mediterrani (EUM)\u00a0est\u00e1 presente en las Jornadas Academica University Around The World para dar a conoce sus grados.\",\"breadcrumb\":{\"@id\":\"https:\\\/\\\/www.academica.school\\\/news\\\/descubriendo-la-escola-universitaria-mediterrani-eum\\\/#breadcrumb\"},\"inLanguage\":\"es\",\"potentialAction\":[{\"@type\":\"ReadAction\",\"target\":[\"https:\\\/\\\/www.academica.school\\\/news\\\/descubriendo-la-escola-universitaria-mediterrani-eum\\\/\"]}]},{\"@type\":\"ImageObject\",\"inLanguage\":\"es\",\"@id\":\"https:\\\/\\\/www.academica.school\\\/news\\\/descubriendo-la-escola-universitaria-mediterrani-eum\\\/#primaryimage\",\"url\":\"https:\\\/\\\/i0.wp.com\\\/www.academica.school\\\/news\\\/wp-content\\\/uploads\\\/2024\\\/05\\\/EUM-2.png?fit=2188%2C1254&ssl=1\",\"contentUrl\":\"https:\\\/\\\/i0.wp.com\\\/www.academica.school\\\/news\\\/wp-content\\\/uploads\\\/2024\\\/05\\\/EUM-2.png?fit=2188%2C1254&ssl=1\",\"width\":2188,\"height\":1254,\"caption\":\"eum-academica-university\"},{\"@type\":\"BreadcrumbList\",\"@id\":\"https:\\\/\\\/www.academica.school\\\/news\\\/descubriendo-la-escola-universitaria-mediterrani-eum\\\/#breadcrumb\",\"itemListElement\":[{\"@type\":\"ListItem\",\"position\":1,\"name\":\"Portada\",\"item\":\"https:\\\/\\\/www.academica.school\\\/news\\\/\"},{\"@type\":\"ListItem\",\"position\":2,\"name\":\"Descubriendo la Escuela Universitaria Mediterrani (EUM)\"}]},{\"@type\":\"WebSite\",\"@id\":\"https:\\\/\\\/www.academica.school\\\/news\\\/#website\",\"url\":\"https:\\\/\\\/www.academica.school\\\/news\\\/\",\"name\":\"Academica News\",\"description\":\"todo lo que pasa en el mundo acad\u00e9mico, sobre universidades y cualquier evento o novedad en la que participemos\",\"publisher\":{\"@id\":\"https:\\\/\\\/www.academica.school\\\/news\\\/#organization\"},\"potentialAction\":[{\"@type\":\"SearchAction\",\"target\":{\"@type\":\"EntryPoint\",\"urlTemplate\":\"https:\\\/\\\/www.academica.school\\\/news\\\/?s={search_term_string}\"},\"query-input\":{\"@type\":\"PropertyValueSpecification\",\"valueRequired\":true,\"valueName\":\"search_term_string\"}}],\"inLanguage\":\"es\"},{\"@type\":\"Organization\",\"@id\":\"https:\\\/\\\/www.academica.school\\\/news\\\/#organization\",\"name\":\"Academica\",\"url\":\"https:\\\/\\\/www.academica.school\\\/news\\\/\",\"logo\":{\"@type\":\"ImageObject\",\"inLanguage\":\"es\",\"@id\":\"https:\\\/\\\/www.academica.school\\\/news\\\/#\\\/schema\\\/logo\\\/image\\\/\",\"url\":\"https:\\\/\\\/i1.wp.com\\\/www.academica.school\\\/news\\\/wp-content\\\/uploads\\\/2019\\\/11\\\/Captura-de-pantalla-2019-11-20-a-las-12.14.04.png?fit=799%2C500&ssl=1\",\"contentUrl\":\"https:\\\/\\\/i1.wp.com\\\/www.academica.school\\\/news\\\/wp-content\\\/uploads\\\/2019\\\/11\\\/Captura-de-pantalla-2019-11-20-a-las-12.14.04.png?fit=799%2C500&ssl=1\",\"width\":799,\"height\":500,\"caption\":\"Academica\"},\"image\":{\"@id\":\"https:\\\/\\\/www.academica.school\\\/news\\\/#\\\/schema\\\/logo\\\/image\\\/\"}},{\"@type\":\"Person\",\"@id\":\"https:\\\/\\\/www.academica.school\\\/news\\\/#\\\/schema\\\/person\\\/07ed699df26b3ae2c049959a107fce05\",\"name\":\"Academica Spain\",\"image\":{\"@type\":\"ImageObject\",\"inLanguage\":\"es\",\"@id\":\"https:\\\/\\\/secure.gravatar.com\\\/avatar\\\/24d850e4f123aaa0ad5edf9a3fb1d97a98b831f0571142c5dc4b3add4e2db2ea?s=96&d=mm&r=g\",\"url\":\"https:\\\/\\\/secure.gravatar.com\\\/avatar\\\/24d850e4f123aaa0ad5edf9a3fb1d97a98b831f0571142c5dc4b3add4e2db2ea?s=96&d=mm&r=g\",\"contentUrl\":\"https:\\\/\\\/secure.gravatar.com\\\/avatar\\\/24d850e4f123aaa0ad5edf9a3fb1d97a98b831f0571142c5dc4b3add4e2db2ea?s=96&d=mm&r=g\",\"caption\":\"Academica Spain\"},\"url\":\"https:\\\/\\\/www.academica.school\\\/news\\\/author\\\/jasubal\\\/\"}]}<\/script>\n<!-- \/ Yoast SEO plugin. -->","yoast_head_json":{"title":"Descubriendo la Escuela Universitaria Mediterrani (EUM) - Academica News","description":"La Escola Universit\u00e0ria Mediterrani (EUM)\u00a0est\u00e1 presente en las Jornadas Academica University Around The World para dar a conoce sus grados.","robots":{"index":"index","follow":"follow","max-snippet":"max-snippet:-1","max-image-preview":"max-image-preview:large","max-video-preview":"max-video-preview:-1"},"canonical":"https:\/\/www.academica.school\/news\/descubriendo-la-escola-universitaria-mediterrani-eum\/","og_locale":"es_ES","og_type":"article","og_title":"Descubriendo la Escuela Universitaria Mediterrani (EUM) - Academica News","og_description":"La Escola Universit\u00e0ria Mediterrani (EUM)\u00a0est\u00e1 presente en las Jornadas Academica University Around The World para dar a conoce sus grados.","og_url":"https:\/\/www.academica.school\/news\/descubriendo-la-escola-universitaria-mediterrani-eum\/","og_site_name":"Academica News","article_published_time":"2024-05-10T07:42:29+00:00","article_modified_time":"2024-05-10T07:45:33+00:00","og_image":[{"width":2188,"height":1254,"url":"https:\/\/www.academica.school\/news\/wp-content\/uploads\/2024\/05\/EUM-2.png","type":"image\/png"}],"author":"Academica Spain","twitter_card":"summary_large_image","twitter_misc":{"Escrito por":"Academica Spain","Tiempo de lectura":"2 minutos"},"schema":{"@context":"https:\/\/schema.org","@graph":[{"@type":"Article","@id":"https:\/\/www.academica.school\/news\/descubriendo-la-escola-universitaria-mediterrani-eum\/#article","isPartOf":{"@id":"https:\/\/www.academica.school\/news\/descubriendo-la-escola-universitaria-mediterrani-eum\/"},"author":{"name":"Academica Spain","@id":"https:\/\/www.academica.school\/news\/#\/schema\/person\/07ed699df26b3ae2c049959a107fce05"},"headline":"Descubriendo la Escuela Universitaria Mediterrani (EUM)","datePublished":"2024-05-10T07:42:29+00:00","dateModified":"2024-05-10T07:45:33+00:00","mainEntityOfPage":{"@id":"https:\/\/www.academica.school\/news\/descubriendo-la-escola-universitaria-mediterrani-eum\/"},"wordCount":228,"publisher":{"@id":"https:\/\/www.academica.school\/news\/#organization"},"image":{"@id":"https:\/\/www.academica.school\/news\/descubriendo-la-escola-universitaria-mediterrani-eum\/#primaryimage"},"thumbnailUrl":"https:\/\/i0.wp.com\/www.academica.school\/news\/wp-content\/uploads\/2024\/05\/EUM-2.png?fit=2188%2C1254&ssl=1","keywords":["academica spain","academica university","alumnos","american high school","bachillerato americano","barcelona","colegios","Diploma Dual","dual diploma","escola universitaria mediterrani","los 300 mejores","universidades","university"],"articleSection":["Last News"],"inLanguage":"es"},{"@type":"WebPage","@id":"https:\/\/www.academica.school\/news\/descubriendo-la-escola-universitaria-mediterrani-eum\/","url":"https:\/\/www.academica.school\/news\/descubriendo-la-escola-universitaria-mediterrani-eum\/","name":"Descubriendo la Escuela Universitaria Mediterrani (EUM) - Academica News","isPartOf":{"@id":"https:\/\/www.academica.school\/news\/#website"},"primaryImageOfPage":{"@id":"https:\/\/www.academica.school\/news\/descubriendo-la-escola-universitaria-mediterrani-eum\/#primaryimage"},"image":{"@id":"https:\/\/www.academica.school\/news\/descubriendo-la-escola-universitaria-mediterrani-eum\/#primaryimage"},"thumbnailUrl":"https:\/\/i0.wp.com\/www.academica.school\/news\/wp-content\/uploads\/2024\/05\/EUM-2.png?fit=2188%2C1254&ssl=1","datePublished":"2024-05-10T07:42:29+00:00","dateModified":"2024-05-10T07:45:33+00:00","description":"La Escola Universit\u00e0ria Mediterrani (EUM)\u00a0est\u00e1 presente en las Jornadas Academica University Around The World para dar a conoce sus grados.","breadcrumb":{"@id":"https:\/\/www.academica.school\/news\/descubriendo-la-escola-universitaria-mediterrani-eum\/#breadcrumb"},"inLanguage":"es","potentialAction":[{"@type":"ReadAction","target":["https:\/\/www.academica.school\/news\/descubriendo-la-escola-universitaria-mediterrani-eum\/"]}]},{"@type":"ImageObject","inLanguage":"es","@id":"https:\/\/www.academica.school\/news\/descubriendo-la-escola-universitaria-mediterrani-eum\/#primaryimage","url":"https:\/\/i0.wp.com\/www.academica.school\/news\/wp-content\/uploads\/2024\/05\/EUM-2.png?fit=2188%2C1254&ssl=1","contentUrl":"https:\/\/i0.wp.com\/www.academica.school\/news\/wp-content\/uploads\/2024\/05\/EUM-2.png?fit=2188%2C1254&ssl=1","width":2188,"height":1254,"caption":"eum-academica-university"},{"@type":"BreadcrumbList","@id":"https:\/\/www.academica.school\/news\/descubriendo-la-escola-universitaria-mediterrani-eum\/#breadcrumb","itemListElement":[{"@type":"ListItem","position":1,"name":"Portada","item":"https:\/\/www.academica.school\/news\/"},{"@type":"ListItem","position":2,"name":"Descubriendo la Escuela Universitaria Mediterrani (EUM)"}]},{"@type":"WebSite","@id":"https:\/\/www.academica.school\/news\/#website","url":"https:\/\/www.academica.school\/news\/","name":"Academica News","description":"todo lo que pasa en el mundo acad\u00e9mico, sobre universidades y cualquier evento o novedad en la que participemos","publisher":{"@id":"https:\/\/www.academica.school\/news\/#organization"},"potentialAction":[{"@type":"SearchAction","target":{"@type":"EntryPoint","urlTemplate":"https:\/\/www.academica.school\/news\/?s={search_term_string}"},"query-input":{"@type":"PropertyValueSpecification","valueRequired":true,"valueName":"search_term_string"}}],"inLanguage":"es"},{"@type":"Organization","@id":"https:\/\/www.academica.school\/news\/#organization","name":"Academica","url":"https:\/\/www.academica.school\/news\/","logo":{"@type":"ImageObject","inLanguage":"es","@id":"https:\/\/www.academica.school\/news\/#\/schema\/logo\/image\/","url":"https:\/\/i1.wp.com\/www.academica.school\/news\/wp-content\/uploads\/2019\/11\/Captura-de-pantalla-2019-11-20-a-las-12.14.04.png?fit=799%2C500&ssl=1","contentUrl":"https:\/\/i1.wp.com\/www.academica.school\/news\/wp-content\/uploads\/2019\/11\/Captura-de-pantalla-2019-11-20-a-las-12.14.04.png?fit=799%2C500&ssl=1","width":799,"height":500,"caption":"Academica"},"image":{"@id":"https:\/\/www.academica.school\/news\/#\/schema\/logo\/image\/"}},{"@type":"Person","@id":"https:\/\/www.academica.school\/news\/#\/schema\/person\/07ed699df26b3ae2c049959a107fce05","name":"Academica Spain","image":{"@type":"ImageObject","inLanguage":"es","@id":"https:\/\/secure.gravatar.com\/avatar\/24d850e4f123aaa0ad5edf9a3fb1d97a98b831f0571142c5dc4b3add4e2db2ea?s=96&d=mm&r=g","url":"https:\/\/secure.gravatar.com\/avatar\/24d850e4f123aaa0ad5edf9a3fb1d97a98b831f0571142c5dc4b3add4e2db2ea?s=96&d=mm&r=g","contentUrl":"https:\/\/secure.gravatar.com\/avatar\/24d850e4f123aaa0ad5edf9a3fb1d97a98b831f0571142c5dc4b3add4e2db2ea?s=96&d=mm&r=g","caption":"Academica Spain"},"url":"https:\/\/www.academica.school\/news\/author\/jasubal\/"}]}},"jetpack_featured_media_url":"https:\/\/i0.wp.com\/www.academica.school\/news\/wp-content\/uploads\/2024\/05\/EUM-2.png?fit=2188%2C1254&ssl=1","jetpack_sharing_enabled":true,"jetpack_shortlink":"https:\/\/wp.me\/p8RDKh-D7","jetpack-related-posts":[{"id":2062,"url":"https:\/\/www.academica.school\/news\/conocemos-la-escola-universitaria-mediterrani-eum\/","url_meta":{"origin":2425,"position":0},"title":"Conocemos la Escola Universit\u00e0ria Mediterrani (EUM)","author":"Academica Spain","date":"febrero 5, 2024","format":false,"excerpt":"La Escola Universit\u00e0ria Mediterrani (EUM) particip\u00f3 el pasado 18 de enero en las Jornadas Academica University Around The World - Class of 2024. La jornada cont\u00f3 con m\u00e1s de 200 alumnos y familias conectadas online de colegios de toda Espa\u00f1a que quisieron conocer la universidad un poco m\u00e1s de cerca\u2026","rel":"","context":"En \u00abLast News\u00bb","block_context":{"text":"Last News","link":"https:\/\/www.academica.school\/news\/last-news\/"},"img":{"alt_text":"eum-academica-university","src":"https:\/\/i0.wp.com\/www.academica.school\/news\/wp-content\/uploads\/2024\/02\/NEWS-AUAW-CLASS-OF-2024-1.jpg?fit=1200%2C848&ssl=1&resize=350%2C200","width":350,"height":200,"srcset":"https:\/\/i0.wp.com\/www.academica.school\/news\/wp-content\/uploads\/2024\/02\/NEWS-AUAW-CLASS-OF-2024-1.jpg?fit=1200%2C848&ssl=1&resize=350%2C200 1x, https:\/\/i0.wp.com\/www.academica.school\/news\/wp-content\/uploads\/2024\/02\/NEWS-AUAW-CLASS-OF-2024-1.jpg?fit=1200%2C848&ssl=1&resize=525%2C300 1.5x, https:\/\/i0.wp.com\/www.academica.school\/news\/wp-content\/uploads\/2024\/02\/NEWS-AUAW-CLASS-OF-2024-1.jpg?fit=1200%2C848&ssl=1&resize=700%2C400 2x, https:\/\/i0.wp.com\/www.academica.school\/news\/wp-content\/uploads\/2024\/02\/NEWS-AUAW-CLASS-OF-2024-1.jpg?fit=1200%2C848&ssl=1&resize=1050%2C600 3x"},"classes":[]},{"id":2906,"url":"https:\/\/www.academica.school\/news\/cunef-organiza-una-mesa-redonda-con-sus-alumnos-en-las-jornadas-academica-university\/","url_meta":{"origin":2425,"position":1},"title":"CUNEF organiza una mesa redonda con sus alumnos en las Jornadas Academica University","author":"Academica Spain","date":"enero 31, 2025","format":false,"excerpt":"La Universidad CUNEF vuelve a estar presente en las Jornadas Academica University dirigidas a los alumnos de 2\u00ba de Bachillerato, donde hemos tenido el placer de contar con una sesi\u00f3n muy especial y motivadora. Hace unas semanas tuvimos la oportunidad de conocer la universidad de manera m\u00e1s cercana gracias a\u2026","rel":"","context":"En \u00abLast News\u00bb","block_context":{"text":"Last News","link":"https:\/\/www.academica.school\/news\/last-news\/"},"img":{"alt_text":"diploma-dual-academica","src":"https:\/\/i0.wp.com\/www.academica.school\/news\/wp-content\/uploads\/2025\/01\/diploma-dual-academica-6.jpg?fit=1200%2C675&ssl=1&resize=350%2C200","width":350,"height":200,"srcset":"https:\/\/i0.wp.com\/www.academica.school\/news\/wp-content\/uploads\/2025\/01\/diploma-dual-academica-6.jpg?fit=1200%2C675&ssl=1&resize=350%2C200 1x, https:\/\/i0.wp.com\/www.academica.school\/news\/wp-content\/uploads\/2025\/01\/diploma-dual-academica-6.jpg?fit=1200%2C675&ssl=1&resize=525%2C300 1.5x, https:\/\/i0.wp.com\/www.academica.school\/news\/wp-content\/uploads\/2025\/01\/diploma-dual-academica-6.jpg?fit=1200%2C675&ssl=1&resize=700%2C400 2x, https:\/\/i0.wp.com\/www.academica.school\/news\/wp-content\/uploads\/2025\/01\/diploma-dual-academica-6.jpg?fit=1200%2C675&ssl=1&resize=1050%2C600 3x"},"classes":[]},{"id":2743,"url":"https:\/\/www.academica.school\/news\/descubre-la-universidad-europea\/","url_meta":{"origin":2425,"position":2},"title":"Descubre la Universidad Europea","author":"Academica Spain","date":"noviembre 20, 2024","format":false,"excerpt":"Ya han comenzado las Jornadas Academica University, las cuales se celebrar\u00e1n a lo largo de todo el curso y est\u00e1n dirigidas a todos los alumnos desde 3\u00ba de la ESO hasta 2\u00ba de Bachillerato. Con el objetivo de seguir apoyando la gran labor educativa y de orientaci\u00f3n que se lleva\u2026","rel":"","context":"En \u00abLast News\u00bb","block_context":{"text":"Last News","link":"https:\/\/www.academica.school\/news\/last-news\/"},"img":{"alt_text":"diploma-dual-academica","src":"https:\/\/i0.wp.com\/www.academica.school\/news\/wp-content\/uploads\/2024\/11\/diploma-dual-academica-3.jpg?fit=1200%2C851&ssl=1&resize=350%2C200","width":350,"height":200,"srcset":"https:\/\/i0.wp.com\/www.academica.school\/news\/wp-content\/uploads\/2024\/11\/diploma-dual-academica-3.jpg?fit=1200%2C851&ssl=1&resize=350%2C200 1x, https:\/\/i0.wp.com\/www.academica.school\/news\/wp-content\/uploads\/2024\/11\/diploma-dual-academica-3.jpg?fit=1200%2C851&ssl=1&resize=525%2C300 1.5x, https:\/\/i0.wp.com\/www.academica.school\/news\/wp-content\/uploads\/2024\/11\/diploma-dual-academica-3.jpg?fit=1200%2C851&ssl=1&resize=700%2C400 2x, https:\/\/i0.wp.com\/www.academica.school\/news\/wp-content\/uploads\/2024\/11\/diploma-dual-academica-3.jpg?fit=1200%2C851&ssl=1&resize=1050%2C600 3x"},"classes":[]},{"id":2848,"url":"https:\/\/www.academica.school\/news\/conoce-cis-endicott-en-las-jornadas-academica-university\/","url_meta":{"origin":2425,"position":3},"title":"Conoce CIS University Endicott International en las Jornadas Academica University","author":"Academica Spain","date":"diciembre 27, 2024","format":false,"excerpt":"CIS University Endicott International nos da la oportunidad de conocer su metodolog\u00eda y oferta formativa en las Jornadas Academica University. Es una Universidad Americana situada en pleno centro de Madrid, en la que ofrecen una alternativa al sistema universitario espa\u00f1ol m\u00e1s innovadora y pr\u00e1ctica. CIS University cuenta con programas acreditados\u2026","rel":"","context":"En \u00abLast News\u00bb","block_context":{"text":"Last News","link":"https:\/\/www.academica.school\/news\/last-news\/"},"img":{"alt_text":"diploma-dual-academica","src":"https:\/\/i0.wp.com\/www.academica.school\/news\/wp-content\/uploads\/2024\/12\/diploma-dual-academica-3-e1735288973721.png?fit=1000%2C537&ssl=1&resize=350%2C200","width":350,"height":200,"srcset":"https:\/\/i0.wp.com\/www.academica.school\/news\/wp-content\/uploads\/2024\/12\/diploma-dual-academica-3-e1735288973721.png?fit=1000%2C537&ssl=1&resize=350%2C200 1x, https:\/\/i0.wp.com\/www.academica.school\/news\/wp-content\/uploads\/2024\/12\/diploma-dual-academica-3-e1735288973721.png?fit=1000%2C537&ssl=1&resize=525%2C300 1.5x, https:\/\/i0.wp.com\/www.academica.school\/news\/wp-content\/uploads\/2024\/12\/diploma-dual-academica-3-e1735288973721.png?fit=1000%2C537&ssl=1&resize=700%2C400 2x"},"classes":[]},{"id":3068,"url":"https:\/\/www.academica.school\/news\/adema-y-academica-firman-acuerdo\/","url_meta":{"origin":2425,"position":4},"title":"ADEMA y Academica firman un acuerdo para acercar la universidad a sus estudiantes","author":"Academica Spain","date":"marzo 26, 2025","format":false,"excerpt":"La Escuela Universitaria ADEMA y Academica han firmado un convenio marco de colaboraci\u00f3n con el objetivo de establecer sinergias acad\u00e9micas y culturales que permitan acercar la universidad a los alumnos espa\u00f1oles que cursan el programa Diploma Dual. El acuerdo entre ambas instituciones tiene como objetivo principal dotar a los alumnos\u2026","rel":"","context":"En \u00abLast News\u00bb","block_context":{"text":"Last News","link":"https:\/\/www.academica.school\/news\/last-news\/"},"img":{"alt_text":"diploma-dual-adema-universidad","src":"https:\/\/i0.wp.com\/www.academica.school\/news\/wp-content\/uploads\/2025\/03\/diploma-dual-adema-universidad.jpg?fit=1200%2C800&ssl=1&resize=350%2C200","width":350,"height":200,"srcset":"https:\/\/i0.wp.com\/www.academica.school\/news\/wp-content\/uploads\/2025\/03\/diploma-dual-adema-universidad.jpg?fit=1200%2C800&ssl=1&resize=350%2C200 1x, https:\/\/i0.wp.com\/www.academica.school\/news\/wp-content\/uploads\/2025\/03\/diploma-dual-adema-universidad.jpg?fit=1200%2C800&ssl=1&resize=525%2C300 1.5x, https:\/\/i0.wp.com\/www.academica.school\/news\/wp-content\/uploads\/2025\/03\/diploma-dual-adema-universidad.jpg?fit=1200%2C800&ssl=1&resize=700%2C400 2x, https:\/\/i0.wp.com\/www.academica.school\/news\/wp-content\/uploads\/2025\/03\/diploma-dual-adema-universidad.jpg?fit=1200%2C800&ssl=1&resize=1050%2C600 3x"},"classes":[]},{"id":3517,"url":"https:\/\/www.academica.school\/news\/jornadas-academica-university-comienzan-exito\/","url_meta":{"origin":2425,"position":5},"title":"Comienzan con \u00e9xito las Jornadas Academica University","author":"Academica Spain","date":"octubre 21, 2025","format":false,"excerpt":"Un a\u00f1o m\u00e1s, han arrancado con \u00e9xito las Jornadas Academica University con profesionales de diferentes universidades de reconocido prestigio. Desde Academica University brindamos la oportunidad a los alumnos de mantener un contacto directo con las universidades de forma que reciban la orientaci\u00f3n necesaria para poder tomar una de las decisiones\u2026","rel":"","context":"En \u00abLast News\u00bb","block_context":{"text":"Last News","link":"https:\/\/www.academica.school\/news\/last-news\/"},"img":{"alt_text":"diploma-dual-schiller","src":"https:\/\/i0.wp.com\/www.academica.school\/news\/wp-content\/uploads\/2025\/10\/SCHILLER-1.png?fit=1000%2C536&ssl=1&resize=350%2C200","width":350,"height":200,"srcset":"https:\/\/i0.wp.com\/www.academica.school\/news\/wp-content\/uploads\/2025\/10\/SCHILLER-1.png?fit=1000%2C536&ssl=1&resize=350%2C200 1x, https:\/\/i0.wp.com\/www.academica.school\/news\/wp-content\/uploads\/2025\/10\/SCHILLER-1.png?fit=1000%2C536&ssl=1&resize=525%2C300 1.5x, https:\/\/i0.wp.com\/www.academica.school\/news\/wp-content\/uploads\/2025\/10\/SCHILLER-1.png?fit=1000%2C536&ssl=1&resize=700%2C400 2x"},"classes":[]}],"_links":{"self":[{"href":"https:\/\/www.academica.school\/news\/wp-json\/wp\/v2\/posts\/2425","targetHints":{"allow":["GET"]}}],"collection":[{"href":"https:\/\/www.academica.school\/news\/wp-json\/wp\/v2\/posts"}],"about":[{"href":"https:\/\/www.academica.school\/news\/wp-json\/wp\/v2\/types\/post"}],"author":[{"embeddable":true,"href":"https:\/\/www.academica.school\/news\/wp-json\/wp\/v2\/users\/1"}],"replies":[{"embeddable":true,"href":"https:\/\/www.academica.school\/news\/wp-json\/wp\/v2\/comments?post=2425"}],"version-history":[{"count":7,"href":"https:\/\/www.academica.school\/news\/wp-json\/wp\/v2\/posts\/2425\/revisions"}],"predecessor-version":[{"id":2433,"href":"https:\/\/www.academica.school\/news\/wp-json\/wp\/v2\/posts\/2425\/revisions\/2433"}],"wp:featuredmedia":[{"embeddable":true,"href":"https:\/\/www.academica.school\/news\/wp-json\/wp\/v2\/media\/2431"}],"wp:attachment":[{"href":"https:\/\/www.academica.school\/news\/wp-json\/wp\/v2\/media?parent=2425"}],"wp:term":[{"taxonomy":"category","embeddable":true,"href":"https:\/\/www.academica.school\/news\/wp-json\/wp\/v2\/categories?post=2425"},{"taxonomy":"post_tag","embeddable":true,"href":"https:\/\/www.academica.school\/news\/wp-json\/wp\/v2\/tags?post=2425"}],"curies":[{"name":"wp","href":"https:\/\/api.w.org\/{rel}","templated":true}]}}