{"id":2632,"date":"2024-09-30T07:31:45","date_gmt":"2024-09-30T07:31:45","guid":{"rendered":"https:\/\/www.academica.school\/news\/?p=2632"},"modified":"2024-09-30T07:31:45","modified_gmt":"2024-09-30T07:31:45","slug":"el-diploma-dual-les-abre-la-mente-a-los-alumnos-a-otras-realidades-haciendoles-mas-empaticos-y-globales","status":"publish","type":"post","link":"https:\/\/www.academica.school\/news\/el-diploma-dual-les-abre-la-mente-a-los-alumnos-a-otras-realidades-haciendoles-mas-empaticos-y-globales\/","title":{"rendered":"\u00abEl Diploma Dual les abre la mente a los alumnos a otras realidades, haci\u00e9ndoles m\u00e1s emp\u00e1ticos y globales\u00bb"},"content":{"rendered":"<p>Entrevistamos a Ana Llinares, Directora de Programa en el<strong> Colegio Santa Teresa de Jes\u00fas de Calahorra<\/strong>, quien nos cuenta su experiencia con el programa.<\/p>\n<p><!--more--><\/p>\n<p>Ya son 10 a\u00f1os los que lleva encarg\u00e1ndose del Diploma Dual en su centro escolar, desde el curso 2015\/16 cuando se implement\u00f3 en programa.<\/p>\n<p><strong>\u00bfQu\u00e9 tipo de tareas lleva impl\u00edcita esta responsabilidad para los que sois Directores de Programa?<\/strong><\/p>\n<div class=\"page\" title=\"Page 1\">\n<div class=\"section\">\n<div class=\"layoutArea\">\n<div class=\"column\">\n<div class=\"page\" title=\"Page 1\">\n<div class=\"section\">\n<div class=\"layoutArea\">\n<div class=\"column\">\n<div class=\"page\" title=\"Page 1\">\n<div class=\"section\">\n<div class=\"layoutArea\">\n<div class=\"column\">\n<p>Empec\u00e9 desde el principio a encargarme del programa y sigo siendo la Directora de Programa. Las tareas que realizo, principalmente son: el seguimiento del trabajo y evoluci\u00f3n de los alumnos\/as, la comunicaci\u00f3n con las familias en caso que sea necesario, animar, motivar y respaldar a los alumnos\/as, y, una vez a la semana, compartir una sesi\u00f3n de trabajo de 3 horas en el que entre ellos se ayudan mucho, algunos\/as trabajan juntos, y a veces, yo les ayudo con algunas dudas puntuales; principalmente de idioma o de instrucciones.<\/p>\n<\/div>\n<\/div>\n<\/div>\n<\/div>\n<\/div>\n<\/div>\n<\/div>\n<\/div>\n<\/div>\n<\/div>\n<\/div>\n<\/div>\n<p>&nbsp;<\/p>\n<p><b>\u00bfQu\u00e9 cambios has ido notando en los alumnos inscritos en el programa a medida que han ido avanzando los a\u00f1os?<\/b><\/p>\n<div class=\"page\" title=\"Page 2\">\n<div class=\"section\">\n<div class=\"layoutArea\">\n<div class=\"column\">\n<div class=\"page\" title=\"Page 1\">\n<div class=\"section\">\n<div class=\"layoutArea\">\n<div class=\"column\">\n<p>Han mejorado notablemente su autonom\u00eda, madurez, gesti\u00f3n del trabajo y el tiempo, el idioma, y la competencia digital.<\/p>\n<\/div>\n<\/div>\n<\/div>\n<\/div>\n<\/div>\n<\/div>\n<\/div>\n<\/div>\n<p>&nbsp;<\/p>\n<p><b>\u00bfQu\u00e9 ventajas crees que aporta estudiar un curricular de un pa\u00eds diferente al nuestro, como el estadounidense?<\/b><\/p>\n<div class=\"page\" title=\"Page 1\">\n<div class=\"section\">\n<div class=\"layoutArea\">\n<div class=\"column\">\n<div class=\"page\" title=\"Page 2\">\n<div class=\"section\">\n<div class=\"layoutArea\">\n<div class=\"column\">\n<div class=\"page\" title=\"Page 1\">\n<div class=\"section\">\n<div class=\"layoutArea\">\n<div class=\"column\">\n<p>Creo que es abrirles la mente a otras realidades a trav\u00e9s de contenidos muy distintos a los que ven en Espa\u00f1a.<\/p>\n<blockquote><p><strong>A trav\u00e9s de esta ventana a otra cultura y curr\u00edculo, les hace ser m\u00e1s emp\u00e1ticos y globales, lo cu\u00e1l es una gran preparaci\u00f3n para el futuro que en unos a\u00f1os se encontrar\u00e1n; tanto en la universidad como en el \u00e1mbito profesional.<\/strong><\/p><\/blockquote>\n<\/div>\n<\/div>\n<\/div>\n<\/div>\n<\/div>\n<\/div>\n<\/div>\n<\/div>\n<\/div>\n<\/div>\n<\/div>\n<\/div>\n<p>&nbsp;<\/p>\n<p><b>\u00bfCrees que aprenden los alumnos realmente ingl\u00e9s? \u00bfC\u00f3mo dir\u00edas que es ese aprendizaje?<\/b><\/p>\n<p>Aprenden mucho y creo que trabajan las destrezas que, quiz\u00e1s, dentro del aula ordinaria, son m\u00e1s dif\u00edciles de trabajar.<\/p>\n<blockquote><p><strong>Adem\u00e1s, el ingl\u00e9s al que se enfrentan es un ingl\u00e9s muy real y actualizado, lo cu\u00e1l les enriquece much\u00edsimo.<\/strong><\/p><\/blockquote>\n<p>&nbsp;<\/p>\n<p><b>\u00bfSe nota ese nivel despu\u00e9s a la hora de cosechar buenos resultados en la Selectividad?<\/b><\/p>\n<div class=\"page\" title=\"Page 2\">\n<div class=\"section\">\n<div class=\"layoutArea\">\n<div class=\"column\">\n<div class=\"page\" title=\"Page 2\">\n<div class=\"section\">\n<div class=\"layoutArea\">\n<div class=\"column\">\n<div class=\"page\" title=\"Page 1\">\n<div class=\"section\">\n<div class=\"layoutArea\">\n<div class=\"column\">\n<p>Totalmente. De hecho, estos alumnos\/as durante los a\u00f1os que cursan este programa no suelen asistir a clases de ingl\u00e9s extraescolar, pero cuando deciden examinarse de alg\u00fan certificado de ingl\u00e9s, acuden directamente al examen sin preparaci\u00f3n previa y han aprobado siempre sin problemas.<\/p>\n<p>&nbsp;<\/p>\n<\/div>\n<\/div>\n<\/div>\n<\/div>\n<\/div>\n<\/div>\n<\/div>\n<\/div>\n<\/div>\n<\/div>\n<\/div>\n<\/div>\n<p><b>\u00bfRecomendar\u00edas el Diploma Dual a aquellas familias y alumnos que puedan estar pensando en mejorar su ingl\u00e9s? \u00bfPor qu\u00e9?<\/b><\/p>\n<div class=\"page\" title=\"Page 2\">\n<div class=\"section\">\n<div class=\"layoutArea\">\n<div class=\"column\">\n<div class=\"page\" title=\"Page 3\">\n<div class=\"section\">\n<div class=\"layoutArea\">\n<div class=\"column\">\n<div class=\"page\" title=\"Page 1\">\n<div class=\"section\">\n<div class=\"layoutArea\">\n<div class=\"column\">\n<p>Totalmente, por las razones que he explicado anteriormente. Eso s\u00ed, lo importante es que el alumno\/a est\u00e9 convencido\/a de querer realizar este programa, y que sepa el compromiso que conlleva (en cuanto a trabajos semanales, a\u00f1os de duraci\u00f3n de programa, etc.) y est\u00e9 dispuesto\/a a aceptarlo con ilusi\u00f3n.<\/p>\n<p>Los casos de abandono que hemos tenido en nuestro colegio, que han sido poqu\u00edsimos, han sido justo por esta causa. Las familias ven las ventajas clar\u00edsimamente, y est\u00e1n dispuestas a hacer un esfuerzo econ\u00f3mico, pero si sus hijos\/as no quieren realizar el programa, al final, al ser un trabajo tan independiente en el que cada uno\/a aprende a organizarse su tiempo y responsabilizarse de las entregas, si el alumno\/a no quiere&#8230; no funciona.<\/p>\n<p>&nbsp;<\/p>\n<\/div>\n<\/div>\n<\/div>\n<\/div>\n<\/div>\n<\/div>\n<\/div>\n<\/div>\n<\/div>\n<\/div>\n<\/div>\n<\/div>\n<p><b>Por \u00faltimo, \u00bfcu\u00e1l ha sido tu mayor satisfacci\u00f3n como Directora de Programa a lo largo de estos a\u00f1os?<\/b><\/p>\n<div class=\"page\" title=\"Page 2\">\n<div class=\"section\">\n<div class=\"layoutArea\">\n<div class=\"column\">\n<div class=\"page\" title=\"Page 3\">\n<div class=\"section\">\n<div class=\"layoutArea\">\n<div class=\"column\">\n<div class=\"page\" title=\"Page 1\">\n<div class=\"section\">\n<div class=\"layoutArea\">\n<div class=\"column\">\n<p>Ver que un programa con el que apostamos hace ya diez a\u00f1os con mucho miedo a la aceptaci\u00f3n que tendr\u00eda por parte de las familias y alumnos\/as del colegio al ser tan novedoso en nuestra zona, cada vez tiene m\u00e1s acogida y son m\u00e1s los alumnos\/as que se matriculan.<\/p>\n<p>Y, lo m\u00e1s importante, encontrarte con los alumnos\/as de 2\u00ba de Bachillerato que te comentan que ahora, mirando hacia atr\u00e1s, entienden todo lo que el programa les ha aportado durante estos a\u00f1os y que de cara a enfrentarse a una prueba como la Selectividad o la universidad ven que han desarrollado unas destrezas y habilidades clave para esta nueva etapa.<\/p>\n<\/div>\n<\/div>\n<\/div>\n<\/div>\n<\/div>\n<\/div>\n<\/div>\n<\/div>\n<\/div>\n<\/div>\n<\/div>\n<\/div>\n","protected":false},"excerpt":{"rendered":"<p>Entrevistamos a Ana Llinares, Directora de Programa en el Colegio Santa Teresa de Jes\u00fas de Calahorra, quien nos cuenta su experiencia con el programa.<\/p>\n","protected":false},"author":1,"featured_media":2634,"comment_status":"closed","ping_status":"closed","sticky":false,"template":"","format":"standard","meta":{"_jetpack_memberships_contains_paid_content":false,"footnotes":""},"categories":[1],"tags":[9,139,89,198,510,208,632,4,240,222,229,431],"class_list":["post-2632","post","type-post","status-publish","format-standard","has-post-thumbnail","hentry","category-last-news","tag-academica","tag-academica-spain","tag-alumnos","tag-american-high-school","tag-aprendizaje","tag-colegio","tag-colegio-santa-teresa-de-jesus","tag-diploma-dual","tag-directora-de-programa","tag-dual-diploma","tag-entrevista","tag-los-300-mejores","clearfix"],"yoast_head":"<!-- This site is optimized with the Yoast SEO plugin v27.4 - https:\/\/yoast.com\/product\/yoast-seo-wordpress\/ -->\n<title>&quot;El Diploma Dual les abre la mente a los alumnos a otras realidades, haci\u00e9ndoles m\u00e1s emp\u00e1ticos y globales&quot; - Academica News<\/title>\n<meta name=\"description\" content=\"Entrevistamos a Ana Llinares, Directora de Programa en el Colegio Santa Teresa de Calahorra, quien nos cuenta su experiencia con el programa.\" \/>\n<meta name=\"robots\" content=\"index, follow, max-snippet:-1, max-image-preview:large, max-video-preview:-1\" \/>\n<link rel=\"canonical\" href=\"https:\/\/www.academica.school\/news\/el-diploma-dual-les-abre-la-mente-a-los-alumnos-a-otras-realidades-haciendoles-mas-empaticos-y-globales\/\" \/>\n<meta property=\"og:locale\" content=\"es_ES\" \/>\n<meta property=\"og:type\" content=\"article\" \/>\n<meta property=\"og:title\" content=\"&quot;El Diploma Dual les abre la mente a los alumnos a otras realidades, haci\u00e9ndoles m\u00e1s emp\u00e1ticos y globales&quot; - Academica News\" \/>\n<meta property=\"og:description\" content=\"Entrevistamos a Ana Llinares, Directora de Programa en el Colegio Santa Teresa de Calahorra, quien nos cuenta su experiencia con el programa.\" \/>\n<meta property=\"og:url\" content=\"https:\/\/www.academica.school\/news\/el-diploma-dual-les-abre-la-mente-a-los-alumnos-a-otras-realidades-haciendoles-mas-empaticos-y-globales\/\" \/>\n<meta property=\"og:site_name\" content=\"Academica News\" \/>\n<meta property=\"article:published_time\" content=\"2024-09-30T07:31:45+00:00\" \/>\n<meta property=\"og:image\" content=\"https:\/\/www.academica.school\/news\/wp-content\/uploads\/2024\/09\/diploma-dual-academica-e1727099226727.jpg\" \/>\n\t<meta property=\"og:image:width\" content=\"500\" \/>\n\t<meta property=\"og:image:height\" content=\"648\" \/>\n\t<meta property=\"og:image:type\" content=\"image\/jpeg\" \/>\n<meta name=\"author\" content=\"Academica Spain\" \/>\n<meta name=\"twitter:card\" content=\"summary_large_image\" \/>\n<meta name=\"twitter:label1\" content=\"Escrito por\" \/>\n\t<meta name=\"twitter:data1\" content=\"Academica Spain\" \/>\n\t<meta name=\"twitter:label2\" content=\"Tiempo de lectura\" \/>\n\t<meta name=\"twitter:data2\" content=\"3 minutos\" \/>\n<script type=\"application\/ld+json\" class=\"yoast-schema-graph\">{\"@context\":\"https:\\\/\\\/schema.org\",\"@graph\":[{\"@type\":\"Article\",\"@id\":\"https:\\\/\\\/www.academica.school\\\/news\\\/el-diploma-dual-les-abre-la-mente-a-los-alumnos-a-otras-realidades-haciendoles-mas-empaticos-y-globales\\\/#article\",\"isPartOf\":{\"@id\":\"https:\\\/\\\/www.academica.school\\\/news\\\/el-diploma-dual-les-abre-la-mente-a-los-alumnos-a-otras-realidades-haciendoles-mas-empaticos-y-globales\\\/\"},\"author\":{\"name\":\"Academica Spain\",\"@id\":\"https:\\\/\\\/www.academica.school\\\/news\\\/#\\\/schema\\\/person\\\/07ed699df26b3ae2c049959a107fce05\"},\"headline\":\"\u00abEl Diploma Dual les abre la mente a los alumnos a otras realidades, haci\u00e9ndoles m\u00e1s emp\u00e1ticos y globales\u00bb\",\"datePublished\":\"2024-09-30T07:31:45+00:00\",\"mainEntityOfPage\":{\"@id\":\"https:\\\/\\\/www.academica.school\\\/news\\\/el-diploma-dual-les-abre-la-mente-a-los-alumnos-a-otras-realidades-haciendoles-mas-empaticos-y-globales\\\/\"},\"wordCount\":737,\"publisher\":{\"@id\":\"https:\\\/\\\/www.academica.school\\\/news\\\/#organization\"},\"image\":{\"@id\":\"https:\\\/\\\/www.academica.school\\\/news\\\/el-diploma-dual-les-abre-la-mente-a-los-alumnos-a-otras-realidades-haciendoles-mas-empaticos-y-globales\\\/#primaryimage\"},\"thumbnailUrl\":\"https:\\\/\\\/i0.wp.com\\\/www.academica.school\\\/news\\\/wp-content\\\/uploads\\\/2024\\\/09\\\/diploma-dual-academica-e1727099226727.jpg?fit=500%2C648&ssl=1\",\"keywords\":[\"academica\",\"academica spain\",\"alumnos\",\"american high school\",\"aprendizaje\",\"colegio\",\"colegio santa teresa de jes\u00fas\",\"Diploma Dual\",\"directora de programa\",\"dual diploma\",\"entrevista\",\"los 300 mejores\"],\"articleSection\":[\"Last News\"],\"inLanguage\":\"es\"},{\"@type\":\"WebPage\",\"@id\":\"https:\\\/\\\/www.academica.school\\\/news\\\/el-diploma-dual-les-abre-la-mente-a-los-alumnos-a-otras-realidades-haciendoles-mas-empaticos-y-globales\\\/\",\"url\":\"https:\\\/\\\/www.academica.school\\\/news\\\/el-diploma-dual-les-abre-la-mente-a-los-alumnos-a-otras-realidades-haciendoles-mas-empaticos-y-globales\\\/\",\"name\":\"\\\"El Diploma Dual les abre la mente a los alumnos a otras realidades, haci\u00e9ndoles m\u00e1s emp\u00e1ticos y globales\\\" - Academica News\",\"isPartOf\":{\"@id\":\"https:\\\/\\\/www.academica.school\\\/news\\\/#website\"},\"primaryImageOfPage\":{\"@id\":\"https:\\\/\\\/www.academica.school\\\/news\\\/el-diploma-dual-les-abre-la-mente-a-los-alumnos-a-otras-realidades-haciendoles-mas-empaticos-y-globales\\\/#primaryimage\"},\"image\":{\"@id\":\"https:\\\/\\\/www.academica.school\\\/news\\\/el-diploma-dual-les-abre-la-mente-a-los-alumnos-a-otras-realidades-haciendoles-mas-empaticos-y-globales\\\/#primaryimage\"},\"thumbnailUrl\":\"https:\\\/\\\/i0.wp.com\\\/www.academica.school\\\/news\\\/wp-content\\\/uploads\\\/2024\\\/09\\\/diploma-dual-academica-e1727099226727.jpg?fit=500%2C648&ssl=1\",\"datePublished\":\"2024-09-30T07:31:45+00:00\",\"description\":\"Entrevistamos a Ana Llinares, Directora de Programa en el Colegio Santa Teresa de Calahorra, quien nos cuenta su experiencia con el programa.\",\"breadcrumb\":{\"@id\":\"https:\\\/\\\/www.academica.school\\\/news\\\/el-diploma-dual-les-abre-la-mente-a-los-alumnos-a-otras-realidades-haciendoles-mas-empaticos-y-globales\\\/#breadcrumb\"},\"inLanguage\":\"es\",\"potentialAction\":[{\"@type\":\"ReadAction\",\"target\":[\"https:\\\/\\\/www.academica.school\\\/news\\\/el-diploma-dual-les-abre-la-mente-a-los-alumnos-a-otras-realidades-haciendoles-mas-empaticos-y-globales\\\/\"]}]},{\"@type\":\"ImageObject\",\"inLanguage\":\"es\",\"@id\":\"https:\\\/\\\/www.academica.school\\\/news\\\/el-diploma-dual-les-abre-la-mente-a-los-alumnos-a-otras-realidades-haciendoles-mas-empaticos-y-globales\\\/#primaryimage\",\"url\":\"https:\\\/\\\/i0.wp.com\\\/www.academica.school\\\/news\\\/wp-content\\\/uploads\\\/2024\\\/09\\\/diploma-dual-academica-e1727099226727.jpg?fit=500%2C648&ssl=1\",\"contentUrl\":\"https:\\\/\\\/i0.wp.com\\\/www.academica.school\\\/news\\\/wp-content\\\/uploads\\\/2024\\\/09\\\/diploma-dual-academica-e1727099226727.jpg?fit=500%2C648&ssl=1\",\"width\":500,\"height\":648,\"caption\":\"diploma-dual-academica\"},{\"@type\":\"BreadcrumbList\",\"@id\":\"https:\\\/\\\/www.academica.school\\\/news\\\/el-diploma-dual-les-abre-la-mente-a-los-alumnos-a-otras-realidades-haciendoles-mas-empaticos-y-globales\\\/#breadcrumb\",\"itemListElement\":[{\"@type\":\"ListItem\",\"position\":1,\"name\":\"Portada\",\"item\":\"https:\\\/\\\/www.academica.school\\\/news\\\/\"},{\"@type\":\"ListItem\",\"position\":2,\"name\":\"\u00abEl Diploma Dual les abre la mente a los alumnos a otras realidades, haci\u00e9ndoles m\u00e1s emp\u00e1ticos y globales\u00bb\"}]},{\"@type\":\"WebSite\",\"@id\":\"https:\\\/\\\/www.academica.school\\\/news\\\/#website\",\"url\":\"https:\\\/\\\/www.academica.school\\\/news\\\/\",\"name\":\"Academica News\",\"description\":\"todo lo que pasa en el mundo acad\u00e9mico, sobre universidades y cualquier evento o novedad en la que participemos\",\"publisher\":{\"@id\":\"https:\\\/\\\/www.academica.school\\\/news\\\/#organization\"},\"potentialAction\":[{\"@type\":\"SearchAction\",\"target\":{\"@type\":\"EntryPoint\",\"urlTemplate\":\"https:\\\/\\\/www.academica.school\\\/news\\\/?s={search_term_string}\"},\"query-input\":{\"@type\":\"PropertyValueSpecification\",\"valueRequired\":true,\"valueName\":\"search_term_string\"}}],\"inLanguage\":\"es\"},{\"@type\":\"Organization\",\"@id\":\"https:\\\/\\\/www.academica.school\\\/news\\\/#organization\",\"name\":\"Academica\",\"url\":\"https:\\\/\\\/www.academica.school\\\/news\\\/\",\"logo\":{\"@type\":\"ImageObject\",\"inLanguage\":\"es\",\"@id\":\"https:\\\/\\\/www.academica.school\\\/news\\\/#\\\/schema\\\/logo\\\/image\\\/\",\"url\":\"https:\\\/\\\/i1.wp.com\\\/www.academica.school\\\/news\\\/wp-content\\\/uploads\\\/2019\\\/11\\\/Captura-de-pantalla-2019-11-20-a-las-12.14.04.png?fit=799%2C500&ssl=1\",\"contentUrl\":\"https:\\\/\\\/i1.wp.com\\\/www.academica.school\\\/news\\\/wp-content\\\/uploads\\\/2019\\\/11\\\/Captura-de-pantalla-2019-11-20-a-las-12.14.04.png?fit=799%2C500&ssl=1\",\"width\":799,\"height\":500,\"caption\":\"Academica\"},\"image\":{\"@id\":\"https:\\\/\\\/www.academica.school\\\/news\\\/#\\\/schema\\\/logo\\\/image\\\/\"}},{\"@type\":\"Person\",\"@id\":\"https:\\\/\\\/www.academica.school\\\/news\\\/#\\\/schema\\\/person\\\/07ed699df26b3ae2c049959a107fce05\",\"name\":\"Academica Spain\",\"image\":{\"@type\":\"ImageObject\",\"inLanguage\":\"es\",\"@id\":\"https:\\\/\\\/secure.gravatar.com\\\/avatar\\\/24d850e4f123aaa0ad5edf9a3fb1d97a98b831f0571142c5dc4b3add4e2db2ea?s=96&d=mm&r=g\",\"url\":\"https:\\\/\\\/secure.gravatar.com\\\/avatar\\\/24d850e4f123aaa0ad5edf9a3fb1d97a98b831f0571142c5dc4b3add4e2db2ea?s=96&d=mm&r=g\",\"contentUrl\":\"https:\\\/\\\/secure.gravatar.com\\\/avatar\\\/24d850e4f123aaa0ad5edf9a3fb1d97a98b831f0571142c5dc4b3add4e2db2ea?s=96&d=mm&r=g\",\"caption\":\"Academica Spain\"},\"url\":\"https:\\\/\\\/www.academica.school\\\/news\\\/author\\\/jasubal\\\/\"}]}<\/script>\n<!-- \/ Yoast SEO plugin. -->","yoast_head_json":{"title":"\"El Diploma Dual les abre la mente a los alumnos a otras realidades, haci\u00e9ndoles m\u00e1s emp\u00e1ticos y globales\" - Academica News","description":"Entrevistamos a Ana Llinares, Directora de Programa en el Colegio Santa Teresa de Calahorra, quien nos cuenta su experiencia con el programa.","robots":{"index":"index","follow":"follow","max-snippet":"max-snippet:-1","max-image-preview":"max-image-preview:large","max-video-preview":"max-video-preview:-1"},"canonical":"https:\/\/www.academica.school\/news\/el-diploma-dual-les-abre-la-mente-a-los-alumnos-a-otras-realidades-haciendoles-mas-empaticos-y-globales\/","og_locale":"es_ES","og_type":"article","og_title":"\"El Diploma Dual les abre la mente a los alumnos a otras realidades, haci\u00e9ndoles m\u00e1s emp\u00e1ticos y globales\" - Academica News","og_description":"Entrevistamos a Ana Llinares, Directora de Programa en el Colegio Santa Teresa de Calahorra, quien nos cuenta su experiencia con el programa.","og_url":"https:\/\/www.academica.school\/news\/el-diploma-dual-les-abre-la-mente-a-los-alumnos-a-otras-realidades-haciendoles-mas-empaticos-y-globales\/","og_site_name":"Academica News","article_published_time":"2024-09-30T07:31:45+00:00","og_image":[{"width":500,"height":648,"url":"https:\/\/www.academica.school\/news\/wp-content\/uploads\/2024\/09\/diploma-dual-academica-e1727099226727.jpg","type":"image\/jpeg"}],"author":"Academica Spain","twitter_card":"summary_large_image","twitter_misc":{"Escrito por":"Academica Spain","Tiempo de lectura":"3 minutos"},"schema":{"@context":"https:\/\/schema.org","@graph":[{"@type":"Article","@id":"https:\/\/www.academica.school\/news\/el-diploma-dual-les-abre-la-mente-a-los-alumnos-a-otras-realidades-haciendoles-mas-empaticos-y-globales\/#article","isPartOf":{"@id":"https:\/\/www.academica.school\/news\/el-diploma-dual-les-abre-la-mente-a-los-alumnos-a-otras-realidades-haciendoles-mas-empaticos-y-globales\/"},"author":{"name":"Academica Spain","@id":"https:\/\/www.academica.school\/news\/#\/schema\/person\/07ed699df26b3ae2c049959a107fce05"},"headline":"\u00abEl Diploma Dual les abre la mente a los alumnos a otras realidades, haci\u00e9ndoles m\u00e1s emp\u00e1ticos y globales\u00bb","datePublished":"2024-09-30T07:31:45+00:00","mainEntityOfPage":{"@id":"https:\/\/www.academica.school\/news\/el-diploma-dual-les-abre-la-mente-a-los-alumnos-a-otras-realidades-haciendoles-mas-empaticos-y-globales\/"},"wordCount":737,"publisher":{"@id":"https:\/\/www.academica.school\/news\/#organization"},"image":{"@id":"https:\/\/www.academica.school\/news\/el-diploma-dual-les-abre-la-mente-a-los-alumnos-a-otras-realidades-haciendoles-mas-empaticos-y-globales\/#primaryimage"},"thumbnailUrl":"https:\/\/i0.wp.com\/www.academica.school\/news\/wp-content\/uploads\/2024\/09\/diploma-dual-academica-e1727099226727.jpg?fit=500%2C648&ssl=1","keywords":["academica","academica spain","alumnos","american high school","aprendizaje","colegio","colegio santa teresa de jes\u00fas","Diploma Dual","directora de programa","dual diploma","entrevista","los 300 mejores"],"articleSection":["Last News"],"inLanguage":"es"},{"@type":"WebPage","@id":"https:\/\/www.academica.school\/news\/el-diploma-dual-les-abre-la-mente-a-los-alumnos-a-otras-realidades-haciendoles-mas-empaticos-y-globales\/","url":"https:\/\/www.academica.school\/news\/el-diploma-dual-les-abre-la-mente-a-los-alumnos-a-otras-realidades-haciendoles-mas-empaticos-y-globales\/","name":"\"El Diploma Dual les abre la mente a los alumnos a otras realidades, haci\u00e9ndoles m\u00e1s emp\u00e1ticos y globales\" - Academica News","isPartOf":{"@id":"https:\/\/www.academica.school\/news\/#website"},"primaryImageOfPage":{"@id":"https:\/\/www.academica.school\/news\/el-diploma-dual-les-abre-la-mente-a-los-alumnos-a-otras-realidades-haciendoles-mas-empaticos-y-globales\/#primaryimage"},"image":{"@id":"https:\/\/www.academica.school\/news\/el-diploma-dual-les-abre-la-mente-a-los-alumnos-a-otras-realidades-haciendoles-mas-empaticos-y-globales\/#primaryimage"},"thumbnailUrl":"https:\/\/i0.wp.com\/www.academica.school\/news\/wp-content\/uploads\/2024\/09\/diploma-dual-academica-e1727099226727.jpg?fit=500%2C648&ssl=1","datePublished":"2024-09-30T07:31:45+00:00","description":"Entrevistamos a Ana Llinares, Directora de Programa en el Colegio Santa Teresa de Calahorra, quien nos cuenta su experiencia con el programa.","breadcrumb":{"@id":"https:\/\/www.academica.school\/news\/el-diploma-dual-les-abre-la-mente-a-los-alumnos-a-otras-realidades-haciendoles-mas-empaticos-y-globales\/#breadcrumb"},"inLanguage":"es","potentialAction":[{"@type":"ReadAction","target":["https:\/\/www.academica.school\/news\/el-diploma-dual-les-abre-la-mente-a-los-alumnos-a-otras-realidades-haciendoles-mas-empaticos-y-globales\/"]}]},{"@type":"ImageObject","inLanguage":"es","@id":"https:\/\/www.academica.school\/news\/el-diploma-dual-les-abre-la-mente-a-los-alumnos-a-otras-realidades-haciendoles-mas-empaticos-y-globales\/#primaryimage","url":"https:\/\/i0.wp.com\/www.academica.school\/news\/wp-content\/uploads\/2024\/09\/diploma-dual-academica-e1727099226727.jpg?fit=500%2C648&ssl=1","contentUrl":"https:\/\/i0.wp.com\/www.academica.school\/news\/wp-content\/uploads\/2024\/09\/diploma-dual-academica-e1727099226727.jpg?fit=500%2C648&ssl=1","width":500,"height":648,"caption":"diploma-dual-academica"},{"@type":"BreadcrumbList","@id":"https:\/\/www.academica.school\/news\/el-diploma-dual-les-abre-la-mente-a-los-alumnos-a-otras-realidades-haciendoles-mas-empaticos-y-globales\/#breadcrumb","itemListElement":[{"@type":"ListItem","position":1,"name":"Portada","item":"https:\/\/www.academica.school\/news\/"},{"@type":"ListItem","position":2,"name":"\u00abEl Diploma Dual les abre la mente a los alumnos a otras realidades, haci\u00e9ndoles m\u00e1s emp\u00e1ticos y globales\u00bb"}]},{"@type":"WebSite","@id":"https:\/\/www.academica.school\/news\/#website","url":"https:\/\/www.academica.school\/news\/","name":"Academica News","description":"todo lo que pasa en el mundo acad\u00e9mico, sobre universidades y cualquier evento o novedad en la que participemos","publisher":{"@id":"https:\/\/www.academica.school\/news\/#organization"},"potentialAction":[{"@type":"SearchAction","target":{"@type":"EntryPoint","urlTemplate":"https:\/\/www.academica.school\/news\/?s={search_term_string}"},"query-input":{"@type":"PropertyValueSpecification","valueRequired":true,"valueName":"search_term_string"}}],"inLanguage":"es"},{"@type":"Organization","@id":"https:\/\/www.academica.school\/news\/#organization","name":"Academica","url":"https:\/\/www.academica.school\/news\/","logo":{"@type":"ImageObject","inLanguage":"es","@id":"https:\/\/www.academica.school\/news\/#\/schema\/logo\/image\/","url":"https:\/\/i1.wp.com\/www.academica.school\/news\/wp-content\/uploads\/2019\/11\/Captura-de-pantalla-2019-11-20-a-las-12.14.04.png?fit=799%2C500&ssl=1","contentUrl":"https:\/\/i1.wp.com\/www.academica.school\/news\/wp-content\/uploads\/2019\/11\/Captura-de-pantalla-2019-11-20-a-las-12.14.04.png?fit=799%2C500&ssl=1","width":799,"height":500,"caption":"Academica"},"image":{"@id":"https:\/\/www.academica.school\/news\/#\/schema\/logo\/image\/"}},{"@type":"Person","@id":"https:\/\/www.academica.school\/news\/#\/schema\/person\/07ed699df26b3ae2c049959a107fce05","name":"Academica Spain","image":{"@type":"ImageObject","inLanguage":"es","@id":"https:\/\/secure.gravatar.com\/avatar\/24d850e4f123aaa0ad5edf9a3fb1d97a98b831f0571142c5dc4b3add4e2db2ea?s=96&d=mm&r=g","url":"https:\/\/secure.gravatar.com\/avatar\/24d850e4f123aaa0ad5edf9a3fb1d97a98b831f0571142c5dc4b3add4e2db2ea?s=96&d=mm&r=g","contentUrl":"https:\/\/secure.gravatar.com\/avatar\/24d850e4f123aaa0ad5edf9a3fb1d97a98b831f0571142c5dc4b3add4e2db2ea?s=96&d=mm&r=g","caption":"Academica Spain"},"url":"https:\/\/www.academica.school\/news\/author\/jasubal\/"}]}},"jetpack_featured_media_url":"https:\/\/i0.wp.com\/www.academica.school\/news\/wp-content\/uploads\/2024\/09\/diploma-dual-academica-e1727099226727.jpg?fit=500%2C648&ssl=1","jetpack_sharing_enabled":true,"jetpack_shortlink":"https:\/\/wp.me\/p8RDKh-Gs","jetpack-related-posts":[{"id":3186,"url":"https:\/\/www.academica.school\/news\/alumnos-presentan-diploma-dual-teresianas-salamanca\/","url_meta":{"origin":2632,"position":0},"title":"Alumnos del Diploma Dual presentan el programa en el Colegio Santa Teresa de Jes\u00fas de Salamanca","author":"Academica Spain","date":"abril 30, 2025","format":false,"excerpt":"El Colegio Santa Teresa de Jes\u00fas de Salamanca ha realizado la presentaci\u00f3n del Diploma Dual a los alumnos del centro. El colegio ofrece a sus alumnos la posibilidad de obtener dos titulaciones de forma simult\u00e1nea: la propia de su pa\u00eds y el American High School Diploma. En esta ocasi\u00f3n, la\u2026","rel":"","context":"En \u00abLast News\u00bb","block_context":{"text":"Last News","link":"https:\/\/www.academica.school\/news\/last-news\/"},"img":{"alt_text":"diploma-dual-teresianas-salamanca","src":"https:\/\/i0.wp.com\/www.academica.school\/news\/wp-content\/uploads\/2025\/04\/diploma-dual-teresianas-salamanca-2-2.jpg?fit=999%2C740&ssl=1&resize=350%2C200","width":350,"height":200,"srcset":"https:\/\/i0.wp.com\/www.academica.school\/news\/wp-content\/uploads\/2025\/04\/diploma-dual-teresianas-salamanca-2-2.jpg?fit=999%2C740&ssl=1&resize=350%2C200 1x, https:\/\/i0.wp.com\/www.academica.school\/news\/wp-content\/uploads\/2025\/04\/diploma-dual-teresianas-salamanca-2-2.jpg?fit=999%2C740&ssl=1&resize=525%2C300 1.5x, https:\/\/i0.wp.com\/www.academica.school\/news\/wp-content\/uploads\/2025\/04\/diploma-dual-teresianas-salamanca-2-2.jpg?fit=999%2C740&ssl=1&resize=700%2C400 2x"},"classes":[]},{"id":2968,"url":"https:\/\/www.academica.school\/news\/alumnos-diploma-dual-mas-responsables\/","url_meta":{"origin":2632,"position":1},"title":"\u00abVeo que los alumnos que cursan el Diploma Dual son m\u00e1s responsables y se valen por s\u00ed mismos\u00bb","author":"Academica Spain","date":"mayo 26, 2025","format":false,"excerpt":"Entrevistamos a Theresa Togneri, Directora de Programa en el Colegio Santa Teresa de Jes\u00fas de Oviedo, quien nos cuenta su experiencia con el programa. Lleva encarg\u00e1ndose del Diploma Dual desde el curso 2012\/23, momento en el que se implement\u00f3 el programa en el colegio. \u00bfQu\u00e9 tipo de tareas lleva impl\u00edcita\u2026","rel":"","context":"En \u00abLast News\u00bb","block_context":{"text":"Last News","link":"https:\/\/www.academica.school\/news\/last-news\/"},"img":{"alt_text":"diploma-dual-academica","src":"https:\/\/i0.wp.com\/www.academica.school\/news\/wp-content\/uploads\/2025\/02\/diploma-dual-academica-5-e1739549631673.jpg?fit=600%2C839&ssl=1&resize=350%2C200","width":350,"height":200,"srcset":"https:\/\/i0.wp.com\/www.academica.school\/news\/wp-content\/uploads\/2025\/02\/diploma-dual-academica-5-e1739549631673.jpg?fit=600%2C839&ssl=1&resize=350%2C200 1x, https:\/\/i0.wp.com\/www.academica.school\/news\/wp-content\/uploads\/2025\/02\/diploma-dual-academica-5-e1739549631673.jpg?fit=600%2C839&ssl=1&resize=525%2C300 1.5x"},"classes":[]},{"id":3535,"url":"https:\/\/www.academica.school\/news\/diploma-dual-enriquecimiento-cultural-vital-conocer-otra-cultura\/","url_meta":{"origin":2632,"position":2},"title":"\u00abEl Diploma Dual supone un gran enriquecimiento cultural y vital que permite conocer otra cultura desde dentro\u00bb","author":"Academica Spain","date":"abril 9, 2026","format":false,"excerpt":"Entrevistamos a Laura Fern\u00e1ndez, Directora de Programa en el Colegio Santa Mar\u00eda del Carmen de Madrid,\u00a0quien nos cuenta su experiencia con el programa. Comenz\u00f3 a encargarse del Diploma Dual en el curso 2023\/24. \u00bfQu\u00e9 tipo de tareas lleva impl\u00edcita esta responsabilidad para los que sois Directores de Programa? En mi\u2026","rel":"","context":"En \u00abLast News\u00bb","block_context":{"text":"Last News","link":"https:\/\/www.academica.school\/news\/last-news\/"},"img":{"alt_text":"Entrevista con la Directora de Programa del Colegio Santa Maria del Carmen","src":"https:\/\/i0.wp.com\/www.academica.school\/news\/wp-content\/uploads\/2025\/10\/diploma-dual-santa-maria-del-carmen-2.jpg?fit=1000%2C742&ssl=1&resize=350%2C200","width":350,"height":200,"srcset":"https:\/\/i0.wp.com\/www.academica.school\/news\/wp-content\/uploads\/2025\/10\/diploma-dual-santa-maria-del-carmen-2.jpg?fit=1000%2C742&ssl=1&resize=350%2C200 1x, https:\/\/i0.wp.com\/www.academica.school\/news\/wp-content\/uploads\/2025\/10\/diploma-dual-santa-maria-del-carmen-2.jpg?fit=1000%2C742&ssl=1&resize=525%2C300 1.5x, https:\/\/i0.wp.com\/www.academica.school\/news\/wp-content\/uploads\/2025\/10\/diploma-dual-santa-maria-del-carmen-2.jpg?fit=1000%2C742&ssl=1&resize=700%2C400 2x"},"classes":[]},{"id":2208,"url":"https:\/\/www.academica.school\/news\/a-los-alumnos-del-diploma-dual-se-les-despierta-la-necesidad-de-demostrar-de-lo-que-son-capaces\/","url_meta":{"origin":2632,"position":3},"title":"\u00abA los alumnos del Diploma Dual se les despierta la necesidad de demostrar de lo que son capaces\u00bb","author":"Academica Spain","date":"abril 22, 2024","format":false,"excerpt":"Entrevistamos a Mar\u00eda Avelina Ferreiro, Directora de Programa en el Colegio Pureza de Mar\u00eda Inca de Inca, quien nos cuenta su experiencia con el programa. El colegio comenz\u00f3 a ofrecer el Diploma Dual en el a\u00f1o 2021 y desde entonces ha sido ella la encargada de llevarlo. \u00a0 \u00bfQu\u00e9 tipo\u2026","rel":"","context":"En \u00abLast News\u00bb","block_context":{"text":"Last News","link":"https:\/\/www.academica.school\/news\/last-news\/"},"img":{"alt_text":"colegio-pureza-de-maria-inca-diploma-dual","src":"https:\/\/i0.wp.com\/www.academica.school\/news\/wp-content\/uploads\/2024\/03\/pmariainca.png?fit=1200%2C921&ssl=1&resize=350%2C200","width":350,"height":200,"srcset":"https:\/\/i0.wp.com\/www.academica.school\/news\/wp-content\/uploads\/2024\/03\/pmariainca.png?fit=1200%2C921&ssl=1&resize=350%2C200 1x, https:\/\/i0.wp.com\/www.academica.school\/news\/wp-content\/uploads\/2024\/03\/pmariainca.png?fit=1200%2C921&ssl=1&resize=525%2C300 1.5x, https:\/\/i0.wp.com\/www.academica.school\/news\/wp-content\/uploads\/2024\/03\/pmariainca.png?fit=1200%2C921&ssl=1&resize=700%2C400 2x, https:\/\/i0.wp.com\/www.academica.school\/news\/wp-content\/uploads\/2024\/03\/pmariainca.png?fit=1200%2C921&ssl=1&resize=1050%2C600 3x"},"classes":[]},{"id":3289,"url":"https:\/\/www.academica.school\/news\/alumnos-diploma-dual-mente-abierta-preparados-culturas\/","url_meta":{"origin":2632,"position":4},"title":"\u00abLos alumnos del Diploma Dual son de mente abierta y est\u00e1n preparados para aprender otras\u00a0culturas\u00bb","author":"Academica Spain","date":"junio 10, 2025","format":false,"excerpt":"Entrevistamos a Adela G\u00f3mez, Directora de Programa en el Colegio Alameda International School de Madrid, quien nos cuenta su experiencia con el programa. Lleva siendo la Directora de Programa en el colegio desde hace aproximadamente ocho a\u00f1os. \u00bfQu\u00e9 tipo de tareas lleva impl\u00edcita esta responsabilidad para los que sois Directores\u2026","rel":"","context":"En \u00abLast News\u00bb","block_context":{"text":"Last News","link":"https:\/\/www.academica.school\/news\/last-news\/"},"img":{"alt_text":"diploma-dual-alameda-school","src":"https:\/\/i0.wp.com\/www.academica.school\/news\/wp-content\/uploads\/2025\/06\/diploma-dual-alameda-school-e1749545175448.jpg?fit=700%2C812&ssl=1&resize=350%2C200","width":350,"height":200,"srcset":"https:\/\/i0.wp.com\/www.academica.school\/news\/wp-content\/uploads\/2025\/06\/diploma-dual-alameda-school-e1749545175448.jpg?fit=700%2C812&ssl=1&resize=350%2C200 1x, https:\/\/i0.wp.com\/www.academica.school\/news\/wp-content\/uploads\/2025\/06\/diploma-dual-alameda-school-e1749545175448.jpg?fit=700%2C812&ssl=1&resize=525%2C300 1.5x, https:\/\/i0.wp.com\/www.academica.school\/news\/wp-content\/uploads\/2025\/06\/diploma-dual-alameda-school-e1749545175448.jpg?fit=700%2C812&ssl=1&resize=700%2C400 2x"},"classes":[]},{"id":3497,"url":"https:\/\/www.academica.school\/news\/diploma-dual-colegio-santa-maria-del-carmen-madrid\/","url_meta":{"origin":2632,"position":5},"title":"El Diploma Dual en el Colegio Santa Mar\u00eda del Carmen de Madrid","author":"Academica Spain","date":"octubre 17, 2025","format":false,"excerpt":"Ayer visitamos el Colegio Santa Mar\u00eda del Carmen de Madrid que ofrece el Diploma Dual, con el objetivo de conocer de primera mano c\u00f3mo se est\u00e1 desarrollando el programa y la evoluci\u00f3n de los alumnos que lo est\u00e1n cursando. El Diploma Dual es el programa oficial de convalidaci\u00f3n internacional de\u2026","rel":"","context":"En \u00abLast News\u00bb","block_context":{"text":"Last News","link":"https:\/\/www.academica.school\/news\/last-news\/"},"img":{"alt_text":"diploma-dual-santa-maria-carmen","src":"https:\/\/i0.wp.com\/www.academica.school\/news\/wp-content\/uploads\/2025\/10\/diploma-dual-santa-maria-carmen-e1760694900917.jpg?fit=900%2C1200&ssl=1&resize=350%2C200","width":350,"height":200,"srcset":"https:\/\/i0.wp.com\/www.academica.school\/news\/wp-content\/uploads\/2025\/10\/diploma-dual-santa-maria-carmen-e1760694900917.jpg?fit=900%2C1200&ssl=1&resize=350%2C200 1x, https:\/\/i0.wp.com\/www.academica.school\/news\/wp-content\/uploads\/2025\/10\/diploma-dual-santa-maria-carmen-e1760694900917.jpg?fit=900%2C1200&ssl=1&resize=525%2C300 1.5x, https:\/\/i0.wp.com\/www.academica.school\/news\/wp-content\/uploads\/2025\/10\/diploma-dual-santa-maria-carmen-e1760694900917.jpg?fit=900%2C1200&ssl=1&resize=700%2C400 2x"},"classes":[]}],"_links":{"self":[{"href":"https:\/\/www.academica.school\/news\/wp-json\/wp\/v2\/posts\/2632","targetHints":{"allow":["GET"]}}],"collection":[{"href":"https:\/\/www.academica.school\/news\/wp-json\/wp\/v2\/posts"}],"about":[{"href":"https:\/\/www.academica.school\/news\/wp-json\/wp\/v2\/types\/post"}],"author":[{"embeddable":true,"href":"https:\/\/www.academica.school\/news\/wp-json\/wp\/v2\/users\/1"}],"replies":[{"embeddable":true,"href":"https:\/\/www.academica.school\/news\/wp-json\/wp\/v2\/comments?post=2632"}],"version-history":[{"count":3,"href":"https:\/\/www.academica.school\/news\/wp-json\/wp\/v2\/posts\/2632\/revisions"}],"predecessor-version":[{"id":2655,"href":"https:\/\/www.academica.school\/news\/wp-json\/wp\/v2\/posts\/2632\/revisions\/2655"}],"wp:featuredmedia":[{"embeddable":true,"href":"https:\/\/www.academica.school\/news\/wp-json\/wp\/v2\/media\/2634"}],"wp:attachment":[{"href":"https:\/\/www.academica.school\/news\/wp-json\/wp\/v2\/media?parent=2632"}],"wp:term":[{"taxonomy":"category","embeddable":true,"href":"https:\/\/www.academica.school\/news\/wp-json\/wp\/v2\/categories?post=2632"},{"taxonomy":"post_tag","embeddable":true,"href":"https:\/\/www.academica.school\/news\/wp-json\/wp\/v2\/tags?post=2632"}],"curies":[{"name":"wp","href":"https:\/\/api.w.org\/{rel}","templated":true}]}}