{"id":2688,"date":"2024-10-18T11:23:03","date_gmt":"2024-10-18T11:23:03","guid":{"rendered":"https:\/\/www.academica.school\/news\/?p=2688"},"modified":"2024-10-18T11:23:03","modified_gmt":"2024-10-18T11:23:03","slug":"el-diploma-dual-en-el-col%c2%b7legi-don-jose-lluch-de-valencia","status":"publish","type":"post","link":"https:\/\/www.academica.school\/news\/el-diploma-dual-en-el-col%c2%b7legi-don-jose-lluch-de-valencia\/","title":{"rendered":"El Diploma Dual en el Col\u00b7legi Don Jos\u00e9 Lluch de Valencia"},"content":{"rendered":"<p>D\u00e8lia e Isabel est\u00e1n cursando el Diploma Dual en el Col\u00b7legi Don Jos\u00e9 Lluch de Valencia y, en este v\u00eddeo, nos cuentan su experiencia en el programa.<\/p>\n<p><!--more--><\/p>\n<p>No s\u00f3lo nos cuentan en qu\u00e9 consiste el programa, sino que tambi\u00e9n nos hablan de lo que les est\u00e1 aportando a cada una de ellas.<\/p>\n<p>El Diploma Dual es el programa oficial de convalidaci\u00f3n internacional de t\u00edtulos de Bachillerato creado y desarrollado por Academica, que permite a los alumnos obtener dos titulaciones simult\u00e1neas: la propia de su pa\u00eds y el American High School Diploma.<\/p>\n<p>Los alumnos del Diploma Dual solamente tienen que cursar 6 asignaturas para obtener la titulaci\u00f3n americana. Los convenios internacionales alcanzados por Academica y la excelencia educativa del programa permiten obtener la m\u00e1xima convalidaci\u00f3n posible: 75% de los 24 cr\u00e9ditos necesarios para obtener el American High School Diploma.<\/p>\n","protected":false},"excerpt":{"rendered":"<p>D\u00e8lia e Isabel est\u00e1n cursando el Diploma Dual en el Col\u00b7legi Don Jos\u00e9 Lluch de Valencia y, en este v\u00eddeo, nos cuentan su experiencia en el programa.<\/p>\n","protected":false},"author":1,"featured_media":2689,"comment_status":"closed","ping_status":"closed","sticky":false,"template":"","format":"video","meta":{"_jetpack_memberships_contains_paid_content":false,"footnotes":""},"categories":[1],"tags":[9,139,89,198,63,208,4,680,222,431],"class_list":["post-2688","post","type-post","status-publish","format-video","has-post-thumbnail","hentry","category-last-news","tag-academica","tag-academica-spain","tag-alumnos","tag-american-high-school","tag-bachillerato-americano","tag-colegio","tag-diploma-dual","tag-don-jose-lluch","tag-dual-diploma","tag-los-300-mejores","post_format-post-format-video","clearfix"],"yoast_head":"<!-- This site is optimized with the Yoast SEO plugin v27.4 - https:\/\/yoast.com\/product\/yoast-seo-wordpress\/ -->\n<title>El Diploma Dual en el Col\u00b7legi Don Jos\u00e9 Lluch de Valencia - Academica News<\/title>\n<meta name=\"description\" content=\"D\u00e8lia e Isabel est\u00e1n cursando el Diploma Dual en el Col\u00b7legi Don Jos\u00e9 Lluch de Valencia y, en este v\u00eddeo, nos cuentan su experiencia.\" \/>\n<meta name=\"robots\" content=\"index, follow, max-snippet:-1, max-image-preview:large, max-video-preview:-1\" \/>\n<link rel=\"canonical\" href=\"https:\/\/www.academica.school\/news\/el-diploma-dual-en-el-col\u00b7legi-don-jose-lluch-de-valencia\/\" \/>\n<meta property=\"og:locale\" content=\"es_ES\" \/>\n<meta property=\"og:type\" content=\"article\" \/>\n<meta property=\"og:title\" content=\"El Diploma Dual en el Col\u00b7legi Don Jos\u00e9 Lluch de Valencia - Academica News\" \/>\n<meta property=\"og:description\" content=\"D\u00e8lia e Isabel est\u00e1n cursando el Diploma Dual en el Col\u00b7legi Don Jos\u00e9 Lluch de Valencia y, en este v\u00eddeo, nos cuentan su experiencia.\" \/>\n<meta property=\"og:url\" content=\"https:\/\/www.academica.school\/news\/el-diploma-dual-en-el-col\u00b7legi-don-jose-lluch-de-valencia\/\" \/>\n<meta property=\"og:site_name\" content=\"Academica News\" \/>\n<meta property=\"article:published_time\" content=\"2024-10-18T11:23:03+00:00\" \/>\n<meta property=\"og:image\" content=\"https:\/\/www.academica.school\/news\/wp-content\/uploads\/2024\/10\/diploma-dual-academica-e1729250532495.png\" \/>\n\t<meta property=\"og:image:width\" content=\"550\" \/>\n\t<meta property=\"og:image:height\" content=\"974\" \/>\n\t<meta property=\"og:image:type\" content=\"image\/png\" \/>\n<meta name=\"author\" content=\"Academica Spain\" \/>\n<meta name=\"twitter:card\" content=\"summary_large_image\" \/>\n<meta name=\"twitter:label1\" content=\"Escrito por\" \/>\n\t<meta name=\"twitter:data1\" content=\"Academica Spain\" \/>\n\t<meta name=\"twitter:label2\" content=\"Tiempo de lectura\" \/>\n\t<meta name=\"twitter:data2\" content=\"1 minuto\" \/>\n<script type=\"application\/ld+json\" class=\"yoast-schema-graph\">{\"@context\":\"https:\\\/\\\/schema.org\",\"@graph\":[{\"@type\":\"Article\",\"@id\":\"https:\\\/\\\/www.academica.school\\\/news\\\/el-diploma-dual-en-el-col%c2%b7legi-don-jose-lluch-de-valencia\\\/#article\",\"isPartOf\":{\"@id\":\"https:\\\/\\\/www.academica.school\\\/news\\\/el-diploma-dual-en-el-col%c2%b7legi-don-jose-lluch-de-valencia\\\/\"},\"author\":{\"name\":\"Academica Spain\",\"@id\":\"https:\\\/\\\/www.academica.school\\\/news\\\/#\\\/schema\\\/person\\\/07ed699df26b3ae2c049959a107fce05\"},\"headline\":\"El Diploma Dual en el Col\u00b7legi Don Jos\u00e9 Lluch de Valencia\",\"datePublished\":\"2024-10-18T11:23:03+00:00\",\"mainEntityOfPage\":{\"@id\":\"https:\\\/\\\/www.academica.school\\\/news\\\/el-diploma-dual-en-el-col%c2%b7legi-don-jose-lluch-de-valencia\\\/\"},\"wordCount\":161,\"publisher\":{\"@id\":\"https:\\\/\\\/www.academica.school\\\/news\\\/#organization\"},\"image\":{\"@id\":\"https:\\\/\\\/www.academica.school\\\/news\\\/el-diploma-dual-en-el-col%c2%b7legi-don-jose-lluch-de-valencia\\\/#primaryimage\"},\"thumbnailUrl\":\"https:\\\/\\\/i0.wp.com\\\/www.academica.school\\\/news\\\/wp-content\\\/uploads\\\/2024\\\/10\\\/diploma-dual-academica-e1729250532495.png?fit=550%2C974&ssl=1\",\"keywords\":[\"academica\",\"academica spain\",\"alumnos\",\"american high school\",\"bachillerato americano\",\"colegio\",\"Diploma Dual\",\"don jose lluch\",\"dual diploma\",\"los 300 mejores\"],\"articleSection\":[\"Last News\"],\"inLanguage\":\"es\"},{\"@type\":\"WebPage\",\"@id\":\"https:\\\/\\\/www.academica.school\\\/news\\\/el-diploma-dual-en-el-col%c2%b7legi-don-jose-lluch-de-valencia\\\/\",\"url\":\"https:\\\/\\\/www.academica.school\\\/news\\\/el-diploma-dual-en-el-col%c2%b7legi-don-jose-lluch-de-valencia\\\/\",\"name\":\"El Diploma Dual en el Col\u00b7legi Don Jos\u00e9 Lluch de Valencia - Academica News\",\"isPartOf\":{\"@id\":\"https:\\\/\\\/www.academica.school\\\/news\\\/#website\"},\"primaryImageOfPage\":{\"@id\":\"https:\\\/\\\/www.academica.school\\\/news\\\/el-diploma-dual-en-el-col%c2%b7legi-don-jose-lluch-de-valencia\\\/#primaryimage\"},\"image\":{\"@id\":\"https:\\\/\\\/www.academica.school\\\/news\\\/el-diploma-dual-en-el-col%c2%b7legi-don-jose-lluch-de-valencia\\\/#primaryimage\"},\"thumbnailUrl\":\"https:\\\/\\\/i0.wp.com\\\/www.academica.school\\\/news\\\/wp-content\\\/uploads\\\/2024\\\/10\\\/diploma-dual-academica-e1729250532495.png?fit=550%2C974&ssl=1\",\"datePublished\":\"2024-10-18T11:23:03+00:00\",\"description\":\"D\u00e8lia e Isabel est\u00e1n cursando el Diploma Dual en el Col\u00b7legi Don Jos\u00e9 Lluch de Valencia y, en este v\u00eddeo, nos cuentan su experiencia.\",\"breadcrumb\":{\"@id\":\"https:\\\/\\\/www.academica.school\\\/news\\\/el-diploma-dual-en-el-col%c2%b7legi-don-jose-lluch-de-valencia\\\/#breadcrumb\"},\"inLanguage\":\"es\",\"potentialAction\":[{\"@type\":\"ReadAction\",\"target\":[\"https:\\\/\\\/www.academica.school\\\/news\\\/el-diploma-dual-en-el-col%c2%b7legi-don-jose-lluch-de-valencia\\\/\"]}]},{\"@type\":\"ImageObject\",\"inLanguage\":\"es\",\"@id\":\"https:\\\/\\\/www.academica.school\\\/news\\\/el-diploma-dual-en-el-col%c2%b7legi-don-jose-lluch-de-valencia\\\/#primaryimage\",\"url\":\"https:\\\/\\\/i0.wp.com\\\/www.academica.school\\\/news\\\/wp-content\\\/uploads\\\/2024\\\/10\\\/diploma-dual-academica-e1729250532495.png?fit=550%2C974&ssl=1\",\"contentUrl\":\"https:\\\/\\\/i0.wp.com\\\/www.academica.school\\\/news\\\/wp-content\\\/uploads\\\/2024\\\/10\\\/diploma-dual-academica-e1729250532495.png?fit=550%2C974&ssl=1\",\"width\":550,\"height\":974,\"caption\":\"diploma-dual-academica\"},{\"@type\":\"BreadcrumbList\",\"@id\":\"https:\\\/\\\/www.academica.school\\\/news\\\/el-diploma-dual-en-el-col%c2%b7legi-don-jose-lluch-de-valencia\\\/#breadcrumb\",\"itemListElement\":[{\"@type\":\"ListItem\",\"position\":1,\"name\":\"Portada\",\"item\":\"https:\\\/\\\/www.academica.school\\\/news\\\/\"},{\"@type\":\"ListItem\",\"position\":2,\"name\":\"El Diploma Dual en el Col\u00b7legi Don Jos\u00e9 Lluch de Valencia\"}]},{\"@type\":\"WebSite\",\"@id\":\"https:\\\/\\\/www.academica.school\\\/news\\\/#website\",\"url\":\"https:\\\/\\\/www.academica.school\\\/news\\\/\",\"name\":\"Academica News\",\"description\":\"todo lo que pasa en el mundo acad\u00e9mico, sobre universidades y cualquier evento o novedad en la que participemos\",\"publisher\":{\"@id\":\"https:\\\/\\\/www.academica.school\\\/news\\\/#organization\"},\"potentialAction\":[{\"@type\":\"SearchAction\",\"target\":{\"@type\":\"EntryPoint\",\"urlTemplate\":\"https:\\\/\\\/www.academica.school\\\/news\\\/?s={search_term_string}\"},\"query-input\":{\"@type\":\"PropertyValueSpecification\",\"valueRequired\":true,\"valueName\":\"search_term_string\"}}],\"inLanguage\":\"es\"},{\"@type\":\"Organization\",\"@id\":\"https:\\\/\\\/www.academica.school\\\/news\\\/#organization\",\"name\":\"Academica\",\"url\":\"https:\\\/\\\/www.academica.school\\\/news\\\/\",\"logo\":{\"@type\":\"ImageObject\",\"inLanguage\":\"es\",\"@id\":\"https:\\\/\\\/www.academica.school\\\/news\\\/#\\\/schema\\\/logo\\\/image\\\/\",\"url\":\"https:\\\/\\\/i1.wp.com\\\/www.academica.school\\\/news\\\/wp-content\\\/uploads\\\/2019\\\/11\\\/Captura-de-pantalla-2019-11-20-a-las-12.14.04.png?fit=799%2C500&ssl=1\",\"contentUrl\":\"https:\\\/\\\/i1.wp.com\\\/www.academica.school\\\/news\\\/wp-content\\\/uploads\\\/2019\\\/11\\\/Captura-de-pantalla-2019-11-20-a-las-12.14.04.png?fit=799%2C500&ssl=1\",\"width\":799,\"height\":500,\"caption\":\"Academica\"},\"image\":{\"@id\":\"https:\\\/\\\/www.academica.school\\\/news\\\/#\\\/schema\\\/logo\\\/image\\\/\"}},{\"@type\":\"Person\",\"@id\":\"https:\\\/\\\/www.academica.school\\\/news\\\/#\\\/schema\\\/person\\\/07ed699df26b3ae2c049959a107fce05\",\"name\":\"Academica Spain\",\"image\":{\"@type\":\"ImageObject\",\"inLanguage\":\"es\",\"@id\":\"https:\\\/\\\/secure.gravatar.com\\\/avatar\\\/24d850e4f123aaa0ad5edf9a3fb1d97a98b831f0571142c5dc4b3add4e2db2ea?s=96&d=mm&r=g\",\"url\":\"https:\\\/\\\/secure.gravatar.com\\\/avatar\\\/24d850e4f123aaa0ad5edf9a3fb1d97a98b831f0571142c5dc4b3add4e2db2ea?s=96&d=mm&r=g\",\"contentUrl\":\"https:\\\/\\\/secure.gravatar.com\\\/avatar\\\/24d850e4f123aaa0ad5edf9a3fb1d97a98b831f0571142c5dc4b3add4e2db2ea?s=96&d=mm&r=g\",\"caption\":\"Academica Spain\"},\"url\":\"https:\\\/\\\/www.academica.school\\\/news\\\/author\\\/jasubal\\\/\"}]}<\/script>\n<!-- \/ Yoast SEO plugin. -->","yoast_head_json":{"title":"El Diploma Dual en el Col\u00b7legi Don Jos\u00e9 Lluch de Valencia - Academica News","description":"D\u00e8lia e Isabel est\u00e1n cursando el Diploma Dual en el Col\u00b7legi Don Jos\u00e9 Lluch de Valencia y, en este v\u00eddeo, nos cuentan su experiencia.","robots":{"index":"index","follow":"follow","max-snippet":"max-snippet:-1","max-image-preview":"max-image-preview:large","max-video-preview":"max-video-preview:-1"},"canonical":"https:\/\/www.academica.school\/news\/el-diploma-dual-en-el-col\u00b7legi-don-jose-lluch-de-valencia\/","og_locale":"es_ES","og_type":"article","og_title":"El Diploma Dual en el Col\u00b7legi Don Jos\u00e9 Lluch de Valencia - Academica News","og_description":"D\u00e8lia e Isabel est\u00e1n cursando el Diploma Dual en el Col\u00b7legi Don Jos\u00e9 Lluch de Valencia y, en este v\u00eddeo, nos cuentan su experiencia.","og_url":"https:\/\/www.academica.school\/news\/el-diploma-dual-en-el-col\u00b7legi-don-jose-lluch-de-valencia\/","og_site_name":"Academica News","article_published_time":"2024-10-18T11:23:03+00:00","og_image":[{"width":550,"height":974,"url":"https:\/\/www.academica.school\/news\/wp-content\/uploads\/2024\/10\/diploma-dual-academica-e1729250532495.png","type":"image\/png"}],"author":"Academica Spain","twitter_card":"summary_large_image","twitter_misc":{"Escrito por":"Academica Spain","Tiempo de lectura":"1 minuto"},"schema":{"@context":"https:\/\/schema.org","@graph":[{"@type":"Article","@id":"https:\/\/www.academica.school\/news\/el-diploma-dual-en-el-col%c2%b7legi-don-jose-lluch-de-valencia\/#article","isPartOf":{"@id":"https:\/\/www.academica.school\/news\/el-diploma-dual-en-el-col%c2%b7legi-don-jose-lluch-de-valencia\/"},"author":{"name":"Academica Spain","@id":"https:\/\/www.academica.school\/news\/#\/schema\/person\/07ed699df26b3ae2c049959a107fce05"},"headline":"El Diploma Dual en el Col\u00b7legi Don Jos\u00e9 Lluch de Valencia","datePublished":"2024-10-18T11:23:03+00:00","mainEntityOfPage":{"@id":"https:\/\/www.academica.school\/news\/el-diploma-dual-en-el-col%c2%b7legi-don-jose-lluch-de-valencia\/"},"wordCount":161,"publisher":{"@id":"https:\/\/www.academica.school\/news\/#organization"},"image":{"@id":"https:\/\/www.academica.school\/news\/el-diploma-dual-en-el-col%c2%b7legi-don-jose-lluch-de-valencia\/#primaryimage"},"thumbnailUrl":"https:\/\/i0.wp.com\/www.academica.school\/news\/wp-content\/uploads\/2024\/10\/diploma-dual-academica-e1729250532495.png?fit=550%2C974&ssl=1","keywords":["academica","academica spain","alumnos","american high school","bachillerato americano","colegio","Diploma Dual","don jose lluch","dual diploma","los 300 mejores"],"articleSection":["Last News"],"inLanguage":"es"},{"@type":"WebPage","@id":"https:\/\/www.academica.school\/news\/el-diploma-dual-en-el-col%c2%b7legi-don-jose-lluch-de-valencia\/","url":"https:\/\/www.academica.school\/news\/el-diploma-dual-en-el-col%c2%b7legi-don-jose-lluch-de-valencia\/","name":"El Diploma Dual en el Col\u00b7legi Don Jos\u00e9 Lluch de Valencia - Academica News","isPartOf":{"@id":"https:\/\/www.academica.school\/news\/#website"},"primaryImageOfPage":{"@id":"https:\/\/www.academica.school\/news\/el-diploma-dual-en-el-col%c2%b7legi-don-jose-lluch-de-valencia\/#primaryimage"},"image":{"@id":"https:\/\/www.academica.school\/news\/el-diploma-dual-en-el-col%c2%b7legi-don-jose-lluch-de-valencia\/#primaryimage"},"thumbnailUrl":"https:\/\/i0.wp.com\/www.academica.school\/news\/wp-content\/uploads\/2024\/10\/diploma-dual-academica-e1729250532495.png?fit=550%2C974&ssl=1","datePublished":"2024-10-18T11:23:03+00:00","description":"D\u00e8lia e Isabel est\u00e1n cursando el Diploma Dual en el Col\u00b7legi Don Jos\u00e9 Lluch de Valencia y, en este v\u00eddeo, nos cuentan su experiencia.","breadcrumb":{"@id":"https:\/\/www.academica.school\/news\/el-diploma-dual-en-el-col%c2%b7legi-don-jose-lluch-de-valencia\/#breadcrumb"},"inLanguage":"es","potentialAction":[{"@type":"ReadAction","target":["https:\/\/www.academica.school\/news\/el-diploma-dual-en-el-col%c2%b7legi-don-jose-lluch-de-valencia\/"]}]},{"@type":"ImageObject","inLanguage":"es","@id":"https:\/\/www.academica.school\/news\/el-diploma-dual-en-el-col%c2%b7legi-don-jose-lluch-de-valencia\/#primaryimage","url":"https:\/\/i0.wp.com\/www.academica.school\/news\/wp-content\/uploads\/2024\/10\/diploma-dual-academica-e1729250532495.png?fit=550%2C974&ssl=1","contentUrl":"https:\/\/i0.wp.com\/www.academica.school\/news\/wp-content\/uploads\/2024\/10\/diploma-dual-academica-e1729250532495.png?fit=550%2C974&ssl=1","width":550,"height":974,"caption":"diploma-dual-academica"},{"@type":"BreadcrumbList","@id":"https:\/\/www.academica.school\/news\/el-diploma-dual-en-el-col%c2%b7legi-don-jose-lluch-de-valencia\/#breadcrumb","itemListElement":[{"@type":"ListItem","position":1,"name":"Portada","item":"https:\/\/www.academica.school\/news\/"},{"@type":"ListItem","position":2,"name":"El Diploma Dual en el Col\u00b7legi Don Jos\u00e9 Lluch de Valencia"}]},{"@type":"WebSite","@id":"https:\/\/www.academica.school\/news\/#website","url":"https:\/\/www.academica.school\/news\/","name":"Academica News","description":"todo lo que pasa en el mundo acad\u00e9mico, sobre universidades y cualquier evento o novedad en la que participemos","publisher":{"@id":"https:\/\/www.academica.school\/news\/#organization"},"potentialAction":[{"@type":"SearchAction","target":{"@type":"EntryPoint","urlTemplate":"https:\/\/www.academica.school\/news\/?s={search_term_string}"},"query-input":{"@type":"PropertyValueSpecification","valueRequired":true,"valueName":"search_term_string"}}],"inLanguage":"es"},{"@type":"Organization","@id":"https:\/\/www.academica.school\/news\/#organization","name":"Academica","url":"https:\/\/www.academica.school\/news\/","logo":{"@type":"ImageObject","inLanguage":"es","@id":"https:\/\/www.academica.school\/news\/#\/schema\/logo\/image\/","url":"https:\/\/i1.wp.com\/www.academica.school\/news\/wp-content\/uploads\/2019\/11\/Captura-de-pantalla-2019-11-20-a-las-12.14.04.png?fit=799%2C500&ssl=1","contentUrl":"https:\/\/i1.wp.com\/www.academica.school\/news\/wp-content\/uploads\/2019\/11\/Captura-de-pantalla-2019-11-20-a-las-12.14.04.png?fit=799%2C500&ssl=1","width":799,"height":500,"caption":"Academica"},"image":{"@id":"https:\/\/www.academica.school\/news\/#\/schema\/logo\/image\/"}},{"@type":"Person","@id":"https:\/\/www.academica.school\/news\/#\/schema\/person\/07ed699df26b3ae2c049959a107fce05","name":"Academica Spain","image":{"@type":"ImageObject","inLanguage":"es","@id":"https:\/\/secure.gravatar.com\/avatar\/24d850e4f123aaa0ad5edf9a3fb1d97a98b831f0571142c5dc4b3add4e2db2ea?s=96&d=mm&r=g","url":"https:\/\/secure.gravatar.com\/avatar\/24d850e4f123aaa0ad5edf9a3fb1d97a98b831f0571142c5dc4b3add4e2db2ea?s=96&d=mm&r=g","contentUrl":"https:\/\/secure.gravatar.com\/avatar\/24d850e4f123aaa0ad5edf9a3fb1d97a98b831f0571142c5dc4b3add4e2db2ea?s=96&d=mm&r=g","caption":"Academica Spain"},"url":"https:\/\/www.academica.school\/news\/author\/jasubal\/"}]}},"jetpack_featured_media_url":"https:\/\/i0.wp.com\/www.academica.school\/news\/wp-content\/uploads\/2024\/10\/diploma-dual-academica-e1729250532495.png?fit=550%2C974&ssl=1","jetpack_sharing_enabled":true,"jetpack_shortlink":"https:\/\/wp.me\/p8RDKh-Hm","jetpack-related-posts":[{"id":1370,"url":"https:\/\/www.academica.school\/news\/el-diploma-dual-de-academica-en-el-col%c2%b7legi-sagrat-cor-amposta\/","url_meta":{"origin":2688,"position":0},"title":"El Diploma Dual de Academica en el Col\u00b7legi Sagrat Cor Amposta","author":"Academica Spain","date":"marzo 23, 2022","format":"video","excerpt":"En este v\u00eddeo los alumnos del Col\u00b7legi Sagrat Cor Amposta (Tarragona) nos cuentan su experiencia con el programa Diploma Dual. El Diploma Dual es el programa oficial de convalidaci\u00f3n internacional de t\u00edtulos de Bachillerato creado y desarrollado por Academica. Los alumnos del Diploma Dual solamente tienen que cursar 6 asignaturas\u2026","rel":"","context":"En \u00abLast News\u00bb","block_context":{"text":"Last News","link":"https:\/\/www.academica.school\/news\/last-news\/"},"img":{"alt_text":"","src":"https:\/\/i0.wp.com\/www.academica.school\/news\/wp-content\/uploads\/2022\/03\/Colegi-Sagrat-Cor-Amposta.jpg?fit=800%2C500&ssl=1&resize=350%2C200","width":350,"height":200,"srcset":"https:\/\/i0.wp.com\/www.academica.school\/news\/wp-content\/uploads\/2022\/03\/Colegi-Sagrat-Cor-Amposta.jpg?fit=800%2C500&ssl=1&resize=350%2C200 1x, https:\/\/i0.wp.com\/www.academica.school\/news\/wp-content\/uploads\/2022\/03\/Colegi-Sagrat-Cor-Amposta.jpg?fit=800%2C500&ssl=1&resize=525%2C300 1.5x, https:\/\/i0.wp.com\/www.academica.school\/news\/wp-content\/uploads\/2022\/03\/Colegi-Sagrat-Cor-Amposta.jpg?fit=800%2C500&ssl=1&resize=700%2C400 2x"},"classes":[]},{"id":3252,"url":"https:\/\/www.academica.school\/news\/decidieron-comenzar-diploma-dual-alumnos-san-jose-montana\/","url_meta":{"origin":2688,"position":1},"title":"\u00bfPor qu\u00e9 decidieron comenzar con el Diploma Dual los alumnos del Colegio San Jos\u00e9 de la Monta\u00f1a?","author":"Academica Spain","date":"mayo 22, 2025","format":"video","excerpt":"Los alumnos que est\u00e1n cursando el Diploma Dual en el Colegio San Jos\u00e9 de la Monta\u00f1a de Cheste nos cuentan por qu\u00e9 decidieron empezar con el programa. El Diploma Dual es el programa oficial de convalidaci\u00f3n internacional de t\u00edtulos de Bachillerato creado y desarrollado por Academica, que permite a los\u2026","rel":"","context":"En \u00abLast News\u00bb","block_context":{"text":"Last News","link":"https:\/\/www.academica.school\/news\/last-news\/"},"img":{"alt_text":"","src":"","width":0,"height":0},"classes":[]},{"id":3457,"url":"https:\/\/www.academica.school\/news\/visita-collegi-sant-andreu-badalona\/","url_meta":{"origin":2688,"position":2},"title":"Visita al Col\u00b7legi Sant Andreu de Badalona","author":"Academica Spain","date":"octubre 10, 2025","format":false,"excerpt":"Nos ha encantado visitar el Col\u00b7legi Sant Andreu de Badalona y conocer de primera mano el progreso de los estudiantes que est\u00e1n cursando el programa Diploma Dual. El Diploma Dual es el programa oficial de convalidaci\u00f3n internacional de t\u00edtulos de Bachillerato creado y desarrollado por Academica, que permite a los\u2026","rel":"","context":"En \u00abLast News\u00bb","block_context":{"text":"Last News","link":"https:\/\/www.academica.school\/news\/last-news\/"},"img":{"alt_text":"diploma-dual-sant-andreu","src":"https:\/\/i0.wp.com\/www.academica.school\/news\/wp-content\/uploads\/2025\/10\/diploma-dual-sant-andreu-e1760096023483.jpg?fit=951%2C1200&ssl=1&resize=350%2C200","width":350,"height":200,"srcset":"https:\/\/i0.wp.com\/www.academica.school\/news\/wp-content\/uploads\/2025\/10\/diploma-dual-sant-andreu-e1760096023483.jpg?fit=951%2C1200&ssl=1&resize=350%2C200 1x, https:\/\/i0.wp.com\/www.academica.school\/news\/wp-content\/uploads\/2025\/10\/diploma-dual-sant-andreu-e1760096023483.jpg?fit=951%2C1200&ssl=1&resize=525%2C300 1.5x, https:\/\/i0.wp.com\/www.academica.school\/news\/wp-content\/uploads\/2025\/10\/diploma-dual-sant-andreu-e1760096023483.jpg?fit=951%2C1200&ssl=1&resize=700%2C400 2x"},"classes":[]},{"id":3477,"url":"https:\/\/www.academica.school\/news\/diploma-dual-collegi-maristes-champagnat-badalona\/","url_meta":{"origin":2688,"position":3},"title":"El Diploma Dual en el Col\u00b7legi Maristes Champagnat de Badalona","author":"Academica Spain","date":"octubre 14, 2025","format":false,"excerpt":"Hemos visitado el Col\u00b7legi Maristes Champagnat de Badalona para ver a los alumnos que est\u00e1n cursando el Diploma Dual. El Diploma Dual es el programa oficial de convalidaci\u00f3n internacional de t\u00edtulos de Bachillerato creado y desarrollado por Academica, que permite a los alumnos obtener dos titulaciones simult\u00e1neas: la propia de\u2026","rel":"","context":"En \u00abLast News\u00bb","block_context":{"text":"Last News","link":"https:\/\/www.academica.school\/news\/last-news\/"},"img":{"alt_text":"diploma-dual-maristes-champagnat","src":"https:\/\/i0.wp.com\/www.academica.school\/news\/wp-content\/uploads\/2025\/10\/diploma-dual-maristes-champagnat.jpg?fit=1051%2C1200&ssl=1&resize=350%2C200","width":350,"height":200,"srcset":"https:\/\/i0.wp.com\/www.academica.school\/news\/wp-content\/uploads\/2025\/10\/diploma-dual-maristes-champagnat.jpg?fit=1051%2C1200&ssl=1&resize=350%2C200 1x, https:\/\/i0.wp.com\/www.academica.school\/news\/wp-content\/uploads\/2025\/10\/diploma-dual-maristes-champagnat.jpg?fit=1051%2C1200&ssl=1&resize=525%2C300 1.5x, https:\/\/i0.wp.com\/www.academica.school\/news\/wp-content\/uploads\/2025\/10\/diploma-dual-maristes-champagnat.jpg?fit=1051%2C1200&ssl=1&resize=700%2C400 2x, https:\/\/i0.wp.com\/www.academica.school\/news\/wp-content\/uploads\/2025\/10\/diploma-dual-maristes-champagnat.jpg?fit=1051%2C1200&ssl=1&resize=1050%2C600 3x"},"classes":[]},{"id":2391,"url":"https:\/\/www.academica.school\/news\/el-diploma-dual-en-el-colegio-sagrada-familia-de-valencia\/","url_meta":{"origin":2688,"position":4},"title":"El Diploma Dual en el Colegio Sagrada Familia de Valencia","author":"Academica Spain","date":"abril 29, 2024","format":"video","excerpt":"Andr\u00e9s e Isabel est\u00e1n cursando el Diploma Dual en el Colegio Sagrada Familia de Valencia y, en este v\u00eddeo, nos cuentan su experiencia cursando el programa. Nos hablan de lo que est\u00e1n aprendiendo y lo que les est\u00e1 aportando tanto personalmente como profesionalmente, ya que les est\u00e1 permitiendo prepararse para\u2026","rel":"","context":"En \u00abLast News\u00bb","block_context":{"text":"Last News","link":"https:\/\/www.academica.school\/news\/last-news\/"},"img":{"alt_text":"sagrada-familia-valencia-diploma-dual","src":"https:\/\/i0.wp.com\/www.academica.school\/news\/wp-content\/uploads\/2024\/04\/sagradafamiliavalencia-2.png?fit=1200%2C671&ssl=1&resize=350%2C200","width":350,"height":200,"srcset":"https:\/\/i0.wp.com\/www.academica.school\/news\/wp-content\/uploads\/2024\/04\/sagradafamiliavalencia-2.png?fit=1200%2C671&ssl=1&resize=350%2C200 1x, https:\/\/i0.wp.com\/www.academica.school\/news\/wp-content\/uploads\/2024\/04\/sagradafamiliavalencia-2.png?fit=1200%2C671&ssl=1&resize=525%2C300 1.5x, https:\/\/i0.wp.com\/www.academica.school\/news\/wp-content\/uploads\/2024\/04\/sagradafamiliavalencia-2.png?fit=1200%2C671&ssl=1&resize=700%2C400 2x, https:\/\/i0.wp.com\/www.academica.school\/news\/wp-content\/uploads\/2024\/04\/sagradafamiliavalencia-2.png?fit=1200%2C671&ssl=1&resize=1050%2C600 3x"},"classes":[]},{"id":3480,"url":"https:\/\/www.academica.school\/news\/visita-colegio-san-jose-calasanz-valencia\/","url_meta":{"origin":2688,"position":5},"title":"Visita al Colegio San Jos\u00e9 de Calasanz de Valencia","author":"Academica Spain","date":"octubre 15, 2025","format":false,"excerpt":"Hemos tenido el placer de visitar el Colegio San Jos\u00e9 de Calasanz de Valencia para conocer de cerca c\u00f3mo est\u00e1n avanzando los estudiantes que cursan el programa Diploma Dual. El Diploma Dual es el programa oficial de convalidaci\u00f3n internacional de t\u00edtulos de Bachillerato creado y desarrollado por Academica, que permite\u2026","rel":"","context":"En \u00abLast News\u00bb","block_context":{"text":"Last News","link":"https:\/\/www.academica.school\/news\/last-news\/"},"img":{"alt_text":"diploma-dual-san-jose-calasanz","src":"https:\/\/i0.wp.com\/www.academica.school\/news\/wp-content\/uploads\/2025\/10\/diploma-dual-san-jose-calasanz-e1760522411606.jpg?fit=900%2C1086&ssl=1&resize=350%2C200","width":350,"height":200,"srcset":"https:\/\/i0.wp.com\/www.academica.school\/news\/wp-content\/uploads\/2025\/10\/diploma-dual-san-jose-calasanz-e1760522411606.jpg?fit=900%2C1086&ssl=1&resize=350%2C200 1x, https:\/\/i0.wp.com\/www.academica.school\/news\/wp-content\/uploads\/2025\/10\/diploma-dual-san-jose-calasanz-e1760522411606.jpg?fit=900%2C1086&ssl=1&resize=525%2C300 1.5x, https:\/\/i0.wp.com\/www.academica.school\/news\/wp-content\/uploads\/2025\/10\/diploma-dual-san-jose-calasanz-e1760522411606.jpg?fit=900%2C1086&ssl=1&resize=700%2C400 2x"},"classes":[]}],"_links":{"self":[{"href":"https:\/\/www.academica.school\/news\/wp-json\/wp\/v2\/posts\/2688","targetHints":{"allow":["GET"]}}],"collection":[{"href":"https:\/\/www.academica.school\/news\/wp-json\/wp\/v2\/posts"}],"about":[{"href":"https:\/\/www.academica.school\/news\/wp-json\/wp\/v2\/types\/post"}],"author":[{"embeddable":true,"href":"https:\/\/www.academica.school\/news\/wp-json\/wp\/v2\/users\/1"}],"replies":[{"embeddable":true,"href":"https:\/\/www.academica.school\/news\/wp-json\/wp\/v2\/comments?post=2688"}],"version-history":[{"count":1,"href":"https:\/\/www.academica.school\/news\/wp-json\/wp\/v2\/posts\/2688\/revisions"}],"predecessor-version":[{"id":2690,"href":"https:\/\/www.academica.school\/news\/wp-json\/wp\/v2\/posts\/2688\/revisions\/2690"}],"wp:featuredmedia":[{"embeddable":true,"href":"https:\/\/www.academica.school\/news\/wp-json\/wp\/v2\/media\/2689"}],"wp:attachment":[{"href":"https:\/\/www.academica.school\/news\/wp-json\/wp\/v2\/media?parent=2688"}],"wp:term":[{"taxonomy":"category","embeddable":true,"href":"https:\/\/www.academica.school\/news\/wp-json\/wp\/v2\/categories?post=2688"},{"taxonomy":"post_tag","embeddable":true,"href":"https:\/\/www.academica.school\/news\/wp-json\/wp\/v2\/tags?post=2688"}],"curies":[{"name":"wp","href":"https:\/\/api.w.org\/{rel}","templated":true}]}}