{"id":2805,"date":"2024-12-17T15:23:23","date_gmt":"2024-12-17T15:23:23","guid":{"rendered":"https:\/\/www.academica.school\/news\/?p=2805"},"modified":"2024-12-17T15:23:23","modified_gmt":"2024-12-17T15:23:23","slug":"premios-magisterio-a-los-protagonistas-de-la-educacion","status":"publish","type":"post","link":"https:\/\/www.academica.school\/news\/premios-magisterio-a-los-protagonistas-de-la-educacion\/","title":{"rendered":"Premios Magisterio a los Protagonistas de la Educaci\u00f3n"},"content":{"rendered":"<p><span class=\"OYPEnA font-feature-liga-off font-feature-clig-off font-feature-calt-off text-decoration-none text-strikethrough-none\">Hoy<\/span><span class=\"OYPEnA font-feature-liga-off font-feature-clig-off font-feature-calt-off text-decoration-none text-strikethrough-none\">,<\/span><span class=\"OYPEnA font-feature-liga-off font-feature-clig-off font-feature-calt-off text-decoration-none text-strikethrough-none\"> martes 17 de diciembre, los Premios Magisterio a los Protagonistas de la Educaci\u00f3n entregar\u00e1n a Mr. Manny D\u00edaz Jr. el Premio a la Excelencia Educativa.<\/span><\/p>\n<p><!--more--><\/p>\n<p>El Departamento de Educaci\u00f3n del Estado de La Florida ha sido nombrado, un a\u00f1o m\u00e1s, n\u00famero uno en el ranking educativo de Estados Unidos. Un nuevo \u00e9xito internacional a trav\u00e9s de programas como el Diploma Dual, el programa oficial de convalidaci\u00f3n de t\u00edtulos de bachillerato, creado y desarrollado por Academica, con sede en Florida. Como parte de este sistema pedag\u00f3gico, todos los centros adheridos a Academica hab\u00e9is logrado fortalecer el compromiso con la excelencia en la ense\u00f1anza.<\/p>\n<p class=\"cvGsUA direction-ltr align-start para-style-body\"><span class=\"OYPEnA font-feature-liga-off font-feature-clig-off font-feature-calt-off text-decoration-none text-strikethrough-none\">La ceremonia de premios podr\u00e1 verse en directo online hoy a las 19.30 horas.<\/span><\/p>\n<p class=\"cvGsUA direction-ltr align-start para-style-body\">Encuentra <a href=\"https:\/\/www.premiosmagisterio.com\"><span style=\"text-decoration: underline; color: #0000ff;\"><strong>aqu\u00ed<\/strong><\/span><\/a> toda la informaci\u00f3n sobre el evento.<\/p>\n","protected":false},"excerpt":{"rendered":"<p>Hoy, martes 17 de diciembre, los Premios Magisterio a los Protagonistas de la Educaci\u00f3n entregar\u00e1n a Mr. Manny D\u00edaz Jr. el Premio a la Excelencia Educativa.<\/p>\n","protected":false},"author":1,"featured_media":2806,"comment_status":"closed","ping_status":"closed","sticky":false,"template":"","format":"standard","meta":{"_jetpack_memberships_contains_paid_content":false,"footnotes":""},"categories":[1],"tags":[9,139,89,198,63,208,4,222,142,585,692,431,664,663,693],"class_list":["post-2805","post","type-post","status-publish","format-standard","has-post-thumbnail","hentry","category-last-news","tag-academica","tag-academica-spain","tag-alumnos","tag-american-high-school","tag-bachillerato-americano","tag-colegio","tag-diploma-dual","tag-dual-diploma","tag-educacion","tag-excelencia-academica","tag-florida-education","tag-los-300-mejores","tag-ministro-de-educacion","tag-mr-manny-diaz-jr","tag-premios-magisterio","clearfix"],"yoast_head":"<!-- This site is optimized with the Yoast SEO plugin v27.5 - https:\/\/yoast.com\/product\/yoast-seo-wordpress\/ -->\n<title>Premios Magisterio a los Protagonistas de la Educaci\u00f3n - Academica News<\/title>\n<meta name=\"description\" content=\"Hoy los Premios Magisterio a los Protagonistas de la Educaci\u00f3n entregar\u00e1n a Mr. Manny D\u00edaz Jr. el Premio a la Excelencia Educativa.\" \/>\n<meta name=\"robots\" content=\"index, follow, max-snippet:-1, max-image-preview:large, max-video-preview:-1\" \/>\n<link rel=\"canonical\" href=\"https:\/\/www.academica.school\/news\/premios-magisterio-a-los-protagonistas-de-la-educacion\/\" \/>\n<meta property=\"og:locale\" content=\"es_ES\" \/>\n<meta property=\"og:type\" content=\"article\" \/>\n<meta property=\"og:title\" content=\"Premios Magisterio a los Protagonistas de la Educaci\u00f3n - Academica News\" \/>\n<meta property=\"og:description\" content=\"Hoy los Premios Magisterio a los Protagonistas de la Educaci\u00f3n entregar\u00e1n a Mr. Manny D\u00edaz Jr. el Premio a la Excelencia Educativa.\" \/>\n<meta property=\"og:url\" content=\"https:\/\/www.academica.school\/news\/premios-magisterio-a-los-protagonistas-de-la-educacion\/\" \/>\n<meta property=\"og:site_name\" content=\"Academica News\" \/>\n<meta property=\"article:published_time\" content=\"2024-12-17T15:23:23+00:00\" \/>\n<meta property=\"og:image\" content=\"https:\/\/www.academica.school\/news\/wp-content\/uploads\/2024\/12\/diploma-dual-academica-1-e1734448964335.png\" \/>\n\t<meta property=\"og:image:width\" content=\"600\" \/>\n\t<meta property=\"og:image:height\" content=\"600\" \/>\n\t<meta property=\"og:image:type\" content=\"image\/png\" \/>\n<meta name=\"author\" content=\"Academica Spain\" \/>\n<meta name=\"twitter:card\" content=\"summary_large_image\" \/>\n<meta name=\"twitter:label1\" content=\"Escrito por\" \/>\n\t<meta name=\"twitter:data1\" content=\"Academica Spain\" \/>\n\t<meta name=\"twitter:label2\" content=\"Tiempo de lectura\" \/>\n\t<meta name=\"twitter:data2\" content=\"1 minuto\" \/>\n<script type=\"application\/ld+json\" class=\"yoast-schema-graph\">{\"@context\":\"https:\\\/\\\/schema.org\",\"@graph\":[{\"@type\":\"Article\",\"@id\":\"https:\\\/\\\/www.academica.school\\\/news\\\/premios-magisterio-a-los-protagonistas-de-la-educacion\\\/#article\",\"isPartOf\":{\"@id\":\"https:\\\/\\\/www.academica.school\\\/news\\\/premios-magisterio-a-los-protagonistas-de-la-educacion\\\/\"},\"author\":{\"name\":\"Academica Spain\",\"@id\":\"https:\\\/\\\/www.academica.school\\\/news\\\/#\\\/schema\\\/person\\\/07ed699df26b3ae2c049959a107fce05\"},\"headline\":\"Premios Magisterio a los Protagonistas de la Educaci\u00f3n\",\"datePublished\":\"2024-12-17T15:23:23+00:00\",\"mainEntityOfPage\":{\"@id\":\"https:\\\/\\\/www.academica.school\\\/news\\\/premios-magisterio-a-los-protagonistas-de-la-educacion\\\/\"},\"wordCount\":146,\"publisher\":{\"@id\":\"https:\\\/\\\/www.academica.school\\\/news\\\/#organization\"},\"image\":{\"@id\":\"https:\\\/\\\/www.academica.school\\\/news\\\/premios-magisterio-a-los-protagonistas-de-la-educacion\\\/#primaryimage\"},\"thumbnailUrl\":\"https:\\\/\\\/i0.wp.com\\\/www.academica.school\\\/news\\\/wp-content\\\/uploads\\\/2024\\\/12\\\/diploma-dual-academica-1-e1734448964335.png?fit=600%2C600&ssl=1\",\"keywords\":[\"academica\",\"academica spain\",\"alumnos\",\"american high school\",\"bachillerato americano\",\"colegio\",\"Diploma Dual\",\"dual diploma\",\"educacion\",\"excelencia acad\u00e9mica\",\"florida education\",\"los 300 mejores\",\"ministro de educacion\",\"mr Manny Diaz Jr\",\"premios magisterio\"],\"articleSection\":[\"Last News\"],\"inLanguage\":\"es\"},{\"@type\":\"WebPage\",\"@id\":\"https:\\\/\\\/www.academica.school\\\/news\\\/premios-magisterio-a-los-protagonistas-de-la-educacion\\\/\",\"url\":\"https:\\\/\\\/www.academica.school\\\/news\\\/premios-magisterio-a-los-protagonistas-de-la-educacion\\\/\",\"name\":\"Premios Magisterio a los Protagonistas de la Educaci\u00f3n - Academica News\",\"isPartOf\":{\"@id\":\"https:\\\/\\\/www.academica.school\\\/news\\\/#website\"},\"primaryImageOfPage\":{\"@id\":\"https:\\\/\\\/www.academica.school\\\/news\\\/premios-magisterio-a-los-protagonistas-de-la-educacion\\\/#primaryimage\"},\"image\":{\"@id\":\"https:\\\/\\\/www.academica.school\\\/news\\\/premios-magisterio-a-los-protagonistas-de-la-educacion\\\/#primaryimage\"},\"thumbnailUrl\":\"https:\\\/\\\/i0.wp.com\\\/www.academica.school\\\/news\\\/wp-content\\\/uploads\\\/2024\\\/12\\\/diploma-dual-academica-1-e1734448964335.png?fit=600%2C600&ssl=1\",\"datePublished\":\"2024-12-17T15:23:23+00:00\",\"description\":\"Hoy los Premios Magisterio a los Protagonistas de la Educaci\u00f3n entregar\u00e1n a Mr. Manny D\u00edaz Jr. el Premio a la Excelencia Educativa.\",\"breadcrumb\":{\"@id\":\"https:\\\/\\\/www.academica.school\\\/news\\\/premios-magisterio-a-los-protagonistas-de-la-educacion\\\/#breadcrumb\"},\"inLanguage\":\"es\",\"potentialAction\":[{\"@type\":\"ReadAction\",\"target\":[\"https:\\\/\\\/www.academica.school\\\/news\\\/premios-magisterio-a-los-protagonistas-de-la-educacion\\\/\"]}]},{\"@type\":\"ImageObject\",\"inLanguage\":\"es\",\"@id\":\"https:\\\/\\\/www.academica.school\\\/news\\\/premios-magisterio-a-los-protagonistas-de-la-educacion\\\/#primaryimage\",\"url\":\"https:\\\/\\\/i0.wp.com\\\/www.academica.school\\\/news\\\/wp-content\\\/uploads\\\/2024\\\/12\\\/diploma-dual-academica-1-e1734448964335.png?fit=600%2C600&ssl=1\",\"contentUrl\":\"https:\\\/\\\/i0.wp.com\\\/www.academica.school\\\/news\\\/wp-content\\\/uploads\\\/2024\\\/12\\\/diploma-dual-academica-1-e1734448964335.png?fit=600%2C600&ssl=1\",\"width\":600,\"height\":600,\"caption\":\"diploma-dual-academica\"},{\"@type\":\"BreadcrumbList\",\"@id\":\"https:\\\/\\\/www.academica.school\\\/news\\\/premios-magisterio-a-los-protagonistas-de-la-educacion\\\/#breadcrumb\",\"itemListElement\":[{\"@type\":\"ListItem\",\"position\":1,\"name\":\"Portada\",\"item\":\"https:\\\/\\\/www.academica.school\\\/news\\\/\"},{\"@type\":\"ListItem\",\"position\":2,\"name\":\"Premios Magisterio a los Protagonistas de la Educaci\u00f3n\"}]},{\"@type\":\"WebSite\",\"@id\":\"https:\\\/\\\/www.academica.school\\\/news\\\/#website\",\"url\":\"https:\\\/\\\/www.academica.school\\\/news\\\/\",\"name\":\"Academica News\",\"description\":\"todo lo que pasa en el mundo acad\u00e9mico, sobre universidades y cualquier evento o novedad en la que participemos\",\"publisher\":{\"@id\":\"https:\\\/\\\/www.academica.school\\\/news\\\/#organization\"},\"potentialAction\":[{\"@type\":\"SearchAction\",\"target\":{\"@type\":\"EntryPoint\",\"urlTemplate\":\"https:\\\/\\\/www.academica.school\\\/news\\\/?s={search_term_string}\"},\"query-input\":{\"@type\":\"PropertyValueSpecification\",\"valueRequired\":true,\"valueName\":\"search_term_string\"}}],\"inLanguage\":\"es\"},{\"@type\":\"Organization\",\"@id\":\"https:\\\/\\\/www.academica.school\\\/news\\\/#organization\",\"name\":\"Academica\",\"url\":\"https:\\\/\\\/www.academica.school\\\/news\\\/\",\"logo\":{\"@type\":\"ImageObject\",\"inLanguage\":\"es\",\"@id\":\"https:\\\/\\\/www.academica.school\\\/news\\\/#\\\/schema\\\/logo\\\/image\\\/\",\"url\":\"https:\\\/\\\/i1.wp.com\\\/www.academica.school\\\/news\\\/wp-content\\\/uploads\\\/2019\\\/11\\\/Captura-de-pantalla-2019-11-20-a-las-12.14.04.png?fit=799%2C500&ssl=1\",\"contentUrl\":\"https:\\\/\\\/i1.wp.com\\\/www.academica.school\\\/news\\\/wp-content\\\/uploads\\\/2019\\\/11\\\/Captura-de-pantalla-2019-11-20-a-las-12.14.04.png?fit=799%2C500&ssl=1\",\"width\":799,\"height\":500,\"caption\":\"Academica\"},\"image\":{\"@id\":\"https:\\\/\\\/www.academica.school\\\/news\\\/#\\\/schema\\\/logo\\\/image\\\/\"}},{\"@type\":\"Person\",\"@id\":\"https:\\\/\\\/www.academica.school\\\/news\\\/#\\\/schema\\\/person\\\/07ed699df26b3ae2c049959a107fce05\",\"name\":\"Academica Spain\",\"image\":{\"@type\":\"ImageObject\",\"inLanguage\":\"es\",\"@id\":\"https:\\\/\\\/secure.gravatar.com\\\/avatar\\\/24d850e4f123aaa0ad5edf9a3fb1d97a98b831f0571142c5dc4b3add4e2db2ea?s=96&d=mm&r=g\",\"url\":\"https:\\\/\\\/secure.gravatar.com\\\/avatar\\\/24d850e4f123aaa0ad5edf9a3fb1d97a98b831f0571142c5dc4b3add4e2db2ea?s=96&d=mm&r=g\",\"contentUrl\":\"https:\\\/\\\/secure.gravatar.com\\\/avatar\\\/24d850e4f123aaa0ad5edf9a3fb1d97a98b831f0571142c5dc4b3add4e2db2ea?s=96&d=mm&r=g\",\"caption\":\"Academica Spain\"},\"url\":\"https:\\\/\\\/www.academica.school\\\/news\\\/author\\\/jasubal\\\/\"}]}<\/script>\n<!-- \/ Yoast SEO plugin. -->","yoast_head_json":{"title":"Premios Magisterio a los Protagonistas de la Educaci\u00f3n - Academica News","description":"Hoy los Premios Magisterio a los Protagonistas de la Educaci\u00f3n entregar\u00e1n a Mr. Manny D\u00edaz Jr. el Premio a la Excelencia Educativa.","robots":{"index":"index","follow":"follow","max-snippet":"max-snippet:-1","max-image-preview":"max-image-preview:large","max-video-preview":"max-video-preview:-1"},"canonical":"https:\/\/www.academica.school\/news\/premios-magisterio-a-los-protagonistas-de-la-educacion\/","og_locale":"es_ES","og_type":"article","og_title":"Premios Magisterio a los Protagonistas de la Educaci\u00f3n - Academica News","og_description":"Hoy los Premios Magisterio a los Protagonistas de la Educaci\u00f3n entregar\u00e1n a Mr. Manny D\u00edaz Jr. el Premio a la Excelencia Educativa.","og_url":"https:\/\/www.academica.school\/news\/premios-magisterio-a-los-protagonistas-de-la-educacion\/","og_site_name":"Academica News","article_published_time":"2024-12-17T15:23:23+00:00","og_image":[{"width":600,"height":600,"url":"https:\/\/www.academica.school\/news\/wp-content\/uploads\/2024\/12\/diploma-dual-academica-1-e1734448964335.png","type":"image\/png"}],"author":"Academica Spain","twitter_card":"summary_large_image","twitter_misc":{"Escrito por":"Academica Spain","Tiempo de lectura":"1 minuto"},"schema":{"@context":"https:\/\/schema.org","@graph":[{"@type":"Article","@id":"https:\/\/www.academica.school\/news\/premios-magisterio-a-los-protagonistas-de-la-educacion\/#article","isPartOf":{"@id":"https:\/\/www.academica.school\/news\/premios-magisterio-a-los-protagonistas-de-la-educacion\/"},"author":{"name":"Academica Spain","@id":"https:\/\/www.academica.school\/news\/#\/schema\/person\/07ed699df26b3ae2c049959a107fce05"},"headline":"Premios Magisterio a los Protagonistas de la Educaci\u00f3n","datePublished":"2024-12-17T15:23:23+00:00","mainEntityOfPage":{"@id":"https:\/\/www.academica.school\/news\/premios-magisterio-a-los-protagonistas-de-la-educacion\/"},"wordCount":146,"publisher":{"@id":"https:\/\/www.academica.school\/news\/#organization"},"image":{"@id":"https:\/\/www.academica.school\/news\/premios-magisterio-a-los-protagonistas-de-la-educacion\/#primaryimage"},"thumbnailUrl":"https:\/\/i0.wp.com\/www.academica.school\/news\/wp-content\/uploads\/2024\/12\/diploma-dual-academica-1-e1734448964335.png?fit=600%2C600&ssl=1","keywords":["academica","academica spain","alumnos","american high school","bachillerato americano","colegio","Diploma Dual","dual diploma","educacion","excelencia acad\u00e9mica","florida education","los 300 mejores","ministro de educacion","mr Manny Diaz Jr","premios magisterio"],"articleSection":["Last News"],"inLanguage":"es"},{"@type":"WebPage","@id":"https:\/\/www.academica.school\/news\/premios-magisterio-a-los-protagonistas-de-la-educacion\/","url":"https:\/\/www.academica.school\/news\/premios-magisterio-a-los-protagonistas-de-la-educacion\/","name":"Premios Magisterio a los Protagonistas de la Educaci\u00f3n - Academica News","isPartOf":{"@id":"https:\/\/www.academica.school\/news\/#website"},"primaryImageOfPage":{"@id":"https:\/\/www.academica.school\/news\/premios-magisterio-a-los-protagonistas-de-la-educacion\/#primaryimage"},"image":{"@id":"https:\/\/www.academica.school\/news\/premios-magisterio-a-los-protagonistas-de-la-educacion\/#primaryimage"},"thumbnailUrl":"https:\/\/i0.wp.com\/www.academica.school\/news\/wp-content\/uploads\/2024\/12\/diploma-dual-academica-1-e1734448964335.png?fit=600%2C600&ssl=1","datePublished":"2024-12-17T15:23:23+00:00","description":"Hoy los Premios Magisterio a los Protagonistas de la Educaci\u00f3n entregar\u00e1n a Mr. Manny D\u00edaz Jr. el Premio a la Excelencia Educativa.","breadcrumb":{"@id":"https:\/\/www.academica.school\/news\/premios-magisterio-a-los-protagonistas-de-la-educacion\/#breadcrumb"},"inLanguage":"es","potentialAction":[{"@type":"ReadAction","target":["https:\/\/www.academica.school\/news\/premios-magisterio-a-los-protagonistas-de-la-educacion\/"]}]},{"@type":"ImageObject","inLanguage":"es","@id":"https:\/\/www.academica.school\/news\/premios-magisterio-a-los-protagonistas-de-la-educacion\/#primaryimage","url":"https:\/\/i0.wp.com\/www.academica.school\/news\/wp-content\/uploads\/2024\/12\/diploma-dual-academica-1-e1734448964335.png?fit=600%2C600&ssl=1","contentUrl":"https:\/\/i0.wp.com\/www.academica.school\/news\/wp-content\/uploads\/2024\/12\/diploma-dual-academica-1-e1734448964335.png?fit=600%2C600&ssl=1","width":600,"height":600,"caption":"diploma-dual-academica"},{"@type":"BreadcrumbList","@id":"https:\/\/www.academica.school\/news\/premios-magisterio-a-los-protagonistas-de-la-educacion\/#breadcrumb","itemListElement":[{"@type":"ListItem","position":1,"name":"Portada","item":"https:\/\/www.academica.school\/news\/"},{"@type":"ListItem","position":2,"name":"Premios Magisterio a los Protagonistas de la Educaci\u00f3n"}]},{"@type":"WebSite","@id":"https:\/\/www.academica.school\/news\/#website","url":"https:\/\/www.academica.school\/news\/","name":"Academica News","description":"todo lo que pasa en el mundo acad\u00e9mico, sobre universidades y cualquier evento o novedad en la que participemos","publisher":{"@id":"https:\/\/www.academica.school\/news\/#organization"},"potentialAction":[{"@type":"SearchAction","target":{"@type":"EntryPoint","urlTemplate":"https:\/\/www.academica.school\/news\/?s={search_term_string}"},"query-input":{"@type":"PropertyValueSpecification","valueRequired":true,"valueName":"search_term_string"}}],"inLanguage":"es"},{"@type":"Organization","@id":"https:\/\/www.academica.school\/news\/#organization","name":"Academica","url":"https:\/\/www.academica.school\/news\/","logo":{"@type":"ImageObject","inLanguage":"es","@id":"https:\/\/www.academica.school\/news\/#\/schema\/logo\/image\/","url":"https:\/\/i1.wp.com\/www.academica.school\/news\/wp-content\/uploads\/2019\/11\/Captura-de-pantalla-2019-11-20-a-las-12.14.04.png?fit=799%2C500&ssl=1","contentUrl":"https:\/\/i1.wp.com\/www.academica.school\/news\/wp-content\/uploads\/2019\/11\/Captura-de-pantalla-2019-11-20-a-las-12.14.04.png?fit=799%2C500&ssl=1","width":799,"height":500,"caption":"Academica"},"image":{"@id":"https:\/\/www.academica.school\/news\/#\/schema\/logo\/image\/"}},{"@type":"Person","@id":"https:\/\/www.academica.school\/news\/#\/schema\/person\/07ed699df26b3ae2c049959a107fce05","name":"Academica Spain","image":{"@type":"ImageObject","inLanguage":"es","@id":"https:\/\/secure.gravatar.com\/avatar\/24d850e4f123aaa0ad5edf9a3fb1d97a98b831f0571142c5dc4b3add4e2db2ea?s=96&d=mm&r=g","url":"https:\/\/secure.gravatar.com\/avatar\/24d850e4f123aaa0ad5edf9a3fb1d97a98b831f0571142c5dc4b3add4e2db2ea?s=96&d=mm&r=g","contentUrl":"https:\/\/secure.gravatar.com\/avatar\/24d850e4f123aaa0ad5edf9a3fb1d97a98b831f0571142c5dc4b3add4e2db2ea?s=96&d=mm&r=g","caption":"Academica Spain"},"url":"https:\/\/www.academica.school\/news\/author\/jasubal\/"}]}},"jetpack_featured_media_url":"https:\/\/i0.wp.com\/www.academica.school\/news\/wp-content\/uploads\/2024\/12\/diploma-dual-academica-1-e1734448964335.png?fit=600%2C600&ssl=1","jetpack_sharing_enabled":true,"jetpack_shortlink":"https:\/\/wp.me\/p8RDKh-Jf","jetpack-related-posts":[{"id":3364,"url":"https:\/\/www.academica.school\/news\/ministro-educacion-estado-florida-preside-mayor-graduacion-high-school-mundo\/","url_meta":{"origin":2805,"position":0},"title":"El Ministro de Educaci\u00f3n del Estado de La Florida preside la mayor graduaci\u00f3n de High School del mundo","author":"Academica Spain","date":"julio 10, 2025","format":false,"excerpt":"El 5 de julio se celebr\u00f3 en Madrid la mayor graduaci\u00f3n de High School del mundo, en la que se graduaron m\u00e1s de 4.700 alumnos de la Class of 2025 de Espa\u00f1a y Portugal. Un acto presidido por el Ministro de Educaci\u00f3n del Estado de La Florida, Mr. Manny D\u00edaz\u2026","rel":"","context":"En \u00abLast News\u00bb","block_context":{"text":"Last News","link":"https:\/\/www.academica.school\/news\/last-news\/"},"img":{"alt_text":"diploma-dual-manny-diaz-jr","src":"https:\/\/i0.wp.com\/www.academica.school\/news\/wp-content\/uploads\/2025\/07\/DSC06910-2.jpg?fit=1000%2C563&ssl=1&resize=350%2C200","width":350,"height":200,"srcset":"https:\/\/i0.wp.com\/www.academica.school\/news\/wp-content\/uploads\/2025\/07\/DSC06910-2.jpg?fit=1000%2C563&ssl=1&resize=350%2C200 1x, https:\/\/i0.wp.com\/www.academica.school\/news\/wp-content\/uploads\/2025\/07\/DSC06910-2.jpg?fit=1000%2C563&ssl=1&resize=525%2C300 1.5x, https:\/\/i0.wp.com\/www.academica.school\/news\/wp-content\/uploads\/2025\/07\/DSC06910-2.jpg?fit=1000%2C563&ssl=1&resize=700%2C400 2x"},"classes":[]},{"id":2605,"url":"https:\/\/www.academica.school\/news\/abc-noticias-perseguimos-la-excelencia-educativa-no-el-adoctrinamiento\/","url_meta":{"origin":2805,"position":1},"title":"ABC Noticias: \u00abPerseguimos la excelencia educativa, no el adoctrinamiento\u00bb","author":"Academica Spain","date":"julio 10, 2024","format":false,"excerpt":"Mr. Manny D\u00edaz Jr., Ministro de Educaci\u00f3n del Estado de la Florida, ha visitado Espa\u00f1a para asistir al Schools Event 2024 y reunirse con los representantes de los colegios Diploma Dual 2024. El diario ABC, perteneciente al Grupo Vocento, se ha hecho eco en su edici\u00f3n papel y digital del\u2026","rel":"","context":"En \u00abLast News\u00bb","block_context":{"text":"Last News","link":"https:\/\/www.academica.school\/news\/last-news\/"},"img":{"alt_text":"diploma-dual-academica","src":"https:\/\/i0.wp.com\/www.academica.school\/news\/wp-content\/uploads\/2024\/07\/diploma-dual-academica.jpg.webp?fit=1200%2C840&ssl=1&resize=350%2C200","width":350,"height":200,"srcset":"https:\/\/i0.wp.com\/www.academica.school\/news\/wp-content\/uploads\/2024\/07\/diploma-dual-academica.jpg.webp?fit=1200%2C840&ssl=1&resize=350%2C200 1x, https:\/\/i0.wp.com\/www.academica.school\/news\/wp-content\/uploads\/2024\/07\/diploma-dual-academica.jpg.webp?fit=1200%2C840&ssl=1&resize=525%2C300 1.5x, https:\/\/i0.wp.com\/www.academica.school\/news\/wp-content\/uploads\/2024\/07\/diploma-dual-academica.jpg.webp?fit=1200%2C840&ssl=1&resize=700%2C400 2x, https:\/\/i0.wp.com\/www.academica.school\/news\/wp-content\/uploads\/2024\/07\/diploma-dual-academica.jpg.webp?fit=1200%2C840&ssl=1&resize=1050%2C600 3x"},"classes":[]},{"id":3358,"url":"https:\/\/www.academica.school\/news\/evento-academica-schools-2025\/","url_meta":{"origin":2805,"position":2},"title":"Evento Academica Schools 2025","author":"Academica Spain","date":"julio 8, 2025","format":false,"excerpt":"El 4 de julio celebramos el evento Academica Schools 2025, una invitaci\u00f3n para a un c\u00f3ctel cena y celebraci\u00f3n para los representantes de los colegios de la Class of 2025. Un a\u00f1o m\u00e1s, desde Academica hemos contado con la presencia del m\u00e1ximo representante de educaci\u00f3n del Estado de la Florida,\u2026","rel":"","context":"En \u00abLast News\u00bb","block_context":{"text":"Last News","link":"https:\/\/www.academica.school\/news\/last-news\/"},"img":{"alt_text":"diploma-dual-academica-schools-2025","src":"https:\/\/i0.wp.com\/www.academica.school\/news\/wp-content\/uploads\/2025\/07\/PANTALLAS-CLASS-OF-2024.jpg?fit=1200%2C675&ssl=1&resize=350%2C200","width":350,"height":200,"srcset":"https:\/\/i0.wp.com\/www.academica.school\/news\/wp-content\/uploads\/2025\/07\/PANTALLAS-CLASS-OF-2024.jpg?fit=1200%2C675&ssl=1&resize=350%2C200 1x, https:\/\/i0.wp.com\/www.academica.school\/news\/wp-content\/uploads\/2025\/07\/PANTALLAS-CLASS-OF-2024.jpg?fit=1200%2C675&ssl=1&resize=525%2C300 1.5x, https:\/\/i0.wp.com\/www.academica.school\/news\/wp-content\/uploads\/2025\/07\/PANTALLAS-CLASS-OF-2024.jpg?fit=1200%2C675&ssl=1&resize=700%2C400 2x, https:\/\/i0.wp.com\/www.academica.school\/news\/wp-content\/uploads\/2025\/07\/PANTALLAS-CLASS-OF-2024.jpg?fit=1200%2C675&ssl=1&resize=1050%2C600 3x"},"classes":[]},{"id":2198,"url":"https:\/\/www.academica.school\/news\/premio-a-la-excelencia-academica-por-el-programa-educativo-diploma-dual\/","url_meta":{"origin":2805,"position":3},"title":"Premio a la Excelencia Acad\u00e9mica por el programa educativo Diploma Dual","author":"Academica Spain","date":"marzo 8, 2024","format":false,"excerpt":"Ayer, jueves 7 de marzo, el diario La Raz\u00f3n public\u00f3 en su edici\u00f3n nacional un especial sobre la VI Edici\u00f3n de los Premios Comunidad de Madrid. Este premio es para los m\u00e1s de 1.200 colegios adheridos al Diploma Dual en Espa\u00f1a; de sus profesionales, instituciones y fundaciones educativas. Tambi\u00e9n es\u2026","rel":"","context":"En \u00abLast News\u00bb","block_context":{"text":"Last News","link":"https:\/\/www.academica.school\/news\/last-news\/"},"img":{"alt_text":"La_Razn_(Madrid)(2024-03-07)_page17","src":"https:\/\/i0.wp.com\/www.academica.school\/news\/wp-content\/uploads\/2024\/03\/La_Razn_Madrid2024-03-07_page17.jpg?fit=1019%2C1200&ssl=1&resize=350%2C200","width":350,"height":200,"srcset":"https:\/\/i0.wp.com\/www.academica.school\/news\/wp-content\/uploads\/2024\/03\/La_Razn_Madrid2024-03-07_page17.jpg?fit=1019%2C1200&ssl=1&resize=350%2C200 1x, https:\/\/i0.wp.com\/www.academica.school\/news\/wp-content\/uploads\/2024\/03\/La_Razn_Madrid2024-03-07_page17.jpg?fit=1019%2C1200&ssl=1&resize=525%2C300 1.5x, https:\/\/i0.wp.com\/www.academica.school\/news\/wp-content\/uploads\/2024\/03\/La_Razn_Madrid2024-03-07_page17.jpg?fit=1019%2C1200&ssl=1&resize=700%2C400 2x"},"classes":[]},{"id":3006,"url":"https:\/\/www.academica.school\/news\/presentacion-de-la-universidad-publica-estadounidense-a-los-alumnos-espanoles\/","url_meta":{"origin":2805,"position":4},"title":"Presentaci\u00f3n de la Universidad P\u00fablica estadounidense a los alumnos espa\u00f1oles","author":"Academica Spain","date":"marzo 4, 2025","format":false,"excerpt":"El diario ABC, perteneciente al Grupo Vocento, ha publicado una noticia para anunciar la presentaci\u00f3n que se va a realizar desde Academica de la Universidad P\u00fablica estadounidense a todos los alumnos espa\u00f1oles. La videoconferencia tendr\u00e1 lugar hoy martes 4 de marzo a las 20 horas peninsular y contaremos con la\u2026","rel":"","context":"En \u00abLast News\u00bb","block_context":{"text":"Last News","link":"https:\/\/www.academica.school\/news\/last-news\/"},"img":{"alt_text":"diploma-dual-academica","src":"https:\/\/i0.wp.com\/www.academica.school\/news\/wp-content\/uploads\/2025\/03\/diploma-dual-academica.jpg?fit=1200%2C800&ssl=1&resize=350%2C200","width":350,"height":200,"srcset":"https:\/\/i0.wp.com\/www.academica.school\/news\/wp-content\/uploads\/2025\/03\/diploma-dual-academica.jpg?fit=1200%2C800&ssl=1&resize=350%2C200 1x, https:\/\/i0.wp.com\/www.academica.school\/news\/wp-content\/uploads\/2025\/03\/diploma-dual-academica.jpg?fit=1200%2C800&ssl=1&resize=525%2C300 1.5x, https:\/\/i0.wp.com\/www.academica.school\/news\/wp-content\/uploads\/2025\/03\/diploma-dual-academica.jpg?fit=1200%2C800&ssl=1&resize=700%2C400 2x, https:\/\/i0.wp.com\/www.academica.school\/news\/wp-content\/uploads\/2025\/03\/diploma-dual-academica.jpg?fit=1200%2C800&ssl=1&resize=1050%2C600 3x"},"classes":[]},{"id":2991,"url":"https:\/\/www.academica.school\/news\/apertura-de-la-universidad-publica-estadounidense-a-los-alumnos-espanoles\/","url_meta":{"origin":2805,"position":5},"title":"Apertura de la Universidad P\u00fablica estadounidense a los alumnos espa\u00f1oles","author":"Academica Spain","date":"febrero 27, 2025","format":false,"excerpt":"El pr\u00f3ximo martes 4 de marzo a las 20 horas tendr\u00e1 lugar la primera videoconferencia en la que contaremos con la participaci\u00f3n de Mr. Manny D\u00edaz Jr., Ministro de Educaci\u00f3n del Estado de La Florida y, Madeline Pumariega, Presidenta de Miami Dade College. A lo largo de este curso estamos\u2026","rel":"","context":"En \u00abLast News\u00bb","block_context":{"text":"Last News","link":"https:\/\/www.academica.school\/news\/last-news\/"},"img":{"alt_text":"diploma-dual-academica","src":"https:\/\/i0.wp.com\/www.academica.school\/news\/wp-content\/uploads\/2025\/02\/diploma-dual-academica-4.png?fit=1200%2C725&ssl=1&resize=350%2C200","width":350,"height":200,"srcset":"https:\/\/i0.wp.com\/www.academica.school\/news\/wp-content\/uploads\/2025\/02\/diploma-dual-academica-4.png?fit=1200%2C725&ssl=1&resize=350%2C200 1x, https:\/\/i0.wp.com\/www.academica.school\/news\/wp-content\/uploads\/2025\/02\/diploma-dual-academica-4.png?fit=1200%2C725&ssl=1&resize=525%2C300 1.5x, https:\/\/i0.wp.com\/www.academica.school\/news\/wp-content\/uploads\/2025\/02\/diploma-dual-academica-4.png?fit=1200%2C725&ssl=1&resize=700%2C400 2x, https:\/\/i0.wp.com\/www.academica.school\/news\/wp-content\/uploads\/2025\/02\/diploma-dual-academica-4.png?fit=1200%2C725&ssl=1&resize=1050%2C600 3x"},"classes":[]}],"_links":{"self":[{"href":"https:\/\/www.academica.school\/news\/wp-json\/wp\/v2\/posts\/2805","targetHints":{"allow":["GET"]}}],"collection":[{"href":"https:\/\/www.academica.school\/news\/wp-json\/wp\/v2\/posts"}],"about":[{"href":"https:\/\/www.academica.school\/news\/wp-json\/wp\/v2\/types\/post"}],"author":[{"embeddable":true,"href":"https:\/\/www.academica.school\/news\/wp-json\/wp\/v2\/users\/1"}],"replies":[{"embeddable":true,"href":"https:\/\/www.academica.school\/news\/wp-json\/wp\/v2\/comments?post=2805"}],"version-history":[{"count":1,"href":"https:\/\/www.academica.school\/news\/wp-json\/wp\/v2\/posts\/2805\/revisions"}],"predecessor-version":[{"id":2807,"href":"https:\/\/www.academica.school\/news\/wp-json\/wp\/v2\/posts\/2805\/revisions\/2807"}],"wp:featuredmedia":[{"embeddable":true,"href":"https:\/\/www.academica.school\/news\/wp-json\/wp\/v2\/media\/2806"}],"wp:attachment":[{"href":"https:\/\/www.academica.school\/news\/wp-json\/wp\/v2\/media?parent=2805"}],"wp:term":[{"taxonomy":"category","embeddable":true,"href":"https:\/\/www.academica.school\/news\/wp-json\/wp\/v2\/categories?post=2805"},{"taxonomy":"post_tag","embeddable":true,"href":"https:\/\/www.academica.school\/news\/wp-json\/wp\/v2\/tags?post=2805"}],"curies":[{"name":"wp","href":"https:\/\/api.w.org\/{rel}","templated":true}]}}