{"id":3330,"date":"2025-06-19T09:36:17","date_gmt":"2025-06-19T09:36:17","guid":{"rendered":"https:\/\/www.academica.school\/news\/?p=3330"},"modified":"2025-06-19T09:36:17","modified_gmt":"2025-06-19T09:36:17","slug":"diploma-dual-colegio-luther-king-la-laguna-de-tenerife","status":"publish","type":"post","link":"https:\/\/www.academica.school\/news\/diploma-dual-colegio-luther-king-la-laguna-de-tenerife\/","title":{"rendered":"El Diploma Dual en el Colegio Luther King La Laguna de Tenerife"},"content":{"rendered":"<div class=\"\">\n<p>Uno de los alumnos que est\u00e1 cursando el Diploma Dual en el <span style=\"color: #000000;\"><a style=\"color: #000000;\" href=\"https:\/\/lutherking.com\"><span style=\"text-decoration: underline;\"><strong>Colegio Luther King La Laguna de Tenerife<\/strong><\/span><\/a><\/span> nos cuenta su experiencia.<\/p>\n<p><!--more--><\/p>\n<\/div>\n<div class=\"\">\n<div class=\"\">\n<div class=\"\">\n<div class=\"elementor-widget-container\">\n<p>Adem\u00e1s, la Directora de Programa en el centro explica en qu\u00e9 consiste el programa, c\u00f3mo se organizan los alumnos y los beneficios que tiene cursar el mismo.<\/p>\n<p>El <span style=\"color: #000000;\"><a style=\"color: #000000;\" href=\"https:\/\/www.academica.school\"><span style=\"text-decoration: underline;\"><strong>Diploma Dual<\/strong><\/span><\/a><\/span> es el programa oficial de convalidaci\u00f3n internacional de t\u00edtulos de Bachillerato creado y desarrollado por Academica, que permite a los alumnos obtener dos titulaciones simult\u00e1neas: la propia de su pa\u00eds y el American High School Diploma.<\/p>\n<p>Los alumnos del Diploma Dual solamente tienen que cursar 6 asignaturas para obtener la titulaci\u00f3n americana. Los convenios internacionales alcanzados por Academica y la excelencia educativa del programa permiten obtener la m\u00e1xima convalidaci\u00f3n posible: 75% de los 24 cr\u00e9ditos necesarios para obtener el American High School Diploma.<\/p>\n<\/div>\n<p><span style=\"color: #000000;\"><strong><a style=\"text-decoration: underline; color: #000000;\" href=\"https:\/\/www.instagram.com\/p\/DKAN8jgIOGJ\/\">Enlace<\/a><\/strong><\/span> a la publicaci\u00f3n del colegio. \u00a1Estate al tanto de todas sus noticias!<\/p>\n<\/div>\n<\/div>\n<\/div>\n","protected":false},"excerpt":{"rendered":"<p>Uno de los alumnos que est\u00e1 cursando el Diploma Dual en el Colegio Luther King La Laguna de Tenerife nos cuenta su experiencia.<\/p>\n","protected":false},"author":6,"featured_media":3331,"comment_status":"closed","ping_status":"closed","sticky":false,"template":"","format":"video","meta":{"_jetpack_memberships_contains_paid_content":false,"footnotes":""},"categories":[1],"tags":[9,139,89,198,63,208,753,4,222,431],"class_list":["post-3330","post","type-post","status-publish","format-video","has-post-thumbnail","hentry","category-last-news","tag-academica","tag-academica-spain","tag-alumnos","tag-american-high-school","tag-bachillerato-americano","tag-colegio","tag-colegio-luther-king-la-laguna","tag-diploma-dual","tag-dual-diploma","tag-los-300-mejores","post_format-post-format-video","clearfix"],"yoast_head":"<!-- This site is optimized with the Yoast SEO plugin v27.5 - https:\/\/yoast.com\/product\/yoast-seo-wordpress\/ -->\n<title>El Diploma Dual en el Colegio Luther King La Laguna de Tenerife - Academica News<\/title>\n<meta name=\"description\" content=\"Uno de los alumnos que est\u00e1 cursando el Diploma Dual en el Colegio Luther King La Laguna de Tenerife nos cuenta su experiencia.\" \/>\n<meta name=\"robots\" content=\"index, follow, max-snippet:-1, max-image-preview:large, max-video-preview:-1\" \/>\n<link rel=\"canonical\" href=\"https:\/\/www.academica.school\/news\/diploma-dual-colegio-luther-king-la-laguna-de-tenerife\/\" \/>\n<meta property=\"og:locale\" content=\"es_ES\" \/>\n<meta property=\"og:type\" content=\"article\" \/>\n<meta property=\"og:title\" content=\"El Diploma Dual en el Colegio Luther King La Laguna de Tenerife - Academica News\" \/>\n<meta property=\"og:description\" content=\"Uno de los alumnos que est\u00e1 cursando el Diploma Dual en el Colegio Luther King La Laguna de Tenerife nos cuenta su experiencia.\" \/>\n<meta property=\"og:url\" content=\"https:\/\/www.academica.school\/news\/diploma-dual-colegio-luther-king-la-laguna-de-tenerife\/\" \/>\n<meta property=\"og:site_name\" content=\"Academica News\" \/>\n<meta property=\"article:published_time\" content=\"2025-06-19T09:36:17+00:00\" \/>\n<meta property=\"og:image\" content=\"https:\/\/www.academica.school\/news\/wp-content\/uploads\/2025\/06\/diploma-dual-colegio-luther-king.png\" \/>\n\t<meta property=\"og:image:width\" content=\"1000\" \/>\n\t<meta property=\"og:image:height\" content=\"501\" \/>\n\t<meta property=\"og:image:type\" content=\"image\/png\" \/>\n<meta name=\"author\" content=\"Academica Spain\" \/>\n<meta name=\"twitter:card\" content=\"summary_large_image\" \/>\n<meta name=\"twitter:label1\" content=\"Escrito por\" \/>\n\t<meta name=\"twitter:data1\" content=\"Academica Spain\" \/>\n\t<meta name=\"twitter:label2\" content=\"Tiempo de lectura\" \/>\n\t<meta name=\"twitter:data2\" content=\"1 minuto\" \/>\n<script type=\"application\/ld+json\" class=\"yoast-schema-graph\">{\"@context\":\"https:\\\/\\\/schema.org\",\"@graph\":[{\"@type\":\"Article\",\"@id\":\"https:\\\/\\\/www.academica.school\\\/news\\\/diploma-dual-colegio-luther-king-la-laguna-de-tenerife\\\/#article\",\"isPartOf\":{\"@id\":\"https:\\\/\\\/www.academica.school\\\/news\\\/diploma-dual-colegio-luther-king-la-laguna-de-tenerife\\\/\"},\"author\":{\"name\":\"Academica Spain\",\"@id\":\"https:\\\/\\\/www.academica.school\\\/news\\\/#\\\/schema\\\/person\\\/a9da1d35195720e471d7993db5fa06cd\"},\"headline\":\"El Diploma Dual en el Colegio Luther King La Laguna de Tenerife\",\"datePublished\":\"2025-06-19T09:36:17+00:00\",\"mainEntityOfPage\":{\"@id\":\"https:\\\/\\\/www.academica.school\\\/news\\\/diploma-dual-colegio-luther-king-la-laguna-de-tenerife\\\/\"},\"wordCount\":169,\"publisher\":{\"@id\":\"https:\\\/\\\/www.academica.school\\\/news\\\/#organization\"},\"image\":{\"@id\":\"https:\\\/\\\/www.academica.school\\\/news\\\/diploma-dual-colegio-luther-king-la-laguna-de-tenerife\\\/#primaryimage\"},\"thumbnailUrl\":\"https:\\\/\\\/i0.wp.com\\\/www.academica.school\\\/news\\\/wp-content\\\/uploads\\\/2025\\\/06\\\/diploma-dual-colegio-luther-king.png?fit=1000%2C501&ssl=1\",\"keywords\":[\"academica\",\"academica spain\",\"alumnos\",\"american high school\",\"bachillerato americano\",\"colegio\",\"colegio luther king la laguna\",\"Diploma Dual\",\"dual diploma\",\"los 300 mejores\"],\"articleSection\":[\"Last News\"],\"inLanguage\":\"es\"},{\"@type\":\"WebPage\",\"@id\":\"https:\\\/\\\/www.academica.school\\\/news\\\/diploma-dual-colegio-luther-king-la-laguna-de-tenerife\\\/\",\"url\":\"https:\\\/\\\/www.academica.school\\\/news\\\/diploma-dual-colegio-luther-king-la-laguna-de-tenerife\\\/\",\"name\":\"El Diploma Dual en el Colegio Luther King La Laguna de Tenerife - Academica News\",\"isPartOf\":{\"@id\":\"https:\\\/\\\/www.academica.school\\\/news\\\/#website\"},\"primaryImageOfPage\":{\"@id\":\"https:\\\/\\\/www.academica.school\\\/news\\\/diploma-dual-colegio-luther-king-la-laguna-de-tenerife\\\/#primaryimage\"},\"image\":{\"@id\":\"https:\\\/\\\/www.academica.school\\\/news\\\/diploma-dual-colegio-luther-king-la-laguna-de-tenerife\\\/#primaryimage\"},\"thumbnailUrl\":\"https:\\\/\\\/i0.wp.com\\\/www.academica.school\\\/news\\\/wp-content\\\/uploads\\\/2025\\\/06\\\/diploma-dual-colegio-luther-king.png?fit=1000%2C501&ssl=1\",\"datePublished\":\"2025-06-19T09:36:17+00:00\",\"description\":\"Uno de los alumnos que est\u00e1 cursando el Diploma Dual en el Colegio Luther King La Laguna de Tenerife nos cuenta su experiencia.\",\"breadcrumb\":{\"@id\":\"https:\\\/\\\/www.academica.school\\\/news\\\/diploma-dual-colegio-luther-king-la-laguna-de-tenerife\\\/#breadcrumb\"},\"inLanguage\":\"es\",\"potentialAction\":[{\"@type\":\"ReadAction\",\"target\":[\"https:\\\/\\\/www.academica.school\\\/news\\\/diploma-dual-colegio-luther-king-la-laguna-de-tenerife\\\/\"]}]},{\"@type\":\"ImageObject\",\"inLanguage\":\"es\",\"@id\":\"https:\\\/\\\/www.academica.school\\\/news\\\/diploma-dual-colegio-luther-king-la-laguna-de-tenerife\\\/#primaryimage\",\"url\":\"https:\\\/\\\/i0.wp.com\\\/www.academica.school\\\/news\\\/wp-content\\\/uploads\\\/2025\\\/06\\\/diploma-dual-colegio-luther-king.png?fit=1000%2C501&ssl=1\",\"contentUrl\":\"https:\\\/\\\/i0.wp.com\\\/www.academica.school\\\/news\\\/wp-content\\\/uploads\\\/2025\\\/06\\\/diploma-dual-colegio-luther-king.png?fit=1000%2C501&ssl=1\",\"width\":1000,\"height\":501,\"caption\":\"diploma-dual-colegio-luther-king\"},{\"@type\":\"BreadcrumbList\",\"@id\":\"https:\\\/\\\/www.academica.school\\\/news\\\/diploma-dual-colegio-luther-king-la-laguna-de-tenerife\\\/#breadcrumb\",\"itemListElement\":[{\"@type\":\"ListItem\",\"position\":1,\"name\":\"Portada\",\"item\":\"https:\\\/\\\/www.academica.school\\\/news\\\/\"},{\"@type\":\"ListItem\",\"position\":2,\"name\":\"El Diploma Dual en el Colegio Luther King La Laguna de Tenerife\"}]},{\"@type\":\"WebSite\",\"@id\":\"https:\\\/\\\/www.academica.school\\\/news\\\/#website\",\"url\":\"https:\\\/\\\/www.academica.school\\\/news\\\/\",\"name\":\"Academica News\",\"description\":\"todo lo que pasa en el mundo acad\u00e9mico, sobre universidades y cualquier evento o novedad en la que participemos\",\"publisher\":{\"@id\":\"https:\\\/\\\/www.academica.school\\\/news\\\/#organization\"},\"potentialAction\":[{\"@type\":\"SearchAction\",\"target\":{\"@type\":\"EntryPoint\",\"urlTemplate\":\"https:\\\/\\\/www.academica.school\\\/news\\\/?s={search_term_string}\"},\"query-input\":{\"@type\":\"PropertyValueSpecification\",\"valueRequired\":true,\"valueName\":\"search_term_string\"}}],\"inLanguage\":\"es\"},{\"@type\":\"Organization\",\"@id\":\"https:\\\/\\\/www.academica.school\\\/news\\\/#organization\",\"name\":\"Academica\",\"url\":\"https:\\\/\\\/www.academica.school\\\/news\\\/\",\"logo\":{\"@type\":\"ImageObject\",\"inLanguage\":\"es\",\"@id\":\"https:\\\/\\\/www.academica.school\\\/news\\\/#\\\/schema\\\/logo\\\/image\\\/\",\"url\":\"https:\\\/\\\/i1.wp.com\\\/www.academica.school\\\/news\\\/wp-content\\\/uploads\\\/2019\\\/11\\\/Captura-de-pantalla-2019-11-20-a-las-12.14.04.png?fit=799%2C500&ssl=1\",\"contentUrl\":\"https:\\\/\\\/i1.wp.com\\\/www.academica.school\\\/news\\\/wp-content\\\/uploads\\\/2019\\\/11\\\/Captura-de-pantalla-2019-11-20-a-las-12.14.04.png?fit=799%2C500&ssl=1\",\"width\":799,\"height\":500,\"caption\":\"Academica\"},\"image\":{\"@id\":\"https:\\\/\\\/www.academica.school\\\/news\\\/#\\\/schema\\\/logo\\\/image\\\/\"}},{\"@type\":\"Person\",\"@id\":\"https:\\\/\\\/www.academica.school\\\/news\\\/#\\\/schema\\\/person\\\/a9da1d35195720e471d7993db5fa06cd\",\"name\":\"Academica Spain\",\"image\":{\"@type\":\"ImageObject\",\"inLanguage\":\"es\",\"@id\":\"https:\\\/\\\/secure.gravatar.com\\\/avatar\\\/a7ed0e6b5e69a0c89f30117b1b70787c4c8d25c0438514a94ac82dee11b08589?s=96&d=mm&r=g\",\"url\":\"https:\\\/\\\/secure.gravatar.com\\\/avatar\\\/a7ed0e6b5e69a0c89f30117b1b70787c4c8d25c0438514a94ac82dee11b08589?s=96&d=mm&r=g\",\"contentUrl\":\"https:\\\/\\\/secure.gravatar.com\\\/avatar\\\/a7ed0e6b5e69a0c89f30117b1b70787c4c8d25c0438514a94ac82dee11b08589?s=96&d=mm&r=g\",\"caption\":\"Academica Spain\"},\"url\":\"https:\\\/\\\/www.academica.school\\\/news\\\/author\\\/pquecedoacademica-school\\\/\"}]}<\/script>\n<!-- \/ Yoast SEO plugin. -->","yoast_head_json":{"title":"El Diploma Dual en el Colegio Luther King La Laguna de Tenerife - Academica News","description":"Uno de los alumnos que est\u00e1 cursando el Diploma Dual en el Colegio Luther King La Laguna de Tenerife nos cuenta su experiencia.","robots":{"index":"index","follow":"follow","max-snippet":"max-snippet:-1","max-image-preview":"max-image-preview:large","max-video-preview":"max-video-preview:-1"},"canonical":"https:\/\/www.academica.school\/news\/diploma-dual-colegio-luther-king-la-laguna-de-tenerife\/","og_locale":"es_ES","og_type":"article","og_title":"El Diploma Dual en el Colegio Luther King La Laguna de Tenerife - Academica News","og_description":"Uno de los alumnos que est\u00e1 cursando el Diploma Dual en el Colegio Luther King La Laguna de Tenerife nos cuenta su experiencia.","og_url":"https:\/\/www.academica.school\/news\/diploma-dual-colegio-luther-king-la-laguna-de-tenerife\/","og_site_name":"Academica News","article_published_time":"2025-06-19T09:36:17+00:00","og_image":[{"width":1000,"height":501,"url":"https:\/\/www.academica.school\/news\/wp-content\/uploads\/2025\/06\/diploma-dual-colegio-luther-king.png","type":"image\/png"}],"author":"Academica Spain","twitter_card":"summary_large_image","twitter_misc":{"Escrito por":"Academica Spain","Tiempo de lectura":"1 minuto"},"schema":{"@context":"https:\/\/schema.org","@graph":[{"@type":"Article","@id":"https:\/\/www.academica.school\/news\/diploma-dual-colegio-luther-king-la-laguna-de-tenerife\/#article","isPartOf":{"@id":"https:\/\/www.academica.school\/news\/diploma-dual-colegio-luther-king-la-laguna-de-tenerife\/"},"author":{"name":"Academica Spain","@id":"https:\/\/www.academica.school\/news\/#\/schema\/person\/a9da1d35195720e471d7993db5fa06cd"},"headline":"El Diploma Dual en el Colegio Luther King La Laguna de Tenerife","datePublished":"2025-06-19T09:36:17+00:00","mainEntityOfPage":{"@id":"https:\/\/www.academica.school\/news\/diploma-dual-colegio-luther-king-la-laguna-de-tenerife\/"},"wordCount":169,"publisher":{"@id":"https:\/\/www.academica.school\/news\/#organization"},"image":{"@id":"https:\/\/www.academica.school\/news\/diploma-dual-colegio-luther-king-la-laguna-de-tenerife\/#primaryimage"},"thumbnailUrl":"https:\/\/i0.wp.com\/www.academica.school\/news\/wp-content\/uploads\/2025\/06\/diploma-dual-colegio-luther-king.png?fit=1000%2C501&ssl=1","keywords":["academica","academica spain","alumnos","american high school","bachillerato americano","colegio","colegio luther king la laguna","Diploma Dual","dual diploma","los 300 mejores"],"articleSection":["Last News"],"inLanguage":"es"},{"@type":"WebPage","@id":"https:\/\/www.academica.school\/news\/diploma-dual-colegio-luther-king-la-laguna-de-tenerife\/","url":"https:\/\/www.academica.school\/news\/diploma-dual-colegio-luther-king-la-laguna-de-tenerife\/","name":"El Diploma Dual en el Colegio Luther King La Laguna de Tenerife - Academica News","isPartOf":{"@id":"https:\/\/www.academica.school\/news\/#website"},"primaryImageOfPage":{"@id":"https:\/\/www.academica.school\/news\/diploma-dual-colegio-luther-king-la-laguna-de-tenerife\/#primaryimage"},"image":{"@id":"https:\/\/www.academica.school\/news\/diploma-dual-colegio-luther-king-la-laguna-de-tenerife\/#primaryimage"},"thumbnailUrl":"https:\/\/i0.wp.com\/www.academica.school\/news\/wp-content\/uploads\/2025\/06\/diploma-dual-colegio-luther-king.png?fit=1000%2C501&ssl=1","datePublished":"2025-06-19T09:36:17+00:00","description":"Uno de los alumnos que est\u00e1 cursando el Diploma Dual en el Colegio Luther King La Laguna de Tenerife nos cuenta su experiencia.","breadcrumb":{"@id":"https:\/\/www.academica.school\/news\/diploma-dual-colegio-luther-king-la-laguna-de-tenerife\/#breadcrumb"},"inLanguage":"es","potentialAction":[{"@type":"ReadAction","target":["https:\/\/www.academica.school\/news\/diploma-dual-colegio-luther-king-la-laguna-de-tenerife\/"]}]},{"@type":"ImageObject","inLanguage":"es","@id":"https:\/\/www.academica.school\/news\/diploma-dual-colegio-luther-king-la-laguna-de-tenerife\/#primaryimage","url":"https:\/\/i0.wp.com\/www.academica.school\/news\/wp-content\/uploads\/2025\/06\/diploma-dual-colegio-luther-king.png?fit=1000%2C501&ssl=1","contentUrl":"https:\/\/i0.wp.com\/www.academica.school\/news\/wp-content\/uploads\/2025\/06\/diploma-dual-colegio-luther-king.png?fit=1000%2C501&ssl=1","width":1000,"height":501,"caption":"diploma-dual-colegio-luther-king"},{"@type":"BreadcrumbList","@id":"https:\/\/www.academica.school\/news\/diploma-dual-colegio-luther-king-la-laguna-de-tenerife\/#breadcrumb","itemListElement":[{"@type":"ListItem","position":1,"name":"Portada","item":"https:\/\/www.academica.school\/news\/"},{"@type":"ListItem","position":2,"name":"El Diploma Dual en el Colegio Luther King La Laguna de Tenerife"}]},{"@type":"WebSite","@id":"https:\/\/www.academica.school\/news\/#website","url":"https:\/\/www.academica.school\/news\/","name":"Academica News","description":"todo lo que pasa en el mundo acad\u00e9mico, sobre universidades y cualquier evento o novedad en la que participemos","publisher":{"@id":"https:\/\/www.academica.school\/news\/#organization"},"potentialAction":[{"@type":"SearchAction","target":{"@type":"EntryPoint","urlTemplate":"https:\/\/www.academica.school\/news\/?s={search_term_string}"},"query-input":{"@type":"PropertyValueSpecification","valueRequired":true,"valueName":"search_term_string"}}],"inLanguage":"es"},{"@type":"Organization","@id":"https:\/\/www.academica.school\/news\/#organization","name":"Academica","url":"https:\/\/www.academica.school\/news\/","logo":{"@type":"ImageObject","inLanguage":"es","@id":"https:\/\/www.academica.school\/news\/#\/schema\/logo\/image\/","url":"https:\/\/i1.wp.com\/www.academica.school\/news\/wp-content\/uploads\/2019\/11\/Captura-de-pantalla-2019-11-20-a-las-12.14.04.png?fit=799%2C500&ssl=1","contentUrl":"https:\/\/i1.wp.com\/www.academica.school\/news\/wp-content\/uploads\/2019\/11\/Captura-de-pantalla-2019-11-20-a-las-12.14.04.png?fit=799%2C500&ssl=1","width":799,"height":500,"caption":"Academica"},"image":{"@id":"https:\/\/www.academica.school\/news\/#\/schema\/logo\/image\/"}},{"@type":"Person","@id":"https:\/\/www.academica.school\/news\/#\/schema\/person\/a9da1d35195720e471d7993db5fa06cd","name":"Academica Spain","image":{"@type":"ImageObject","inLanguage":"es","@id":"https:\/\/secure.gravatar.com\/avatar\/a7ed0e6b5e69a0c89f30117b1b70787c4c8d25c0438514a94ac82dee11b08589?s=96&d=mm&r=g","url":"https:\/\/secure.gravatar.com\/avatar\/a7ed0e6b5e69a0c89f30117b1b70787c4c8d25c0438514a94ac82dee11b08589?s=96&d=mm&r=g","contentUrl":"https:\/\/secure.gravatar.com\/avatar\/a7ed0e6b5e69a0c89f30117b1b70787c4c8d25c0438514a94ac82dee11b08589?s=96&d=mm&r=g","caption":"Academica Spain"},"url":"https:\/\/www.academica.school\/news\/author\/pquecedoacademica-school\/"}]}},"jetpack_featured_media_url":"https:\/\/i0.wp.com\/www.academica.school\/news\/wp-content\/uploads\/2025\/06\/diploma-dual-colegio-luther-king.png?fit=1000%2C501&ssl=1","jetpack_sharing_enabled":true,"jetpack_shortlink":"https:\/\/wp.me\/p8RDKh-RI","jetpack-related-posts":[{"id":3353,"url":"https:\/\/www.academica.school\/news\/diploma-dual-colegio-luther-king-arafo-tenerife\/","url_meta":{"origin":3330,"position":0},"title":"El Diploma Dual en el Colegio Luther King Arafo de Tenerife","author":"Academica Spain","date":"julio 9, 2025","format":"video","excerpt":"En este v\u00eddeo, dos de los alumnos que est\u00e1n cursando el Diploma Dual en el Colegio Luther King Arafo de Tenerife nos cuenta su experiencia. Adem\u00e1s, el Director de Programa en el centro explica en qu\u00e9 consiste el programa, c\u00f3mo se organizan los alumnos y los beneficios que tiene cursar\u2026","rel":"","context":"En \u00abLast News\u00bb","block_context":{"text":"Last News","link":"https:\/\/www.academica.school\/news\/last-news\/"},"img":{"alt_text":"diploma-dual-luther-king-arafo","src":"https:\/\/i0.wp.com\/www.academica.school\/news\/wp-content\/uploads\/2025\/06\/diploma-dual-luther-king-arafo.png?fit=1000%2C529&ssl=1&resize=350%2C200","width":350,"height":200,"srcset":"https:\/\/i0.wp.com\/www.academica.school\/news\/wp-content\/uploads\/2025\/06\/diploma-dual-luther-king-arafo.png?fit=1000%2C529&ssl=1&resize=350%2C200 1x, https:\/\/i0.wp.com\/www.academica.school\/news\/wp-content\/uploads\/2025\/06\/diploma-dual-luther-king-arafo.png?fit=1000%2C529&ssl=1&resize=525%2C300 1.5x, https:\/\/i0.wp.com\/www.academica.school\/news\/wp-content\/uploads\/2025\/06\/diploma-dual-luther-king-arafo.png?fit=1000%2C529&ssl=1&resize=700%2C400 2x"},"classes":[]},{"id":4175,"url":"https:\/\/www.academica.school\/news\/diploma-dual-colegio-luther-king-arafo-santa-cruz-de-tenerife\/","url_meta":{"origin":3330,"position":1},"title":"El Diploma Dual en el Colegio Luther King Arafo de Santa Cruz de Tenerife","author":"Academica Spain","date":"marzo 26, 2026","format":"video","excerpt":"Luc\u00eda est\u00e1 cursando su primer a\u00f1o del Diploma Dual en el Colegio Luther King Arafo de Santa Cruz de Tenerife y, en este v\u00eddeo, nos cuenta su experiencia en el programa. Nos habla de c\u00f3mo se organiza, c\u00f3mo se distribuye las tareas y del apoyo que recibe de su profesor\u2026","rel":"","context":"En \u00abLast News\u00bb","block_context":{"text":"Last News","link":"https:\/\/www.academica.school\/news\/last-news\/"},"img":{"alt_text":"V\u00eddeo Luther King Arafo Santa Cruz de Tenerife","src":"https:\/\/i0.wp.com\/www.academica.school\/news\/wp-content\/uploads\/2026\/03\/diploma-dual-luther-king-arafo.png?fit=866%2C1190&ssl=1&resize=350%2C200","width":350,"height":200,"srcset":"https:\/\/i0.wp.com\/www.academica.school\/news\/wp-content\/uploads\/2026\/03\/diploma-dual-luther-king-arafo.png?fit=866%2C1190&ssl=1&resize=350%2C200 1x, https:\/\/i0.wp.com\/www.academica.school\/news\/wp-content\/uploads\/2026\/03\/diploma-dual-luther-king-arafo.png?fit=866%2C1190&ssl=1&resize=525%2C300 1.5x, https:\/\/i0.wp.com\/www.academica.school\/news\/wp-content\/uploads\/2026\/03\/diploma-dual-luther-king-arafo.png?fit=866%2C1190&ssl=1&resize=700%2C400 2x"},"classes":[]},{"id":4322,"url":"https:\/\/www.academica.school\/news\/alumna-luther-king-san-miguel-experiencia-diploma-dual\/","url_meta":{"origin":3330,"position":2},"title":"Eneritz, alumna del Colegio Luther King San Miguel de Santa Cruz de Tenerife, nos cuenta su experiencia con el Diploma Dual","author":"Academica Spain","date":"abril 28, 2026","format":false,"excerpt":"Eneritz, alumna de 2\u00ba de la ESO en el Colegio Luther King San Miguel de Santa Cruz de Tenerife, est\u00e1 realizando el Diploma Dual y, en este v\u00eddeo, nos cuenta su experiencia con el programa. Tras haber finalizado el primer semestre con \u00e9xito, nos explica c\u00f3mo fueron para ella los\u2026","rel":"","context":"En \u00abLast News\u00bb","block_context":{"text":"Last News","link":"https:\/\/www.academica.school\/news\/last-news\/"},"img":{"alt_text":"V\u00eddeo Colegio Luther King San Miguel Santa Cruz de Tenerife","src":"https:\/\/i0.wp.com\/www.academica.school\/news\/wp-content\/uploads\/2026\/04\/diploma-dual-luther-king-san-miguel-e1777361305154.png?fit=752%2C902&ssl=1&resize=350%2C200","width":350,"height":200,"srcset":"https:\/\/i0.wp.com\/www.academica.school\/news\/wp-content\/uploads\/2026\/04\/diploma-dual-luther-king-san-miguel-e1777361305154.png?fit=752%2C902&ssl=1&resize=350%2C200 1x, https:\/\/i0.wp.com\/www.academica.school\/news\/wp-content\/uploads\/2026\/04\/diploma-dual-luther-king-san-miguel-e1777361305154.png?fit=752%2C902&ssl=1&resize=525%2C300 1.5x, https:\/\/i0.wp.com\/www.academica.school\/news\/wp-content\/uploads\/2026\/04\/diploma-dual-luther-king-san-miguel-e1777361305154.png?fit=752%2C902&ssl=1&resize=700%2C400 2x"},"classes":[]},{"id":3158,"url":"https:\/\/www.academica.school\/news\/diploma-dual-colegio-santo-domingo\/","url_meta":{"origin":3330,"position":3},"title":"El Diploma Dual en el Colegio Santo Domingo de Santa Cruz de Tenerife","author":"Academica Spain","date":"abril 14, 2025","format":"video","excerpt":"Los alumnos del Colegio Santo Domingo de Santa Cruz de Tenerife nos cuentan su experiencia cursando el Diploma Dual. Actualmente se encuentran realizando el programa y, en este v\u00eddeo, explican en qu\u00e9 consiste el Diploma Dual, las asignaturas que est\u00e1n cursando y lo mucho que est\u00e1n aprendiendo. No s\u00f3lo est\u00e1n\u2026","rel":"","context":"En \u00abLast News\u00bb","block_context":{"text":"Last News","link":"https:\/\/www.academica.school\/news\/last-news\/"},"img":{"alt_text":"","src":"","width":0,"height":0},"classes":[]},{"id":4292,"url":"https:\/\/www.academica.school\/news\/tres-palabras-gran-experiencia-diploma-dual-pureza-maria-tenerife\/","url_meta":{"origin":3330,"position":4},"title":"Tres palabras, una gran experiencia: as\u00ed viven el Diploma Dual los alumnos del Colegio Pureza de Mar\u00eda de Tenerife","author":"Academica Spain","date":"abril 16, 2026","format":false,"excerpt":"Los alumnos que est\u00e1n cursando el Diploma Dual en el Colegio Pureza de Mar\u00eda de Santa Cruz de Tenerife nos cuentan su experiencia con el programa. En tan solo tres palabras, cada uno de ellos resume c\u00f3mo est\u00e1 viviendo el programa, reflejando sus retos, aprendizajes y momentos m\u00e1s significativos. El\u2026","rel":"","context":"En \u00abLast News\u00bb","block_context":{"text":"Last News","link":"https:\/\/www.academica.school\/news\/last-news\/"},"img":{"alt_text":"V\u00eddeo Colegio Pureza de Mar\u00eda Santa Cruz de Tenerife","src":"https:\/\/i0.wp.com\/www.academica.school\/news\/wp-content\/uploads\/2026\/04\/diploma-dual-pureza-maria-sta-cruz-e1776339227463.png?fit=600%2C722&ssl=1&resize=350%2C200","width":350,"height":200,"srcset":"https:\/\/i0.wp.com\/www.academica.school\/news\/wp-content\/uploads\/2026\/04\/diploma-dual-pureza-maria-sta-cruz-e1776339227463.png?fit=600%2C722&ssl=1&resize=350%2C200 1x, https:\/\/i0.wp.com\/www.academica.school\/news\/wp-content\/uploads\/2026\/04\/diploma-dual-pureza-maria-sta-cruz-e1776339227463.png?fit=600%2C722&ssl=1&resize=525%2C300 1.5x"},"classes":[]},{"id":3334,"url":"https:\/\/www.academica.school\/news\/diploma-dual-colegio-concertado-la-flota-murcia\/","url_meta":{"origin":3330,"position":5},"title":"El Diploma Dual en el Colegio Concertado La Flota de Murcia","author":"Academica Spain","date":"julio 15, 2025","format":"video","excerpt":"Mar\u00eda, alumna del Colegio Concertado La Flota de Murcia, nos cuenta su experiencia cursando el Diploma Dual. En este v\u00eddeo nos explica por qu\u00e9 decidi\u00f3 cursar el programa y menciona los beneficios que tiene el mismo. El Diploma Dual es el programa oficial de convalidaci\u00f3n internacional de t\u00edtulos de Bachillerato\u2026","rel":"","context":"En \u00abLast News\u00bb","block_context":{"text":"Last News","link":"https:\/\/www.academica.school\/news\/last-news\/"},"img":{"alt_text":"diploma-dual-la-flota","src":"https:\/\/i0.wp.com\/www.academica.school\/news\/wp-content\/uploads\/2025\/06\/Captura-de-pantalla-2025-06-19-a-las-16.29.12.png?fit=755%2C1200&ssl=1&resize=350%2C200","width":350,"height":200,"srcset":"https:\/\/i0.wp.com\/www.academica.school\/news\/wp-content\/uploads\/2025\/06\/Captura-de-pantalla-2025-06-19-a-las-16.29.12.png?fit=755%2C1200&ssl=1&resize=350%2C200 1x, https:\/\/i0.wp.com\/www.academica.school\/news\/wp-content\/uploads\/2025\/06\/Captura-de-pantalla-2025-06-19-a-las-16.29.12.png?fit=755%2C1200&ssl=1&resize=525%2C300 1.5x, https:\/\/i0.wp.com\/www.academica.school\/news\/wp-content\/uploads\/2025\/06\/Captura-de-pantalla-2025-06-19-a-las-16.29.12.png?fit=755%2C1200&ssl=1&resize=700%2C400 2x"},"classes":[]}],"_links":{"self":[{"href":"https:\/\/www.academica.school\/news\/wp-json\/wp\/v2\/posts\/3330","targetHints":{"allow":["GET"]}}],"collection":[{"href":"https:\/\/www.academica.school\/news\/wp-json\/wp\/v2\/posts"}],"about":[{"href":"https:\/\/www.academica.school\/news\/wp-json\/wp\/v2\/types\/post"}],"author":[{"embeddable":true,"href":"https:\/\/www.academica.school\/news\/wp-json\/wp\/v2\/users\/6"}],"replies":[{"embeddable":true,"href":"https:\/\/www.academica.school\/news\/wp-json\/wp\/v2\/comments?post=3330"}],"version-history":[{"count":2,"href":"https:\/\/www.academica.school\/news\/wp-json\/wp\/v2\/posts\/3330\/revisions"}],"predecessor-version":[{"id":3333,"href":"https:\/\/www.academica.school\/news\/wp-json\/wp\/v2\/posts\/3330\/revisions\/3333"}],"wp:featuredmedia":[{"embeddable":true,"href":"https:\/\/www.academica.school\/news\/wp-json\/wp\/v2\/media\/3331"}],"wp:attachment":[{"href":"https:\/\/www.academica.school\/news\/wp-json\/wp\/v2\/media?parent=3330"}],"wp:term":[{"taxonomy":"category","embeddable":true,"href":"https:\/\/www.academica.school\/news\/wp-json\/wp\/v2\/categories?post=3330"},{"taxonomy":"post_tag","embeddable":true,"href":"https:\/\/www.academica.school\/news\/wp-json\/wp\/v2\/tags?post=3330"}],"curies":[{"name":"wp","href":"https:\/\/api.w.org\/{rel}","templated":true}]}}