{"id":3517,"date":"2025-10-21T07:51:51","date_gmt":"2025-10-21T07:51:51","guid":{"rendered":"https:\/\/www.academica.school\/news\/?p=3517"},"modified":"2025-10-21T07:51:51","modified_gmt":"2025-10-21T07:51:51","slug":"jornadas-academica-university-comienzan-exito","status":"publish","type":"post","link":"https:\/\/www.academica.school\/news\/jornadas-academica-university-comienzan-exito\/","title":{"rendered":"Comienzan con \u00e9xito las Jornadas Academica University"},"content":{"rendered":"<p>Un a\u00f1o m\u00e1s, han arrancado con \u00e9xito las Jornadas Academica University con profesionales de diferentes universidades de reconocido prestigio.<\/p>\n<p><!--more--><\/p>\n<p>Desde <span style=\"color: #000000;\"><a style=\"color: #000000;\" href=\"https:\/\/www.academica.school\/university\"><strong>Academica University<\/strong><\/a><\/span> brindamos la oportunidad a los alumnos de mantener un contacto directo con las universidades de forma que reciban la orientaci\u00f3n necesaria para poder tomar una de las decisiones m\u00e1s importantes de sus vidas, como es la elecci\u00f3n de una carrera universitaria.<\/p>\n<p>Por ello, estamos realizando decenas de jornadas con universidades, talleres, sesiones formativas, que, sin duda, les ayudar\u00e1n en la elecci\u00f3n de sus estudios y en la selecci\u00f3n de universidad.<\/p>\n<p><span class=\"\">La Universidad Europea, CUNEF, la Universidad CEU San Pablo, Schiller International University, UAX, la Universidad CEU Abat Oliba, la Universidad Nebrija y, muchas m\u00e1s.<\/span><\/p>\n<p>El esfuerzo, la capacidad de trabajo, el perfil ling\u00fc\u00edstico, el nivel de competencia tecnol\u00f3gica y los m\u00e9ritos alcanzados por los nuevos graduados del Diploma Dual Class of 2026 tienen su reconocimiento.<\/p>\n<p>Encuentra toda la informaci\u00f3n en <span style=\"color: #000000;\"><a style=\"color: #000000;\" href=\"http:\/\/www.academica.university\"><span style=\"text-decoration: underline;\"><strong>www.academica.university<\/strong><\/span><\/a><\/span><\/p>\n","protected":false},"excerpt":{"rendered":"<p>Un a\u00f1o m\u00e1s, han arrancado con \u00e9xito las Jornadas Academica University con profesionales de diferentes universidades de reconocido prestigio.<\/p>\n","protected":false},"author":6,"featured_media":3519,"comment_status":"closed","ping_status":"closed","sticky":false,"template":"","format":"standard","meta":{"_jetpack_memberships_contains_paid_content":false,"footnotes":""},"categories":[1],"tags":[9,139,89,198,63,784,208,4,222,636,431,538],"class_list":["post-3517","post","type-post","status-publish","format-standard","has-post-thumbnail","hentry","category-last-news","tag-academica","tag-academica-spain","tag-alumnos","tag-american-high-school","tag-bachillerato-americano","tag-class-of-2026","tag-colegio","tag-diploma-dual","tag-dual-diploma","tag-jornadas-academica-university","tag-los-300-mejores","tag-university","clearfix"],"yoast_head":"<!-- This site is optimized with the Yoast SEO plugin v27.5 - https:\/\/yoast.com\/product\/yoast-seo-wordpress\/ -->\n<title>Comienzan con \u00e9xito las Jornadas Academica University - Academica News<\/title>\n<meta name=\"description\" content=\"Un a\u00f1o m\u00e1s, han arrancado con \u00e9xito las Jornadas Academica University con profesionales de diferentes universidades de reconocido prestigio.\" \/>\n<meta name=\"robots\" content=\"index, follow, max-snippet:-1, max-image-preview:large, max-video-preview:-1\" \/>\n<link rel=\"canonical\" href=\"https:\/\/www.academica.school\/news\/jornadas-academica-university-comienzan-exito\/\" \/>\n<meta property=\"og:locale\" content=\"es_ES\" \/>\n<meta property=\"og:type\" content=\"article\" \/>\n<meta property=\"og:title\" content=\"Comienzan con \u00e9xito las Jornadas Academica University - Academica News\" \/>\n<meta property=\"og:description\" content=\"Un a\u00f1o m\u00e1s, han arrancado con \u00e9xito las Jornadas Academica University con profesionales de diferentes universidades de reconocido prestigio.\" \/>\n<meta property=\"og:url\" content=\"https:\/\/www.academica.school\/news\/jornadas-academica-university-comienzan-exito\/\" \/>\n<meta property=\"og:site_name\" content=\"Academica News\" \/>\n<meta property=\"article:published_time\" content=\"2025-10-21T07:51:51+00:00\" \/>\n<meta property=\"og:image\" content=\"https:\/\/www.academica.school\/news\/wp-content\/uploads\/2025\/10\/SCHILLER-1.png\" \/>\n\t<meta property=\"og:image:width\" content=\"1000\" \/>\n\t<meta property=\"og:image:height\" content=\"536\" \/>\n\t<meta property=\"og:image:type\" content=\"image\/png\" \/>\n<meta name=\"author\" content=\"Academica Spain\" \/>\n<meta name=\"twitter:card\" content=\"summary_large_image\" \/>\n<meta name=\"twitter:label1\" content=\"Escrito por\" \/>\n\t<meta name=\"twitter:data1\" content=\"Academica Spain\" \/>\n\t<meta name=\"twitter:label2\" content=\"Tiempo de lectura\" \/>\n\t<meta name=\"twitter:data2\" content=\"1 minuto\" \/>\n<script type=\"application\/ld+json\" class=\"yoast-schema-graph\">{\"@context\":\"https:\\\/\\\/schema.org\",\"@graph\":[{\"@type\":\"Article\",\"@id\":\"https:\\\/\\\/www.academica.school\\\/news\\\/jornadas-academica-university-comienzan-exito\\\/#article\",\"isPartOf\":{\"@id\":\"https:\\\/\\\/www.academica.school\\\/news\\\/jornadas-academica-university-comienzan-exito\\\/\"},\"author\":{\"name\":\"Academica Spain\",\"@id\":\"https:\\\/\\\/www.academica.school\\\/news\\\/#\\\/schema\\\/person\\\/a9da1d35195720e471d7993db5fa06cd\"},\"headline\":\"Comienzan con \u00e9xito las Jornadas Academica University\",\"datePublished\":\"2025-10-21T07:51:51+00:00\",\"mainEntityOfPage\":{\"@id\":\"https:\\\/\\\/www.academica.school\\\/news\\\/jornadas-academica-university-comienzan-exito\\\/\"},\"wordCount\":174,\"publisher\":{\"@id\":\"https:\\\/\\\/www.academica.school\\\/news\\\/#organization\"},\"image\":{\"@id\":\"https:\\\/\\\/www.academica.school\\\/news\\\/jornadas-academica-university-comienzan-exito\\\/#primaryimage\"},\"thumbnailUrl\":\"https:\\\/\\\/i0.wp.com\\\/www.academica.school\\\/news\\\/wp-content\\\/uploads\\\/2025\\\/10\\\/SCHILLER-1.png?fit=1000%2C536&ssl=1\",\"keywords\":[\"academica\",\"academica spain\",\"alumnos\",\"american high school\",\"bachillerato americano\",\"class of 2026\",\"colegio\",\"Diploma Dual\",\"dual diploma\",\"jornadas academica university\",\"los 300 mejores\",\"university\"],\"articleSection\":[\"Last News\"],\"inLanguage\":\"es\"},{\"@type\":\"WebPage\",\"@id\":\"https:\\\/\\\/www.academica.school\\\/news\\\/jornadas-academica-university-comienzan-exito\\\/\",\"url\":\"https:\\\/\\\/www.academica.school\\\/news\\\/jornadas-academica-university-comienzan-exito\\\/\",\"name\":\"Comienzan con \u00e9xito las Jornadas Academica University - Academica News\",\"isPartOf\":{\"@id\":\"https:\\\/\\\/www.academica.school\\\/news\\\/#website\"},\"primaryImageOfPage\":{\"@id\":\"https:\\\/\\\/www.academica.school\\\/news\\\/jornadas-academica-university-comienzan-exito\\\/#primaryimage\"},\"image\":{\"@id\":\"https:\\\/\\\/www.academica.school\\\/news\\\/jornadas-academica-university-comienzan-exito\\\/#primaryimage\"},\"thumbnailUrl\":\"https:\\\/\\\/i0.wp.com\\\/www.academica.school\\\/news\\\/wp-content\\\/uploads\\\/2025\\\/10\\\/SCHILLER-1.png?fit=1000%2C536&ssl=1\",\"datePublished\":\"2025-10-21T07:51:51+00:00\",\"description\":\"Un a\u00f1o m\u00e1s, han arrancado con \u00e9xito las Jornadas Academica University con profesionales de diferentes universidades de reconocido prestigio.\",\"breadcrumb\":{\"@id\":\"https:\\\/\\\/www.academica.school\\\/news\\\/jornadas-academica-university-comienzan-exito\\\/#breadcrumb\"},\"inLanguage\":\"es\",\"potentialAction\":[{\"@type\":\"ReadAction\",\"target\":[\"https:\\\/\\\/www.academica.school\\\/news\\\/jornadas-academica-university-comienzan-exito\\\/\"]}]},{\"@type\":\"ImageObject\",\"inLanguage\":\"es\",\"@id\":\"https:\\\/\\\/www.academica.school\\\/news\\\/jornadas-academica-university-comienzan-exito\\\/#primaryimage\",\"url\":\"https:\\\/\\\/i0.wp.com\\\/www.academica.school\\\/news\\\/wp-content\\\/uploads\\\/2025\\\/10\\\/SCHILLER-1.png?fit=1000%2C536&ssl=1\",\"contentUrl\":\"https:\\\/\\\/i0.wp.com\\\/www.academica.school\\\/news\\\/wp-content\\\/uploads\\\/2025\\\/10\\\/SCHILLER-1.png?fit=1000%2C536&ssl=1\",\"width\":1000,\"height\":536,\"caption\":\"diploma-dual-schiller\"},{\"@type\":\"BreadcrumbList\",\"@id\":\"https:\\\/\\\/www.academica.school\\\/news\\\/jornadas-academica-university-comienzan-exito\\\/#breadcrumb\",\"itemListElement\":[{\"@type\":\"ListItem\",\"position\":1,\"name\":\"Portada\",\"item\":\"https:\\\/\\\/www.academica.school\\\/news\\\/\"},{\"@type\":\"ListItem\",\"position\":2,\"name\":\"Comienzan con \u00e9xito las Jornadas Academica University\"}]},{\"@type\":\"WebSite\",\"@id\":\"https:\\\/\\\/www.academica.school\\\/news\\\/#website\",\"url\":\"https:\\\/\\\/www.academica.school\\\/news\\\/\",\"name\":\"Academica News\",\"description\":\"todo lo que pasa en el mundo acad\u00e9mico, sobre universidades y cualquier evento o novedad en la que participemos\",\"publisher\":{\"@id\":\"https:\\\/\\\/www.academica.school\\\/news\\\/#organization\"},\"potentialAction\":[{\"@type\":\"SearchAction\",\"target\":{\"@type\":\"EntryPoint\",\"urlTemplate\":\"https:\\\/\\\/www.academica.school\\\/news\\\/?s={search_term_string}\"},\"query-input\":{\"@type\":\"PropertyValueSpecification\",\"valueRequired\":true,\"valueName\":\"search_term_string\"}}],\"inLanguage\":\"es\"},{\"@type\":\"Organization\",\"@id\":\"https:\\\/\\\/www.academica.school\\\/news\\\/#organization\",\"name\":\"Academica\",\"url\":\"https:\\\/\\\/www.academica.school\\\/news\\\/\",\"logo\":{\"@type\":\"ImageObject\",\"inLanguage\":\"es\",\"@id\":\"https:\\\/\\\/www.academica.school\\\/news\\\/#\\\/schema\\\/logo\\\/image\\\/\",\"url\":\"https:\\\/\\\/i1.wp.com\\\/www.academica.school\\\/news\\\/wp-content\\\/uploads\\\/2019\\\/11\\\/Captura-de-pantalla-2019-11-20-a-las-12.14.04.png?fit=799%2C500&ssl=1\",\"contentUrl\":\"https:\\\/\\\/i1.wp.com\\\/www.academica.school\\\/news\\\/wp-content\\\/uploads\\\/2019\\\/11\\\/Captura-de-pantalla-2019-11-20-a-las-12.14.04.png?fit=799%2C500&ssl=1\",\"width\":799,\"height\":500,\"caption\":\"Academica\"},\"image\":{\"@id\":\"https:\\\/\\\/www.academica.school\\\/news\\\/#\\\/schema\\\/logo\\\/image\\\/\"}},{\"@type\":\"Person\",\"@id\":\"https:\\\/\\\/www.academica.school\\\/news\\\/#\\\/schema\\\/person\\\/a9da1d35195720e471d7993db5fa06cd\",\"name\":\"Academica Spain\",\"image\":{\"@type\":\"ImageObject\",\"inLanguage\":\"es\",\"@id\":\"https:\\\/\\\/secure.gravatar.com\\\/avatar\\\/a7ed0e6b5e69a0c89f30117b1b70787c4c8d25c0438514a94ac82dee11b08589?s=96&d=mm&r=g\",\"url\":\"https:\\\/\\\/secure.gravatar.com\\\/avatar\\\/a7ed0e6b5e69a0c89f30117b1b70787c4c8d25c0438514a94ac82dee11b08589?s=96&d=mm&r=g\",\"contentUrl\":\"https:\\\/\\\/secure.gravatar.com\\\/avatar\\\/a7ed0e6b5e69a0c89f30117b1b70787c4c8d25c0438514a94ac82dee11b08589?s=96&d=mm&r=g\",\"caption\":\"Academica Spain\"},\"url\":\"https:\\\/\\\/www.academica.school\\\/news\\\/author\\\/pquecedoacademica-school\\\/\"}]}<\/script>\n<!-- \/ Yoast SEO plugin. -->","yoast_head_json":{"title":"Comienzan con \u00e9xito las Jornadas Academica University - Academica News","description":"Un a\u00f1o m\u00e1s, han arrancado con \u00e9xito las Jornadas Academica University con profesionales de diferentes universidades de reconocido prestigio.","robots":{"index":"index","follow":"follow","max-snippet":"max-snippet:-1","max-image-preview":"max-image-preview:large","max-video-preview":"max-video-preview:-1"},"canonical":"https:\/\/www.academica.school\/news\/jornadas-academica-university-comienzan-exito\/","og_locale":"es_ES","og_type":"article","og_title":"Comienzan con \u00e9xito las Jornadas Academica University - Academica News","og_description":"Un a\u00f1o m\u00e1s, han arrancado con \u00e9xito las Jornadas Academica University con profesionales de diferentes universidades de reconocido prestigio.","og_url":"https:\/\/www.academica.school\/news\/jornadas-academica-university-comienzan-exito\/","og_site_name":"Academica News","article_published_time":"2025-10-21T07:51:51+00:00","og_image":[{"width":1000,"height":536,"url":"https:\/\/www.academica.school\/news\/wp-content\/uploads\/2025\/10\/SCHILLER-1.png","type":"image\/png"}],"author":"Academica Spain","twitter_card":"summary_large_image","twitter_misc":{"Escrito por":"Academica Spain","Tiempo de lectura":"1 minuto"},"schema":{"@context":"https:\/\/schema.org","@graph":[{"@type":"Article","@id":"https:\/\/www.academica.school\/news\/jornadas-academica-university-comienzan-exito\/#article","isPartOf":{"@id":"https:\/\/www.academica.school\/news\/jornadas-academica-university-comienzan-exito\/"},"author":{"name":"Academica Spain","@id":"https:\/\/www.academica.school\/news\/#\/schema\/person\/a9da1d35195720e471d7993db5fa06cd"},"headline":"Comienzan con \u00e9xito las Jornadas Academica University","datePublished":"2025-10-21T07:51:51+00:00","mainEntityOfPage":{"@id":"https:\/\/www.academica.school\/news\/jornadas-academica-university-comienzan-exito\/"},"wordCount":174,"publisher":{"@id":"https:\/\/www.academica.school\/news\/#organization"},"image":{"@id":"https:\/\/www.academica.school\/news\/jornadas-academica-university-comienzan-exito\/#primaryimage"},"thumbnailUrl":"https:\/\/i0.wp.com\/www.academica.school\/news\/wp-content\/uploads\/2025\/10\/SCHILLER-1.png?fit=1000%2C536&ssl=1","keywords":["academica","academica spain","alumnos","american high school","bachillerato americano","class of 2026","colegio","Diploma Dual","dual diploma","jornadas academica university","los 300 mejores","university"],"articleSection":["Last News"],"inLanguage":"es"},{"@type":"WebPage","@id":"https:\/\/www.academica.school\/news\/jornadas-academica-university-comienzan-exito\/","url":"https:\/\/www.academica.school\/news\/jornadas-academica-university-comienzan-exito\/","name":"Comienzan con \u00e9xito las Jornadas Academica University - Academica News","isPartOf":{"@id":"https:\/\/www.academica.school\/news\/#website"},"primaryImageOfPage":{"@id":"https:\/\/www.academica.school\/news\/jornadas-academica-university-comienzan-exito\/#primaryimage"},"image":{"@id":"https:\/\/www.academica.school\/news\/jornadas-academica-university-comienzan-exito\/#primaryimage"},"thumbnailUrl":"https:\/\/i0.wp.com\/www.academica.school\/news\/wp-content\/uploads\/2025\/10\/SCHILLER-1.png?fit=1000%2C536&ssl=1","datePublished":"2025-10-21T07:51:51+00:00","description":"Un a\u00f1o m\u00e1s, han arrancado con \u00e9xito las Jornadas Academica University con profesionales de diferentes universidades de reconocido prestigio.","breadcrumb":{"@id":"https:\/\/www.academica.school\/news\/jornadas-academica-university-comienzan-exito\/#breadcrumb"},"inLanguage":"es","potentialAction":[{"@type":"ReadAction","target":["https:\/\/www.academica.school\/news\/jornadas-academica-university-comienzan-exito\/"]}]},{"@type":"ImageObject","inLanguage":"es","@id":"https:\/\/www.academica.school\/news\/jornadas-academica-university-comienzan-exito\/#primaryimage","url":"https:\/\/i0.wp.com\/www.academica.school\/news\/wp-content\/uploads\/2025\/10\/SCHILLER-1.png?fit=1000%2C536&ssl=1","contentUrl":"https:\/\/i0.wp.com\/www.academica.school\/news\/wp-content\/uploads\/2025\/10\/SCHILLER-1.png?fit=1000%2C536&ssl=1","width":1000,"height":536,"caption":"diploma-dual-schiller"},{"@type":"BreadcrumbList","@id":"https:\/\/www.academica.school\/news\/jornadas-academica-university-comienzan-exito\/#breadcrumb","itemListElement":[{"@type":"ListItem","position":1,"name":"Portada","item":"https:\/\/www.academica.school\/news\/"},{"@type":"ListItem","position":2,"name":"Comienzan con \u00e9xito las Jornadas Academica University"}]},{"@type":"WebSite","@id":"https:\/\/www.academica.school\/news\/#website","url":"https:\/\/www.academica.school\/news\/","name":"Academica News","description":"todo lo que pasa en el mundo acad\u00e9mico, sobre universidades y cualquier evento o novedad en la que participemos","publisher":{"@id":"https:\/\/www.academica.school\/news\/#organization"},"potentialAction":[{"@type":"SearchAction","target":{"@type":"EntryPoint","urlTemplate":"https:\/\/www.academica.school\/news\/?s={search_term_string}"},"query-input":{"@type":"PropertyValueSpecification","valueRequired":true,"valueName":"search_term_string"}}],"inLanguage":"es"},{"@type":"Organization","@id":"https:\/\/www.academica.school\/news\/#organization","name":"Academica","url":"https:\/\/www.academica.school\/news\/","logo":{"@type":"ImageObject","inLanguage":"es","@id":"https:\/\/www.academica.school\/news\/#\/schema\/logo\/image\/","url":"https:\/\/i1.wp.com\/www.academica.school\/news\/wp-content\/uploads\/2019\/11\/Captura-de-pantalla-2019-11-20-a-las-12.14.04.png?fit=799%2C500&ssl=1","contentUrl":"https:\/\/i1.wp.com\/www.academica.school\/news\/wp-content\/uploads\/2019\/11\/Captura-de-pantalla-2019-11-20-a-las-12.14.04.png?fit=799%2C500&ssl=1","width":799,"height":500,"caption":"Academica"},"image":{"@id":"https:\/\/www.academica.school\/news\/#\/schema\/logo\/image\/"}},{"@type":"Person","@id":"https:\/\/www.academica.school\/news\/#\/schema\/person\/a9da1d35195720e471d7993db5fa06cd","name":"Academica Spain","image":{"@type":"ImageObject","inLanguage":"es","@id":"https:\/\/secure.gravatar.com\/avatar\/a7ed0e6b5e69a0c89f30117b1b70787c4c8d25c0438514a94ac82dee11b08589?s=96&d=mm&r=g","url":"https:\/\/secure.gravatar.com\/avatar\/a7ed0e6b5e69a0c89f30117b1b70787c4c8d25c0438514a94ac82dee11b08589?s=96&d=mm&r=g","contentUrl":"https:\/\/secure.gravatar.com\/avatar\/a7ed0e6b5e69a0c89f30117b1b70787c4c8d25c0438514a94ac82dee11b08589?s=96&d=mm&r=g","caption":"Academica Spain"},"url":"https:\/\/www.academica.school\/news\/author\/pquecedoacademica-school\/"}]}},"jetpack_featured_media_url":"https:\/\/i0.wp.com\/www.academica.school\/news\/wp-content\/uploads\/2025\/10\/SCHILLER-1.png?fit=1000%2C536&ssl=1","jetpack_sharing_enabled":true,"jetpack_shortlink":"https:\/\/wp.me\/p8RDKh-UJ","jetpack-related-posts":[{"id":2766,"url":"https:\/\/www.academica.school\/news\/la-ucam-esta-presente-en-las-jornadas-academica-university\/","url_meta":{"origin":3517,"position":0},"title":"La UCAM est\u00e1 presente en las Jornadas Academica University","author":"Academica Spain","date":"noviembre 28, 2024","format":false,"excerpt":"La Universidad Cat\u00f3lica de Murcia nos abre sus puertas en las Jornadas Academica University para dar a conocer a los alumnos del Diploma Dual la universidad. Isaac Torres, Delegado Educativo de UCAM, nos ha dado la oportunidad de conocer la universidad de forma m\u00e1s cercana y personal en la videoconferencia\u2026","rel":"","context":"En \u00abLast News\u00bb","block_context":{"text":"Last News","link":"https:\/\/www.academica.school\/news\/last-news\/"},"img":{"alt_text":"diploma-dual-academica","src":"https:\/\/i0.wp.com\/www.academica.school\/news\/wp-content\/uploads\/2024\/11\/UCAM-4.png?fit=1000%2C564&ssl=1&resize=350%2C200","width":350,"height":200,"srcset":"https:\/\/i0.wp.com\/www.academica.school\/news\/wp-content\/uploads\/2024\/11\/UCAM-4.png?fit=1000%2C564&ssl=1&resize=350%2C200 1x, https:\/\/i0.wp.com\/www.academica.school\/news\/wp-content\/uploads\/2024\/11\/UCAM-4.png?fit=1000%2C564&ssl=1&resize=525%2C300 1.5x, https:\/\/i0.wp.com\/www.academica.school\/news\/wp-content\/uploads\/2024\/11\/UCAM-4.png?fit=1000%2C564&ssl=1&resize=700%2C400 2x"},"classes":[]},{"id":3438,"url":"https:\/\/www.academica.school\/news\/vuelven-las-jornadas-academica-university\/","url_meta":{"origin":3517,"position":1},"title":"Vuelven las Jornadas Academica University","author":"Academica Spain","date":"octubre 10, 2025","format":false,"excerpt":"Con mucha ilusi\u00f3n anunciamos el inicio de las jornadas con universidades de reconocido prestigio, que no s\u00f3lo valoran el m\u00e9rito y preparaci\u00f3n de los alumnos del Diploma Dual, sino que tambi\u00e9n ofrecer\u00e1n ventajas y oportunidades \u00fanicas para facilitar el acceso de los alumnos Class of 2026\u00a0a ellas. A lo largo\u2026","rel":"","context":"En \u00abLast News\u00bb","block_context":{"text":"Last News","link":"https:\/\/www.academica.school\/news\/last-news\/"},"img":{"alt_text":"Graduaci\u00f3n Academica","src":"https:\/\/i0.wp.com\/www.academica.school\/news\/wp-content\/uploads\/2025\/10\/img-graduados_grad25-classof_academica-classof-25-162.jpg?fit=1200%2C800&ssl=1&resize=350%2C200","width":350,"height":200,"srcset":"https:\/\/i0.wp.com\/www.academica.school\/news\/wp-content\/uploads\/2025\/10\/img-graduados_grad25-classof_academica-classof-25-162.jpg?fit=1200%2C800&ssl=1&resize=350%2C200 1x, https:\/\/i0.wp.com\/www.academica.school\/news\/wp-content\/uploads\/2025\/10\/img-graduados_grad25-classof_academica-classof-25-162.jpg?fit=1200%2C800&ssl=1&resize=525%2C300 1.5x, https:\/\/i0.wp.com\/www.academica.school\/news\/wp-content\/uploads\/2025\/10\/img-graduados_grad25-classof_academica-classof-25-162.jpg?fit=1200%2C800&ssl=1&resize=700%2C400 2x, https:\/\/i0.wp.com\/www.academica.school\/news\/wp-content\/uploads\/2025\/10\/img-graduados_grad25-classof_academica-classof-25-162.jpg?fit=1200%2C800&ssl=1&resize=1050%2C600 3x"},"classes":[]},{"id":2185,"url":"https:\/\/www.academica.school\/news\/diario-abc-la-conexion-directa-con-las-mejores-universidades\/","url_meta":{"origin":3517,"position":2},"title":"Diario ABC: \u00abLa conexi\u00f3n directa con las mejores universidades\u00bb","author":"Academica Spain","date":"marzo 4, 2024","format":false,"excerpt":"El diario ABC, perteneciente al Grupo Vocento, ha publicado una noticia sobre las Jornadas Academica University Around The World que est\u00e1n teniendo lugar a lo largo de estos meses. En ellas se habla sobre distintas materias, sobre los diferentes \u00e1mbitos de formaci\u00f3n y sobre diversas capacidades. En ACADEMICA sabemos que\u2026","rel":"","context":"En \u00abLast News\u00bb","block_context":{"text":"Last News","link":"https:\/\/www.academica.school\/news\/last-news\/"},"img":{"alt_text":"academica-university","src":"https:\/\/i0.wp.com\/www.academica.school\/news\/wp-content\/uploads\/2024\/03\/academica-university.png?fit=1200%2C682&ssl=1&resize=350%2C200","width":350,"height":200,"srcset":"https:\/\/i0.wp.com\/www.academica.school\/news\/wp-content\/uploads\/2024\/03\/academica-university.png?fit=1200%2C682&ssl=1&resize=350%2C200 1x, https:\/\/i0.wp.com\/www.academica.school\/news\/wp-content\/uploads\/2024\/03\/academica-university.png?fit=1200%2C682&ssl=1&resize=525%2C300 1.5x, https:\/\/i0.wp.com\/www.academica.school\/news\/wp-content\/uploads\/2024\/03\/academica-university.png?fit=1200%2C682&ssl=1&resize=700%2C400 2x, https:\/\/i0.wp.com\/www.academica.school\/news\/wp-content\/uploads\/2024\/03\/academica-university.png?fit=1200%2C682&ssl=1&resize=1050%2C600 3x"},"classes":[]},{"id":2434,"url":"https:\/\/www.academica.school\/news\/la-universidad-europea-esta-presente-en-las-jornadas-academica-university-around-the-world\/","url_meta":{"origin":3517,"position":3},"title":"La Universidad Europea est\u00e1 presente en las Jornadas Academica University Around The World","author":"Academica Spain","date":"mayo 28, 2024","format":false,"excerpt":"Las Jornadas Academica University Around The World cuentan con la presencia de la Universidad Europea para dar a conocer a los alumnos de 1\u00ba de Bachillerato los grados, programas, cursos y m\u00e1steres que ofrece. El objetivo de estas jornadas es seguir apoyando la gran labor educativa y de orientaci\u00f3n que\u2026","rel":"","context":"En \u00abLast News\u00bb","block_context":{"text":"Last News","link":"https:\/\/www.academica.school\/news\/last-news\/"},"img":{"alt_text":"universidad-europea-academica-university","src":"https:\/\/i0.wp.com\/www.academica.school\/news\/wp-content\/uploads\/2024\/05\/UE-2.png?fit=1200%2C677&ssl=1&resize=350%2C200","width":350,"height":200,"srcset":"https:\/\/i0.wp.com\/www.academica.school\/news\/wp-content\/uploads\/2024\/05\/UE-2.png?fit=1200%2C677&ssl=1&resize=350%2C200 1x, https:\/\/i0.wp.com\/www.academica.school\/news\/wp-content\/uploads\/2024\/05\/UE-2.png?fit=1200%2C677&ssl=1&resize=525%2C300 1.5x, https:\/\/i0.wp.com\/www.academica.school\/news\/wp-content\/uploads\/2024\/05\/UE-2.png?fit=1200%2C677&ssl=1&resize=700%2C400 2x, https:\/\/i0.wp.com\/www.academica.school\/news\/wp-content\/uploads\/2024\/05\/UE-2.png?fit=1200%2C677&ssl=1&resize=1050%2C600 3x"},"classes":[]},{"id":2450,"url":"https:\/\/www.academica.school\/news\/cunef-en-las-jornadas-academica-university-around-the-world\/","url_meta":{"origin":3517,"position":4},"title":"CUNEF est\u00e1 presente en las Jornadas Academica University Around The World","author":"Academica Spain","date":"mayo 15, 2024","format":false,"excerpt":"Las Jornadas Academica University Around The World cuentan con la presencia de la Universidad CUNEF\u00a0para dar a conocer a los alumnos de 1\u00ba de Bachillerato los grados que ofrece. El objetivo de estas jornadas es seguir apoyando la gran labor educativa y de orientaci\u00f3n que llevan a cabo los centros\u2026","rel":"","context":"En \u00abLast News\u00bb","block_context":{"text":"Last News","link":"https:\/\/www.academica.school\/news\/last-news\/"},"img":{"alt_text":"cunef-academica-university","src":"https:\/\/i0.wp.com\/www.academica.school\/news\/wp-content\/uploads\/2024\/05\/CUNEF-2-e1715763127805.png?fit=1200%2C612&ssl=1&resize=350%2C200","width":350,"height":200,"srcset":"https:\/\/i0.wp.com\/www.academica.school\/news\/wp-content\/uploads\/2024\/05\/CUNEF-2-e1715763127805.png?fit=1200%2C612&ssl=1&resize=350%2C200 1x, https:\/\/i0.wp.com\/www.academica.school\/news\/wp-content\/uploads\/2024\/05\/CUNEF-2-e1715763127805.png?fit=1200%2C612&ssl=1&resize=525%2C300 1.5x, https:\/\/i0.wp.com\/www.academica.school\/news\/wp-content\/uploads\/2024\/05\/CUNEF-2-e1715763127805.png?fit=1200%2C612&ssl=1&resize=700%2C400 2x, https:\/\/i0.wp.com\/www.academica.school\/news\/wp-content\/uploads\/2024\/05\/CUNEF-2-e1715763127805.png?fit=1200%2C612&ssl=1&resize=1050%2C600 3x"},"classes":[]},{"id":2735,"url":"https:\/\/www.academica.school\/news\/arrancan-de-nuevo-las-jornadas-academica-university\/","url_meta":{"origin":3517,"position":5},"title":"Arrancan de nuevo las Jornadas Academica University","author":"Academica Spain","date":"noviembre 15, 2024","format":false,"excerpt":"A lo largo de este curso vamos a tener la oportunidad de conocer a distintas universidades en las nuevas Jornadas Academica University Around The World dirigidas a todos los alumnos desde 3\u00ba de la ESO hasta 2\u00ba de Bachillerato. Desde Academica queremos seguir apoyando la gran labor educativa y de\u2026","rel":"","context":"En \u00abLast News\u00bb","block_context":{"text":"Last News","link":"https:\/\/www.academica.school\/news\/last-news\/"},"img":{"alt_text":"diploma-dual-academica","src":"https:\/\/i0.wp.com\/www.academica.school\/news\/wp-content\/uploads\/2024\/11\/EDITORIAL-REUNIONES-SEMANALES-CURSO-202425.jpg?fit=1200%2C851&ssl=1&resize=350%2C200","width":350,"height":200,"srcset":"https:\/\/i0.wp.com\/www.academica.school\/news\/wp-content\/uploads\/2024\/11\/EDITORIAL-REUNIONES-SEMANALES-CURSO-202425.jpg?fit=1200%2C851&ssl=1&resize=350%2C200 1x, https:\/\/i0.wp.com\/www.academica.school\/news\/wp-content\/uploads\/2024\/11\/EDITORIAL-REUNIONES-SEMANALES-CURSO-202425.jpg?fit=1200%2C851&ssl=1&resize=525%2C300 1.5x, https:\/\/i0.wp.com\/www.academica.school\/news\/wp-content\/uploads\/2024\/11\/EDITORIAL-REUNIONES-SEMANALES-CURSO-202425.jpg?fit=1200%2C851&ssl=1&resize=700%2C400 2x, https:\/\/i0.wp.com\/www.academica.school\/news\/wp-content\/uploads\/2024\/11\/EDITORIAL-REUNIONES-SEMANALES-CURSO-202425.jpg?fit=1200%2C851&ssl=1&resize=1050%2C600 3x"},"classes":[]}],"_links":{"self":[{"href":"https:\/\/www.academica.school\/news\/wp-json\/wp\/v2\/posts\/3517","targetHints":{"allow":["GET"]}}],"collection":[{"href":"https:\/\/www.academica.school\/news\/wp-json\/wp\/v2\/posts"}],"about":[{"href":"https:\/\/www.academica.school\/news\/wp-json\/wp\/v2\/types\/post"}],"author":[{"embeddable":true,"href":"https:\/\/www.academica.school\/news\/wp-json\/wp\/v2\/users\/6"}],"replies":[{"embeddable":true,"href":"https:\/\/www.academica.school\/news\/wp-json\/wp\/v2\/comments?post=3517"}],"version-history":[{"count":3,"href":"https:\/\/www.academica.school\/news\/wp-json\/wp\/v2\/posts\/3517\/revisions"}],"predecessor-version":[{"id":3521,"href":"https:\/\/www.academica.school\/news\/wp-json\/wp\/v2\/posts\/3517\/revisions\/3521"}],"wp:featuredmedia":[{"embeddable":true,"href":"https:\/\/www.academica.school\/news\/wp-json\/wp\/v2\/media\/3519"}],"wp:attachment":[{"href":"https:\/\/www.academica.school\/news\/wp-json\/wp\/v2\/media?parent=3517"}],"wp:term":[{"taxonomy":"category","embeddable":true,"href":"https:\/\/www.academica.school\/news\/wp-json\/wp\/v2\/categories?post=3517"},{"taxonomy":"post_tag","embeddable":true,"href":"https:\/\/www.academica.school\/news\/wp-json\/wp\/v2\/tags?post=3517"}],"curies":[{"name":"wp","href":"https:\/\/api.w.org\/{rel}","templated":true}]}}