{"id":3532,"date":"2025-10-23T08:33:57","date_gmt":"2025-10-23T08:33:57","guid":{"rendered":"https:\/\/www.academica.school\/news\/?p=3532"},"modified":"2025-11-10T14:20:29","modified_gmt":"2025-11-10T14:20:29","slug":"conociendo-alumnos-diploma-dual-collegi-sant-gabriel","status":"publish","type":"post","link":"https:\/\/www.academica.school\/news\/conociendo-alumnos-diploma-dual-collegi-sant-gabriel\/","title":{"rendered":"Conociendo a los alumnos del Diploma Dual del Col\u00b7legi Sant Gabriel de Barcelona"},"content":{"rendered":"<p>Hemos estado en el <span style=\"color: #000000;\"><a style=\"color: #000000;\" href=\"https:\/\/barcelona.gabrielistas.org\"><span style=\"text-decoration: underline;\"><strong>Col\u00b7legi Sant Gabriel de Barcelona<\/strong><\/span><\/a><\/span> para conocer a los alumnos que est\u00e1n cursando el Diploma Dual.<\/p>\n<p><!--more--><\/p>\n<p>El <span style=\"text-decoration: underline;\"><span style=\"color: #000000; text-decoration: underline;\"><a style=\"color: #000000; text-decoration: underline;\" href=\"https:\/\/www.academica.school\"><strong>Diploma Dual<\/strong><\/a><\/span><\/span> es el programa oficial de convalidaci\u00f3n internacional de t\u00edtulos de Bachillerato creado y desarrollado por Academica, que permite a los alumnos obtener dos titulaciones simult\u00e1neas: la propia de su pa\u00eds y el American High School Diploma.<\/p>\n<p>Los alumnos del Diploma Dual solamente tienen que cursar 6 asignaturas para obtener la titulaci\u00f3n americana. Los convenios internacionales alcanzados por Academica y la excelencia educativa del programa permiten obtener la m\u00e1xima convalidaci\u00f3n posible: 75% de los 24 cr\u00e9ditos necesarios para obtener el American High School Diploma.<\/p>\n<p data-start=\"185\" data-end=\"445\">El encuentro con los estudiantes est\u00e1 siendo muy enriquecedor, ya que estamos conociendo de primera mano c\u00f3mo est\u00e1n llevando el programa y c\u00f3mo han comenzado el curso. Todos ellos est\u00e1n trabajando con dedicaci\u00f3n y esfuerzo para alcanzar los mejores resultados.<\/p>\n<p data-start=\"447\" data-end=\"620\">Adem\u00e1s, tenemos el placer de conocer la visi\u00f3n de Yasm\u00edn, la Directora de Programa, quien nos comparte su experiencia y el compromiso del centro con la educaci\u00f3n de calidad.<\/p>\n<p data-start=\"622\" data-end=\"680\">\u00a1Enhorabuena por el excelente trabajo que est\u00e1is haciendo!<\/p>\n<p data-start=\"622\" data-end=\"680\"><span style=\"color: #000000;\"><a style=\"color: #000000;\" href=\"https:\/\/www.instagram.com\/p\/DQJjPXoiKjx\/?utm_source=ig_web_copy_link&amp;igsh=MzRlODBiNWFlZA==\"><span style=\"text-decoration: underline;\"><strong>Enlace<\/strong><\/span><\/a><\/span> a la publicaci\u00f3n del colegio. \u00a1Estate al tanto de todas sus noticias!<\/p>\n","protected":false},"excerpt":{"rendered":"<p>Hemos estado en el Col\u00b7legi Sant Gabriel de Barcelona para conocer a los alumnos que est\u00e1n cursando el Diploma Dual.<\/p>\n","protected":false},"author":6,"featured_media":3533,"comment_status":"closed","ping_status":"closed","sticky":false,"template":"","format":"standard","meta":{"_jetpack_memberships_contains_paid_content":false,"footnotes":""},"categories":[1],"tags":[9,139,89,198,63,59,208,786,4,222,431],"class_list":["post-3532","post","type-post","status-publish","format-standard","has-post-thumbnail","hentry","category-last-news","tag-academica","tag-academica-spain","tag-alumnos","tag-american-high-school","tag-bachillerato-americano","tag-barcelona","tag-colegio","tag-collegi-sant-gabriel","tag-diploma-dual","tag-dual-diploma","tag-los-300-mejores","clearfix"],"yoast_head":"<!-- This site is optimized with the Yoast SEO plugin v27.5 - https:\/\/yoast.com\/product\/yoast-seo-wordpress\/ -->\n<title>Conociendo a los alumnos del Diploma Dual del Col\u00b7legi Sant Gabriel de Barcelona - Academica News<\/title>\n<meta name=\"description\" content=\"Hemos estado en el Col\u00b7legi Sant Gabriel de Barcelona para conocer a los alumnos que est\u00e1n cursando el Diploma Dual.\" \/>\n<meta name=\"robots\" content=\"index, follow, max-snippet:-1, max-image-preview:large, max-video-preview:-1\" \/>\n<link rel=\"canonical\" href=\"https:\/\/www.academica.school\/news\/conociendo-alumnos-diploma-dual-collegi-sant-gabriel\/\" \/>\n<meta property=\"og:locale\" content=\"es_ES\" \/>\n<meta property=\"og:type\" content=\"article\" \/>\n<meta property=\"og:title\" content=\"Conociendo a los alumnos del Diploma Dual del Col\u00b7legi Sant Gabriel de Barcelona - Academica News\" \/>\n<meta property=\"og:description\" content=\"Hemos estado en el Col\u00b7legi Sant Gabriel de Barcelona para conocer a los alumnos que est\u00e1n cursando el Diploma Dual.\" \/>\n<meta property=\"og:url\" content=\"https:\/\/www.academica.school\/news\/conociendo-alumnos-diploma-dual-collegi-sant-gabriel\/\" \/>\n<meta property=\"og:site_name\" content=\"Academica News\" \/>\n<meta property=\"article:published_time\" content=\"2025-10-23T08:33:57+00:00\" \/>\n<meta property=\"article:modified_time\" content=\"2025-11-10T14:20:29+00:00\" \/>\n<meta property=\"og:image\" content=\"https:\/\/www.academica.school\/news\/wp-content\/uploads\/2025\/10\/diploma-dual-sant-gabriel-2.jpg\" \/>\n\t<meta property=\"og:image:width\" content=\"1000\" \/>\n\t<meta property=\"og:image:height\" content=\"832\" \/>\n\t<meta property=\"og:image:type\" content=\"image\/jpeg\" \/>\n<meta name=\"author\" content=\"Academica Spain\" \/>\n<meta name=\"twitter:card\" content=\"summary_large_image\" \/>\n<meta name=\"twitter:label1\" content=\"Escrito por\" \/>\n\t<meta name=\"twitter:data1\" content=\"Academica Spain\" \/>\n\t<meta name=\"twitter:label2\" content=\"Tiempo de lectura\" \/>\n\t<meta name=\"twitter:data2\" content=\"2 minutos\" \/>\n<script type=\"application\/ld+json\" class=\"yoast-schema-graph\">{\"@context\":\"https:\\\/\\\/schema.org\",\"@graph\":[{\"@type\":\"Article\",\"@id\":\"https:\\\/\\\/www.academica.school\\\/news\\\/conociendo-alumnos-diploma-dual-collegi-sant-gabriel\\\/#article\",\"isPartOf\":{\"@id\":\"https:\\\/\\\/www.academica.school\\\/news\\\/conociendo-alumnos-diploma-dual-collegi-sant-gabriel\\\/\"},\"author\":{\"name\":\"Academica Spain\",\"@id\":\"https:\\\/\\\/www.academica.school\\\/news\\\/#\\\/schema\\\/person\\\/a9da1d35195720e471d7993db5fa06cd\"},\"headline\":\"Conociendo a los alumnos del Diploma Dual del Col\u00b7legi Sant Gabriel de Barcelona\",\"datePublished\":\"2025-10-23T08:33:57+00:00\",\"dateModified\":\"2025-11-10T14:20:29+00:00\",\"mainEntityOfPage\":{\"@id\":\"https:\\\/\\\/www.academica.school\\\/news\\\/conociendo-alumnos-diploma-dual-collegi-sant-gabriel\\\/\"},\"wordCount\":228,\"publisher\":{\"@id\":\"https:\\\/\\\/www.academica.school\\\/news\\\/#organization\"},\"image\":{\"@id\":\"https:\\\/\\\/www.academica.school\\\/news\\\/conociendo-alumnos-diploma-dual-collegi-sant-gabriel\\\/#primaryimage\"},\"thumbnailUrl\":\"https:\\\/\\\/i0.wp.com\\\/www.academica.school\\\/news\\\/wp-content\\\/uploads\\\/2025\\\/10\\\/diploma-dual-sant-gabriel-2.jpg?fit=1000%2C832&ssl=1\",\"keywords\":[\"academica\",\"academica spain\",\"alumnos\",\"american high school\",\"bachillerato americano\",\"barcelona\",\"colegio\",\"collegi sant gabriel\",\"Diploma Dual\",\"dual diploma\",\"los 300 mejores\"],\"articleSection\":[\"Last News\"],\"inLanguage\":\"es\"},{\"@type\":\"WebPage\",\"@id\":\"https:\\\/\\\/www.academica.school\\\/news\\\/conociendo-alumnos-diploma-dual-collegi-sant-gabriel\\\/\",\"url\":\"https:\\\/\\\/www.academica.school\\\/news\\\/conociendo-alumnos-diploma-dual-collegi-sant-gabriel\\\/\",\"name\":\"Conociendo a los alumnos del Diploma Dual del Col\u00b7legi Sant Gabriel de Barcelona - Academica News\",\"isPartOf\":{\"@id\":\"https:\\\/\\\/www.academica.school\\\/news\\\/#website\"},\"primaryImageOfPage\":{\"@id\":\"https:\\\/\\\/www.academica.school\\\/news\\\/conociendo-alumnos-diploma-dual-collegi-sant-gabriel\\\/#primaryimage\"},\"image\":{\"@id\":\"https:\\\/\\\/www.academica.school\\\/news\\\/conociendo-alumnos-diploma-dual-collegi-sant-gabriel\\\/#primaryimage\"},\"thumbnailUrl\":\"https:\\\/\\\/i0.wp.com\\\/www.academica.school\\\/news\\\/wp-content\\\/uploads\\\/2025\\\/10\\\/diploma-dual-sant-gabriel-2.jpg?fit=1000%2C832&ssl=1\",\"datePublished\":\"2025-10-23T08:33:57+00:00\",\"dateModified\":\"2025-11-10T14:20:29+00:00\",\"description\":\"Hemos estado en el Col\u00b7legi Sant Gabriel de Barcelona para conocer a los alumnos que est\u00e1n cursando el Diploma Dual.\",\"breadcrumb\":{\"@id\":\"https:\\\/\\\/www.academica.school\\\/news\\\/conociendo-alumnos-diploma-dual-collegi-sant-gabriel\\\/#breadcrumb\"},\"inLanguage\":\"es\",\"potentialAction\":[{\"@type\":\"ReadAction\",\"target\":[\"https:\\\/\\\/www.academica.school\\\/news\\\/conociendo-alumnos-diploma-dual-collegi-sant-gabriel\\\/\"]}]},{\"@type\":\"ImageObject\",\"inLanguage\":\"es\",\"@id\":\"https:\\\/\\\/www.academica.school\\\/news\\\/conociendo-alumnos-diploma-dual-collegi-sant-gabriel\\\/#primaryimage\",\"url\":\"https:\\\/\\\/i0.wp.com\\\/www.academica.school\\\/news\\\/wp-content\\\/uploads\\\/2025\\\/10\\\/diploma-dual-sant-gabriel-2.jpg?fit=1000%2C832&ssl=1\",\"contentUrl\":\"https:\\\/\\\/i0.wp.com\\\/www.academica.school\\\/news\\\/wp-content\\\/uploads\\\/2025\\\/10\\\/diploma-dual-sant-gabriel-2.jpg?fit=1000%2C832&ssl=1\",\"width\":1000,\"height\":832,\"caption\":\"Visita a los alumnos del Col\u00b7legi Sant Gabriel de Barcelona\"},{\"@type\":\"BreadcrumbList\",\"@id\":\"https:\\\/\\\/www.academica.school\\\/news\\\/conociendo-alumnos-diploma-dual-collegi-sant-gabriel\\\/#breadcrumb\",\"itemListElement\":[{\"@type\":\"ListItem\",\"position\":1,\"name\":\"Portada\",\"item\":\"https:\\\/\\\/www.academica.school\\\/news\\\/\"},{\"@type\":\"ListItem\",\"position\":2,\"name\":\"Conociendo a los alumnos del Diploma Dual del Col\u00b7legi Sant Gabriel de Barcelona\"}]},{\"@type\":\"WebSite\",\"@id\":\"https:\\\/\\\/www.academica.school\\\/news\\\/#website\",\"url\":\"https:\\\/\\\/www.academica.school\\\/news\\\/\",\"name\":\"Academica News\",\"description\":\"todo lo que pasa en el mundo acad\u00e9mico, sobre universidades y cualquier evento o novedad en la que participemos\",\"publisher\":{\"@id\":\"https:\\\/\\\/www.academica.school\\\/news\\\/#organization\"},\"potentialAction\":[{\"@type\":\"SearchAction\",\"target\":{\"@type\":\"EntryPoint\",\"urlTemplate\":\"https:\\\/\\\/www.academica.school\\\/news\\\/?s={search_term_string}\"},\"query-input\":{\"@type\":\"PropertyValueSpecification\",\"valueRequired\":true,\"valueName\":\"search_term_string\"}}],\"inLanguage\":\"es\"},{\"@type\":\"Organization\",\"@id\":\"https:\\\/\\\/www.academica.school\\\/news\\\/#organization\",\"name\":\"Academica\",\"url\":\"https:\\\/\\\/www.academica.school\\\/news\\\/\",\"logo\":{\"@type\":\"ImageObject\",\"inLanguage\":\"es\",\"@id\":\"https:\\\/\\\/www.academica.school\\\/news\\\/#\\\/schema\\\/logo\\\/image\\\/\",\"url\":\"https:\\\/\\\/i1.wp.com\\\/www.academica.school\\\/news\\\/wp-content\\\/uploads\\\/2019\\\/11\\\/Captura-de-pantalla-2019-11-20-a-las-12.14.04.png?fit=799%2C500&ssl=1\",\"contentUrl\":\"https:\\\/\\\/i1.wp.com\\\/www.academica.school\\\/news\\\/wp-content\\\/uploads\\\/2019\\\/11\\\/Captura-de-pantalla-2019-11-20-a-las-12.14.04.png?fit=799%2C500&ssl=1\",\"width\":799,\"height\":500,\"caption\":\"Academica\"},\"image\":{\"@id\":\"https:\\\/\\\/www.academica.school\\\/news\\\/#\\\/schema\\\/logo\\\/image\\\/\"}},{\"@type\":\"Person\",\"@id\":\"https:\\\/\\\/www.academica.school\\\/news\\\/#\\\/schema\\\/person\\\/a9da1d35195720e471d7993db5fa06cd\",\"name\":\"Academica Spain\",\"image\":{\"@type\":\"ImageObject\",\"inLanguage\":\"es\",\"@id\":\"https:\\\/\\\/secure.gravatar.com\\\/avatar\\\/a7ed0e6b5e69a0c89f30117b1b70787c4c8d25c0438514a94ac82dee11b08589?s=96&d=mm&r=g\",\"url\":\"https:\\\/\\\/secure.gravatar.com\\\/avatar\\\/a7ed0e6b5e69a0c89f30117b1b70787c4c8d25c0438514a94ac82dee11b08589?s=96&d=mm&r=g\",\"contentUrl\":\"https:\\\/\\\/secure.gravatar.com\\\/avatar\\\/a7ed0e6b5e69a0c89f30117b1b70787c4c8d25c0438514a94ac82dee11b08589?s=96&d=mm&r=g\",\"caption\":\"Academica Spain\"},\"url\":\"https:\\\/\\\/www.academica.school\\\/news\\\/author\\\/pquecedoacademica-school\\\/\"}]}<\/script>\n<!-- \/ Yoast SEO plugin. -->","yoast_head_json":{"title":"Conociendo a los alumnos del Diploma Dual del Col\u00b7legi Sant Gabriel de Barcelona - Academica News","description":"Hemos estado en el Col\u00b7legi Sant Gabriel de Barcelona para conocer a los alumnos que est\u00e1n cursando el Diploma Dual.","robots":{"index":"index","follow":"follow","max-snippet":"max-snippet:-1","max-image-preview":"max-image-preview:large","max-video-preview":"max-video-preview:-1"},"canonical":"https:\/\/www.academica.school\/news\/conociendo-alumnos-diploma-dual-collegi-sant-gabriel\/","og_locale":"es_ES","og_type":"article","og_title":"Conociendo a los alumnos del Diploma Dual del Col\u00b7legi Sant Gabriel de Barcelona - Academica News","og_description":"Hemos estado en el Col\u00b7legi Sant Gabriel de Barcelona para conocer a los alumnos que est\u00e1n cursando el Diploma Dual.","og_url":"https:\/\/www.academica.school\/news\/conociendo-alumnos-diploma-dual-collegi-sant-gabriel\/","og_site_name":"Academica News","article_published_time":"2025-10-23T08:33:57+00:00","article_modified_time":"2025-11-10T14:20:29+00:00","og_image":[{"width":1000,"height":832,"url":"https:\/\/www.academica.school\/news\/wp-content\/uploads\/2025\/10\/diploma-dual-sant-gabriel-2.jpg","type":"image\/jpeg"}],"author":"Academica Spain","twitter_card":"summary_large_image","twitter_misc":{"Escrito por":"Academica Spain","Tiempo de lectura":"2 minutos"},"schema":{"@context":"https:\/\/schema.org","@graph":[{"@type":"Article","@id":"https:\/\/www.academica.school\/news\/conociendo-alumnos-diploma-dual-collegi-sant-gabriel\/#article","isPartOf":{"@id":"https:\/\/www.academica.school\/news\/conociendo-alumnos-diploma-dual-collegi-sant-gabriel\/"},"author":{"name":"Academica Spain","@id":"https:\/\/www.academica.school\/news\/#\/schema\/person\/a9da1d35195720e471d7993db5fa06cd"},"headline":"Conociendo a los alumnos del Diploma Dual del Col\u00b7legi Sant Gabriel de Barcelona","datePublished":"2025-10-23T08:33:57+00:00","dateModified":"2025-11-10T14:20:29+00:00","mainEntityOfPage":{"@id":"https:\/\/www.academica.school\/news\/conociendo-alumnos-diploma-dual-collegi-sant-gabriel\/"},"wordCount":228,"publisher":{"@id":"https:\/\/www.academica.school\/news\/#organization"},"image":{"@id":"https:\/\/www.academica.school\/news\/conociendo-alumnos-diploma-dual-collegi-sant-gabriel\/#primaryimage"},"thumbnailUrl":"https:\/\/i0.wp.com\/www.academica.school\/news\/wp-content\/uploads\/2025\/10\/diploma-dual-sant-gabriel-2.jpg?fit=1000%2C832&ssl=1","keywords":["academica","academica spain","alumnos","american high school","bachillerato americano","barcelona","colegio","collegi sant gabriel","Diploma Dual","dual diploma","los 300 mejores"],"articleSection":["Last News"],"inLanguage":"es"},{"@type":"WebPage","@id":"https:\/\/www.academica.school\/news\/conociendo-alumnos-diploma-dual-collegi-sant-gabriel\/","url":"https:\/\/www.academica.school\/news\/conociendo-alumnos-diploma-dual-collegi-sant-gabriel\/","name":"Conociendo a los alumnos del Diploma Dual del Col\u00b7legi Sant Gabriel de Barcelona - Academica News","isPartOf":{"@id":"https:\/\/www.academica.school\/news\/#website"},"primaryImageOfPage":{"@id":"https:\/\/www.academica.school\/news\/conociendo-alumnos-diploma-dual-collegi-sant-gabriel\/#primaryimage"},"image":{"@id":"https:\/\/www.academica.school\/news\/conociendo-alumnos-diploma-dual-collegi-sant-gabriel\/#primaryimage"},"thumbnailUrl":"https:\/\/i0.wp.com\/www.academica.school\/news\/wp-content\/uploads\/2025\/10\/diploma-dual-sant-gabriel-2.jpg?fit=1000%2C832&ssl=1","datePublished":"2025-10-23T08:33:57+00:00","dateModified":"2025-11-10T14:20:29+00:00","description":"Hemos estado en el Col\u00b7legi Sant Gabriel de Barcelona para conocer a los alumnos que est\u00e1n cursando el Diploma Dual.","breadcrumb":{"@id":"https:\/\/www.academica.school\/news\/conociendo-alumnos-diploma-dual-collegi-sant-gabriel\/#breadcrumb"},"inLanguage":"es","potentialAction":[{"@type":"ReadAction","target":["https:\/\/www.academica.school\/news\/conociendo-alumnos-diploma-dual-collegi-sant-gabriel\/"]}]},{"@type":"ImageObject","inLanguage":"es","@id":"https:\/\/www.academica.school\/news\/conociendo-alumnos-diploma-dual-collegi-sant-gabriel\/#primaryimage","url":"https:\/\/i0.wp.com\/www.academica.school\/news\/wp-content\/uploads\/2025\/10\/diploma-dual-sant-gabriel-2.jpg?fit=1000%2C832&ssl=1","contentUrl":"https:\/\/i0.wp.com\/www.academica.school\/news\/wp-content\/uploads\/2025\/10\/diploma-dual-sant-gabriel-2.jpg?fit=1000%2C832&ssl=1","width":1000,"height":832,"caption":"Visita a los alumnos del Col\u00b7legi Sant Gabriel de Barcelona"},{"@type":"BreadcrumbList","@id":"https:\/\/www.academica.school\/news\/conociendo-alumnos-diploma-dual-collegi-sant-gabriel\/#breadcrumb","itemListElement":[{"@type":"ListItem","position":1,"name":"Portada","item":"https:\/\/www.academica.school\/news\/"},{"@type":"ListItem","position":2,"name":"Conociendo a los alumnos del Diploma Dual del Col\u00b7legi Sant Gabriel de Barcelona"}]},{"@type":"WebSite","@id":"https:\/\/www.academica.school\/news\/#website","url":"https:\/\/www.academica.school\/news\/","name":"Academica News","description":"todo lo que pasa en el mundo acad\u00e9mico, sobre universidades y cualquier evento o novedad en la que participemos","publisher":{"@id":"https:\/\/www.academica.school\/news\/#organization"},"potentialAction":[{"@type":"SearchAction","target":{"@type":"EntryPoint","urlTemplate":"https:\/\/www.academica.school\/news\/?s={search_term_string}"},"query-input":{"@type":"PropertyValueSpecification","valueRequired":true,"valueName":"search_term_string"}}],"inLanguage":"es"},{"@type":"Organization","@id":"https:\/\/www.academica.school\/news\/#organization","name":"Academica","url":"https:\/\/www.academica.school\/news\/","logo":{"@type":"ImageObject","inLanguage":"es","@id":"https:\/\/www.academica.school\/news\/#\/schema\/logo\/image\/","url":"https:\/\/i1.wp.com\/www.academica.school\/news\/wp-content\/uploads\/2019\/11\/Captura-de-pantalla-2019-11-20-a-las-12.14.04.png?fit=799%2C500&ssl=1","contentUrl":"https:\/\/i1.wp.com\/www.academica.school\/news\/wp-content\/uploads\/2019\/11\/Captura-de-pantalla-2019-11-20-a-las-12.14.04.png?fit=799%2C500&ssl=1","width":799,"height":500,"caption":"Academica"},"image":{"@id":"https:\/\/www.academica.school\/news\/#\/schema\/logo\/image\/"}},{"@type":"Person","@id":"https:\/\/www.academica.school\/news\/#\/schema\/person\/a9da1d35195720e471d7993db5fa06cd","name":"Academica Spain","image":{"@type":"ImageObject","inLanguage":"es","@id":"https:\/\/secure.gravatar.com\/avatar\/a7ed0e6b5e69a0c89f30117b1b70787c4c8d25c0438514a94ac82dee11b08589?s=96&d=mm&r=g","url":"https:\/\/secure.gravatar.com\/avatar\/a7ed0e6b5e69a0c89f30117b1b70787c4c8d25c0438514a94ac82dee11b08589?s=96&d=mm&r=g","contentUrl":"https:\/\/secure.gravatar.com\/avatar\/a7ed0e6b5e69a0c89f30117b1b70787c4c8d25c0438514a94ac82dee11b08589?s=96&d=mm&r=g","caption":"Academica Spain"},"url":"https:\/\/www.academica.school\/news\/author\/pquecedoacademica-school\/"}]}},"jetpack_featured_media_url":"https:\/\/i0.wp.com\/www.academica.school\/news\/wp-content\/uploads\/2025\/10\/diploma-dual-sant-gabriel-2.jpg?fit=1000%2C832&ssl=1","jetpack_sharing_enabled":true,"jetpack_shortlink":"https:\/\/wp.me\/p8RDKh-UY","jetpack-related-posts":[{"id":4083,"url":"https:\/\/www.academica.school\/news\/diploma-dual-col%c2%b7legi-sant-gabriel-de-barcelona\/","url_meta":{"origin":3532,"position":0},"title":"El Diploma Dual en el Col\u00b7legi Sant Gabriel de Barcelona","author":"Academica Spain","date":"febrero 20, 2026","format":"video","excerpt":"Marc Adri\u00e1n est\u00e1 cursando su primer a\u00f1o del Diploma Dual en el Col\u00b7legi Sant Gabriel de Barcelona y, en este v\u00eddeo, nos cuenta su experiencia en el programa. Nos explica en qu\u00e9 consiste el programa y comparte todo lo que est\u00e1 aprendiendo y lo que le est\u00e1 suponiendo este reto.\u2026","rel":"","context":"En \u00abLast News\u00bb","block_context":{"text":"Last News","link":"https:\/\/www.academica.school\/news\/last-news\/"},"img":{"alt_text":"V\u00eddeo Colegio Sant Gabriel Barcelona","src":"https:\/\/i0.wp.com\/www.academica.school\/news\/wp-content\/uploads\/2026\/02\/diploma-dual-sant-gabriel-bcn.png?fit=668%2C1200&ssl=1&resize=350%2C200","width":350,"height":200,"srcset":"https:\/\/i0.wp.com\/www.academica.school\/news\/wp-content\/uploads\/2026\/02\/diploma-dual-sant-gabriel-bcn.png?fit=668%2C1200&ssl=1&resize=350%2C200 1x, https:\/\/i0.wp.com\/www.academica.school\/news\/wp-content\/uploads\/2026\/02\/diploma-dual-sant-gabriel-bcn.png?fit=668%2C1200&ssl=1&resize=525%2C300 1.5x"},"classes":[]},{"id":3529,"url":"https:\/\/www.academica.school\/news\/diploma-dual-collegi-sant-josep-gracia\/","url_meta":{"origin":3532,"position":1},"title":"El Diploma Dual en el Col\u00b7legi Sant Josep Gr\u00e0cia de Barcelona","author":"Academica Spain","date":"octubre 22, 2025","format":false,"excerpt":"Hemos visitado el Col\u00b7legi Sant Josep Gr\u00e0cia de Barcelona para charlar con los alumnos que est\u00e1n cursando el Diploma Dual. El Diploma Dual es el programa oficial de convalidaci\u00f3n internacional de t\u00edtulos de Bachillerato creado y desarrollado por Academica, que permite a los alumnos obtener dos titulaciones simult\u00e1neas: la propia\u2026","rel":"","context":"En \u00abLast News\u00bb","block_context":{"text":"Last News","link":"https:\/\/www.academica.school\/news\/last-news\/"},"img":{"alt_text":"diploma-dual-sant-josep-gracia","src":"https:\/\/i0.wp.com\/www.academica.school\/news\/wp-content\/uploads\/2025\/10\/diploma-dual-sant-josep-gracia-e1761139354358.jpg?fit=1000%2C927&ssl=1&resize=350%2C200","width":350,"height":200,"srcset":"https:\/\/i0.wp.com\/www.academica.school\/news\/wp-content\/uploads\/2025\/10\/diploma-dual-sant-josep-gracia-e1761139354358.jpg?fit=1000%2C927&ssl=1&resize=350%2C200 1x, https:\/\/i0.wp.com\/www.academica.school\/news\/wp-content\/uploads\/2025\/10\/diploma-dual-sant-josep-gracia-e1761139354358.jpg?fit=1000%2C927&ssl=1&resize=525%2C300 1.5x, https:\/\/i0.wp.com\/www.academica.school\/news\/wp-content\/uploads\/2025\/10\/diploma-dual-sant-josep-gracia-e1761139354358.jpg?fit=1000%2C927&ssl=1&resize=700%2C400 2x"},"classes":[]},{"id":3457,"url":"https:\/\/www.academica.school\/news\/visita-collegi-sant-andreu-badalona\/","url_meta":{"origin":3532,"position":2},"title":"Visita al Col\u00b7legi Sant Andreu de Badalona","author":"Academica Spain","date":"octubre 10, 2025","format":false,"excerpt":"Nos ha encantado visitar el Col\u00b7legi Sant Andreu de Badalona y conocer de primera mano el progreso de los estudiantes que est\u00e1n cursando el programa Diploma Dual. El Diploma Dual es el programa oficial de convalidaci\u00f3n internacional de t\u00edtulos de Bachillerato creado y desarrollado por Academica, que permite a los\u2026","rel":"","context":"En \u00abLast News\u00bb","block_context":{"text":"Last News","link":"https:\/\/www.academica.school\/news\/last-news\/"},"img":{"alt_text":"diploma-dual-sant-andreu","src":"https:\/\/i0.wp.com\/www.academica.school\/news\/wp-content\/uploads\/2025\/10\/diploma-dual-sant-andreu-e1760096023483.jpg?fit=951%2C1200&ssl=1&resize=350%2C200","width":350,"height":200,"srcset":"https:\/\/i0.wp.com\/www.academica.school\/news\/wp-content\/uploads\/2025\/10\/diploma-dual-sant-andreu-e1760096023483.jpg?fit=951%2C1200&ssl=1&resize=350%2C200 1x, https:\/\/i0.wp.com\/www.academica.school\/news\/wp-content\/uploads\/2025\/10\/diploma-dual-sant-andreu-e1760096023483.jpg?fit=951%2C1200&ssl=1&resize=525%2C300 1.5x, https:\/\/i0.wp.com\/www.academica.school\/news\/wp-content\/uploads\/2025\/10\/diploma-dual-sant-andreu-e1760096023483.jpg?fit=951%2C1200&ssl=1&resize=700%2C400 2x"},"classes":[]},{"id":3312,"url":"https:\/\/www.academica.school\/news\/colegio-sant-josep-gracia-apuesta-diploma-dual\/","url_meta":{"origin":3532,"position":3},"title":"El Col\u00b7legi Sant Josep Gr\u00e0cia de Barcelona apuesta por el Diploma Dual","author":"Academica Spain","date":"junio 17, 2025","format":false,"excerpt":"El Col\u00b7legi Sant Josep Gr\u00e0cia de Barcelona\u00a0ya forma parte de los m\u00e1s de 1.000 colegios adheridos al programa Diploma Dual en Espa\u00f1a y Portugal. De esta forma, el colegio ofrece a sus alumnos la posibilidad de obtener dos titulaciones de forma simult\u00e1nea: la propia de su pa\u00eds y el American\u2026","rel":"","context":"En \u00abLast News\u00bb","block_context":{"text":"Last News","link":"https:\/\/www.academica.school\/news\/last-news\/"},"img":{"alt_text":"diploma-dual-st-josep-gracia","src":"https:\/\/i0.wp.com\/www.academica.school\/news\/wp-content\/uploads\/2025\/06\/diploma-dual-st-josep-gracia-e1749809862373.jpg?fit=900%2C810&ssl=1&resize=350%2C200","width":350,"height":200,"srcset":"https:\/\/i0.wp.com\/www.academica.school\/news\/wp-content\/uploads\/2025\/06\/diploma-dual-st-josep-gracia-e1749809862373.jpg?fit=900%2C810&ssl=1&resize=350%2C200 1x, https:\/\/i0.wp.com\/www.academica.school\/news\/wp-content\/uploads\/2025\/06\/diploma-dual-st-josep-gracia-e1749809862373.jpg?fit=900%2C810&ssl=1&resize=525%2C300 1.5x, https:\/\/i0.wp.com\/www.academica.school\/news\/wp-content\/uploads\/2025\/06\/diploma-dual-st-josep-gracia-e1749809862373.jpg?fit=900%2C810&ssl=1&resize=700%2C400 2x"},"classes":[]},{"id":3429,"url":"https:\/\/www.academica.school\/news\/visita-collegi-singuerlin-barcelona\/","url_meta":{"origin":3532,"position":4},"title":"Visita al Col\u00b7legi Singuerl\u00edn de Barcelona","author":"Academica Spain","date":"octubre 9, 2025","format":false,"excerpt":"Hemos tenido el placer de visitar el Col\u00b7legi Singuerl\u00edn de Barcelona para conocer de cerca c\u00f3mo est\u00e1n avanzando los estudiantes que cursan el programa Diploma Dual. El Diploma Dual es el programa oficial de convalidaci\u00f3n internacional de t\u00edtulos de Bachillerato creado y desarrollado por Academica, que permite a los alumnos\u2026","rel":"","context":"En \u00abLast News\u00bb","block_context":{"text":"Last News","link":"https:\/\/www.academica.school\/news\/last-news\/"},"img":{"alt_text":"diploma-dual-singuerlin","src":"https:\/\/i0.wp.com\/www.academica.school\/news\/wp-content\/uploads\/2025\/10\/diploma-dual-singuerlin-scaled-e1760000310888.jpg?fit=862%2C1200&ssl=1&resize=350%2C200","width":350,"height":200,"srcset":"https:\/\/i0.wp.com\/www.academica.school\/news\/wp-content\/uploads\/2025\/10\/diploma-dual-singuerlin-scaled-e1760000310888.jpg?fit=862%2C1200&ssl=1&resize=350%2C200 1x, https:\/\/i0.wp.com\/www.academica.school\/news\/wp-content\/uploads\/2025\/10\/diploma-dual-singuerlin-scaled-e1760000310888.jpg?fit=862%2C1200&ssl=1&resize=525%2C300 1.5x, https:\/\/i0.wp.com\/www.academica.school\/news\/wp-content\/uploads\/2025\/10\/diploma-dual-singuerlin-scaled-e1760000310888.jpg?fit=862%2C1200&ssl=1&resize=700%2C400 2x"},"classes":[]},{"id":2149,"url":"https:\/\/www.academica.school\/news\/que-significa-el-diploma-dual-para-estas-tres-alumnas-del-colegio-scala-dei-de-barcelona\/","url_meta":{"origin":3532,"position":5},"title":"\u00bfQu\u00e9 significa el Diploma Dual para estas tres alumnas del Col\u00b7legi Scala Dei de Barcelona?","author":"Academica Spain","date":"febrero 22, 2024","format":"video","excerpt":"Maya, Eli y Valeria est\u00e1n cursando el Diploma Dual en el Col\u00b7legi Providencia del Coraz\u00f3n de Jes\u00fas - Scala Dei de Barcelona. En este v\u00eddeo nos cuentan brevemente c\u00f3mo est\u00e1 siendo su experiencia cursando el programa, ya que no s\u00f3lo les est\u00e1 sirviendo para mejorar sus destrezas en el ingl\u00e9s,\u2026","rel":"","context":"En \u00abLast News\u00bb","block_context":{"text":"Last News","link":"https:\/\/www.academica.school\/news\/last-news\/"},"img":{"alt_text":"scaladei-diploma-dual","src":"https:\/\/i0.wp.com\/www.academica.school\/news\/wp-content\/uploads\/2024\/02\/scaladei.png?fit=1200%2C673&ssl=1&resize=350%2C200","width":350,"height":200,"srcset":"https:\/\/i0.wp.com\/www.academica.school\/news\/wp-content\/uploads\/2024\/02\/scaladei.png?fit=1200%2C673&ssl=1&resize=350%2C200 1x, https:\/\/i0.wp.com\/www.academica.school\/news\/wp-content\/uploads\/2024\/02\/scaladei.png?fit=1200%2C673&ssl=1&resize=525%2C300 1.5x, https:\/\/i0.wp.com\/www.academica.school\/news\/wp-content\/uploads\/2024\/02\/scaladei.png?fit=1200%2C673&ssl=1&resize=700%2C400 2x, https:\/\/i0.wp.com\/www.academica.school\/news\/wp-content\/uploads\/2024\/02\/scaladei.png?fit=1200%2C673&ssl=1&resize=1050%2C600 3x"},"classes":[]}],"_links":{"self":[{"href":"https:\/\/www.academica.school\/news\/wp-json\/wp\/v2\/posts\/3532","targetHints":{"allow":["GET"]}}],"collection":[{"href":"https:\/\/www.academica.school\/news\/wp-json\/wp\/v2\/posts"}],"about":[{"href":"https:\/\/www.academica.school\/news\/wp-json\/wp\/v2\/types\/post"}],"author":[{"embeddable":true,"href":"https:\/\/www.academica.school\/news\/wp-json\/wp\/v2\/users\/6"}],"replies":[{"embeddable":true,"href":"https:\/\/www.academica.school\/news\/wp-json\/wp\/v2\/comments?post=3532"}],"version-history":[{"count":2,"href":"https:\/\/www.academica.school\/news\/wp-json\/wp\/v2\/posts\/3532\/revisions"}],"predecessor-version":[{"id":3635,"href":"https:\/\/www.academica.school\/news\/wp-json\/wp\/v2\/posts\/3532\/revisions\/3635"}],"wp:featuredmedia":[{"embeddable":true,"href":"https:\/\/www.academica.school\/news\/wp-json\/wp\/v2\/media\/3533"}],"wp:attachment":[{"href":"https:\/\/www.academica.school\/news\/wp-json\/wp\/v2\/media?parent=3532"}],"wp:term":[{"taxonomy":"category","embeddable":true,"href":"https:\/\/www.academica.school\/news\/wp-json\/wp\/v2\/categories?post=3532"},{"taxonomy":"post_tag","embeddable":true,"href":"https:\/\/www.academica.school\/news\/wp-json\/wp\/v2\/tags?post=3532"}],"curies":[{"name":"wp","href":"https:\/\/api.w.org\/{rel}","templated":true}]}}