{"id":3966,"date":"2026-01-16T14:33:27","date_gmt":"2026-01-16T14:33:27","guid":{"rendered":"https:\/\/www.academica.school\/news\/?p=3966"},"modified":"2026-01-28T12:55:05","modified_gmt":"2026-01-28T12:55:05","slug":"compromiso-educacion-diploma-dual-colegio-pureza-maria-tenerife","status":"publish","type":"post","link":"https:\/\/www.academica.school\/news\/compromiso-educacion-diploma-dual-colegio-pureza-maria-tenerife\/","title":{"rendered":"Compromiso con la educaci\u00f3n: el Diploma Dual en el Colegio Pureza de Mar\u00eda de Santa Cruz de Tenerife"},"content":{"rendered":"<p>Durante nuestra visita al <span style=\"text-decoration: underline;\"><strong>Colegio Pureza de Mar\u00eda de Santa Cruz de Tenerife<\/strong><\/span>, tuvimos la oportunidad de conocer de primera mano c\u00f3mo se desarrolla el Diploma Dual en el centro. Julie, Directora de Programa, nos acompa\u00f1\u00f3 a lo largo del encuentro y comparti\u00f3 su experiencia y visi\u00f3n educativa.<\/p>\n<p><!--more--><\/p>\n<p data-start=\"437\" data-end=\"735\">El centro apuesta por un modelo basado en la innovaci\u00f3n y el seguimiento personalizado, creando un entorno que favorece el crecimiento acad\u00e9mico y personal del alumnado. Este acompa\u00f1amiento resulta clave para que los estudiantes afronten el Bachillerato Dual con confianza, constancia y motivaci\u00f3n.<\/p>\n<p data-start=\"737\" data-end=\"974\">Uno de los momentos m\u00e1s enriquecedores de la visita fue la conversaci\u00f3n con los alumnos del programa, que destacaron por su implicaci\u00f3n, entusiasmo y sentido de la responsabilidad, reflejo del valor que aporta esta experiencia formativa.<\/p>\n<p data-start=\"976\" data-end=\"1126\">Desde Academica, agradecemos la acogida y el compromiso del equipo educativo y del alumnado, cuyo trabajo diario contribuye al \u00e9xito del Diploma Dual.<\/p>\n<p data-start=\"976\" data-end=\"1126\"><span style=\"color: #000000;\"><strong><a style=\"color: #000000;\" href=\"https:\/\/www.instagram.com\/p\/DTdh7pZjILk\/?utm_source=ig_web_copy_link&amp;igsh=MzRlODBiNWFlZA==\" data-cmp-ab=\"2\">Enlace<\/a><\/strong><\/span> a la publicaci\u00f3n del colegio. \u00a1Estate al tanto de todas sus noticias!<\/p>\n","protected":false},"excerpt":{"rendered":"<p>Durante nuestra visita al Colegio Pureza de Mar\u00eda de Santa Cruz de Tenerife, tuvimos la oportunidad de conocer de primera mano c\u00f3mo se desarrolla el Diploma Dual en el centro. Julie, Directora de Programa, nos acompa\u00f1\u00f3 a lo largo del encuentro y comparti\u00f3 su experiencia y visi\u00f3n educativa.<\/p>\n","protected":false},"author":6,"featured_media":3967,"comment_status":"closed","ping_status":"closed","sticky":false,"template":"","format":"standard","meta":{"_jetpack_memberships_contains_paid_content":false,"footnotes":""},"categories":[1],"tags":[9,139,89,198,63,208,587,4,222,431],"class_list":["post-3966","post","type-post","status-publish","format-standard","has-post-thumbnail","hentry","category-last-news","tag-academica","tag-academica-spain","tag-alumnos","tag-american-high-school","tag-bachillerato-americano","tag-colegio","tag-colegio-pureza-de-maria","tag-diploma-dual","tag-dual-diploma","tag-los-300-mejores","clearfix"],"yoast_head":"<!-- This site is optimized with the Yoast SEO plugin v27.5 - https:\/\/yoast.com\/product\/yoast-seo-wordpress\/ -->\n<title>Compromiso con la educaci\u00f3n: el Diploma Dual en el Colegio Pureza de Mar\u00eda de Santa Cruz de Tenerife - Academica News<\/title>\n<meta name=\"description\" content=\"Durante nuestra visita al Colegio Pureza de Mar\u00eda de Santa Cruz de Tenerife, tuvimos la oportunidad de conocer de primera mano c\u00f3mo se desarrolla el Diploma Dual.\" \/>\n<meta name=\"robots\" content=\"index, follow, max-snippet:-1, max-image-preview:large, max-video-preview:-1\" \/>\n<link rel=\"canonical\" href=\"https:\/\/www.academica.school\/news\/compromiso-educacion-diploma-dual-colegio-pureza-maria-tenerife\/\" \/>\n<meta property=\"og:locale\" content=\"es_ES\" \/>\n<meta property=\"og:type\" content=\"article\" \/>\n<meta property=\"og:title\" content=\"Compromiso con la educaci\u00f3n: el Diploma Dual en el Colegio Pureza de Mar\u00eda de Santa Cruz de Tenerife - Academica News\" \/>\n<meta property=\"og:description\" content=\"Durante nuestra visita al Colegio Pureza de Mar\u00eda de Santa Cruz de Tenerife, tuvimos la oportunidad de conocer de primera mano c\u00f3mo se desarrolla el Diploma Dual.\" \/>\n<meta property=\"og:url\" content=\"https:\/\/www.academica.school\/news\/compromiso-educacion-diploma-dual-colegio-pureza-maria-tenerife\/\" \/>\n<meta property=\"og:site_name\" content=\"Academica News\" \/>\n<meta property=\"article:published_time\" content=\"2026-01-16T14:33:27+00:00\" \/>\n<meta property=\"article:modified_time\" content=\"2026-01-28T12:55:05+00:00\" \/>\n<meta property=\"og:image\" content=\"https:\/\/www.academica.school\/news\/wp-content\/uploads\/2026\/01\/diploma-dual-pureza-maria-tenerife-e1768551421222.jpg\" \/>\n\t<meta property=\"og:image:width\" content=\"1000\" \/>\n\t<meta property=\"og:image:height\" content=\"1011\" \/>\n\t<meta property=\"og:image:type\" content=\"image\/jpeg\" \/>\n<meta name=\"author\" content=\"Academica Spain\" \/>\n<meta name=\"twitter:card\" content=\"summary_large_image\" \/>\n<meta name=\"twitter:label1\" content=\"Escrito por\" \/>\n\t<meta name=\"twitter:data1\" content=\"Academica Spain\" \/>\n\t<meta name=\"twitter:label2\" content=\"Tiempo de lectura\" \/>\n\t<meta name=\"twitter:data2\" content=\"1 minuto\" \/>\n<script type=\"application\/ld+json\" class=\"yoast-schema-graph\">{\"@context\":\"https:\\\/\\\/schema.org\",\"@graph\":[{\"@type\":\"Article\",\"@id\":\"https:\\\/\\\/www.academica.school\\\/news\\\/compromiso-educacion-diploma-dual-colegio-pureza-maria-tenerife\\\/#article\",\"isPartOf\":{\"@id\":\"https:\\\/\\\/www.academica.school\\\/news\\\/compromiso-educacion-diploma-dual-colegio-pureza-maria-tenerife\\\/\"},\"author\":{\"name\":\"Academica Spain\",\"@id\":\"https:\\\/\\\/www.academica.school\\\/news\\\/#\\\/schema\\\/person\\\/a9da1d35195720e471d7993db5fa06cd\"},\"headline\":\"Compromiso con la educaci\u00f3n: el Diploma Dual en el Colegio Pureza de Mar\u00eda de Santa Cruz de Tenerife\",\"datePublished\":\"2026-01-16T14:33:27+00:00\",\"dateModified\":\"2026-01-28T12:55:05+00:00\",\"mainEntityOfPage\":{\"@id\":\"https:\\\/\\\/www.academica.school\\\/news\\\/compromiso-educacion-diploma-dual-colegio-pureza-maria-tenerife\\\/\"},\"wordCount\":194,\"publisher\":{\"@id\":\"https:\\\/\\\/www.academica.school\\\/news\\\/#organization\"},\"image\":{\"@id\":\"https:\\\/\\\/www.academica.school\\\/news\\\/compromiso-educacion-diploma-dual-colegio-pureza-maria-tenerife\\\/#primaryimage\"},\"thumbnailUrl\":\"https:\\\/\\\/i0.wp.com\\\/www.academica.school\\\/news\\\/wp-content\\\/uploads\\\/2026\\\/01\\\/diploma-dual-pureza-maria-tenerife-e1768551421222.jpg?fit=1000%2C1011&ssl=1\",\"keywords\":[\"academica\",\"academica spain\",\"alumnos\",\"american high school\",\"bachillerato americano\",\"colegio\",\"colegio pureza de maria\",\"Diploma Dual\",\"dual diploma\",\"los 300 mejores\"],\"articleSection\":[\"Last News\"],\"inLanguage\":\"es\"},{\"@type\":\"WebPage\",\"@id\":\"https:\\\/\\\/www.academica.school\\\/news\\\/compromiso-educacion-diploma-dual-colegio-pureza-maria-tenerife\\\/\",\"url\":\"https:\\\/\\\/www.academica.school\\\/news\\\/compromiso-educacion-diploma-dual-colegio-pureza-maria-tenerife\\\/\",\"name\":\"Compromiso con la educaci\u00f3n: el Diploma Dual en el Colegio Pureza de Mar\u00eda de Santa Cruz de Tenerife - Academica News\",\"isPartOf\":{\"@id\":\"https:\\\/\\\/www.academica.school\\\/news\\\/#website\"},\"primaryImageOfPage\":{\"@id\":\"https:\\\/\\\/www.academica.school\\\/news\\\/compromiso-educacion-diploma-dual-colegio-pureza-maria-tenerife\\\/#primaryimage\"},\"image\":{\"@id\":\"https:\\\/\\\/www.academica.school\\\/news\\\/compromiso-educacion-diploma-dual-colegio-pureza-maria-tenerife\\\/#primaryimage\"},\"thumbnailUrl\":\"https:\\\/\\\/i0.wp.com\\\/www.academica.school\\\/news\\\/wp-content\\\/uploads\\\/2026\\\/01\\\/diploma-dual-pureza-maria-tenerife-e1768551421222.jpg?fit=1000%2C1011&ssl=1\",\"datePublished\":\"2026-01-16T14:33:27+00:00\",\"dateModified\":\"2026-01-28T12:55:05+00:00\",\"description\":\"Durante nuestra visita al Colegio Pureza de Mar\u00eda de Santa Cruz de Tenerife, tuvimos la oportunidad de conocer de primera mano c\u00f3mo se desarrolla el Diploma Dual.\",\"breadcrumb\":{\"@id\":\"https:\\\/\\\/www.academica.school\\\/news\\\/compromiso-educacion-diploma-dual-colegio-pureza-maria-tenerife\\\/#breadcrumb\"},\"inLanguage\":\"es\",\"potentialAction\":[{\"@type\":\"ReadAction\",\"target\":[\"https:\\\/\\\/www.academica.school\\\/news\\\/compromiso-educacion-diploma-dual-colegio-pureza-maria-tenerife\\\/\"]}]},{\"@type\":\"ImageObject\",\"inLanguage\":\"es\",\"@id\":\"https:\\\/\\\/www.academica.school\\\/news\\\/compromiso-educacion-diploma-dual-colegio-pureza-maria-tenerife\\\/#primaryimage\",\"url\":\"https:\\\/\\\/i0.wp.com\\\/www.academica.school\\\/news\\\/wp-content\\\/uploads\\\/2026\\\/01\\\/diploma-dual-pureza-maria-tenerife-e1768551421222.jpg?fit=1000%2C1011&ssl=1\",\"contentUrl\":\"https:\\\/\\\/i0.wp.com\\\/www.academica.school\\\/news\\\/wp-content\\\/uploads\\\/2026\\\/01\\\/diploma-dual-pureza-maria-tenerife-e1768551421222.jpg?fit=1000%2C1011&ssl=1\",\"width\":1000,\"height\":1011,\"caption\":\"Visita Colegio Pureza de Mar\u00eda Santa Cruz de Tenerife\"},{\"@type\":\"BreadcrumbList\",\"@id\":\"https:\\\/\\\/www.academica.school\\\/news\\\/compromiso-educacion-diploma-dual-colegio-pureza-maria-tenerife\\\/#breadcrumb\",\"itemListElement\":[{\"@type\":\"ListItem\",\"position\":1,\"name\":\"Portada\",\"item\":\"https:\\\/\\\/www.academica.school\\\/news\\\/\"},{\"@type\":\"ListItem\",\"position\":2,\"name\":\"Compromiso con la educaci\u00f3n: el Diploma Dual en el Colegio Pureza de Mar\u00eda de Santa Cruz de Tenerife\"}]},{\"@type\":\"WebSite\",\"@id\":\"https:\\\/\\\/www.academica.school\\\/news\\\/#website\",\"url\":\"https:\\\/\\\/www.academica.school\\\/news\\\/\",\"name\":\"Academica News\",\"description\":\"todo lo que pasa en el mundo acad\u00e9mico, sobre universidades y cualquier evento o novedad en la que participemos\",\"publisher\":{\"@id\":\"https:\\\/\\\/www.academica.school\\\/news\\\/#organization\"},\"potentialAction\":[{\"@type\":\"SearchAction\",\"target\":{\"@type\":\"EntryPoint\",\"urlTemplate\":\"https:\\\/\\\/www.academica.school\\\/news\\\/?s={search_term_string}\"},\"query-input\":{\"@type\":\"PropertyValueSpecification\",\"valueRequired\":true,\"valueName\":\"search_term_string\"}}],\"inLanguage\":\"es\"},{\"@type\":\"Organization\",\"@id\":\"https:\\\/\\\/www.academica.school\\\/news\\\/#organization\",\"name\":\"Academica\",\"url\":\"https:\\\/\\\/www.academica.school\\\/news\\\/\",\"logo\":{\"@type\":\"ImageObject\",\"inLanguage\":\"es\",\"@id\":\"https:\\\/\\\/www.academica.school\\\/news\\\/#\\\/schema\\\/logo\\\/image\\\/\",\"url\":\"https:\\\/\\\/i1.wp.com\\\/www.academica.school\\\/news\\\/wp-content\\\/uploads\\\/2019\\\/11\\\/Captura-de-pantalla-2019-11-20-a-las-12.14.04.png?fit=799%2C500&ssl=1\",\"contentUrl\":\"https:\\\/\\\/i1.wp.com\\\/www.academica.school\\\/news\\\/wp-content\\\/uploads\\\/2019\\\/11\\\/Captura-de-pantalla-2019-11-20-a-las-12.14.04.png?fit=799%2C500&ssl=1\",\"width\":799,\"height\":500,\"caption\":\"Academica\"},\"image\":{\"@id\":\"https:\\\/\\\/www.academica.school\\\/news\\\/#\\\/schema\\\/logo\\\/image\\\/\"}},{\"@type\":\"Person\",\"@id\":\"https:\\\/\\\/www.academica.school\\\/news\\\/#\\\/schema\\\/person\\\/a9da1d35195720e471d7993db5fa06cd\",\"name\":\"Academica Spain\",\"image\":{\"@type\":\"ImageObject\",\"inLanguage\":\"es\",\"@id\":\"https:\\\/\\\/secure.gravatar.com\\\/avatar\\\/a7ed0e6b5e69a0c89f30117b1b70787c4c8d25c0438514a94ac82dee11b08589?s=96&d=mm&r=g\",\"url\":\"https:\\\/\\\/secure.gravatar.com\\\/avatar\\\/a7ed0e6b5e69a0c89f30117b1b70787c4c8d25c0438514a94ac82dee11b08589?s=96&d=mm&r=g\",\"contentUrl\":\"https:\\\/\\\/secure.gravatar.com\\\/avatar\\\/a7ed0e6b5e69a0c89f30117b1b70787c4c8d25c0438514a94ac82dee11b08589?s=96&d=mm&r=g\",\"caption\":\"Academica Spain\"},\"url\":\"https:\\\/\\\/www.academica.school\\\/news\\\/author\\\/pquecedoacademica-school\\\/\"}]}<\/script>\n<!-- \/ Yoast SEO plugin. -->","yoast_head_json":{"title":"Compromiso con la educaci\u00f3n: el Diploma Dual en el Colegio Pureza de Mar\u00eda de Santa Cruz de Tenerife - Academica News","description":"Durante nuestra visita al Colegio Pureza de Mar\u00eda de Santa Cruz de Tenerife, tuvimos la oportunidad de conocer de primera mano c\u00f3mo se desarrolla el Diploma Dual.","robots":{"index":"index","follow":"follow","max-snippet":"max-snippet:-1","max-image-preview":"max-image-preview:large","max-video-preview":"max-video-preview:-1"},"canonical":"https:\/\/www.academica.school\/news\/compromiso-educacion-diploma-dual-colegio-pureza-maria-tenerife\/","og_locale":"es_ES","og_type":"article","og_title":"Compromiso con la educaci\u00f3n: el Diploma Dual en el Colegio Pureza de Mar\u00eda de Santa Cruz de Tenerife - Academica News","og_description":"Durante nuestra visita al Colegio Pureza de Mar\u00eda de Santa Cruz de Tenerife, tuvimos la oportunidad de conocer de primera mano c\u00f3mo se desarrolla el Diploma Dual.","og_url":"https:\/\/www.academica.school\/news\/compromiso-educacion-diploma-dual-colegio-pureza-maria-tenerife\/","og_site_name":"Academica News","article_published_time":"2026-01-16T14:33:27+00:00","article_modified_time":"2026-01-28T12:55:05+00:00","og_image":[{"width":1000,"height":1011,"url":"https:\/\/www.academica.school\/news\/wp-content\/uploads\/2026\/01\/diploma-dual-pureza-maria-tenerife-e1768551421222.jpg","type":"image\/jpeg"}],"author":"Academica Spain","twitter_card":"summary_large_image","twitter_misc":{"Escrito por":"Academica Spain","Tiempo de lectura":"1 minuto"},"schema":{"@context":"https:\/\/schema.org","@graph":[{"@type":"Article","@id":"https:\/\/www.academica.school\/news\/compromiso-educacion-diploma-dual-colegio-pureza-maria-tenerife\/#article","isPartOf":{"@id":"https:\/\/www.academica.school\/news\/compromiso-educacion-diploma-dual-colegio-pureza-maria-tenerife\/"},"author":{"name":"Academica Spain","@id":"https:\/\/www.academica.school\/news\/#\/schema\/person\/a9da1d35195720e471d7993db5fa06cd"},"headline":"Compromiso con la educaci\u00f3n: el Diploma Dual en el Colegio Pureza de Mar\u00eda de Santa Cruz de Tenerife","datePublished":"2026-01-16T14:33:27+00:00","dateModified":"2026-01-28T12:55:05+00:00","mainEntityOfPage":{"@id":"https:\/\/www.academica.school\/news\/compromiso-educacion-diploma-dual-colegio-pureza-maria-tenerife\/"},"wordCount":194,"publisher":{"@id":"https:\/\/www.academica.school\/news\/#organization"},"image":{"@id":"https:\/\/www.academica.school\/news\/compromiso-educacion-diploma-dual-colegio-pureza-maria-tenerife\/#primaryimage"},"thumbnailUrl":"https:\/\/i0.wp.com\/www.academica.school\/news\/wp-content\/uploads\/2026\/01\/diploma-dual-pureza-maria-tenerife-e1768551421222.jpg?fit=1000%2C1011&ssl=1","keywords":["academica","academica spain","alumnos","american high school","bachillerato americano","colegio","colegio pureza de maria","Diploma Dual","dual diploma","los 300 mejores"],"articleSection":["Last News"],"inLanguage":"es"},{"@type":"WebPage","@id":"https:\/\/www.academica.school\/news\/compromiso-educacion-diploma-dual-colegio-pureza-maria-tenerife\/","url":"https:\/\/www.academica.school\/news\/compromiso-educacion-diploma-dual-colegio-pureza-maria-tenerife\/","name":"Compromiso con la educaci\u00f3n: el Diploma Dual en el Colegio Pureza de Mar\u00eda de Santa Cruz de Tenerife - Academica News","isPartOf":{"@id":"https:\/\/www.academica.school\/news\/#website"},"primaryImageOfPage":{"@id":"https:\/\/www.academica.school\/news\/compromiso-educacion-diploma-dual-colegio-pureza-maria-tenerife\/#primaryimage"},"image":{"@id":"https:\/\/www.academica.school\/news\/compromiso-educacion-diploma-dual-colegio-pureza-maria-tenerife\/#primaryimage"},"thumbnailUrl":"https:\/\/i0.wp.com\/www.academica.school\/news\/wp-content\/uploads\/2026\/01\/diploma-dual-pureza-maria-tenerife-e1768551421222.jpg?fit=1000%2C1011&ssl=1","datePublished":"2026-01-16T14:33:27+00:00","dateModified":"2026-01-28T12:55:05+00:00","description":"Durante nuestra visita al Colegio Pureza de Mar\u00eda de Santa Cruz de Tenerife, tuvimos la oportunidad de conocer de primera mano c\u00f3mo se desarrolla el Diploma Dual.","breadcrumb":{"@id":"https:\/\/www.academica.school\/news\/compromiso-educacion-diploma-dual-colegio-pureza-maria-tenerife\/#breadcrumb"},"inLanguage":"es","potentialAction":[{"@type":"ReadAction","target":["https:\/\/www.academica.school\/news\/compromiso-educacion-diploma-dual-colegio-pureza-maria-tenerife\/"]}]},{"@type":"ImageObject","inLanguage":"es","@id":"https:\/\/www.academica.school\/news\/compromiso-educacion-diploma-dual-colegio-pureza-maria-tenerife\/#primaryimage","url":"https:\/\/i0.wp.com\/www.academica.school\/news\/wp-content\/uploads\/2026\/01\/diploma-dual-pureza-maria-tenerife-e1768551421222.jpg?fit=1000%2C1011&ssl=1","contentUrl":"https:\/\/i0.wp.com\/www.academica.school\/news\/wp-content\/uploads\/2026\/01\/diploma-dual-pureza-maria-tenerife-e1768551421222.jpg?fit=1000%2C1011&ssl=1","width":1000,"height":1011,"caption":"Visita Colegio Pureza de Mar\u00eda Santa Cruz de Tenerife"},{"@type":"BreadcrumbList","@id":"https:\/\/www.academica.school\/news\/compromiso-educacion-diploma-dual-colegio-pureza-maria-tenerife\/#breadcrumb","itemListElement":[{"@type":"ListItem","position":1,"name":"Portada","item":"https:\/\/www.academica.school\/news\/"},{"@type":"ListItem","position":2,"name":"Compromiso con la educaci\u00f3n: el Diploma Dual en el Colegio Pureza de Mar\u00eda de Santa Cruz de Tenerife"}]},{"@type":"WebSite","@id":"https:\/\/www.academica.school\/news\/#website","url":"https:\/\/www.academica.school\/news\/","name":"Academica News","description":"todo lo que pasa en el mundo acad\u00e9mico, sobre universidades y cualquier evento o novedad en la que participemos","publisher":{"@id":"https:\/\/www.academica.school\/news\/#organization"},"potentialAction":[{"@type":"SearchAction","target":{"@type":"EntryPoint","urlTemplate":"https:\/\/www.academica.school\/news\/?s={search_term_string}"},"query-input":{"@type":"PropertyValueSpecification","valueRequired":true,"valueName":"search_term_string"}}],"inLanguage":"es"},{"@type":"Organization","@id":"https:\/\/www.academica.school\/news\/#organization","name":"Academica","url":"https:\/\/www.academica.school\/news\/","logo":{"@type":"ImageObject","inLanguage":"es","@id":"https:\/\/www.academica.school\/news\/#\/schema\/logo\/image\/","url":"https:\/\/i1.wp.com\/www.academica.school\/news\/wp-content\/uploads\/2019\/11\/Captura-de-pantalla-2019-11-20-a-las-12.14.04.png?fit=799%2C500&ssl=1","contentUrl":"https:\/\/i1.wp.com\/www.academica.school\/news\/wp-content\/uploads\/2019\/11\/Captura-de-pantalla-2019-11-20-a-las-12.14.04.png?fit=799%2C500&ssl=1","width":799,"height":500,"caption":"Academica"},"image":{"@id":"https:\/\/www.academica.school\/news\/#\/schema\/logo\/image\/"}},{"@type":"Person","@id":"https:\/\/www.academica.school\/news\/#\/schema\/person\/a9da1d35195720e471d7993db5fa06cd","name":"Academica Spain","image":{"@type":"ImageObject","inLanguage":"es","@id":"https:\/\/secure.gravatar.com\/avatar\/a7ed0e6b5e69a0c89f30117b1b70787c4c8d25c0438514a94ac82dee11b08589?s=96&d=mm&r=g","url":"https:\/\/secure.gravatar.com\/avatar\/a7ed0e6b5e69a0c89f30117b1b70787c4c8d25c0438514a94ac82dee11b08589?s=96&d=mm&r=g","contentUrl":"https:\/\/secure.gravatar.com\/avatar\/a7ed0e6b5e69a0c89f30117b1b70787c4c8d25c0438514a94ac82dee11b08589?s=96&d=mm&r=g","caption":"Academica Spain"},"url":"https:\/\/www.academica.school\/news\/author\/pquecedoacademica-school\/"}]}},"jetpack_featured_media_url":"https:\/\/i0.wp.com\/www.academica.school\/news\/wp-content\/uploads\/2026\/01\/diploma-dual-pureza-maria-tenerife-e1768551421222.jpg?fit=1000%2C1011&ssl=1","jetpack_sharing_enabled":true,"jetpack_shortlink":"https:\/\/wp.me\/p8RDKh-11Y","jetpack-related-posts":[{"id":4292,"url":"https:\/\/www.academica.school\/news\/tres-palabras-gran-experiencia-diploma-dual-pureza-maria-tenerife\/","url_meta":{"origin":3966,"position":0},"title":"Tres palabras, una gran experiencia: as\u00ed viven el Diploma Dual los alumnos del Colegio Pureza de Mar\u00eda de Tenerife","author":"Academica Spain","date":"abril 16, 2026","format":false,"excerpt":"Los alumnos que est\u00e1n cursando el Diploma Dual en el Colegio Pureza de Mar\u00eda de Santa Cruz de Tenerife nos cuentan su experiencia con el programa. En tan solo tres palabras, cada uno de ellos resume c\u00f3mo est\u00e1 viviendo el programa, reflejando sus retos, aprendizajes y momentos m\u00e1s significativos. El\u2026","rel":"","context":"En \u00abLast News\u00bb","block_context":{"text":"Last News","link":"https:\/\/www.academica.school\/news\/last-news\/"},"img":{"alt_text":"V\u00eddeo Colegio Pureza de Mar\u00eda Santa Cruz de Tenerife","src":"https:\/\/i0.wp.com\/www.academica.school\/news\/wp-content\/uploads\/2026\/04\/diploma-dual-pureza-maria-sta-cruz-e1776339227463.png?fit=600%2C722&ssl=1&resize=350%2C200","width":350,"height":200,"srcset":"https:\/\/i0.wp.com\/www.academica.school\/news\/wp-content\/uploads\/2026\/04\/diploma-dual-pureza-maria-sta-cruz-e1776339227463.png?fit=600%2C722&ssl=1&resize=350%2C200 1x, https:\/\/i0.wp.com\/www.academica.school\/news\/wp-content\/uploads\/2026\/04\/diploma-dual-pureza-maria-sta-cruz-e1776339227463.png?fit=600%2C722&ssl=1&resize=525%2C300 1.5x"},"classes":[]},{"id":4329,"url":"https:\/\/www.academica.school\/news\/diploma-dual-alumnos-colegio-pureza-de-maria-ontinyent\/","url_meta":{"origin":3966,"position":1},"title":"As\u00ed viven el Diploma Dual los alumnos del Colegio Pureza de Mar\u00eda de Ontinyent","author":"Academica Spain","date":"abril 30, 2026","format":false,"excerpt":"Los alumnos que actualmente est\u00e1n cursando el Diploma Dual en el Colegio Pureza de Mar\u00eda de Ontinyent nos cuentan su experiencia con el programa. En este v\u00eddeo, nos explican c\u00f3mo les ha ido durante el primer semestre del curso, c\u00f3mo se organizan para realizar las tareas y asistir a las\u2026","rel":"","context":"En \u00abLast News\u00bb","block_context":{"text":"Last News","link":"https:\/\/www.academica.school\/news\/last-news\/"},"img":{"alt_text":"V\u00eddeo Colegio Pureza de Mar\u00eda Ontinyent","src":"https:\/\/i0.wp.com\/www.academica.school\/news\/wp-content\/uploads\/2026\/04\/EDITORIAL-REUNIONES-SEMANALES-CURSO-202425-2.jpg?fit=1200%2C851&ssl=1&resize=350%2C200","width":350,"height":200,"srcset":"https:\/\/i0.wp.com\/www.academica.school\/news\/wp-content\/uploads\/2026\/04\/EDITORIAL-REUNIONES-SEMANALES-CURSO-202425-2.jpg?fit=1200%2C851&ssl=1&resize=350%2C200 1x, https:\/\/i0.wp.com\/www.academica.school\/news\/wp-content\/uploads\/2026\/04\/EDITORIAL-REUNIONES-SEMANALES-CURSO-202425-2.jpg?fit=1200%2C851&ssl=1&resize=525%2C300 1.5x, https:\/\/i0.wp.com\/www.academica.school\/news\/wp-content\/uploads\/2026\/04\/EDITORIAL-REUNIONES-SEMANALES-CURSO-202425-2.jpg?fit=1200%2C851&ssl=1&resize=700%2C400 2x, https:\/\/i0.wp.com\/www.academica.school\/news\/wp-content\/uploads\/2026\/04\/EDITORIAL-REUNIONES-SEMANALES-CURSO-202425-2.jpg?fit=1200%2C851&ssl=1&resize=1050%2C600 3x"},"classes":[]},{"id":4175,"url":"https:\/\/www.academica.school\/news\/diploma-dual-colegio-luther-king-arafo-santa-cruz-de-tenerife\/","url_meta":{"origin":3966,"position":2},"title":"El Diploma Dual en el Colegio Luther King Arafo de Santa Cruz de Tenerife","author":"Academica Spain","date":"marzo 26, 2026","format":"video","excerpt":"Luc\u00eda est\u00e1 cursando su primer a\u00f1o del Diploma Dual en el Colegio Luther King Arafo de Santa Cruz de Tenerife y, en este v\u00eddeo, nos cuenta su experiencia en el programa. Nos habla de c\u00f3mo se organiza, c\u00f3mo se distribuye las tareas y del apoyo que recibe de su profesor\u2026","rel":"","context":"En \u00abLast News\u00bb","block_context":{"text":"Last News","link":"https:\/\/www.academica.school\/news\/last-news\/"},"img":{"alt_text":"V\u00eddeo Luther King Arafo Santa Cruz de Tenerife","src":"https:\/\/i0.wp.com\/www.academica.school\/news\/wp-content\/uploads\/2026\/03\/diploma-dual-luther-king-arafo.png?fit=866%2C1190&ssl=1&resize=350%2C200","width":350,"height":200,"srcset":"https:\/\/i0.wp.com\/www.academica.school\/news\/wp-content\/uploads\/2026\/03\/diploma-dual-luther-king-arafo.png?fit=866%2C1190&ssl=1&resize=350%2C200 1x, https:\/\/i0.wp.com\/www.academica.school\/news\/wp-content\/uploads\/2026\/03\/diploma-dual-luther-king-arafo.png?fit=866%2C1190&ssl=1&resize=525%2C300 1.5x, https:\/\/i0.wp.com\/www.academica.school\/news\/wp-content\/uploads\/2026\/03\/diploma-dual-luther-king-arafo.png?fit=866%2C1190&ssl=1&resize=700%2C400 2x"},"classes":[]},{"id":4322,"url":"https:\/\/www.academica.school\/news\/alumna-luther-king-san-miguel-experiencia-diploma-dual\/","url_meta":{"origin":3966,"position":3},"title":"Eneritz, alumna del Colegio Luther King San Miguel de Santa Cruz de Tenerife, nos cuenta su experiencia con el Diploma Dual","author":"Academica Spain","date":"abril 28, 2026","format":false,"excerpt":"Eneritz, alumna de 2\u00ba de la ESO en el Colegio Luther King San Miguel de Santa Cruz de Tenerife, est\u00e1 realizando el Diploma Dual y, en este v\u00eddeo, nos cuenta su experiencia con el programa. Tras haber finalizado el primer semestre con \u00e9xito, nos explica c\u00f3mo fueron para ella los\u2026","rel":"","context":"En \u00abLast News\u00bb","block_context":{"text":"Last News","link":"https:\/\/www.academica.school\/news\/last-news\/"},"img":{"alt_text":"V\u00eddeo Colegio Luther King San Miguel Santa Cruz de Tenerife","src":"https:\/\/i0.wp.com\/www.academica.school\/news\/wp-content\/uploads\/2026\/04\/diploma-dual-luther-king-san-miguel-e1777361305154.png?fit=752%2C902&ssl=1&resize=350%2C200","width":350,"height":200,"srcset":"https:\/\/i0.wp.com\/www.academica.school\/news\/wp-content\/uploads\/2026\/04\/diploma-dual-luther-king-san-miguel-e1777361305154.png?fit=752%2C902&ssl=1&resize=350%2C200 1x, https:\/\/i0.wp.com\/www.academica.school\/news\/wp-content\/uploads\/2026\/04\/diploma-dual-luther-king-san-miguel-e1777361305154.png?fit=752%2C902&ssl=1&resize=525%2C300 1.5x, https:\/\/i0.wp.com\/www.academica.school\/news\/wp-content\/uploads\/2026\/04\/diploma-dual-luther-king-san-miguel-e1777361305154.png?fit=752%2C902&ssl=1&resize=700%2C400 2x"},"classes":[]},{"id":3158,"url":"https:\/\/www.academica.school\/news\/diploma-dual-colegio-santo-domingo\/","url_meta":{"origin":3966,"position":4},"title":"El Diploma Dual en el Colegio Santo Domingo de Santa Cruz de Tenerife","author":"Academica Spain","date":"abril 14, 2025","format":"video","excerpt":"Los alumnos del Colegio Santo Domingo de Santa Cruz de Tenerife nos cuentan su experiencia cursando el Diploma Dual. Actualmente se encuentran realizando el programa y, en este v\u00eddeo, explican en qu\u00e9 consiste el Diploma Dual, las asignaturas que est\u00e1n cursando y lo mucho que est\u00e1n aprendiendo. No s\u00f3lo est\u00e1n\u2026","rel":"","context":"En \u00abLast News\u00bb","block_context":{"text":"Last News","link":"https:\/\/www.academica.school\/news\/last-news\/"},"img":{"alt_text":"","src":"","width":0,"height":0},"classes":[]},{"id":2173,"url":"https:\/\/www.academica.school\/news\/descubre-que-poster-ha-sido-premiado-con-otro-ipad\/","url_meta":{"origin":3966,"position":5},"title":"Descubre qu\u00e9 p\u00f3ster ha sido premiado con otro iPad","author":"Academica Spain","date":"marzo 4, 2024","format":false,"excerpt":"Estate al d\u00eda de todas las noticias y descubre los premiados en el reto de utilizar la herramienta \"Make Your Poster\" a trav\u00e9s del Instagram de Academica (@academicaspain). \u00a1S\u00edguenos! Son miles los p\u00f3sters que estamos recibiendo a lo largo de estas semanas y hemos procedido a sortear otro iPad entre\u2026","rel":"","context":"En \u00abLast News\u00bb","block_context":{"text":"Last News","link":"https:\/\/www.academica.school\/news\/last-news\/"},"img":{"alt_text":"diploma-dual-colegio-costa-adeje-santa-cruz-de-tenerife-academica","src":"https:\/\/i0.wp.com\/www.academica.school\/news\/wp-content\/uploads\/2024\/03\/MAKE-YOUR-POSTER-CURSO-202324-2.jpg?fit=1200%2C848&ssl=1&resize=350%2C200","width":350,"height":200,"srcset":"https:\/\/i0.wp.com\/www.academica.school\/news\/wp-content\/uploads\/2024\/03\/MAKE-YOUR-POSTER-CURSO-202324-2.jpg?fit=1200%2C848&ssl=1&resize=350%2C200 1x, https:\/\/i0.wp.com\/www.academica.school\/news\/wp-content\/uploads\/2024\/03\/MAKE-YOUR-POSTER-CURSO-202324-2.jpg?fit=1200%2C848&ssl=1&resize=525%2C300 1.5x, https:\/\/i0.wp.com\/www.academica.school\/news\/wp-content\/uploads\/2024\/03\/MAKE-YOUR-POSTER-CURSO-202324-2.jpg?fit=1200%2C848&ssl=1&resize=700%2C400 2x, https:\/\/i0.wp.com\/www.academica.school\/news\/wp-content\/uploads\/2024\/03\/MAKE-YOUR-POSTER-CURSO-202324-2.jpg?fit=1200%2C848&ssl=1&resize=1050%2C600 3x"},"classes":[]}],"_links":{"self":[{"href":"https:\/\/www.academica.school\/news\/wp-json\/wp\/v2\/posts\/3966","targetHints":{"allow":["GET"]}}],"collection":[{"href":"https:\/\/www.academica.school\/news\/wp-json\/wp\/v2\/posts"}],"about":[{"href":"https:\/\/www.academica.school\/news\/wp-json\/wp\/v2\/types\/post"}],"author":[{"embeddable":true,"href":"https:\/\/www.academica.school\/news\/wp-json\/wp\/v2\/users\/6"}],"replies":[{"embeddable":true,"href":"https:\/\/www.academica.school\/news\/wp-json\/wp\/v2\/comments?post=3966"}],"version-history":[{"count":4,"href":"https:\/\/www.academica.school\/news\/wp-json\/wp\/v2\/posts\/3966\/revisions"}],"predecessor-version":[{"id":4006,"href":"https:\/\/www.academica.school\/news\/wp-json\/wp\/v2\/posts\/3966\/revisions\/4006"}],"wp:featuredmedia":[{"embeddable":true,"href":"https:\/\/www.academica.school\/news\/wp-json\/wp\/v2\/media\/3967"}],"wp:attachment":[{"href":"https:\/\/www.academica.school\/news\/wp-json\/wp\/v2\/media?parent=3966"}],"wp:term":[{"taxonomy":"category","embeddable":true,"href":"https:\/\/www.academica.school\/news\/wp-json\/wp\/v2\/categories?post=3966"},{"taxonomy":"post_tag","embeddable":true,"href":"https:\/\/www.academica.school\/news\/wp-json\/wp\/v2\/tags?post=3966"}],"curies":[{"name":"wp","href":"https:\/\/api.w.org\/{rel}","templated":true}]}}