{"id":4322,"date":"2026-04-28T07:19:16","date_gmt":"2026-04-28T07:19:16","guid":{"rendered":"https:\/\/www.academica.school\/news\/?p=4322"},"modified":"2026-04-28T07:28:50","modified_gmt":"2026-04-28T07:28:50","slug":"alumna-luther-king-san-miguel-experiencia-diploma-dual","status":"publish","type":"post","link":"https:\/\/www.academica.school\/news\/alumna-luther-king-san-miguel-experiencia-diploma-dual\/","title":{"rendered":"Eneritz, alumna del Colegio Luther King San Miguel de Santa Cruz de Tenerife, nos cuenta su experiencia con el Diploma Dual"},"content":{"rendered":"<p>Eneritz, alumna de 2\u00ba de la ESO en el <span style=\"color: #000000;\"><a style=\"color: #000000;\" href=\"https:\/\/lutherking.com\"><span style=\"text-decoration: underline;\"><strong>Colegio Luther King San Miguel de Santa Cruz de Tenerife<\/strong><\/span><\/a>, est\u00e1 realizando el Diploma Dual y, en este v\u00eddeo, nos cuenta su experiencia con el programa.<\/span><\/p>\n<p><!--more--><\/p>\n<p>Tras haber finalizado el primer semestre con \u00e9xito, nos explica c\u00f3mo fueron para ella los primeros meses cursando el Bachillerato Dual. Sin duda, una experiencia que, a medida que avanza el tiempo, le est\u00e1 ayudando a mejorar su ingl\u00e9s, tener m\u00e1s confianza en si misma, organizarse mejor y conocer a compa\u00f1eros de otros pa\u00edses. Ahora, se encuentra cursando el segundo semestre del curso.<\/p>\n<p>El Diploma Dual\u00ae es el programa oficial de convalidaci\u00f3n internacional de t\u00edtulos de Bachillerato creado y desarrollado por Academica, que permite a los alumnos obtener dos titulaciones simult\u00e1neas: la propia de su pa\u00eds y el American High School Diploma.<\/p>\n<p><span style=\"color: #000000;\"><a style=\"color: #000000;\" href=\"https:\/\/www.instagram.com\/reel\/DXWQDaMMqVB\/?utm_source=ig_web_copy_link&amp;igsh=MzRlODBiNWFlZA==\" data-cmp-ab=\"2\"><strong>Enlace<\/strong><\/a><\/span> al v\u00eddeo. \u00a1Estate al tanto de todas sus noticias!<\/p>\n","protected":false},"excerpt":{"rendered":"<p>Eneritz, alumna de 2\u00ba de la ESO en el Colegio Luther King San Miguel de Santa Cruz de Tenerife, est\u00e1 realizando el Diploma Dual y, en este v\u00eddeo, nos cuenta su experiencia con el programa.<\/p>\n","protected":false},"author":6,"featured_media":4323,"comment_status":"closed","ping_status":"closed","sticky":false,"template":"","format":"standard","meta":{"_jetpack_memberships_contains_paid_content":false,"footnotes":""},"categories":[1],"tags":[9,139,89,198,63,208,911,4,222,431],"class_list":["post-4322","post","type-post","status-publish","format-standard","has-post-thumbnail","hentry","category-last-news","tag-academica","tag-academica-spain","tag-alumnos","tag-american-high-school","tag-bachillerato-americano","tag-colegio","tag-colegio-luther-king-san-miguel","tag-diploma-dual","tag-dual-diploma","tag-los-300-mejores","clearfix"],"yoast_head":"<!-- This site is optimized with the Yoast SEO plugin v27.4 - https:\/\/yoast.com\/product\/yoast-seo-wordpress\/ -->\n<title>Eneritz, alumna del Colegio Luther King San Miguel de Santa Cruz de Tenerife, nos cuenta su experiencia con el Diploma Dual - Academica News<\/title>\n<meta name=\"description\" content=\"Eneritz, alumna de 2\u00ba de la ESO en el Colegio Luther King San Miguel de Santa Cruz de Tenerife, est\u00e1 realizando el Diploma Dual.\" \/>\n<meta name=\"robots\" content=\"index, follow, max-snippet:-1, max-image-preview:large, max-video-preview:-1\" \/>\n<link rel=\"canonical\" href=\"https:\/\/www.academica.school\/news\/alumna-luther-king-san-miguel-experiencia-diploma-dual\/\" \/>\n<meta property=\"og:locale\" content=\"es_ES\" \/>\n<meta property=\"og:type\" content=\"article\" \/>\n<meta property=\"og:title\" content=\"Eneritz, alumna del Colegio Luther King San Miguel de Santa Cruz de Tenerife, nos cuenta su experiencia con el Diploma Dual - Academica News\" \/>\n<meta property=\"og:description\" content=\"Eneritz, alumna de 2\u00ba de la ESO en el Colegio Luther King San Miguel de Santa Cruz de Tenerife, est\u00e1 realizando el Diploma Dual.\" \/>\n<meta property=\"og:url\" content=\"https:\/\/www.academica.school\/news\/alumna-luther-king-san-miguel-experiencia-diploma-dual\/\" \/>\n<meta property=\"og:site_name\" content=\"Academica News\" \/>\n<meta property=\"article:published_time\" content=\"2026-04-28T07:19:16+00:00\" \/>\n<meta property=\"article:modified_time\" content=\"2026-04-28T07:28:50+00:00\" \/>\n<meta property=\"og:image\" content=\"https:\/\/www.academica.school\/news\/wp-content\/uploads\/2026\/04\/diploma-dual-luther-king-san-miguel-e1777361305154.png\" \/>\n\t<meta property=\"og:image:width\" content=\"752\" \/>\n\t<meta property=\"og:image:height\" content=\"902\" \/>\n\t<meta property=\"og:image:type\" content=\"image\/png\" \/>\n<meta name=\"author\" content=\"Academica Spain\" \/>\n<meta name=\"twitter:card\" content=\"summary_large_image\" \/>\n<meta name=\"twitter:label1\" content=\"Escrito por\" \/>\n\t<meta name=\"twitter:data1\" content=\"Academica Spain\" \/>\n\t<meta name=\"twitter:label2\" content=\"Tiempo de lectura\" \/>\n\t<meta name=\"twitter:data2\" content=\"1 minuto\" \/>\n<script type=\"application\/ld+json\" class=\"yoast-schema-graph\">{\"@context\":\"https:\\\/\\\/schema.org\",\"@graph\":[{\"@type\":\"Article\",\"@id\":\"https:\\\/\\\/www.academica.school\\\/news\\\/alumna-luther-king-san-miguel-experiencia-diploma-dual\\\/#article\",\"isPartOf\":{\"@id\":\"https:\\\/\\\/www.academica.school\\\/news\\\/alumna-luther-king-san-miguel-experiencia-diploma-dual\\\/\"},\"author\":{\"name\":\"Academica Spain\",\"@id\":\"https:\\\/\\\/www.academica.school\\\/news\\\/#\\\/schema\\\/person\\\/a9da1d35195720e471d7993db5fa06cd\"},\"headline\":\"Eneritz, alumna del Colegio Luther King San Miguel de Santa Cruz de Tenerife, nos cuenta su experiencia con el Diploma Dual\",\"datePublished\":\"2026-04-28T07:19:16+00:00\",\"dateModified\":\"2026-04-28T07:28:50+00:00\",\"mainEntityOfPage\":{\"@id\":\"https:\\\/\\\/www.academica.school\\\/news\\\/alumna-luther-king-san-miguel-experiencia-diploma-dual\\\/\"},\"wordCount\":178,\"publisher\":{\"@id\":\"https:\\\/\\\/www.academica.school\\\/news\\\/#organization\"},\"image\":{\"@id\":\"https:\\\/\\\/www.academica.school\\\/news\\\/alumna-luther-king-san-miguel-experiencia-diploma-dual\\\/#primaryimage\"},\"thumbnailUrl\":\"https:\\\/\\\/i0.wp.com\\\/www.academica.school\\\/news\\\/wp-content\\\/uploads\\\/2026\\\/04\\\/diploma-dual-luther-king-san-miguel-e1777361305154.png?fit=752%2C902&ssl=1\",\"keywords\":[\"academica\",\"academica spain\",\"alumnos\",\"american high school\",\"bachillerato americano\",\"colegio\",\"colegio luther King san miguel\",\"Diploma Dual\",\"dual diploma\",\"los 300 mejores\"],\"articleSection\":[\"Last News\"],\"inLanguage\":\"es\"},{\"@type\":\"WebPage\",\"@id\":\"https:\\\/\\\/www.academica.school\\\/news\\\/alumna-luther-king-san-miguel-experiencia-diploma-dual\\\/\",\"url\":\"https:\\\/\\\/www.academica.school\\\/news\\\/alumna-luther-king-san-miguel-experiencia-diploma-dual\\\/\",\"name\":\"Eneritz, alumna del Colegio Luther King San Miguel de Santa Cruz de Tenerife, nos cuenta su experiencia con el Diploma Dual - Academica News\",\"isPartOf\":{\"@id\":\"https:\\\/\\\/www.academica.school\\\/news\\\/#website\"},\"primaryImageOfPage\":{\"@id\":\"https:\\\/\\\/www.academica.school\\\/news\\\/alumna-luther-king-san-miguel-experiencia-diploma-dual\\\/#primaryimage\"},\"image\":{\"@id\":\"https:\\\/\\\/www.academica.school\\\/news\\\/alumna-luther-king-san-miguel-experiencia-diploma-dual\\\/#primaryimage\"},\"thumbnailUrl\":\"https:\\\/\\\/i0.wp.com\\\/www.academica.school\\\/news\\\/wp-content\\\/uploads\\\/2026\\\/04\\\/diploma-dual-luther-king-san-miguel-e1777361305154.png?fit=752%2C902&ssl=1\",\"datePublished\":\"2026-04-28T07:19:16+00:00\",\"dateModified\":\"2026-04-28T07:28:50+00:00\",\"description\":\"Eneritz, alumna de 2\u00ba de la ESO en el Colegio Luther King San Miguel de Santa Cruz de Tenerife, est\u00e1 realizando el Diploma Dual.\",\"breadcrumb\":{\"@id\":\"https:\\\/\\\/www.academica.school\\\/news\\\/alumna-luther-king-san-miguel-experiencia-diploma-dual\\\/#breadcrumb\"},\"inLanguage\":\"es\",\"potentialAction\":[{\"@type\":\"ReadAction\",\"target\":[\"https:\\\/\\\/www.academica.school\\\/news\\\/alumna-luther-king-san-miguel-experiencia-diploma-dual\\\/\"]}]},{\"@type\":\"ImageObject\",\"inLanguage\":\"es\",\"@id\":\"https:\\\/\\\/www.academica.school\\\/news\\\/alumna-luther-king-san-miguel-experiencia-diploma-dual\\\/#primaryimage\",\"url\":\"https:\\\/\\\/i0.wp.com\\\/www.academica.school\\\/news\\\/wp-content\\\/uploads\\\/2026\\\/04\\\/diploma-dual-luther-king-san-miguel-e1777361305154.png?fit=752%2C902&ssl=1\",\"contentUrl\":\"https:\\\/\\\/i0.wp.com\\\/www.academica.school\\\/news\\\/wp-content\\\/uploads\\\/2026\\\/04\\\/diploma-dual-luther-king-san-miguel-e1777361305154.png?fit=752%2C902&ssl=1\",\"width\":752,\"height\":902,\"caption\":\"V\u00eddeo Colegio Luther King San Miguel Santa Cruz de Tenerife\"},{\"@type\":\"BreadcrumbList\",\"@id\":\"https:\\\/\\\/www.academica.school\\\/news\\\/alumna-luther-king-san-miguel-experiencia-diploma-dual\\\/#breadcrumb\",\"itemListElement\":[{\"@type\":\"ListItem\",\"position\":1,\"name\":\"Portada\",\"item\":\"https:\\\/\\\/www.academica.school\\\/news\\\/\"},{\"@type\":\"ListItem\",\"position\":2,\"name\":\"Eneritz, alumna del Colegio Luther King San Miguel de Santa Cruz de Tenerife, nos cuenta su experiencia con el Diploma Dual\"}]},{\"@type\":\"WebSite\",\"@id\":\"https:\\\/\\\/www.academica.school\\\/news\\\/#website\",\"url\":\"https:\\\/\\\/www.academica.school\\\/news\\\/\",\"name\":\"Academica News\",\"description\":\"todo lo que pasa en el mundo acad\u00e9mico, sobre universidades y cualquier evento o novedad en la que participemos\",\"publisher\":{\"@id\":\"https:\\\/\\\/www.academica.school\\\/news\\\/#organization\"},\"potentialAction\":[{\"@type\":\"SearchAction\",\"target\":{\"@type\":\"EntryPoint\",\"urlTemplate\":\"https:\\\/\\\/www.academica.school\\\/news\\\/?s={search_term_string}\"},\"query-input\":{\"@type\":\"PropertyValueSpecification\",\"valueRequired\":true,\"valueName\":\"search_term_string\"}}],\"inLanguage\":\"es\"},{\"@type\":\"Organization\",\"@id\":\"https:\\\/\\\/www.academica.school\\\/news\\\/#organization\",\"name\":\"Academica\",\"url\":\"https:\\\/\\\/www.academica.school\\\/news\\\/\",\"logo\":{\"@type\":\"ImageObject\",\"inLanguage\":\"es\",\"@id\":\"https:\\\/\\\/www.academica.school\\\/news\\\/#\\\/schema\\\/logo\\\/image\\\/\",\"url\":\"https:\\\/\\\/i1.wp.com\\\/www.academica.school\\\/news\\\/wp-content\\\/uploads\\\/2019\\\/11\\\/Captura-de-pantalla-2019-11-20-a-las-12.14.04.png?fit=799%2C500&ssl=1\",\"contentUrl\":\"https:\\\/\\\/i1.wp.com\\\/www.academica.school\\\/news\\\/wp-content\\\/uploads\\\/2019\\\/11\\\/Captura-de-pantalla-2019-11-20-a-las-12.14.04.png?fit=799%2C500&ssl=1\",\"width\":799,\"height\":500,\"caption\":\"Academica\"},\"image\":{\"@id\":\"https:\\\/\\\/www.academica.school\\\/news\\\/#\\\/schema\\\/logo\\\/image\\\/\"}},{\"@type\":\"Person\",\"@id\":\"https:\\\/\\\/www.academica.school\\\/news\\\/#\\\/schema\\\/person\\\/a9da1d35195720e471d7993db5fa06cd\",\"name\":\"Academica Spain\",\"image\":{\"@type\":\"ImageObject\",\"inLanguage\":\"es\",\"@id\":\"https:\\\/\\\/secure.gravatar.com\\\/avatar\\\/a7ed0e6b5e69a0c89f30117b1b70787c4c8d25c0438514a94ac82dee11b08589?s=96&d=mm&r=g\",\"url\":\"https:\\\/\\\/secure.gravatar.com\\\/avatar\\\/a7ed0e6b5e69a0c89f30117b1b70787c4c8d25c0438514a94ac82dee11b08589?s=96&d=mm&r=g\",\"contentUrl\":\"https:\\\/\\\/secure.gravatar.com\\\/avatar\\\/a7ed0e6b5e69a0c89f30117b1b70787c4c8d25c0438514a94ac82dee11b08589?s=96&d=mm&r=g\",\"caption\":\"Academica Spain\"},\"url\":\"https:\\\/\\\/www.academica.school\\\/news\\\/author\\\/pquecedoacademica-school\\\/\"}]}<\/script>\n<!-- \/ Yoast SEO plugin. -->","yoast_head_json":{"title":"Eneritz, alumna del Colegio Luther King San Miguel de Santa Cruz de Tenerife, nos cuenta su experiencia con el Diploma Dual - Academica News","description":"Eneritz, alumna de 2\u00ba de la ESO en el Colegio Luther King San Miguel de Santa Cruz de Tenerife, est\u00e1 realizando el Diploma Dual.","robots":{"index":"index","follow":"follow","max-snippet":"max-snippet:-1","max-image-preview":"max-image-preview:large","max-video-preview":"max-video-preview:-1"},"canonical":"https:\/\/www.academica.school\/news\/alumna-luther-king-san-miguel-experiencia-diploma-dual\/","og_locale":"es_ES","og_type":"article","og_title":"Eneritz, alumna del Colegio Luther King San Miguel de Santa Cruz de Tenerife, nos cuenta su experiencia con el Diploma Dual - Academica News","og_description":"Eneritz, alumna de 2\u00ba de la ESO en el Colegio Luther King San Miguel de Santa Cruz de Tenerife, est\u00e1 realizando el Diploma Dual.","og_url":"https:\/\/www.academica.school\/news\/alumna-luther-king-san-miguel-experiencia-diploma-dual\/","og_site_name":"Academica News","article_published_time":"2026-04-28T07:19:16+00:00","article_modified_time":"2026-04-28T07:28:50+00:00","og_image":[{"width":752,"height":902,"url":"https:\/\/www.academica.school\/news\/wp-content\/uploads\/2026\/04\/diploma-dual-luther-king-san-miguel-e1777361305154.png","type":"image\/png"}],"author":"Academica Spain","twitter_card":"summary_large_image","twitter_misc":{"Escrito por":"Academica Spain","Tiempo de lectura":"1 minuto"},"schema":{"@context":"https:\/\/schema.org","@graph":[{"@type":"Article","@id":"https:\/\/www.academica.school\/news\/alumna-luther-king-san-miguel-experiencia-diploma-dual\/#article","isPartOf":{"@id":"https:\/\/www.academica.school\/news\/alumna-luther-king-san-miguel-experiencia-diploma-dual\/"},"author":{"name":"Academica Spain","@id":"https:\/\/www.academica.school\/news\/#\/schema\/person\/a9da1d35195720e471d7993db5fa06cd"},"headline":"Eneritz, alumna del Colegio Luther King San Miguel de Santa Cruz de Tenerife, nos cuenta su experiencia con el Diploma Dual","datePublished":"2026-04-28T07:19:16+00:00","dateModified":"2026-04-28T07:28:50+00:00","mainEntityOfPage":{"@id":"https:\/\/www.academica.school\/news\/alumna-luther-king-san-miguel-experiencia-diploma-dual\/"},"wordCount":178,"publisher":{"@id":"https:\/\/www.academica.school\/news\/#organization"},"image":{"@id":"https:\/\/www.academica.school\/news\/alumna-luther-king-san-miguel-experiencia-diploma-dual\/#primaryimage"},"thumbnailUrl":"https:\/\/i0.wp.com\/www.academica.school\/news\/wp-content\/uploads\/2026\/04\/diploma-dual-luther-king-san-miguel-e1777361305154.png?fit=752%2C902&ssl=1","keywords":["academica","academica spain","alumnos","american high school","bachillerato americano","colegio","colegio luther King san miguel","Diploma Dual","dual diploma","los 300 mejores"],"articleSection":["Last News"],"inLanguage":"es"},{"@type":"WebPage","@id":"https:\/\/www.academica.school\/news\/alumna-luther-king-san-miguel-experiencia-diploma-dual\/","url":"https:\/\/www.academica.school\/news\/alumna-luther-king-san-miguel-experiencia-diploma-dual\/","name":"Eneritz, alumna del Colegio Luther King San Miguel de Santa Cruz de Tenerife, nos cuenta su experiencia con el Diploma Dual - Academica News","isPartOf":{"@id":"https:\/\/www.academica.school\/news\/#website"},"primaryImageOfPage":{"@id":"https:\/\/www.academica.school\/news\/alumna-luther-king-san-miguel-experiencia-diploma-dual\/#primaryimage"},"image":{"@id":"https:\/\/www.academica.school\/news\/alumna-luther-king-san-miguel-experiencia-diploma-dual\/#primaryimage"},"thumbnailUrl":"https:\/\/i0.wp.com\/www.academica.school\/news\/wp-content\/uploads\/2026\/04\/diploma-dual-luther-king-san-miguel-e1777361305154.png?fit=752%2C902&ssl=1","datePublished":"2026-04-28T07:19:16+00:00","dateModified":"2026-04-28T07:28:50+00:00","description":"Eneritz, alumna de 2\u00ba de la ESO en el Colegio Luther King San Miguel de Santa Cruz de Tenerife, est\u00e1 realizando el Diploma Dual.","breadcrumb":{"@id":"https:\/\/www.academica.school\/news\/alumna-luther-king-san-miguel-experiencia-diploma-dual\/#breadcrumb"},"inLanguage":"es","potentialAction":[{"@type":"ReadAction","target":["https:\/\/www.academica.school\/news\/alumna-luther-king-san-miguel-experiencia-diploma-dual\/"]}]},{"@type":"ImageObject","inLanguage":"es","@id":"https:\/\/www.academica.school\/news\/alumna-luther-king-san-miguel-experiencia-diploma-dual\/#primaryimage","url":"https:\/\/i0.wp.com\/www.academica.school\/news\/wp-content\/uploads\/2026\/04\/diploma-dual-luther-king-san-miguel-e1777361305154.png?fit=752%2C902&ssl=1","contentUrl":"https:\/\/i0.wp.com\/www.academica.school\/news\/wp-content\/uploads\/2026\/04\/diploma-dual-luther-king-san-miguel-e1777361305154.png?fit=752%2C902&ssl=1","width":752,"height":902,"caption":"V\u00eddeo Colegio Luther King San Miguel Santa Cruz de Tenerife"},{"@type":"BreadcrumbList","@id":"https:\/\/www.academica.school\/news\/alumna-luther-king-san-miguel-experiencia-diploma-dual\/#breadcrumb","itemListElement":[{"@type":"ListItem","position":1,"name":"Portada","item":"https:\/\/www.academica.school\/news\/"},{"@type":"ListItem","position":2,"name":"Eneritz, alumna del Colegio Luther King San Miguel de Santa Cruz de Tenerife, nos cuenta su experiencia con el Diploma Dual"}]},{"@type":"WebSite","@id":"https:\/\/www.academica.school\/news\/#website","url":"https:\/\/www.academica.school\/news\/","name":"Academica News","description":"todo lo que pasa en el mundo acad\u00e9mico, sobre universidades y cualquier evento o novedad en la que participemos","publisher":{"@id":"https:\/\/www.academica.school\/news\/#organization"},"potentialAction":[{"@type":"SearchAction","target":{"@type":"EntryPoint","urlTemplate":"https:\/\/www.academica.school\/news\/?s={search_term_string}"},"query-input":{"@type":"PropertyValueSpecification","valueRequired":true,"valueName":"search_term_string"}}],"inLanguage":"es"},{"@type":"Organization","@id":"https:\/\/www.academica.school\/news\/#organization","name":"Academica","url":"https:\/\/www.academica.school\/news\/","logo":{"@type":"ImageObject","inLanguage":"es","@id":"https:\/\/www.academica.school\/news\/#\/schema\/logo\/image\/","url":"https:\/\/i1.wp.com\/www.academica.school\/news\/wp-content\/uploads\/2019\/11\/Captura-de-pantalla-2019-11-20-a-las-12.14.04.png?fit=799%2C500&ssl=1","contentUrl":"https:\/\/i1.wp.com\/www.academica.school\/news\/wp-content\/uploads\/2019\/11\/Captura-de-pantalla-2019-11-20-a-las-12.14.04.png?fit=799%2C500&ssl=1","width":799,"height":500,"caption":"Academica"},"image":{"@id":"https:\/\/www.academica.school\/news\/#\/schema\/logo\/image\/"}},{"@type":"Person","@id":"https:\/\/www.academica.school\/news\/#\/schema\/person\/a9da1d35195720e471d7993db5fa06cd","name":"Academica Spain","image":{"@type":"ImageObject","inLanguage":"es","@id":"https:\/\/secure.gravatar.com\/avatar\/a7ed0e6b5e69a0c89f30117b1b70787c4c8d25c0438514a94ac82dee11b08589?s=96&d=mm&r=g","url":"https:\/\/secure.gravatar.com\/avatar\/a7ed0e6b5e69a0c89f30117b1b70787c4c8d25c0438514a94ac82dee11b08589?s=96&d=mm&r=g","contentUrl":"https:\/\/secure.gravatar.com\/avatar\/a7ed0e6b5e69a0c89f30117b1b70787c4c8d25c0438514a94ac82dee11b08589?s=96&d=mm&r=g","caption":"Academica Spain"},"url":"https:\/\/www.academica.school\/news\/author\/pquecedoacademica-school\/"}]}},"jetpack_featured_media_url":"https:\/\/i0.wp.com\/www.academica.school\/news\/wp-content\/uploads\/2026\/04\/diploma-dual-luther-king-san-miguel-e1777361305154.png?fit=752%2C902&ssl=1","jetpack_sharing_enabled":true,"jetpack_shortlink":"https:\/\/wp.me\/p8RDKh-17I","jetpack-related-posts":[{"id":4175,"url":"https:\/\/www.academica.school\/news\/diploma-dual-colegio-luther-king-arafo-santa-cruz-de-tenerife\/","url_meta":{"origin":4322,"position":0},"title":"El Diploma Dual en el Colegio Luther King Arafo de Santa Cruz de Tenerife","author":"Academica Spain","date":"marzo 26, 2026","format":"video","excerpt":"Luc\u00eda est\u00e1 cursando su primer a\u00f1o del Diploma Dual en el Colegio Luther King Arafo de Santa Cruz de Tenerife y, en este v\u00eddeo, nos cuenta su experiencia en el programa. Nos habla de c\u00f3mo se organiza, c\u00f3mo se distribuye las tareas y del apoyo que recibe de su profesor\u2026","rel":"","context":"En \u00abLast News\u00bb","block_context":{"text":"Last News","link":"https:\/\/www.academica.school\/news\/last-news\/"},"img":{"alt_text":"V\u00eddeo Luther King Arafo Santa Cruz de Tenerife","src":"https:\/\/i0.wp.com\/www.academica.school\/news\/wp-content\/uploads\/2026\/03\/diploma-dual-luther-king-arafo.png?fit=866%2C1190&ssl=1&resize=350%2C200","width":350,"height":200,"srcset":"https:\/\/i0.wp.com\/www.academica.school\/news\/wp-content\/uploads\/2026\/03\/diploma-dual-luther-king-arafo.png?fit=866%2C1190&ssl=1&resize=350%2C200 1x, https:\/\/i0.wp.com\/www.academica.school\/news\/wp-content\/uploads\/2026\/03\/diploma-dual-luther-king-arafo.png?fit=866%2C1190&ssl=1&resize=525%2C300 1.5x, https:\/\/i0.wp.com\/www.academica.school\/news\/wp-content\/uploads\/2026\/03\/diploma-dual-luther-king-arafo.png?fit=866%2C1190&ssl=1&resize=700%2C400 2x"},"classes":[]},{"id":3330,"url":"https:\/\/www.academica.school\/news\/diploma-dual-colegio-luther-king-la-laguna-de-tenerife\/","url_meta":{"origin":4322,"position":1},"title":"El Diploma Dual en el Colegio Luther King La Laguna de Tenerife","author":"Academica Spain","date":"junio 19, 2025","format":"video","excerpt":"Uno de los alumnos que est\u00e1 cursando el Diploma Dual en el Colegio Luther King La Laguna de Tenerife nos cuenta su experiencia. Adem\u00e1s, la Directora de Programa en el centro explica en qu\u00e9 consiste el programa, c\u00f3mo se organizan los alumnos y los beneficios que tiene cursar el mismo.\u2026","rel":"","context":"En \u00abLast News\u00bb","block_context":{"text":"Last News","link":"https:\/\/www.academica.school\/news\/last-news\/"},"img":{"alt_text":"diploma-dual-colegio-luther-king","src":"https:\/\/i0.wp.com\/www.academica.school\/news\/wp-content\/uploads\/2025\/06\/diploma-dual-colegio-luther-king.png?fit=1000%2C501&ssl=1&resize=350%2C200","width":350,"height":200,"srcset":"https:\/\/i0.wp.com\/www.academica.school\/news\/wp-content\/uploads\/2025\/06\/diploma-dual-colegio-luther-king.png?fit=1000%2C501&ssl=1&resize=350%2C200 1x, https:\/\/i0.wp.com\/www.academica.school\/news\/wp-content\/uploads\/2025\/06\/diploma-dual-colegio-luther-king.png?fit=1000%2C501&ssl=1&resize=525%2C300 1.5x, https:\/\/i0.wp.com\/www.academica.school\/news\/wp-content\/uploads\/2025\/06\/diploma-dual-colegio-luther-king.png?fit=1000%2C501&ssl=1&resize=700%2C400 2x"},"classes":[]},{"id":3353,"url":"https:\/\/www.academica.school\/news\/diploma-dual-colegio-luther-king-arafo-tenerife\/","url_meta":{"origin":4322,"position":2},"title":"El Diploma Dual en el Colegio Luther King Arafo de Tenerife","author":"Academica Spain","date":"julio 9, 2025","format":"video","excerpt":"En este v\u00eddeo, dos de los alumnos que est\u00e1n cursando el Diploma Dual en el Colegio Luther King Arafo de Tenerife nos cuenta su experiencia. Adem\u00e1s, el Director de Programa en el centro explica en qu\u00e9 consiste el programa, c\u00f3mo se organizan los alumnos y los beneficios que tiene cursar\u2026","rel":"","context":"En \u00abLast News\u00bb","block_context":{"text":"Last News","link":"https:\/\/www.academica.school\/news\/last-news\/"},"img":{"alt_text":"diploma-dual-luther-king-arafo","src":"https:\/\/i0.wp.com\/www.academica.school\/news\/wp-content\/uploads\/2025\/06\/diploma-dual-luther-king-arafo.png?fit=1000%2C529&ssl=1&resize=350%2C200","width":350,"height":200,"srcset":"https:\/\/i0.wp.com\/www.academica.school\/news\/wp-content\/uploads\/2025\/06\/diploma-dual-luther-king-arafo.png?fit=1000%2C529&ssl=1&resize=350%2C200 1x, https:\/\/i0.wp.com\/www.academica.school\/news\/wp-content\/uploads\/2025\/06\/diploma-dual-luther-king-arafo.png?fit=1000%2C529&ssl=1&resize=525%2C300 1.5x, https:\/\/i0.wp.com\/www.academica.school\/news\/wp-content\/uploads\/2025\/06\/diploma-dual-luther-king-arafo.png?fit=1000%2C529&ssl=1&resize=700%2C400 2x"},"classes":[]},{"id":4292,"url":"https:\/\/www.academica.school\/news\/tres-palabras-gran-experiencia-diploma-dual-pureza-maria-tenerife\/","url_meta":{"origin":4322,"position":3},"title":"Tres palabras, una gran experiencia: as\u00ed viven el Diploma Dual los alumnos del Colegio Pureza de Mar\u00eda de Tenerife","author":"Academica Spain","date":"abril 16, 2026","format":false,"excerpt":"Los alumnos que est\u00e1n cursando el Diploma Dual en el Colegio Pureza de Mar\u00eda de Santa Cruz de Tenerife nos cuentan su experiencia con el programa. En tan solo tres palabras, cada uno de ellos resume c\u00f3mo est\u00e1 viviendo el programa, reflejando sus retos, aprendizajes y momentos m\u00e1s significativos. El\u2026","rel":"","context":"En \u00abLast News\u00bb","block_context":{"text":"Last News","link":"https:\/\/www.academica.school\/news\/last-news\/"},"img":{"alt_text":"V\u00eddeo Colegio Pureza de Mar\u00eda Santa Cruz de Tenerife","src":"https:\/\/i0.wp.com\/www.academica.school\/news\/wp-content\/uploads\/2026\/04\/diploma-dual-pureza-maria-sta-cruz-e1776339227463.png?fit=600%2C722&ssl=1&resize=350%2C200","width":350,"height":200,"srcset":"https:\/\/i0.wp.com\/www.academica.school\/news\/wp-content\/uploads\/2026\/04\/diploma-dual-pureza-maria-sta-cruz-e1776339227463.png?fit=600%2C722&ssl=1&resize=350%2C200 1x, https:\/\/i0.wp.com\/www.academica.school\/news\/wp-content\/uploads\/2026\/04\/diploma-dual-pureza-maria-sta-cruz-e1776339227463.png?fit=600%2C722&ssl=1&resize=525%2C300 1.5x"},"classes":[]},{"id":3158,"url":"https:\/\/www.academica.school\/news\/diploma-dual-colegio-santo-domingo\/","url_meta":{"origin":4322,"position":4},"title":"El Diploma Dual en el Colegio Santo Domingo de Santa Cruz de Tenerife","author":"Academica Spain","date":"abril 14, 2025","format":"video","excerpt":"Los alumnos del Colegio Santo Domingo de Santa Cruz de Tenerife nos cuentan su experiencia cursando el Diploma Dual. Actualmente se encuentran realizando el programa y, en este v\u00eddeo, explican en qu\u00e9 consiste el Diploma Dual, las asignaturas que est\u00e1n cursando y lo mucho que est\u00e1n aprendiendo. No s\u00f3lo est\u00e1n\u2026","rel":"","context":"En \u00abLast News\u00bb","block_context":{"text":"Last News","link":"https:\/\/www.academica.school\/news\/last-news\/"},"img":{"alt_text":"","src":"","width":0,"height":0},"classes":[]},{"id":3223,"url":"https:\/\/www.academica.school\/news\/experiencia-alumna-joan-pelegri-barcelona\/","url_meta":{"origin":4322,"position":5},"title":"\u00bfQu\u00e9 es para Aina el Diploma Dual?","author":"Academica Spain","date":"mayo 15, 2025","format":"video","excerpt":"Aina, alumna del Colegio Joan Pelegr\u00ed de Barcelona, nos cuenta su experiencia cursando el Diploma Dual. Decidi\u00f3 empezar con el programa porque consideraba que iba a suponer una gran oportunidad para su futuro. Ahora, despu\u00e9s de realizar varias asignaturas, nos explica lo mucho que est\u00e1 aprendiendo y le est\u00e1 aportando.\u2026","rel":"","context":"En \u00abLast News\u00bb","block_context":{"text":"Last News","link":"https:\/\/www.academica.school\/news\/last-news\/"},"img":{"alt_text":"","src":"","width":0,"height":0},"classes":[]}],"_links":{"self":[{"href":"https:\/\/www.academica.school\/news\/wp-json\/wp\/v2\/posts\/4322","targetHints":{"allow":["GET"]}}],"collection":[{"href":"https:\/\/www.academica.school\/news\/wp-json\/wp\/v2\/posts"}],"about":[{"href":"https:\/\/www.academica.school\/news\/wp-json\/wp\/v2\/types\/post"}],"author":[{"embeddable":true,"href":"https:\/\/www.academica.school\/news\/wp-json\/wp\/v2\/users\/6"}],"replies":[{"embeddable":true,"href":"https:\/\/www.academica.school\/news\/wp-json\/wp\/v2\/comments?post=4322"}],"version-history":[{"count":4,"href":"https:\/\/www.academica.school\/news\/wp-json\/wp\/v2\/posts\/4322\/revisions"}],"predecessor-version":[{"id":4340,"href":"https:\/\/www.academica.school\/news\/wp-json\/wp\/v2\/posts\/4322\/revisions\/4340"}],"wp:featuredmedia":[{"embeddable":true,"href":"https:\/\/www.academica.school\/news\/wp-json\/wp\/v2\/media\/4323"}],"wp:attachment":[{"href":"https:\/\/www.academica.school\/news\/wp-json\/wp\/v2\/media?parent=4322"}],"wp:term":[{"taxonomy":"category","embeddable":true,"href":"https:\/\/www.academica.school\/news\/wp-json\/wp\/v2\/categories?post=4322"},{"taxonomy":"post_tag","embeddable":true,"href":"https:\/\/www.academica.school\/news\/wp-json\/wp\/v2\/tags?post=4322"}],"curies":[{"name":"wp","href":"https:\/\/api.w.org\/{rel}","templated":true}]}}