{"id":4329,"date":"2026-04-30T10:31:21","date_gmt":"2026-04-30T10:31:21","guid":{"rendered":"https:\/\/www.academica.school\/news\/?p=4329"},"modified":"2026-04-30T10:31:57","modified_gmt":"2026-04-30T10:31:57","slug":"diploma-dual-alumnos-colegio-pureza-de-maria-ontinyent","status":"publish","type":"post","link":"https:\/\/www.academica.school\/news\/diploma-dual-alumnos-colegio-pureza-de-maria-ontinyent\/","title":{"rendered":"As\u00ed viven el Diploma Dual los alumnos del Colegio Pureza de Mar\u00eda de Ontinyent"},"content":{"rendered":"<p>Los alumnos que actualmente est\u00e1n cursando el Diploma Dual en el <span style=\"color: #000000;\"><a style=\"color: #000000;\" href=\"https:\/\/pmaria-ontinyent.org\"><span style=\"text-decoration: underline;\"><strong>Colegio Pureza de Mar\u00eda de Ontinyent<\/strong><\/span><\/a><\/span> nos cuentan su experiencia con el programa.<\/p>\n<p><!--more--><\/p>\n<p>En este v\u00eddeo, nos explican c\u00f3mo les ha ido durante el primer semestre del curso, c\u00f3mo se organizan para realizar las tareas y asistir a las reuniones con su profesor americano. Sin duda, no s\u00f3lo les est\u00e1 ayudando profesionalmente, sino tambi\u00e9n personalmente, ya que gracias a su esfuerzo, constancia e implicaci\u00f3n est\u00e1n logrando grandes resultados.<\/p>\n<p>El Diploma Dual\u00ae es el programa oficial de convalidaci\u00f3n internacional de t\u00edtulos de Bachillerato creado y desarrollado por Academica, que permite a los alumnos obtener dos titulaciones simult\u00e1neas: la propia de su pa\u00eds y el American High School Diploma.<\/p>\n<p><span style=\"text-decoration: underline;\"><span style=\"color: #000000;\"><a style=\"color: #000000;\" href=\"https:\/\/www.instagram.com\/reel\/DXccpdYMrkS\/?utm_source=ig_web_copy_link&amp;igsh=MzRlODBiNWFlZA==\" data-cmp-ab=\"2\"><strong>Enlace<\/strong><\/a><\/span><\/span> al v\u00eddeo. \u00a1Estate al tanto de todas sus noticias!<\/p>\n","protected":false},"excerpt":{"rendered":"<p>Los alumnos que actualmente est\u00e1n cursando el Diploma Dual en el Colegio Pureza de Mar\u00eda de Ontinyent nos cuentan su experiencia con el programa.<\/p>\n","protected":false},"author":6,"featured_media":4334,"comment_status":"closed","ping_status":"closed","sticky":false,"template":"","format":"standard","meta":{"_jetpack_memberships_contains_paid_content":false,"footnotes":""},"categories":[1],"tags":[9,139,89,198,63,208,912,4,222,431],"class_list":["post-4329","post","type-post","status-publish","format-standard","has-post-thumbnail","hentry","category-last-news","tag-academica","tag-academica-spain","tag-alumnos","tag-american-high-school","tag-bachillerato-americano","tag-colegio","tag-colegio-pureza-de-maria-ontinyent","tag-diploma-dual","tag-dual-diploma","tag-los-300-mejores","clearfix"],"yoast_head":"<!-- This site is optimized with the Yoast SEO plugin v27.5 - https:\/\/yoast.com\/product\/yoast-seo-wordpress\/ -->\n<title>As\u00ed viven el Diploma Dual los alumnos del Colegio Pureza de Mar\u00eda de Ontinyent - Academica News<\/title>\n<meta name=\"description\" content=\"Los alumnos que actualmente est\u00e1n cursando el Diploma Dual en el Colegio Pureza de Mar\u00eda de Ontinyent nos cuentan su experiencia.\" \/>\n<meta name=\"robots\" content=\"index, follow, max-snippet:-1, max-image-preview:large, max-video-preview:-1\" \/>\n<link rel=\"canonical\" href=\"https:\/\/www.academica.school\/news\/diploma-dual-alumnos-colegio-pureza-de-maria-ontinyent\/\" \/>\n<meta property=\"og:locale\" content=\"es_ES\" \/>\n<meta property=\"og:type\" content=\"article\" \/>\n<meta property=\"og:title\" content=\"As\u00ed viven el Diploma Dual los alumnos del Colegio Pureza de Mar\u00eda de Ontinyent - Academica News\" \/>\n<meta property=\"og:description\" content=\"Los alumnos que actualmente est\u00e1n cursando el Diploma Dual en el Colegio Pureza de Mar\u00eda de Ontinyent nos cuentan su experiencia.\" \/>\n<meta property=\"og:url\" content=\"https:\/\/www.academica.school\/news\/diploma-dual-alumnos-colegio-pureza-de-maria-ontinyent\/\" \/>\n<meta property=\"og:site_name\" content=\"Academica News\" \/>\n<meta property=\"article:published_time\" content=\"2026-04-30T10:31:21+00:00\" \/>\n<meta property=\"article:modified_time\" content=\"2026-04-30T10:31:57+00:00\" \/>\n<meta property=\"og:image\" content=\"https:\/\/www.academica.school\/news\/wp-content\/uploads\/2026\/04\/EDITORIAL-REUNIONES-SEMANALES-CURSO-202425-2.jpg\" \/>\n\t<meta property=\"og:image:width\" content=\"1748\" \/>\n\t<meta property=\"og:image:height\" content=\"1240\" \/>\n\t<meta property=\"og:image:type\" content=\"image\/jpeg\" \/>\n<meta name=\"author\" content=\"Academica Spain\" \/>\n<meta name=\"twitter:card\" content=\"summary_large_image\" \/>\n<meta name=\"twitter:label1\" content=\"Escrito por\" \/>\n\t<meta name=\"twitter:data1\" content=\"Academica Spain\" \/>\n\t<meta name=\"twitter:label2\" content=\"Tiempo de lectura\" \/>\n\t<meta name=\"twitter:data2\" content=\"1 minuto\" \/>\n<script type=\"application\/ld+json\" class=\"yoast-schema-graph\">{\"@context\":\"https:\\\/\\\/schema.org\",\"@graph\":[{\"@type\":\"Article\",\"@id\":\"https:\\\/\\\/www.academica.school\\\/news\\\/diploma-dual-alumnos-colegio-pureza-de-maria-ontinyent\\\/#article\",\"isPartOf\":{\"@id\":\"https:\\\/\\\/www.academica.school\\\/news\\\/diploma-dual-alumnos-colegio-pureza-de-maria-ontinyent\\\/\"},\"author\":{\"name\":\"Academica Spain\",\"@id\":\"https:\\\/\\\/www.academica.school\\\/news\\\/#\\\/schema\\\/person\\\/a9da1d35195720e471d7993db5fa06cd\"},\"headline\":\"As\u00ed viven el Diploma Dual los alumnos del Colegio Pureza de Mar\u00eda de Ontinyent\",\"datePublished\":\"2026-04-30T10:31:21+00:00\",\"dateModified\":\"2026-04-30T10:31:57+00:00\",\"mainEntityOfPage\":{\"@id\":\"https:\\\/\\\/www.academica.school\\\/news\\\/diploma-dual-alumnos-colegio-pureza-de-maria-ontinyent\\\/\"},\"wordCount\":157,\"publisher\":{\"@id\":\"https:\\\/\\\/www.academica.school\\\/news\\\/#organization\"},\"image\":{\"@id\":\"https:\\\/\\\/www.academica.school\\\/news\\\/diploma-dual-alumnos-colegio-pureza-de-maria-ontinyent\\\/#primaryimage\"},\"thumbnailUrl\":\"https:\\\/\\\/i0.wp.com\\\/www.academica.school\\\/news\\\/wp-content\\\/uploads\\\/2026\\\/04\\\/EDITORIAL-REUNIONES-SEMANALES-CURSO-202425-2.jpg?fit=1748%2C1240&ssl=1\",\"keywords\":[\"academica\",\"academica spain\",\"alumnos\",\"american high school\",\"bachillerato americano\",\"colegio\",\"colegio pureza de maria ontinyent\",\"Diploma Dual\",\"dual diploma\",\"los 300 mejores\"],\"articleSection\":[\"Last News\"],\"inLanguage\":\"es\"},{\"@type\":\"WebPage\",\"@id\":\"https:\\\/\\\/www.academica.school\\\/news\\\/diploma-dual-alumnos-colegio-pureza-de-maria-ontinyent\\\/\",\"url\":\"https:\\\/\\\/www.academica.school\\\/news\\\/diploma-dual-alumnos-colegio-pureza-de-maria-ontinyent\\\/\",\"name\":\"As\u00ed viven el Diploma Dual los alumnos del Colegio Pureza de Mar\u00eda de Ontinyent - Academica News\",\"isPartOf\":{\"@id\":\"https:\\\/\\\/www.academica.school\\\/news\\\/#website\"},\"primaryImageOfPage\":{\"@id\":\"https:\\\/\\\/www.academica.school\\\/news\\\/diploma-dual-alumnos-colegio-pureza-de-maria-ontinyent\\\/#primaryimage\"},\"image\":{\"@id\":\"https:\\\/\\\/www.academica.school\\\/news\\\/diploma-dual-alumnos-colegio-pureza-de-maria-ontinyent\\\/#primaryimage\"},\"thumbnailUrl\":\"https:\\\/\\\/i0.wp.com\\\/www.academica.school\\\/news\\\/wp-content\\\/uploads\\\/2026\\\/04\\\/EDITORIAL-REUNIONES-SEMANALES-CURSO-202425-2.jpg?fit=1748%2C1240&ssl=1\",\"datePublished\":\"2026-04-30T10:31:21+00:00\",\"dateModified\":\"2026-04-30T10:31:57+00:00\",\"description\":\"Los alumnos que actualmente est\u00e1n cursando el Diploma Dual en el Colegio Pureza de Mar\u00eda de Ontinyent nos cuentan su experiencia.\",\"breadcrumb\":{\"@id\":\"https:\\\/\\\/www.academica.school\\\/news\\\/diploma-dual-alumnos-colegio-pureza-de-maria-ontinyent\\\/#breadcrumb\"},\"inLanguage\":\"es\",\"potentialAction\":[{\"@type\":\"ReadAction\",\"target\":[\"https:\\\/\\\/www.academica.school\\\/news\\\/diploma-dual-alumnos-colegio-pureza-de-maria-ontinyent\\\/\"]}]},{\"@type\":\"ImageObject\",\"inLanguage\":\"es\",\"@id\":\"https:\\\/\\\/www.academica.school\\\/news\\\/diploma-dual-alumnos-colegio-pureza-de-maria-ontinyent\\\/#primaryimage\",\"url\":\"https:\\\/\\\/i0.wp.com\\\/www.academica.school\\\/news\\\/wp-content\\\/uploads\\\/2026\\\/04\\\/EDITORIAL-REUNIONES-SEMANALES-CURSO-202425-2.jpg?fit=1748%2C1240&ssl=1\",\"contentUrl\":\"https:\\\/\\\/i0.wp.com\\\/www.academica.school\\\/news\\\/wp-content\\\/uploads\\\/2026\\\/04\\\/EDITORIAL-REUNIONES-SEMANALES-CURSO-202425-2.jpg?fit=1748%2C1240&ssl=1\",\"width\":1748,\"height\":1240,\"caption\":\"V\u00eddeo Colegio Pureza de Mar\u00eda Ontinyent\"},{\"@type\":\"BreadcrumbList\",\"@id\":\"https:\\\/\\\/www.academica.school\\\/news\\\/diploma-dual-alumnos-colegio-pureza-de-maria-ontinyent\\\/#breadcrumb\",\"itemListElement\":[{\"@type\":\"ListItem\",\"position\":1,\"name\":\"Portada\",\"item\":\"https:\\\/\\\/www.academica.school\\\/news\\\/\"},{\"@type\":\"ListItem\",\"position\":2,\"name\":\"As\u00ed viven el Diploma Dual los alumnos del Colegio Pureza de Mar\u00eda de Ontinyent\"}]},{\"@type\":\"WebSite\",\"@id\":\"https:\\\/\\\/www.academica.school\\\/news\\\/#website\",\"url\":\"https:\\\/\\\/www.academica.school\\\/news\\\/\",\"name\":\"Academica News\",\"description\":\"todo lo que pasa en el mundo acad\u00e9mico, sobre universidades y cualquier evento o novedad en la que participemos\",\"publisher\":{\"@id\":\"https:\\\/\\\/www.academica.school\\\/news\\\/#organization\"},\"potentialAction\":[{\"@type\":\"SearchAction\",\"target\":{\"@type\":\"EntryPoint\",\"urlTemplate\":\"https:\\\/\\\/www.academica.school\\\/news\\\/?s={search_term_string}\"},\"query-input\":{\"@type\":\"PropertyValueSpecification\",\"valueRequired\":true,\"valueName\":\"search_term_string\"}}],\"inLanguage\":\"es\"},{\"@type\":\"Organization\",\"@id\":\"https:\\\/\\\/www.academica.school\\\/news\\\/#organization\",\"name\":\"Academica\",\"url\":\"https:\\\/\\\/www.academica.school\\\/news\\\/\",\"logo\":{\"@type\":\"ImageObject\",\"inLanguage\":\"es\",\"@id\":\"https:\\\/\\\/www.academica.school\\\/news\\\/#\\\/schema\\\/logo\\\/image\\\/\",\"url\":\"https:\\\/\\\/i1.wp.com\\\/www.academica.school\\\/news\\\/wp-content\\\/uploads\\\/2019\\\/11\\\/Captura-de-pantalla-2019-11-20-a-las-12.14.04.png?fit=799%2C500&ssl=1\",\"contentUrl\":\"https:\\\/\\\/i1.wp.com\\\/www.academica.school\\\/news\\\/wp-content\\\/uploads\\\/2019\\\/11\\\/Captura-de-pantalla-2019-11-20-a-las-12.14.04.png?fit=799%2C500&ssl=1\",\"width\":799,\"height\":500,\"caption\":\"Academica\"},\"image\":{\"@id\":\"https:\\\/\\\/www.academica.school\\\/news\\\/#\\\/schema\\\/logo\\\/image\\\/\"}},{\"@type\":\"Person\",\"@id\":\"https:\\\/\\\/www.academica.school\\\/news\\\/#\\\/schema\\\/person\\\/a9da1d35195720e471d7993db5fa06cd\",\"name\":\"Academica Spain\",\"image\":{\"@type\":\"ImageObject\",\"inLanguage\":\"es\",\"@id\":\"https:\\\/\\\/secure.gravatar.com\\\/avatar\\\/a7ed0e6b5e69a0c89f30117b1b70787c4c8d25c0438514a94ac82dee11b08589?s=96&d=mm&r=g\",\"url\":\"https:\\\/\\\/secure.gravatar.com\\\/avatar\\\/a7ed0e6b5e69a0c89f30117b1b70787c4c8d25c0438514a94ac82dee11b08589?s=96&d=mm&r=g\",\"contentUrl\":\"https:\\\/\\\/secure.gravatar.com\\\/avatar\\\/a7ed0e6b5e69a0c89f30117b1b70787c4c8d25c0438514a94ac82dee11b08589?s=96&d=mm&r=g\",\"caption\":\"Academica Spain\"},\"url\":\"https:\\\/\\\/www.academica.school\\\/news\\\/author\\\/pquecedoacademica-school\\\/\"}]}<\/script>\n<!-- \/ Yoast SEO plugin. -->","yoast_head_json":{"title":"As\u00ed viven el Diploma Dual los alumnos del Colegio Pureza de Mar\u00eda de Ontinyent - Academica News","description":"Los alumnos que actualmente est\u00e1n cursando el Diploma Dual en el Colegio Pureza de Mar\u00eda de Ontinyent nos cuentan su experiencia.","robots":{"index":"index","follow":"follow","max-snippet":"max-snippet:-1","max-image-preview":"max-image-preview:large","max-video-preview":"max-video-preview:-1"},"canonical":"https:\/\/www.academica.school\/news\/diploma-dual-alumnos-colegio-pureza-de-maria-ontinyent\/","og_locale":"es_ES","og_type":"article","og_title":"As\u00ed viven el Diploma Dual los alumnos del Colegio Pureza de Mar\u00eda de Ontinyent - Academica News","og_description":"Los alumnos que actualmente est\u00e1n cursando el Diploma Dual en el Colegio Pureza de Mar\u00eda de Ontinyent nos cuentan su experiencia.","og_url":"https:\/\/www.academica.school\/news\/diploma-dual-alumnos-colegio-pureza-de-maria-ontinyent\/","og_site_name":"Academica News","article_published_time":"2026-04-30T10:31:21+00:00","article_modified_time":"2026-04-30T10:31:57+00:00","og_image":[{"width":1748,"height":1240,"url":"https:\/\/www.academica.school\/news\/wp-content\/uploads\/2026\/04\/EDITORIAL-REUNIONES-SEMANALES-CURSO-202425-2.jpg","type":"image\/jpeg"}],"author":"Academica Spain","twitter_card":"summary_large_image","twitter_misc":{"Escrito por":"Academica Spain","Tiempo de lectura":"1 minuto"},"schema":{"@context":"https:\/\/schema.org","@graph":[{"@type":"Article","@id":"https:\/\/www.academica.school\/news\/diploma-dual-alumnos-colegio-pureza-de-maria-ontinyent\/#article","isPartOf":{"@id":"https:\/\/www.academica.school\/news\/diploma-dual-alumnos-colegio-pureza-de-maria-ontinyent\/"},"author":{"name":"Academica Spain","@id":"https:\/\/www.academica.school\/news\/#\/schema\/person\/a9da1d35195720e471d7993db5fa06cd"},"headline":"As\u00ed viven el Diploma Dual los alumnos del Colegio Pureza de Mar\u00eda de Ontinyent","datePublished":"2026-04-30T10:31:21+00:00","dateModified":"2026-04-30T10:31:57+00:00","mainEntityOfPage":{"@id":"https:\/\/www.academica.school\/news\/diploma-dual-alumnos-colegio-pureza-de-maria-ontinyent\/"},"wordCount":157,"publisher":{"@id":"https:\/\/www.academica.school\/news\/#organization"},"image":{"@id":"https:\/\/www.academica.school\/news\/diploma-dual-alumnos-colegio-pureza-de-maria-ontinyent\/#primaryimage"},"thumbnailUrl":"https:\/\/i0.wp.com\/www.academica.school\/news\/wp-content\/uploads\/2026\/04\/EDITORIAL-REUNIONES-SEMANALES-CURSO-202425-2.jpg?fit=1748%2C1240&ssl=1","keywords":["academica","academica spain","alumnos","american high school","bachillerato americano","colegio","colegio pureza de maria ontinyent","Diploma Dual","dual diploma","los 300 mejores"],"articleSection":["Last News"],"inLanguage":"es"},{"@type":"WebPage","@id":"https:\/\/www.academica.school\/news\/diploma-dual-alumnos-colegio-pureza-de-maria-ontinyent\/","url":"https:\/\/www.academica.school\/news\/diploma-dual-alumnos-colegio-pureza-de-maria-ontinyent\/","name":"As\u00ed viven el Diploma Dual los alumnos del Colegio Pureza de Mar\u00eda de Ontinyent - Academica News","isPartOf":{"@id":"https:\/\/www.academica.school\/news\/#website"},"primaryImageOfPage":{"@id":"https:\/\/www.academica.school\/news\/diploma-dual-alumnos-colegio-pureza-de-maria-ontinyent\/#primaryimage"},"image":{"@id":"https:\/\/www.academica.school\/news\/diploma-dual-alumnos-colegio-pureza-de-maria-ontinyent\/#primaryimage"},"thumbnailUrl":"https:\/\/i0.wp.com\/www.academica.school\/news\/wp-content\/uploads\/2026\/04\/EDITORIAL-REUNIONES-SEMANALES-CURSO-202425-2.jpg?fit=1748%2C1240&ssl=1","datePublished":"2026-04-30T10:31:21+00:00","dateModified":"2026-04-30T10:31:57+00:00","description":"Los alumnos que actualmente est\u00e1n cursando el Diploma Dual en el Colegio Pureza de Mar\u00eda de Ontinyent nos cuentan su experiencia.","breadcrumb":{"@id":"https:\/\/www.academica.school\/news\/diploma-dual-alumnos-colegio-pureza-de-maria-ontinyent\/#breadcrumb"},"inLanguage":"es","potentialAction":[{"@type":"ReadAction","target":["https:\/\/www.academica.school\/news\/diploma-dual-alumnos-colegio-pureza-de-maria-ontinyent\/"]}]},{"@type":"ImageObject","inLanguage":"es","@id":"https:\/\/www.academica.school\/news\/diploma-dual-alumnos-colegio-pureza-de-maria-ontinyent\/#primaryimage","url":"https:\/\/i0.wp.com\/www.academica.school\/news\/wp-content\/uploads\/2026\/04\/EDITORIAL-REUNIONES-SEMANALES-CURSO-202425-2.jpg?fit=1748%2C1240&ssl=1","contentUrl":"https:\/\/i0.wp.com\/www.academica.school\/news\/wp-content\/uploads\/2026\/04\/EDITORIAL-REUNIONES-SEMANALES-CURSO-202425-2.jpg?fit=1748%2C1240&ssl=1","width":1748,"height":1240,"caption":"V\u00eddeo Colegio Pureza de Mar\u00eda Ontinyent"},{"@type":"BreadcrumbList","@id":"https:\/\/www.academica.school\/news\/diploma-dual-alumnos-colegio-pureza-de-maria-ontinyent\/#breadcrumb","itemListElement":[{"@type":"ListItem","position":1,"name":"Portada","item":"https:\/\/www.academica.school\/news\/"},{"@type":"ListItem","position":2,"name":"As\u00ed viven el Diploma Dual los alumnos del Colegio Pureza de Mar\u00eda de Ontinyent"}]},{"@type":"WebSite","@id":"https:\/\/www.academica.school\/news\/#website","url":"https:\/\/www.academica.school\/news\/","name":"Academica News","description":"todo lo que pasa en el mundo acad\u00e9mico, sobre universidades y cualquier evento o novedad en la que participemos","publisher":{"@id":"https:\/\/www.academica.school\/news\/#organization"},"potentialAction":[{"@type":"SearchAction","target":{"@type":"EntryPoint","urlTemplate":"https:\/\/www.academica.school\/news\/?s={search_term_string}"},"query-input":{"@type":"PropertyValueSpecification","valueRequired":true,"valueName":"search_term_string"}}],"inLanguage":"es"},{"@type":"Organization","@id":"https:\/\/www.academica.school\/news\/#organization","name":"Academica","url":"https:\/\/www.academica.school\/news\/","logo":{"@type":"ImageObject","inLanguage":"es","@id":"https:\/\/www.academica.school\/news\/#\/schema\/logo\/image\/","url":"https:\/\/i1.wp.com\/www.academica.school\/news\/wp-content\/uploads\/2019\/11\/Captura-de-pantalla-2019-11-20-a-las-12.14.04.png?fit=799%2C500&ssl=1","contentUrl":"https:\/\/i1.wp.com\/www.academica.school\/news\/wp-content\/uploads\/2019\/11\/Captura-de-pantalla-2019-11-20-a-las-12.14.04.png?fit=799%2C500&ssl=1","width":799,"height":500,"caption":"Academica"},"image":{"@id":"https:\/\/www.academica.school\/news\/#\/schema\/logo\/image\/"}},{"@type":"Person","@id":"https:\/\/www.academica.school\/news\/#\/schema\/person\/a9da1d35195720e471d7993db5fa06cd","name":"Academica Spain","image":{"@type":"ImageObject","inLanguage":"es","@id":"https:\/\/secure.gravatar.com\/avatar\/a7ed0e6b5e69a0c89f30117b1b70787c4c8d25c0438514a94ac82dee11b08589?s=96&d=mm&r=g","url":"https:\/\/secure.gravatar.com\/avatar\/a7ed0e6b5e69a0c89f30117b1b70787c4c8d25c0438514a94ac82dee11b08589?s=96&d=mm&r=g","contentUrl":"https:\/\/secure.gravatar.com\/avatar\/a7ed0e6b5e69a0c89f30117b1b70787c4c8d25c0438514a94ac82dee11b08589?s=96&d=mm&r=g","caption":"Academica Spain"},"url":"https:\/\/www.academica.school\/news\/author\/pquecedoacademica-school\/"}]}},"jetpack_featured_media_url":"https:\/\/i0.wp.com\/www.academica.school\/news\/wp-content\/uploads\/2026\/04\/EDITORIAL-REUNIONES-SEMANALES-CURSO-202425-2.jpg?fit=1748%2C1240&ssl=1","jetpack_sharing_enabled":true,"jetpack_shortlink":"https:\/\/wp.me\/p8RDKh-17P","jetpack-related-posts":[{"id":4292,"url":"https:\/\/www.academica.school\/news\/tres-palabras-gran-experiencia-diploma-dual-pureza-maria-tenerife\/","url_meta":{"origin":4329,"position":0},"title":"Tres palabras, una gran experiencia: as\u00ed viven el Diploma Dual los alumnos del Colegio Pureza de Mar\u00eda de Tenerife","author":"Academica Spain","date":"abril 16, 2026","format":false,"excerpt":"Los alumnos que est\u00e1n cursando el Diploma Dual en el Colegio Pureza de Mar\u00eda de Santa Cruz de Tenerife nos cuentan su experiencia con el programa. En tan solo tres palabras, cada uno de ellos resume c\u00f3mo est\u00e1 viviendo el programa, reflejando sus retos, aprendizajes y momentos m\u00e1s significativos. El\u2026","rel":"","context":"En \u00abLast News\u00bb","block_context":{"text":"Last News","link":"https:\/\/www.academica.school\/news\/last-news\/"},"img":{"alt_text":"V\u00eddeo Colegio Pureza de Mar\u00eda Santa Cruz de Tenerife","src":"https:\/\/i0.wp.com\/www.academica.school\/news\/wp-content\/uploads\/2026\/04\/diploma-dual-pureza-maria-sta-cruz-e1776339227463.png?fit=600%2C722&ssl=1&resize=350%2C200","width":350,"height":200,"srcset":"https:\/\/i0.wp.com\/www.academica.school\/news\/wp-content\/uploads\/2026\/04\/diploma-dual-pureza-maria-sta-cruz-e1776339227463.png?fit=600%2C722&ssl=1&resize=350%2C200 1x, https:\/\/i0.wp.com\/www.academica.school\/news\/wp-content\/uploads\/2026\/04\/diploma-dual-pureza-maria-sta-cruz-e1776339227463.png?fit=600%2C722&ssl=1&resize=525%2C300 1.5x"},"classes":[]},{"id":3966,"url":"https:\/\/www.academica.school\/news\/compromiso-educacion-diploma-dual-colegio-pureza-maria-tenerife\/","url_meta":{"origin":4329,"position":1},"title":"Compromiso con la educaci\u00f3n: el Diploma Dual en el Colegio Pureza de Mar\u00eda de Santa Cruz de Tenerife","author":"Academica Spain","date":"enero 16, 2026","format":false,"excerpt":"Durante nuestra visita al Colegio Pureza de Mar\u00eda de Santa Cruz de Tenerife, tuvimos la oportunidad de conocer de primera mano c\u00f3mo se desarrolla el Diploma Dual en el centro. Julie, Directora de Programa, nos acompa\u00f1\u00f3 a lo largo del encuentro y comparti\u00f3 su experiencia y visi\u00f3n educativa. El centro\u2026","rel":"","context":"En \u00abLast News\u00bb","block_context":{"text":"Last News","link":"https:\/\/www.academica.school\/news\/last-news\/"},"img":{"alt_text":"Visita Colegio Pureza de Mar\u00eda Santa Cruz de Tenerife","src":"https:\/\/i0.wp.com\/www.academica.school\/news\/wp-content\/uploads\/2026\/01\/diploma-dual-pureza-maria-tenerife-e1768551421222.jpg?fit=1000%2C1011&ssl=1&resize=350%2C200","width":350,"height":200,"srcset":"https:\/\/i0.wp.com\/www.academica.school\/news\/wp-content\/uploads\/2026\/01\/diploma-dual-pureza-maria-tenerife-e1768551421222.jpg?fit=1000%2C1011&ssl=1&resize=350%2C200 1x, https:\/\/i0.wp.com\/www.academica.school\/news\/wp-content\/uploads\/2026\/01\/diploma-dual-pureza-maria-tenerife-e1768551421222.jpg?fit=1000%2C1011&ssl=1&resize=525%2C300 1.5x, https:\/\/i0.wp.com\/www.academica.school\/news\/wp-content\/uploads\/2026\/01\/diploma-dual-pureza-maria-tenerife-e1768551421222.jpg?fit=1000%2C1011&ssl=1&resize=700%2C400 2x"},"classes":[]},{"id":2208,"url":"https:\/\/www.academica.school\/news\/a-los-alumnos-del-diploma-dual-se-les-despierta-la-necesidad-de-demostrar-de-lo-que-son-capaces\/","url_meta":{"origin":4329,"position":2},"title":"\u00abA los alumnos del Diploma Dual se les despierta la necesidad de demostrar de lo que son capaces\u00bb","author":"Academica Spain","date":"abril 22, 2024","format":false,"excerpt":"Entrevistamos a Mar\u00eda Avelina Ferreiro, Directora de Programa en el Colegio Pureza de Mar\u00eda Inca de Inca, quien nos cuenta su experiencia con el programa. El colegio comenz\u00f3 a ofrecer el Diploma Dual en el a\u00f1o 2021 y desde entonces ha sido ella la encargada de llevarlo. \u00a0 \u00bfQu\u00e9 tipo\u2026","rel":"","context":"En \u00abLast News\u00bb","block_context":{"text":"Last News","link":"https:\/\/www.academica.school\/news\/last-news\/"},"img":{"alt_text":"colegio-pureza-de-maria-inca-diploma-dual","src":"https:\/\/i0.wp.com\/www.academica.school\/news\/wp-content\/uploads\/2024\/03\/pmariainca.png?fit=1200%2C921&ssl=1&resize=350%2C200","width":350,"height":200,"srcset":"https:\/\/i0.wp.com\/www.academica.school\/news\/wp-content\/uploads\/2024\/03\/pmariainca.png?fit=1200%2C921&ssl=1&resize=350%2C200 1x, https:\/\/i0.wp.com\/www.academica.school\/news\/wp-content\/uploads\/2024\/03\/pmariainca.png?fit=1200%2C921&ssl=1&resize=525%2C300 1.5x, https:\/\/i0.wp.com\/www.academica.school\/news\/wp-content\/uploads\/2024\/03\/pmariainca.png?fit=1200%2C921&ssl=1&resize=700%2C400 2x, https:\/\/i0.wp.com\/www.academica.school\/news\/wp-content\/uploads\/2024\/03\/pmariainca.png?fit=1200%2C921&ssl=1&resize=1050%2C600 3x"},"classes":[]},{"id":3598,"url":"https:\/\/www.academica.school\/news\/compromiso-futuro-alumnos-diploma-dual-salesianas-torrent\/","url_meta":{"origin":4329,"position":3},"title":"Compromiso con el futuro: Alumnos del Colegio Mar\u00eda Auxiliadora Salesianas de Torrent","author":"Academica Spain","date":"noviembre 6, 2025","format":false,"excerpt":"Los alumnos que est\u00e1n cursando el Diploma Dual en el Colegio Mar\u00eda Auxiliadora Salesianas de Torrent est\u00e1n demostrando un firme compromiso con su futuro. Nos han recibido en el colegio Inmaculada, Directora del Centro, y Juliana, Directora de Programa, quienes han compartido con nosotros su visi\u00f3n y evoluci\u00f3n de los\u2026","rel":"","context":"En \u00abLast News\u00bb","block_context":{"text":"Last News","link":"https:\/\/www.academica.school\/news\/last-news\/"},"img":{"alt_text":"Visita al Colegio Mar\u00eda Auxiliadora Salesianas Torrent","src":"https:\/\/i0.wp.com\/www.academica.school\/news\/wp-content\/uploads\/2025\/11\/diploma-dual-salesianas-torrent-e1762421296955.jpg?fit=1065%2C1200&ssl=1&resize=350%2C200","width":350,"height":200,"srcset":"https:\/\/i0.wp.com\/www.academica.school\/news\/wp-content\/uploads\/2025\/11\/diploma-dual-salesianas-torrent-e1762421296955.jpg?fit=1065%2C1200&ssl=1&resize=350%2C200 1x, https:\/\/i0.wp.com\/www.academica.school\/news\/wp-content\/uploads\/2025\/11\/diploma-dual-salesianas-torrent-e1762421296955.jpg?fit=1065%2C1200&ssl=1&resize=525%2C300 1.5x, https:\/\/i0.wp.com\/www.academica.school\/news\/wp-content\/uploads\/2025\/11\/diploma-dual-salesianas-torrent-e1762421296955.jpg?fit=1065%2C1200&ssl=1&resize=700%2C400 2x, https:\/\/i0.wp.com\/www.academica.school\/news\/wp-content\/uploads\/2025\/11\/diploma-dual-salesianas-torrent-e1762421296955.jpg?fit=1065%2C1200&ssl=1&resize=1050%2C600 3x"},"classes":[]},{"id":1845,"url":"https:\/\/www.academica.school\/news\/que-es-el-diploma-dual-para-los-alumnos-del-colegio-gondomar-de-madrid\/","url_meta":{"origin":4329,"position":4},"title":"\u00bfQu\u00e9 es el Diploma Dual para los alumnos del Colegio Gondomar de Madrid?","author":"Academica Spain","date":"octubre 2, 2023","format":"video","excerpt":"Varios alumnos que est\u00e1n cursando el Diploma Dual en el Colegio Gondomar de Madrid nos cuentan su experiencia con el programa. En este v\u00eddeo nos explican en qu\u00e9 consiste el programa, adem\u00e1s de hablarnos de los conocimientos que les est\u00e1 aportando tanto personal como profesionalmente. Comenzaron el programa con un\u2026","rel":"","context":"En \u00abLast News\u00bb","block_context":{"text":"Last News","link":"https:\/\/www.academica.school\/news\/last-news\/"},"img":{"alt_text":"DIPLOMA DUAL ACADEMICA","src":"https:\/\/i0.wp.com\/www.academica.school\/news\/wp-content\/uploads\/2023\/10\/DIPLOMA-DUAL-ACADEMICA.png?fit=1200%2C589&ssl=1&resize=350%2C200","width":350,"height":200,"srcset":"https:\/\/i0.wp.com\/www.academica.school\/news\/wp-content\/uploads\/2023\/10\/DIPLOMA-DUAL-ACADEMICA.png?fit=1200%2C589&ssl=1&resize=350%2C200 1x, https:\/\/i0.wp.com\/www.academica.school\/news\/wp-content\/uploads\/2023\/10\/DIPLOMA-DUAL-ACADEMICA.png?fit=1200%2C589&ssl=1&resize=525%2C300 1.5x, https:\/\/i0.wp.com\/www.academica.school\/news\/wp-content\/uploads\/2023\/10\/DIPLOMA-DUAL-ACADEMICA.png?fit=1200%2C589&ssl=1&resize=700%2C400 2x, https:\/\/i0.wp.com\/www.academica.school\/news\/wp-content\/uploads\/2023\/10\/DIPLOMA-DUAL-ACADEMICA.png?fit=1200%2C589&ssl=1&resize=1050%2C600 3x"},"classes":[]},{"id":4310,"url":"https:\/\/www.academica.school\/news\/diploma-dual-alumnos-colegio-salesianos-juan-xxiii-alcoy\/","url_meta":{"origin":4329,"position":5},"title":"\u00bfC\u00f3mo est\u00e1n viviendo el Diploma Dual los alumnos del Colegio Salesianos Juan XXIII de Alcoy?","author":"Academica Spain","date":"abril 21, 2026","format":false,"excerpt":"Los alumnos que est\u00e1n realizando el Diploma Dual en el Colegio Salesianos Juan XXIII de Alcoy\u00a0nos cuentan su experiencia con el programa. Nos explican en qu\u00e9 consiste el Bachillerato Dual y lo que les est\u00e1 aportando tanto acad\u00e9micamente como personalmente. No solo est\u00e1n mejorando su nivel de ingl\u00e9s, sino que\u2026","rel":"","context":"En \u00abLast News\u00bb","block_context":{"text":"Last News","link":"https:\/\/www.academica.school\/news\/last-news\/"},"img":{"alt_text":"V\u00eddeo Alumnos Colegio Salesianos Juan XXIII Alcoy","src":"https:\/\/i0.wp.com\/www.academica.school\/news\/wp-content\/uploads\/2026\/04\/Captura-de-pantalla-2026-04-20-a-las-17.21.19-e1776755426764.png?fit=600%2C663&ssl=1&resize=350%2C200","width":350,"height":200,"srcset":"https:\/\/i0.wp.com\/www.academica.school\/news\/wp-content\/uploads\/2026\/04\/Captura-de-pantalla-2026-04-20-a-las-17.21.19-e1776755426764.png?fit=600%2C663&ssl=1&resize=350%2C200 1x, https:\/\/i0.wp.com\/www.academica.school\/news\/wp-content\/uploads\/2026\/04\/Captura-de-pantalla-2026-04-20-a-las-17.21.19-e1776755426764.png?fit=600%2C663&ssl=1&resize=525%2C300 1.5x"},"classes":[]}],"_links":{"self":[{"href":"https:\/\/www.academica.school\/news\/wp-json\/wp\/v2\/posts\/4329","targetHints":{"allow":["GET"]}}],"collection":[{"href":"https:\/\/www.academica.school\/news\/wp-json\/wp\/v2\/posts"}],"about":[{"href":"https:\/\/www.academica.school\/news\/wp-json\/wp\/v2\/types\/post"}],"author":[{"embeddable":true,"href":"https:\/\/www.academica.school\/news\/wp-json\/wp\/v2\/users\/6"}],"replies":[{"embeddable":true,"href":"https:\/\/www.academica.school\/news\/wp-json\/wp\/v2\/comments?post=4329"}],"version-history":[{"count":4,"href":"https:\/\/www.academica.school\/news\/wp-json\/wp\/v2\/posts\/4329\/revisions"}],"predecessor-version":[{"id":4363,"href":"https:\/\/www.academica.school\/news\/wp-json\/wp\/v2\/posts\/4329\/revisions\/4363"}],"wp:featuredmedia":[{"embeddable":true,"href":"https:\/\/www.academica.school\/news\/wp-json\/wp\/v2\/media\/4334"}],"wp:attachment":[{"href":"https:\/\/www.academica.school\/news\/wp-json\/wp\/v2\/media?parent=4329"}],"wp:term":[{"taxonomy":"category","embeddable":true,"href":"https:\/\/www.academica.school\/news\/wp-json\/wp\/v2\/categories?post=4329"},{"taxonomy":"post_tag","embeddable":true,"href":"https:\/\/www.academica.school\/news\/wp-json\/wp\/v2\/tags?post=4329"}],"curies":[{"name":"wp","href":"https:\/\/api.w.org\/{rel}","templated":true}]}}