{"id":4349,"date":"2026-04-27T08:10:53","date_gmt":"2026-04-27T08:10:53","guid":{"rendered":"https:\/\/www.academica.school\/news\/?p=4349"},"modified":"2026-04-27T08:12:03","modified_gmt":"2026-04-27T08:12:03","slug":"diploma-dual-alumnos-trabajar-manera-creativa-reflexion-personal","status":"publish","type":"post","link":"https:\/\/www.academica.school\/news\/diploma-dual-alumnos-trabajar-manera-creativa-reflexion-personal\/","title":{"rendered":"\u00abEl Diploma Dual les permite a los alumnos trabajar de otra manera, m\u00e1s creativa y m\u00e1s orientada a la reflexi\u00f3n personal\u00bb"},"content":{"rendered":"<p>Entrevistamos a Magda Pavel, Directora de Programa en el\u00a0<span style=\"color: #000000;\"><a style=\"color: #000000;\" href=\"https:\/\/colegiosanprudencio.net\/es\"><span style=\"text-decoration: underline;\"><b>Colegio San Prudencio de Vitoria-Gasteiz<\/b><\/span><\/a><\/span>,\u00a0quien nos cuenta su experiencia con el programa.<\/p>\n<p><!--more--><\/p>\n<p>Magda comenz\u00f3 a encargarse del Diploma Dual hace un par de a\u00f1os.<\/p>\n<h2><strong>\u00bfQu\u00e9 tipo de tareas lleva impl\u00edcita esta responsabilidad para los que sois Directores de Programa?<\/strong><\/h2>\n<div class=\"page\" title=\"Page 1\">\n<div class=\"section\">\n<div class=\"layoutArea\">\n<div class=\"column\">\n<div class=\"page\" title=\"Page 1\">\n<div class=\"section\">\n<div class=\"layoutArea\">\n<div class=\"column\">\n<div class=\"page\" title=\"Page 1\">\n<div class=\"section\">\n<div class=\"layoutArea\">\n<div class=\"column\">\n<div>\n<div class=\"elementToProof\" role=\"presentation\">\n<p>Mi labor consiste en acompa\u00f1ar a los alumnos y alumnas de nuestro centro, hacer seguimiento de su progreso, mantener la comunicaci\u00f3n con Academica y apoyar tanto a las familias como a los estudiantes para que el programa encaje bien con su d\u00eda a d\u00eda escolar.<\/p>\n<\/div>\n<\/div>\n<p>&nbsp;<\/p>\n<\/div>\n<\/div>\n<\/div>\n<\/div>\n<\/div>\n<\/div>\n<\/div>\n<\/div>\n<\/div>\n<\/div>\n<\/div>\n<\/div>\n<h2><b>\u00bfQu\u00e9 cambios has ido notando en los alumnos inscritos en el programa a medida que han ido avanzando los a\u00f1os?<\/b><\/h2>\n<div class=\"page\" title=\"Page 2\">\n<div class=\"section\">\n<div class=\"layoutArea\">\n<div class=\"column\">\n<div class=\"page\" title=\"Page 1\">\n<div class=\"section\">\n<div class=\"layoutArea\">\n<div class=\"column\">\n<div>\n<p>Lo que m\u00e1s veo es c\u00f3mo crecen en autonom\u00eda y seguridad. Empiezan un poco inseguros, pero enseguida se organizan mejor, trabajan con m\u00e1s responsabilidad y se expresan en ingl\u00e9s con mucha m\u00e1s soltura.<\/p>\n<\/div>\n<p>&nbsp;<\/p>\n<\/div>\n<\/div>\n<\/div>\n<\/div>\n<\/div>\n<\/div>\n<\/div>\n<\/div>\n<h2><b>\u00bfQu\u00e9 ventajas crees que aporta estudiar un curricular de un pa\u00eds diferente al nuestro, como el estadounidense?<\/b><\/h2>\n<div class=\"page\" title=\"Page 1\">\n<div class=\"section\">\n<div class=\"layoutArea\">\n<div class=\"column\">\n<div class=\"page\" title=\"Page 2\">\n<div class=\"section\">\n<div class=\"layoutArea\">\n<div class=\"column\">\n<div class=\"page\" title=\"Page 1\">\n<div class=\"section\">\n<div class=\"layoutArea\">\n<div class=\"column\">\n<p>Les abre la mente. Les permite trabajar de otra manera, m\u00e1s creativa y m\u00e1s orientada a la reflexi\u00f3n personal. Es un complemento perfecto al sistema espa\u00f1ol y les da una visi\u00f3n m\u00e1s internacional.<\/p>\n<p>&nbsp;<\/p>\n<\/div>\n<\/div>\n<\/div>\n<\/div>\n<\/div>\n<\/div>\n<\/div>\n<\/div>\n<\/div>\n<\/div>\n<\/div>\n<\/div>\n<h2><b>\u00bfCrees que aprenden los alumnos realmente ingl\u00e9s? \u00bfC\u00f3mo dir\u00edas que es ese aprendizaje?<\/b><\/h2>\n<div>\n<div class=\"elementToProof\" role=\"presentation\">\n<p>S\u00ed, y mucho. Aprenden ingl\u00e9s us\u00e1ndolo: escribiendo, comunic\u00e1ndose con profesores nativos, defendiendo ideas. Es un aprendizaje muy natural, porque el idioma deja de ser una asignatura y se convierte en una herramienta.<\/p>\n<\/div>\n<h2 role=\"presentation\"><\/h2>\n<h2 role=\"presentation\"><strong>\u00bfSe nota ese nivel despu\u00e9s a la hora de cosechar buenos resultados en la Selectividad?<\/strong><\/h2>\n<\/div>\n<p>A\u00fan no tengo alumnos\/as que hayan llegado a Selectividad, pero s\u00ed veo una mejora clara en su comprensi\u00f3n y soltura en ingl\u00e9s, as\u00ed que es de esperar que eso les beneficie cuando llegue el momento.<\/p>\n<p>&nbsp;<\/p>\n<h2><b>\u00bfRecomendar\u00edas el Diploma Dual a aquellas familias y alumnos que puedan estar pensando en mejorar su ingl\u00e9s? \u00bfPor qu\u00e9?<\/b><\/h2>\n<div class=\"page\" title=\"Page 2\">\n<div class=\"section\">\n<div class=\"layoutArea\">\n<div class=\"column\">\n<div class=\"page\" title=\"Page 3\">\n<div class=\"section\">\n<div class=\"layoutArea\">\n<div class=\"column\">\n<div class=\"page\" title=\"Page 1\">\n<div class=\"section\">\n<div class=\"layoutArea\">\n<div class=\"column\">\n<div dir=\"auto\">\n<div class=\"elementToProof\">\n<p>S\u00ed, sin duda. No solo por el idioma, sino por todo lo que desarrollan: autonom\u00eda, responsabilidad, pensamiento cr\u00edtico y habilidades digitales. Es una experiencia muy completa.<\/p>\n<\/div>\n<\/div>\n<p>&nbsp;<\/p>\n<\/div>\n<\/div>\n<\/div>\n<\/div>\n<\/div>\n<\/div>\n<\/div>\n<\/div>\n<\/div>\n<\/div>\n<\/div>\n<\/div>\n<h2><b>Por \u00faltimo, \u00bfcu\u00e1l ha sido tu mayor satisfacci\u00f3n como Directora de Programa a lo largo de estos a\u00f1os?<\/b><\/h2>\n<div class=\"page\" title=\"Page 2\">\n<div class=\"section\">\n<div class=\"layoutArea\">\n<div class=\"column\">\n<div class=\"page\" title=\"Page 3\">\n<div class=\"section\">\n<div class=\"layoutArea\">\n<div class=\"column\">\n<div class=\"page\" title=\"Page 1\">\n<div class=\"section\">\n<div class=\"layoutArea\">\n<div class=\"column\">\n<div dir=\"ltr\">\n<div dir=\"auto\">\n<p style=\"font-weight: 400;\">Ver la evoluci\u00f3n de los alumnos. Acompa\u00f1arles desde el principio y comprobar c\u00f3mo crecen, c\u00f3mo se superan y c\u00f3mo se sienten orgullosos de lo que logran. Eso es lo m\u00e1s gratificante.<\/p>\n<\/div>\n<\/div>\n<\/div>\n<\/div>\n<\/div>\n<\/div>\n<\/div>\n<\/div>\n<\/div>\n<\/div>\n<\/div>\n<\/div>\n<\/div>\n<\/div>\n","protected":false},"excerpt":{"rendered":"<p>Entrevistamos a Magda Pavel, Directora de Programa en el\u00a0Colegio San Prudencio de Vitoria-Gasteiz,\u00a0quien nos cuenta su experiencia con el programa.<\/p>\n","protected":false},"author":6,"featured_media":4116,"comment_status":"closed","ping_status":"closed","sticky":false,"template":"","format":"standard","meta":{"_jetpack_memberships_contains_paid_content":false,"footnotes":""},"categories":[1],"tags":[9,139,89,198,63,208,881,4,222,431],"class_list":["post-4349","post","type-post","status-publish","format-standard","has-post-thumbnail","hentry","category-last-news","tag-academica","tag-academica-spain","tag-alumnos","tag-american-high-school","tag-bachillerato-americano","tag-colegio","tag-colegio-san-prudencio","tag-diploma-dual","tag-dual-diploma","tag-los-300-mejores","clearfix"],"yoast_head":"<!-- This site is optimized with the Yoast SEO plugin v27.4 - https:\/\/yoast.com\/product\/yoast-seo-wordpress\/ -->\n<title>&quot;El Diploma Dual les permite a los alumnos trabajar de otra manera, m\u00e1s creativa y m\u00e1s orientada a la reflexi\u00f3n personal&quot; - Academica News<\/title>\n<meta name=\"description\" content=\"Entrevistamos a Magda Pavel, Directora de Programa en el\u00a0Colegio San Prudencio de Vitoria-Gasteiz,\u00a0quien nos cuenta su experiencia.\" \/>\n<meta name=\"robots\" content=\"index, follow, max-snippet:-1, max-image-preview:large, max-video-preview:-1\" \/>\n<link rel=\"canonical\" href=\"https:\/\/www.academica.school\/news\/diploma-dual-alumnos-trabajar-manera-creativa-reflexion-personal\/\" \/>\n<meta property=\"og:locale\" content=\"es_ES\" \/>\n<meta property=\"og:type\" content=\"article\" \/>\n<meta property=\"og:title\" content=\"&quot;El Diploma Dual les permite a los alumnos trabajar de otra manera, m\u00e1s creativa y m\u00e1s orientada a la reflexi\u00f3n personal&quot; - Academica News\" \/>\n<meta property=\"og:description\" content=\"Entrevistamos a Magda Pavel, Directora de Programa en el\u00a0Colegio San Prudencio de Vitoria-Gasteiz,\u00a0quien nos cuenta su experiencia.\" \/>\n<meta property=\"og:url\" content=\"https:\/\/www.academica.school\/news\/diploma-dual-alumnos-trabajar-manera-creativa-reflexion-personal\/\" \/>\n<meta property=\"og:site_name\" content=\"Academica News\" \/>\n<meta property=\"article:published_time\" content=\"2026-04-27T08:10:53+00:00\" \/>\n<meta property=\"article:modified_time\" content=\"2026-04-27T08:12:03+00:00\" \/>\n<meta property=\"og:image\" content=\"https:\/\/www.academica.school\/news\/wp-content\/uploads\/2026\/02\/diploma-dual-san-prudencio.jpeg\" \/>\n\t<meta property=\"og:image:width\" content=\"1024\" \/>\n\t<meta property=\"og:image:height\" content=\"1024\" \/>\n\t<meta property=\"og:image:type\" content=\"image\/jpeg\" \/>\n<meta name=\"author\" content=\"Academica Spain\" \/>\n<meta name=\"twitter:card\" content=\"summary_large_image\" \/>\n<meta name=\"twitter:label1\" content=\"Escrito por\" \/>\n\t<meta name=\"twitter:data1\" content=\"Academica Spain\" \/>\n\t<meta name=\"twitter:label2\" content=\"Tiempo de lectura\" \/>\n\t<meta name=\"twitter:data2\" content=\"2 minutos\" \/>\n<script type=\"application\/ld+json\" class=\"yoast-schema-graph\">{\"@context\":\"https:\\\/\\\/schema.org\",\"@graph\":[{\"@type\":\"Article\",\"@id\":\"https:\\\/\\\/www.academica.school\\\/news\\\/diploma-dual-alumnos-trabajar-manera-creativa-reflexion-personal\\\/#article\",\"isPartOf\":{\"@id\":\"https:\\\/\\\/www.academica.school\\\/news\\\/diploma-dual-alumnos-trabajar-manera-creativa-reflexion-personal\\\/\"},\"author\":{\"name\":\"Academica Spain\",\"@id\":\"https:\\\/\\\/www.academica.school\\\/news\\\/#\\\/schema\\\/person\\\/a9da1d35195720e471d7993db5fa06cd\"},\"headline\":\"\u00abEl Diploma Dual les permite a los alumnos trabajar de otra manera, m\u00e1s creativa y m\u00e1s orientada a la reflexi\u00f3n personal\u00bb\",\"datePublished\":\"2026-04-27T08:10:53+00:00\",\"dateModified\":\"2026-04-27T08:12:03+00:00\",\"mainEntityOfPage\":{\"@id\":\"https:\\\/\\\/www.academica.school\\\/news\\\/diploma-dual-alumnos-trabajar-manera-creativa-reflexion-personal\\\/\"},\"wordCount\":459,\"publisher\":{\"@id\":\"https:\\\/\\\/www.academica.school\\\/news\\\/#organization\"},\"image\":{\"@id\":\"https:\\\/\\\/www.academica.school\\\/news\\\/diploma-dual-alumnos-trabajar-manera-creativa-reflexion-personal\\\/#primaryimage\"},\"thumbnailUrl\":\"https:\\\/\\\/i0.wp.com\\\/www.academica.school\\\/news\\\/wp-content\\\/uploads\\\/2026\\\/02\\\/diploma-dual-san-prudencio.jpeg?fit=1024%2C1024&ssl=1\",\"keywords\":[\"academica\",\"academica spain\",\"alumnos\",\"american high school\",\"bachillerato americano\",\"colegio\",\"colegio san prudencio\",\"Diploma Dual\",\"dual diploma\",\"los 300 mejores\"],\"articleSection\":[\"Last News\"],\"inLanguage\":\"es\"},{\"@type\":\"WebPage\",\"@id\":\"https:\\\/\\\/www.academica.school\\\/news\\\/diploma-dual-alumnos-trabajar-manera-creativa-reflexion-personal\\\/\",\"url\":\"https:\\\/\\\/www.academica.school\\\/news\\\/diploma-dual-alumnos-trabajar-manera-creativa-reflexion-personal\\\/\",\"name\":\"\\\"El Diploma Dual les permite a los alumnos trabajar de otra manera, m\u00e1s creativa y m\u00e1s orientada a la reflexi\u00f3n personal\\\" - Academica News\",\"isPartOf\":{\"@id\":\"https:\\\/\\\/www.academica.school\\\/news\\\/#website\"},\"primaryImageOfPage\":{\"@id\":\"https:\\\/\\\/www.academica.school\\\/news\\\/diploma-dual-alumnos-trabajar-manera-creativa-reflexion-personal\\\/#primaryimage\"},\"image\":{\"@id\":\"https:\\\/\\\/www.academica.school\\\/news\\\/diploma-dual-alumnos-trabajar-manera-creativa-reflexion-personal\\\/#primaryimage\"},\"thumbnailUrl\":\"https:\\\/\\\/i0.wp.com\\\/www.academica.school\\\/news\\\/wp-content\\\/uploads\\\/2026\\\/02\\\/diploma-dual-san-prudencio.jpeg?fit=1024%2C1024&ssl=1\",\"datePublished\":\"2026-04-27T08:10:53+00:00\",\"dateModified\":\"2026-04-27T08:12:03+00:00\",\"description\":\"Entrevistamos a Magda Pavel, Directora de Programa en el\u00a0Colegio San Prudencio de Vitoria-Gasteiz,\u00a0quien nos cuenta su experiencia.\",\"breadcrumb\":{\"@id\":\"https:\\\/\\\/www.academica.school\\\/news\\\/diploma-dual-alumnos-trabajar-manera-creativa-reflexion-personal\\\/#breadcrumb\"},\"inLanguage\":\"es\",\"potentialAction\":[{\"@type\":\"ReadAction\",\"target\":[\"https:\\\/\\\/www.academica.school\\\/news\\\/diploma-dual-alumnos-trabajar-manera-creativa-reflexion-personal\\\/\"]}]},{\"@type\":\"ImageObject\",\"inLanguage\":\"es\",\"@id\":\"https:\\\/\\\/www.academica.school\\\/news\\\/diploma-dual-alumnos-trabajar-manera-creativa-reflexion-personal\\\/#primaryimage\",\"url\":\"https:\\\/\\\/i0.wp.com\\\/www.academica.school\\\/news\\\/wp-content\\\/uploads\\\/2026\\\/02\\\/diploma-dual-san-prudencio.jpeg?fit=1024%2C1024&ssl=1\",\"contentUrl\":\"https:\\\/\\\/i0.wp.com\\\/www.academica.school\\\/news\\\/wp-content\\\/uploads\\\/2026\\\/02\\\/diploma-dual-san-prudencio.jpeg?fit=1024%2C1024&ssl=1\",\"width\":1024,\"height\":1024,\"caption\":\"Entrevista Directora de Programa Colegio San Prudencio Vitoria\"},{\"@type\":\"BreadcrumbList\",\"@id\":\"https:\\\/\\\/www.academica.school\\\/news\\\/diploma-dual-alumnos-trabajar-manera-creativa-reflexion-personal\\\/#breadcrumb\",\"itemListElement\":[{\"@type\":\"ListItem\",\"position\":1,\"name\":\"Portada\",\"item\":\"https:\\\/\\\/www.academica.school\\\/news\\\/\"},{\"@type\":\"ListItem\",\"position\":2,\"name\":\"\u00abEl Diploma Dual les permite a los alumnos trabajar de otra manera, m\u00e1s creativa y m\u00e1s orientada a la reflexi\u00f3n personal\u00bb\"}]},{\"@type\":\"WebSite\",\"@id\":\"https:\\\/\\\/www.academica.school\\\/news\\\/#website\",\"url\":\"https:\\\/\\\/www.academica.school\\\/news\\\/\",\"name\":\"Academica News\",\"description\":\"todo lo que pasa en el mundo acad\u00e9mico, sobre universidades y cualquier evento o novedad en la que participemos\",\"publisher\":{\"@id\":\"https:\\\/\\\/www.academica.school\\\/news\\\/#organization\"},\"potentialAction\":[{\"@type\":\"SearchAction\",\"target\":{\"@type\":\"EntryPoint\",\"urlTemplate\":\"https:\\\/\\\/www.academica.school\\\/news\\\/?s={search_term_string}\"},\"query-input\":{\"@type\":\"PropertyValueSpecification\",\"valueRequired\":true,\"valueName\":\"search_term_string\"}}],\"inLanguage\":\"es\"},{\"@type\":\"Organization\",\"@id\":\"https:\\\/\\\/www.academica.school\\\/news\\\/#organization\",\"name\":\"Academica\",\"url\":\"https:\\\/\\\/www.academica.school\\\/news\\\/\",\"logo\":{\"@type\":\"ImageObject\",\"inLanguage\":\"es\",\"@id\":\"https:\\\/\\\/www.academica.school\\\/news\\\/#\\\/schema\\\/logo\\\/image\\\/\",\"url\":\"https:\\\/\\\/i1.wp.com\\\/www.academica.school\\\/news\\\/wp-content\\\/uploads\\\/2019\\\/11\\\/Captura-de-pantalla-2019-11-20-a-las-12.14.04.png?fit=799%2C500&ssl=1\",\"contentUrl\":\"https:\\\/\\\/i1.wp.com\\\/www.academica.school\\\/news\\\/wp-content\\\/uploads\\\/2019\\\/11\\\/Captura-de-pantalla-2019-11-20-a-las-12.14.04.png?fit=799%2C500&ssl=1\",\"width\":799,\"height\":500,\"caption\":\"Academica\"},\"image\":{\"@id\":\"https:\\\/\\\/www.academica.school\\\/news\\\/#\\\/schema\\\/logo\\\/image\\\/\"}},{\"@type\":\"Person\",\"@id\":\"https:\\\/\\\/www.academica.school\\\/news\\\/#\\\/schema\\\/person\\\/a9da1d35195720e471d7993db5fa06cd\",\"name\":\"Academica Spain\",\"image\":{\"@type\":\"ImageObject\",\"inLanguage\":\"es\",\"@id\":\"https:\\\/\\\/secure.gravatar.com\\\/avatar\\\/a7ed0e6b5e69a0c89f30117b1b70787c4c8d25c0438514a94ac82dee11b08589?s=96&d=mm&r=g\",\"url\":\"https:\\\/\\\/secure.gravatar.com\\\/avatar\\\/a7ed0e6b5e69a0c89f30117b1b70787c4c8d25c0438514a94ac82dee11b08589?s=96&d=mm&r=g\",\"contentUrl\":\"https:\\\/\\\/secure.gravatar.com\\\/avatar\\\/a7ed0e6b5e69a0c89f30117b1b70787c4c8d25c0438514a94ac82dee11b08589?s=96&d=mm&r=g\",\"caption\":\"Academica Spain\"},\"url\":\"https:\\\/\\\/www.academica.school\\\/news\\\/author\\\/pquecedoacademica-school\\\/\"}]}<\/script>\n<!-- \/ Yoast SEO plugin. -->","yoast_head_json":{"title":"\"El Diploma Dual les permite a los alumnos trabajar de otra manera, m\u00e1s creativa y m\u00e1s orientada a la reflexi\u00f3n personal\" - Academica News","description":"Entrevistamos a Magda Pavel, Directora de Programa en el\u00a0Colegio San Prudencio de Vitoria-Gasteiz,\u00a0quien nos cuenta su experiencia.","robots":{"index":"index","follow":"follow","max-snippet":"max-snippet:-1","max-image-preview":"max-image-preview:large","max-video-preview":"max-video-preview:-1"},"canonical":"https:\/\/www.academica.school\/news\/diploma-dual-alumnos-trabajar-manera-creativa-reflexion-personal\/","og_locale":"es_ES","og_type":"article","og_title":"\"El Diploma Dual les permite a los alumnos trabajar de otra manera, m\u00e1s creativa y m\u00e1s orientada a la reflexi\u00f3n personal\" - Academica News","og_description":"Entrevistamos a Magda Pavel, Directora de Programa en el\u00a0Colegio San Prudencio de Vitoria-Gasteiz,\u00a0quien nos cuenta su experiencia.","og_url":"https:\/\/www.academica.school\/news\/diploma-dual-alumnos-trabajar-manera-creativa-reflexion-personal\/","og_site_name":"Academica News","article_published_time":"2026-04-27T08:10:53+00:00","article_modified_time":"2026-04-27T08:12:03+00:00","og_image":[{"width":1024,"height":1024,"url":"https:\/\/www.academica.school\/news\/wp-content\/uploads\/2026\/02\/diploma-dual-san-prudencio.jpeg","type":"image\/jpeg"}],"author":"Academica Spain","twitter_card":"summary_large_image","twitter_misc":{"Escrito por":"Academica Spain","Tiempo de lectura":"2 minutos"},"schema":{"@context":"https:\/\/schema.org","@graph":[{"@type":"Article","@id":"https:\/\/www.academica.school\/news\/diploma-dual-alumnos-trabajar-manera-creativa-reflexion-personal\/#article","isPartOf":{"@id":"https:\/\/www.academica.school\/news\/diploma-dual-alumnos-trabajar-manera-creativa-reflexion-personal\/"},"author":{"name":"Academica Spain","@id":"https:\/\/www.academica.school\/news\/#\/schema\/person\/a9da1d35195720e471d7993db5fa06cd"},"headline":"\u00abEl Diploma Dual les permite a los alumnos trabajar de otra manera, m\u00e1s creativa y m\u00e1s orientada a la reflexi\u00f3n personal\u00bb","datePublished":"2026-04-27T08:10:53+00:00","dateModified":"2026-04-27T08:12:03+00:00","mainEntityOfPage":{"@id":"https:\/\/www.academica.school\/news\/diploma-dual-alumnos-trabajar-manera-creativa-reflexion-personal\/"},"wordCount":459,"publisher":{"@id":"https:\/\/www.academica.school\/news\/#organization"},"image":{"@id":"https:\/\/www.academica.school\/news\/diploma-dual-alumnos-trabajar-manera-creativa-reflexion-personal\/#primaryimage"},"thumbnailUrl":"https:\/\/i0.wp.com\/www.academica.school\/news\/wp-content\/uploads\/2026\/02\/diploma-dual-san-prudencio.jpeg?fit=1024%2C1024&ssl=1","keywords":["academica","academica spain","alumnos","american high school","bachillerato americano","colegio","colegio san prudencio","Diploma Dual","dual diploma","los 300 mejores"],"articleSection":["Last News"],"inLanguage":"es"},{"@type":"WebPage","@id":"https:\/\/www.academica.school\/news\/diploma-dual-alumnos-trabajar-manera-creativa-reflexion-personal\/","url":"https:\/\/www.academica.school\/news\/diploma-dual-alumnos-trabajar-manera-creativa-reflexion-personal\/","name":"\"El Diploma Dual les permite a los alumnos trabajar de otra manera, m\u00e1s creativa y m\u00e1s orientada a la reflexi\u00f3n personal\" - Academica News","isPartOf":{"@id":"https:\/\/www.academica.school\/news\/#website"},"primaryImageOfPage":{"@id":"https:\/\/www.academica.school\/news\/diploma-dual-alumnos-trabajar-manera-creativa-reflexion-personal\/#primaryimage"},"image":{"@id":"https:\/\/www.academica.school\/news\/diploma-dual-alumnos-trabajar-manera-creativa-reflexion-personal\/#primaryimage"},"thumbnailUrl":"https:\/\/i0.wp.com\/www.academica.school\/news\/wp-content\/uploads\/2026\/02\/diploma-dual-san-prudencio.jpeg?fit=1024%2C1024&ssl=1","datePublished":"2026-04-27T08:10:53+00:00","dateModified":"2026-04-27T08:12:03+00:00","description":"Entrevistamos a Magda Pavel, Directora de Programa en el\u00a0Colegio San Prudencio de Vitoria-Gasteiz,\u00a0quien nos cuenta su experiencia.","breadcrumb":{"@id":"https:\/\/www.academica.school\/news\/diploma-dual-alumnos-trabajar-manera-creativa-reflexion-personal\/#breadcrumb"},"inLanguage":"es","potentialAction":[{"@type":"ReadAction","target":["https:\/\/www.academica.school\/news\/diploma-dual-alumnos-trabajar-manera-creativa-reflexion-personal\/"]}]},{"@type":"ImageObject","inLanguage":"es","@id":"https:\/\/www.academica.school\/news\/diploma-dual-alumnos-trabajar-manera-creativa-reflexion-personal\/#primaryimage","url":"https:\/\/i0.wp.com\/www.academica.school\/news\/wp-content\/uploads\/2026\/02\/diploma-dual-san-prudencio.jpeg?fit=1024%2C1024&ssl=1","contentUrl":"https:\/\/i0.wp.com\/www.academica.school\/news\/wp-content\/uploads\/2026\/02\/diploma-dual-san-prudencio.jpeg?fit=1024%2C1024&ssl=1","width":1024,"height":1024,"caption":"Entrevista Directora de Programa Colegio San Prudencio Vitoria"},{"@type":"BreadcrumbList","@id":"https:\/\/www.academica.school\/news\/diploma-dual-alumnos-trabajar-manera-creativa-reflexion-personal\/#breadcrumb","itemListElement":[{"@type":"ListItem","position":1,"name":"Portada","item":"https:\/\/www.academica.school\/news\/"},{"@type":"ListItem","position":2,"name":"\u00abEl Diploma Dual les permite a los alumnos trabajar de otra manera, m\u00e1s creativa y m\u00e1s orientada a la reflexi\u00f3n personal\u00bb"}]},{"@type":"WebSite","@id":"https:\/\/www.academica.school\/news\/#website","url":"https:\/\/www.academica.school\/news\/","name":"Academica News","description":"todo lo que pasa en el mundo acad\u00e9mico, sobre universidades y cualquier evento o novedad en la que participemos","publisher":{"@id":"https:\/\/www.academica.school\/news\/#organization"},"potentialAction":[{"@type":"SearchAction","target":{"@type":"EntryPoint","urlTemplate":"https:\/\/www.academica.school\/news\/?s={search_term_string}"},"query-input":{"@type":"PropertyValueSpecification","valueRequired":true,"valueName":"search_term_string"}}],"inLanguage":"es"},{"@type":"Organization","@id":"https:\/\/www.academica.school\/news\/#organization","name":"Academica","url":"https:\/\/www.academica.school\/news\/","logo":{"@type":"ImageObject","inLanguage":"es","@id":"https:\/\/www.academica.school\/news\/#\/schema\/logo\/image\/","url":"https:\/\/i1.wp.com\/www.academica.school\/news\/wp-content\/uploads\/2019\/11\/Captura-de-pantalla-2019-11-20-a-las-12.14.04.png?fit=799%2C500&ssl=1","contentUrl":"https:\/\/i1.wp.com\/www.academica.school\/news\/wp-content\/uploads\/2019\/11\/Captura-de-pantalla-2019-11-20-a-las-12.14.04.png?fit=799%2C500&ssl=1","width":799,"height":500,"caption":"Academica"},"image":{"@id":"https:\/\/www.academica.school\/news\/#\/schema\/logo\/image\/"}},{"@type":"Person","@id":"https:\/\/www.academica.school\/news\/#\/schema\/person\/a9da1d35195720e471d7993db5fa06cd","name":"Academica Spain","image":{"@type":"ImageObject","inLanguage":"es","@id":"https:\/\/secure.gravatar.com\/avatar\/a7ed0e6b5e69a0c89f30117b1b70787c4c8d25c0438514a94ac82dee11b08589?s=96&d=mm&r=g","url":"https:\/\/secure.gravatar.com\/avatar\/a7ed0e6b5e69a0c89f30117b1b70787c4c8d25c0438514a94ac82dee11b08589?s=96&d=mm&r=g","contentUrl":"https:\/\/secure.gravatar.com\/avatar\/a7ed0e6b5e69a0c89f30117b1b70787c4c8d25c0438514a94ac82dee11b08589?s=96&d=mm&r=g","caption":"Academica Spain"},"url":"https:\/\/www.academica.school\/news\/author\/pquecedoacademica-school\/"}]}},"jetpack_featured_media_url":"https:\/\/i0.wp.com\/www.academica.school\/news\/wp-content\/uploads\/2026\/02\/diploma-dual-san-prudencio.jpeg?fit=1024%2C1024&ssl=1","jetpack_sharing_enabled":true,"jetpack_shortlink":"https:\/\/wp.me\/p8RDKh-189","jetpack-related-posts":[{"id":3273,"url":"https:\/\/www.academica.school\/news\/colegio-san-francisco-incorpora-diploma-dual\/","url_meta":{"origin":4349,"position":0},"title":"El Colegio San Francisco de Pontevedra incorpora el Diploma Dual en su oferta educativa","author":"Academica Spain","date":"junio 3, 2025","format":false,"excerpt":"El Colegio San Francisco de Vilagarc\u00eda de Arousa\u00a0ya forma parte de los m\u00e1s de 1.000 colegios adheridos al programa Diploma Dual en Espa\u00f1a y Portugal. De esta forma, el colegio ofrece a sus alumnos la posibilidad de obtener dos titulaciones de forma simult\u00e1nea: la propia de su pa\u00eds y el\u2026","rel":"","context":"En \u00abLast News\u00bb","block_context":{"text":"Last News","link":"https:\/\/www.academica.school\/news\/last-news\/"},"img":{"alt_text":"diploma-dual-colegio-san-francisco","src":"https:\/\/i0.wp.com\/www.academica.school\/news\/wp-content\/uploads\/2025\/06\/diploma-dual-colegio-san-francisco-2-e1748935989356.jpg?fit=700%2C933&ssl=1&resize=350%2C200","width":350,"height":200,"srcset":"https:\/\/i0.wp.com\/www.academica.school\/news\/wp-content\/uploads\/2025\/06\/diploma-dual-colegio-san-francisco-2-e1748935989356.jpg?fit=700%2C933&ssl=1&resize=350%2C200 1x, https:\/\/i0.wp.com\/www.academica.school\/news\/wp-content\/uploads\/2025\/06\/diploma-dual-colegio-san-francisco-2-e1748935989356.jpg?fit=700%2C933&ssl=1&resize=525%2C300 1.5x, https:\/\/i0.wp.com\/www.academica.school\/news\/wp-content\/uploads\/2025\/06\/diploma-dual-colegio-san-francisco-2-e1748935989356.jpg?fit=700%2C933&ssl=1&resize=700%2C400 2x"},"classes":[]},{"id":3252,"url":"https:\/\/www.academica.school\/news\/decidieron-comenzar-diploma-dual-alumnos-san-jose-montana\/","url_meta":{"origin":4349,"position":1},"title":"\u00bfPor qu\u00e9 decidieron comenzar con el Diploma Dual los alumnos del Colegio San Jos\u00e9 de la Monta\u00f1a?","author":"Academica Spain","date":"mayo 22, 2025","format":"video","excerpt":"Los alumnos que est\u00e1n cursando el Diploma Dual en el Colegio San Jos\u00e9 de la Monta\u00f1a de Cheste nos cuentan por qu\u00e9 decidieron empezar con el programa. El Diploma Dual es el programa oficial de convalidaci\u00f3n internacional de t\u00edtulos de Bachillerato creado y desarrollado por Academica, que permite a los\u2026","rel":"","context":"En \u00abLast News\u00bb","block_context":{"text":"Last News","link":"https:\/\/www.academica.school\/news\/last-news\/"},"img":{"alt_text":"","src":"","width":0,"height":0},"classes":[]},{"id":3260,"url":"https:\/\/www.academica.school\/news\/colegio-san-francisco-asis-incorpora-diploma-dual\/","url_meta":{"origin":4349,"position":2},"title":"El Colegio San Francisco de As\u00eds de C\u00e1diz incorpora el Diploma Dual en su oferta educativa","author":"Academica Spain","date":"mayo 27, 2025","format":false,"excerpt":"El Colegio San Francisco de As\u00eds de C\u00e1diz ya forma parte de los m\u00e1s de 1.000 colegios adheridos al programa Diploma Dual en Espa\u00f1a y Portugal. De esta forma, el colegio ofrece a sus alumnos la posibilidad de obtener dos titulaciones de forma simult\u00e1nea: la propia de su pa\u00eds y\u2026","rel":"","context":"En \u00abLast News\u00bb","block_context":{"text":"Last News","link":"https:\/\/www.academica.school\/news\/last-news\/"},"img":{"alt_text":"diploma-dual-colegio-san-francisco-asis","src":"https:\/\/i0.wp.com\/www.academica.school\/news\/wp-content\/uploads\/2025\/05\/diploma-dual-colegio-san-francisco-asis-e1748339826221.jpg?fit=900%2C675&ssl=1&resize=350%2C200","width":350,"height":200,"srcset":"https:\/\/i0.wp.com\/www.academica.school\/news\/wp-content\/uploads\/2025\/05\/diploma-dual-colegio-san-francisco-asis-e1748339826221.jpg?fit=900%2C675&ssl=1&resize=350%2C200 1x, https:\/\/i0.wp.com\/www.academica.school\/news\/wp-content\/uploads\/2025\/05\/diploma-dual-colegio-san-francisco-asis-e1748339826221.jpg?fit=900%2C675&ssl=1&resize=525%2C300 1.5x, https:\/\/i0.wp.com\/www.academica.school\/news\/wp-content\/uploads\/2025\/05\/diploma-dual-colegio-san-francisco-asis-e1748339826221.jpg?fit=900%2C675&ssl=1&resize=700%2C400 2x"},"classes":[]},{"id":2948,"url":"https:\/\/www.academica.school\/news\/el-colegio-san-viator-de-huesca-apuesta-por-el-bachillerato-americano\/","url_meta":{"origin":4349,"position":3},"title":"El Colegio San Viator de Huesca apuesta por el Bachillerato Americano","author":"Academica Spain","date":"febrero 12, 2025","format":false,"excerpt":"El Colegio San Viator de Huesca ya forma parte de los m\u00e1s de 1.000 colegios adheridos al programa Diploma Dual en Espa\u00f1a y Portugal. De esta forma, el colegio ofrece a sus alumnos la posibilidad de obtener dos titulaciones de forma simult\u00e1nea: la propia de su pa\u00eds y el American\u2026","rel":"","context":"En \u00abLast News\u00bb","block_context":{"text":"Last News","link":"https:\/\/www.academica.school\/news\/last-news\/"},"img":{"alt_text":"diploma-dual-academica","src":"https:\/\/i0.wp.com\/www.academica.school\/news\/wp-content\/uploads\/2025\/02\/diploma-dual-academica-2.jpg?fit=1000%2C664&ssl=1&resize=350%2C200","width":350,"height":200,"srcset":"https:\/\/i0.wp.com\/www.academica.school\/news\/wp-content\/uploads\/2025\/02\/diploma-dual-academica-2.jpg?fit=1000%2C664&ssl=1&resize=350%2C200 1x, https:\/\/i0.wp.com\/www.academica.school\/news\/wp-content\/uploads\/2025\/02\/diploma-dual-academica-2.jpg?fit=1000%2C664&ssl=1&resize=525%2C300 1.5x, https:\/\/i0.wp.com\/www.academica.school\/news\/wp-content\/uploads\/2025\/02\/diploma-dual-academica-2.jpg?fit=1000%2C664&ssl=1&resize=700%2C400 2x"},"classes":[]},{"id":1845,"url":"https:\/\/www.academica.school\/news\/que-es-el-diploma-dual-para-los-alumnos-del-colegio-gondomar-de-madrid\/","url_meta":{"origin":4349,"position":4},"title":"\u00bfQu\u00e9 es el Diploma Dual para los alumnos del Colegio Gondomar de Madrid?","author":"Academica Spain","date":"octubre 2, 2023","format":"video","excerpt":"Varios alumnos que est\u00e1n cursando el Diploma Dual en el Colegio Gondomar de Madrid nos cuentan su experiencia con el programa. En este v\u00eddeo nos explican en qu\u00e9 consiste el programa, adem\u00e1s de hablarnos de los conocimientos que les est\u00e1 aportando tanto personal como profesionalmente. Comenzaron el programa con un\u2026","rel":"","context":"En \u00abLast News\u00bb","block_context":{"text":"Last News","link":"https:\/\/www.academica.school\/news\/last-news\/"},"img":{"alt_text":"DIPLOMA DUAL ACADEMICA","src":"https:\/\/i0.wp.com\/www.academica.school\/news\/wp-content\/uploads\/2023\/10\/DIPLOMA-DUAL-ACADEMICA.png?fit=1200%2C589&ssl=1&resize=350%2C200","width":350,"height":200,"srcset":"https:\/\/i0.wp.com\/www.academica.school\/news\/wp-content\/uploads\/2023\/10\/DIPLOMA-DUAL-ACADEMICA.png?fit=1200%2C589&ssl=1&resize=350%2C200 1x, https:\/\/i0.wp.com\/www.academica.school\/news\/wp-content\/uploads\/2023\/10\/DIPLOMA-DUAL-ACADEMICA.png?fit=1200%2C589&ssl=1&resize=525%2C300 1.5x, https:\/\/i0.wp.com\/www.academica.school\/news\/wp-content\/uploads\/2023\/10\/DIPLOMA-DUAL-ACADEMICA.png?fit=1200%2C589&ssl=1&resize=700%2C400 2x, https:\/\/i0.wp.com\/www.academica.school\/news\/wp-content\/uploads\/2023\/10\/DIPLOMA-DUAL-ACADEMICA.png?fit=1200%2C589&ssl=1&resize=1050%2C600 3x"},"classes":[]},{"id":3213,"url":"https:\/\/www.academica.school\/news\/diploma-dual-colegio-san-jose-montana-cheste\/","url_meta":{"origin":4349,"position":5},"title":"El Diploma Dual en el Colegio San Jos\u00e9 de la Monta\u00f1a de Cheste","author":"Academica Spain","date":"mayo 13, 2025","format":"video","excerpt":"Los alumnos que est\u00e1n cursando el Diploma Dual en el Colegio San Jos\u00e9 de la Monta\u00f1a de Cheste nos cuentan su experiencia. Para todos ellos es su primer a\u00f1o cursando el programa, pero ya est\u00e1n viendo lo mucho que est\u00e1n aprendiendo y lo que les est\u00e1 aportando el Diploma Dual\u2026","rel":"","context":"En \u00abLast News\u00bb","block_context":{"text":"Last News","link":"https:\/\/www.academica.school\/news\/last-news\/"},"img":{"alt_text":"","src":"","width":0,"height":0},"classes":[]}],"_links":{"self":[{"href":"https:\/\/www.academica.school\/news\/wp-json\/wp\/v2\/posts\/4349","targetHints":{"allow":["GET"]}}],"collection":[{"href":"https:\/\/www.academica.school\/news\/wp-json\/wp\/v2\/posts"}],"about":[{"href":"https:\/\/www.academica.school\/news\/wp-json\/wp\/v2\/types\/post"}],"author":[{"embeddable":true,"href":"https:\/\/www.academica.school\/news\/wp-json\/wp\/v2\/users\/6"}],"replies":[{"embeddable":true,"href":"https:\/\/www.academica.school\/news\/wp-json\/wp\/v2\/comments?post=4349"}],"version-history":[{"count":3,"href":"https:\/\/www.academica.school\/news\/wp-json\/wp\/v2\/posts\/4349\/revisions"}],"predecessor-version":[{"id":4352,"href":"https:\/\/www.academica.school\/news\/wp-json\/wp\/v2\/posts\/4349\/revisions\/4352"}],"wp:featuredmedia":[{"embeddable":true,"href":"https:\/\/www.academica.school\/news\/wp-json\/wp\/v2\/media\/4116"}],"wp:attachment":[{"href":"https:\/\/www.academica.school\/news\/wp-json\/wp\/v2\/media?parent=4349"}],"wp:term":[{"taxonomy":"category","embeddable":true,"href":"https:\/\/www.academica.school\/news\/wp-json\/wp\/v2\/categories?post=4349"},{"taxonomy":"post_tag","embeddable":true,"href":"https:\/\/www.academica.school\/news\/wp-json\/wp\/v2\/tags?post=4349"}],"curies":[{"name":"wp","href":"https:\/\/api.w.org\/{rel}","templated":true}]}}