{"id":4359,"date":"2026-04-29T07:46:10","date_gmt":"2026-04-29T07:46:10","guid":{"rendered":"https:\/\/www.academica.school\/news\/?p=4359"},"modified":"2026-04-29T07:46:10","modified_gmt":"2026-04-29T07:46:10","slug":"santa-teresa-ganduxer-celebra-15-anos-exito-diploma-dual","status":"publish","type":"post","link":"https:\/\/www.academica.school\/news\/santa-teresa-ganduxer-celebra-15-anos-exito-diploma-dual\/","title":{"rendered":"El Col\u00b7legi Santa Teresa Ganduxer de Barcelona celebra 15 a\u00f1os de \u00e9xito con el Diploma Dual"},"content":{"rendered":"<p>Hemos tenido el placer de visitar el <span style=\"color: #000000;\"><a style=\"color: #000000;\" href=\"http:\/\/ganduxer.escolateresiana.com\"><span style=\"text-decoration: underline;\"><strong>Col\u00b7legi Santa Teresa Ganduxer de Barcelona<\/strong><\/span><\/a><\/span>, donde fuimos recibidos por el equipo directivo y de coordinaci\u00f3n del programa, a quienes agradecemos su c\u00e1lida acogida y la oportunidad de conocer de cerca el excelente trabajo que realizan.<\/p>\n<p><!--more--><\/p>\n<p data-start=\"570\" data-end=\"927\">Durante la visita pudimos comprobar el firme compromiso del centro con una educaci\u00f3n de calidad, basada en la excelencia acad\u00e9mica, la atenci\u00f3n personalizada y el acompa\u00f1amiento constante al alumnado. El equipo docente y la Directora de Programa demuestran una gran implicaci\u00f3n en el desarrollo del Diploma Dual, asegurando un seguimiento cercano y un apoyo continuo a los estudiantes.<\/p>\n<p data-start=\"929\" data-end=\"1127\">Cabe destacar que el colegio lleva 15 a\u00f1os ofreciendo el programa, consolid\u00e1ndose como un referente en la implantaci\u00f3n del Bachillerato Dual y en la apuesta por una formaci\u00f3n internacional de alto nivel.<\/p>\n<p data-start=\"1129\" data-end=\"1338\">Asimismo, queremos felicitar a todos los alumnos que actualmente cursan el programa por su esfuerzo, constancia y dedicaci\u00f3n. Su compromiso diario es clave para afrontar con \u00e9xito el Diploma Dual.<\/p>\n<p data-start=\"1340\" data-end=\"1542\">Desde Academica, agradecemos la oportunidad de compartir esta jornada y celebramos el compromiso del centro con la excelencia educativa y la formaci\u00f3n internacional.<\/p>\n","protected":false},"excerpt":{"rendered":"<p>Hemos tenido el placer de visitar el Col\u00b7legi Santa Teresa Ganduxer de Barcelona, donde fuimos recibidos por el equipo directivo y de coordinaci\u00f3n del programa, a quienes agradecemos su c\u00e1lida acogida y la oportunidad de conocer de cerca el excelente trabajo que realizan.<\/p>\n","protected":false},"author":6,"featured_media":4360,"comment_status":"closed","ping_status":"closed","sticky":false,"template":"","format":"standard","meta":{"_jetpack_memberships_contains_paid_content":false,"footnotes":""},"categories":[1],"tags":[9,139,89,198,63,208,914,4,222,431],"class_list":["post-4359","post","type-post","status-publish","format-standard","has-post-thumbnail","hentry","category-last-news","tag-academica","tag-academica-spain","tag-alumnos","tag-american-high-school","tag-bachillerato-americano","tag-colegio","tag-colegio-santa-teresa-ganduxer","tag-diploma-dual","tag-dual-diploma","tag-los-300-mejores","clearfix"],"yoast_head":"<!-- This site is optimized with the Yoast SEO plugin v27.5 - https:\/\/yoast.com\/product\/yoast-seo-wordpress\/ -->\n<title>El Col\u00b7legi Santa Teresa Ganduxer de Barcelona celebra 15 a\u00f1os de \u00e9xito con el Diploma Dual - Academica News<\/title>\n<meta name=\"description\" content=\"Hemos tenido el placer de visitar el Col\u00b7legi Santa Teresa Ganduxer de Barcelona, donde fuimos recibidos por el equipo directivo y de coordinaci\u00f3n del programa.\" \/>\n<meta name=\"robots\" content=\"index, follow, max-snippet:-1, max-image-preview:large, max-video-preview:-1\" \/>\n<link rel=\"canonical\" href=\"https:\/\/www.academica.school\/news\/santa-teresa-ganduxer-celebra-15-anos-exito-diploma-dual\/\" \/>\n<meta property=\"og:locale\" content=\"es_ES\" \/>\n<meta property=\"og:type\" content=\"article\" \/>\n<meta property=\"og:title\" content=\"El Col\u00b7legi Santa Teresa Ganduxer de Barcelona celebra 15 a\u00f1os de \u00e9xito con el Diploma Dual - Academica News\" \/>\n<meta property=\"og:description\" content=\"Hemos tenido el placer de visitar el Col\u00b7legi Santa Teresa Ganduxer de Barcelona, donde fuimos recibidos por el equipo directivo y de coordinaci\u00f3n del programa.\" \/>\n<meta property=\"og:url\" content=\"https:\/\/www.academica.school\/news\/santa-teresa-ganduxer-celebra-15-anos-exito-diploma-dual\/\" \/>\n<meta property=\"og:site_name\" content=\"Academica News\" \/>\n<meta property=\"article:published_time\" content=\"2026-04-29T07:46:10+00:00\" \/>\n<meta property=\"og:image\" content=\"https:\/\/www.academica.school\/news\/wp-content\/uploads\/2026\/04\/diploma-dual-santa-teresa-ganduxer-2-e1777448702858.jpeg\" \/>\n\t<meta property=\"og:image:width\" content=\"1000\" \/>\n\t<meta property=\"og:image:height\" content=\"810\" \/>\n\t<meta property=\"og:image:type\" content=\"image\/jpeg\" \/>\n<meta name=\"author\" content=\"Academica Spain\" \/>\n<meta name=\"twitter:card\" content=\"summary_large_image\" \/>\n<meta name=\"twitter:label1\" content=\"Escrito por\" \/>\n\t<meta name=\"twitter:data1\" content=\"Academica Spain\" \/>\n\t<meta name=\"twitter:label2\" content=\"Tiempo de lectura\" \/>\n\t<meta name=\"twitter:data2\" content=\"2 minutos\" \/>\n<script type=\"application\/ld+json\" class=\"yoast-schema-graph\">{\"@context\":\"https:\\\/\\\/schema.org\",\"@graph\":[{\"@type\":\"Article\",\"@id\":\"https:\\\/\\\/www.academica.school\\\/news\\\/santa-teresa-ganduxer-celebra-15-anos-exito-diploma-dual\\\/#article\",\"isPartOf\":{\"@id\":\"https:\\\/\\\/www.academica.school\\\/news\\\/santa-teresa-ganduxer-celebra-15-anos-exito-diploma-dual\\\/\"},\"author\":{\"name\":\"Academica Spain\",\"@id\":\"https:\\\/\\\/www.academica.school\\\/news\\\/#\\\/schema\\\/person\\\/a9da1d35195720e471d7993db5fa06cd\"},\"headline\":\"El Col\u00b7legi Santa Teresa Ganduxer de Barcelona celebra 15 a\u00f1os de \u00e9xito con el Diploma Dual\",\"datePublished\":\"2026-04-29T07:46:10+00:00\",\"mainEntityOfPage\":{\"@id\":\"https:\\\/\\\/www.academica.school\\\/news\\\/santa-teresa-ganduxer-celebra-15-anos-exito-diploma-dual\\\/\"},\"wordCount\":216,\"publisher\":{\"@id\":\"https:\\\/\\\/www.academica.school\\\/news\\\/#organization\"},\"image\":{\"@id\":\"https:\\\/\\\/www.academica.school\\\/news\\\/santa-teresa-ganduxer-celebra-15-anos-exito-diploma-dual\\\/#primaryimage\"},\"thumbnailUrl\":\"https:\\\/\\\/i0.wp.com\\\/www.academica.school\\\/news\\\/wp-content\\\/uploads\\\/2026\\\/04\\\/diploma-dual-santa-teresa-ganduxer-2-e1777448702858.jpeg?fit=1000%2C810&ssl=1\",\"keywords\":[\"academica\",\"academica spain\",\"alumnos\",\"american high school\",\"bachillerato americano\",\"colegio\",\"colegio Santa Teresa ganduxer\",\"Diploma Dual\",\"dual diploma\",\"los 300 mejores\"],\"articleSection\":[\"Last News\"],\"inLanguage\":\"es\"},{\"@type\":\"WebPage\",\"@id\":\"https:\\\/\\\/www.academica.school\\\/news\\\/santa-teresa-ganduxer-celebra-15-anos-exito-diploma-dual\\\/\",\"url\":\"https:\\\/\\\/www.academica.school\\\/news\\\/santa-teresa-ganduxer-celebra-15-anos-exito-diploma-dual\\\/\",\"name\":\"El Col\u00b7legi Santa Teresa Ganduxer de Barcelona celebra 15 a\u00f1os de \u00e9xito con el Diploma Dual - Academica News\",\"isPartOf\":{\"@id\":\"https:\\\/\\\/www.academica.school\\\/news\\\/#website\"},\"primaryImageOfPage\":{\"@id\":\"https:\\\/\\\/www.academica.school\\\/news\\\/santa-teresa-ganduxer-celebra-15-anos-exito-diploma-dual\\\/#primaryimage\"},\"image\":{\"@id\":\"https:\\\/\\\/www.academica.school\\\/news\\\/santa-teresa-ganduxer-celebra-15-anos-exito-diploma-dual\\\/#primaryimage\"},\"thumbnailUrl\":\"https:\\\/\\\/i0.wp.com\\\/www.academica.school\\\/news\\\/wp-content\\\/uploads\\\/2026\\\/04\\\/diploma-dual-santa-teresa-ganduxer-2-e1777448702858.jpeg?fit=1000%2C810&ssl=1\",\"datePublished\":\"2026-04-29T07:46:10+00:00\",\"description\":\"Hemos tenido el placer de visitar el Col\u00b7legi Santa Teresa Ganduxer de Barcelona, donde fuimos recibidos por el equipo directivo y de coordinaci\u00f3n del programa.\",\"breadcrumb\":{\"@id\":\"https:\\\/\\\/www.academica.school\\\/news\\\/santa-teresa-ganduxer-celebra-15-anos-exito-diploma-dual\\\/#breadcrumb\"},\"inLanguage\":\"es\",\"potentialAction\":[{\"@type\":\"ReadAction\",\"target\":[\"https:\\\/\\\/www.academica.school\\\/news\\\/santa-teresa-ganduxer-celebra-15-anos-exito-diploma-dual\\\/\"]}]},{\"@type\":\"ImageObject\",\"inLanguage\":\"es\",\"@id\":\"https:\\\/\\\/www.academica.school\\\/news\\\/santa-teresa-ganduxer-celebra-15-anos-exito-diploma-dual\\\/#primaryimage\",\"url\":\"https:\\\/\\\/i0.wp.com\\\/www.academica.school\\\/news\\\/wp-content\\\/uploads\\\/2026\\\/04\\\/diploma-dual-santa-teresa-ganduxer-2-e1777448702858.jpeg?fit=1000%2C810&ssl=1\",\"contentUrl\":\"https:\\\/\\\/i0.wp.com\\\/www.academica.school\\\/news\\\/wp-content\\\/uploads\\\/2026\\\/04\\\/diploma-dual-santa-teresa-ganduxer-2-e1777448702858.jpeg?fit=1000%2C810&ssl=1\",\"width\":1000,\"height\":810,\"caption\":\"Visita Col\u00b7legi Santa Teresa Ganduxer de Barcelona\"},{\"@type\":\"BreadcrumbList\",\"@id\":\"https:\\\/\\\/www.academica.school\\\/news\\\/santa-teresa-ganduxer-celebra-15-anos-exito-diploma-dual\\\/#breadcrumb\",\"itemListElement\":[{\"@type\":\"ListItem\",\"position\":1,\"name\":\"Portada\",\"item\":\"https:\\\/\\\/www.academica.school\\\/news\\\/\"},{\"@type\":\"ListItem\",\"position\":2,\"name\":\"El Col\u00b7legi Santa Teresa Ganduxer de Barcelona celebra 15 a\u00f1os de \u00e9xito con el Diploma Dual\"}]},{\"@type\":\"WebSite\",\"@id\":\"https:\\\/\\\/www.academica.school\\\/news\\\/#website\",\"url\":\"https:\\\/\\\/www.academica.school\\\/news\\\/\",\"name\":\"Academica News\",\"description\":\"todo lo que pasa en el mundo acad\u00e9mico, sobre universidades y cualquier evento o novedad en la que participemos\",\"publisher\":{\"@id\":\"https:\\\/\\\/www.academica.school\\\/news\\\/#organization\"},\"potentialAction\":[{\"@type\":\"SearchAction\",\"target\":{\"@type\":\"EntryPoint\",\"urlTemplate\":\"https:\\\/\\\/www.academica.school\\\/news\\\/?s={search_term_string}\"},\"query-input\":{\"@type\":\"PropertyValueSpecification\",\"valueRequired\":true,\"valueName\":\"search_term_string\"}}],\"inLanguage\":\"es\"},{\"@type\":\"Organization\",\"@id\":\"https:\\\/\\\/www.academica.school\\\/news\\\/#organization\",\"name\":\"Academica\",\"url\":\"https:\\\/\\\/www.academica.school\\\/news\\\/\",\"logo\":{\"@type\":\"ImageObject\",\"inLanguage\":\"es\",\"@id\":\"https:\\\/\\\/www.academica.school\\\/news\\\/#\\\/schema\\\/logo\\\/image\\\/\",\"url\":\"https:\\\/\\\/i1.wp.com\\\/www.academica.school\\\/news\\\/wp-content\\\/uploads\\\/2019\\\/11\\\/Captura-de-pantalla-2019-11-20-a-las-12.14.04.png?fit=799%2C500&ssl=1\",\"contentUrl\":\"https:\\\/\\\/i1.wp.com\\\/www.academica.school\\\/news\\\/wp-content\\\/uploads\\\/2019\\\/11\\\/Captura-de-pantalla-2019-11-20-a-las-12.14.04.png?fit=799%2C500&ssl=1\",\"width\":799,\"height\":500,\"caption\":\"Academica\"},\"image\":{\"@id\":\"https:\\\/\\\/www.academica.school\\\/news\\\/#\\\/schema\\\/logo\\\/image\\\/\"}},{\"@type\":\"Person\",\"@id\":\"https:\\\/\\\/www.academica.school\\\/news\\\/#\\\/schema\\\/person\\\/a9da1d35195720e471d7993db5fa06cd\",\"name\":\"Academica Spain\",\"image\":{\"@type\":\"ImageObject\",\"inLanguage\":\"es\",\"@id\":\"https:\\\/\\\/secure.gravatar.com\\\/avatar\\\/a7ed0e6b5e69a0c89f30117b1b70787c4c8d25c0438514a94ac82dee11b08589?s=96&d=mm&r=g\",\"url\":\"https:\\\/\\\/secure.gravatar.com\\\/avatar\\\/a7ed0e6b5e69a0c89f30117b1b70787c4c8d25c0438514a94ac82dee11b08589?s=96&d=mm&r=g\",\"contentUrl\":\"https:\\\/\\\/secure.gravatar.com\\\/avatar\\\/a7ed0e6b5e69a0c89f30117b1b70787c4c8d25c0438514a94ac82dee11b08589?s=96&d=mm&r=g\",\"caption\":\"Academica Spain\"},\"url\":\"https:\\\/\\\/www.academica.school\\\/news\\\/author\\\/pquecedoacademica-school\\\/\"}]}<\/script>\n<!-- \/ Yoast SEO plugin. -->","yoast_head_json":{"title":"El Col\u00b7legi Santa Teresa Ganduxer de Barcelona celebra 15 a\u00f1os de \u00e9xito con el Diploma Dual - Academica News","description":"Hemos tenido el placer de visitar el Col\u00b7legi Santa Teresa Ganduxer de Barcelona, donde fuimos recibidos por el equipo directivo y de coordinaci\u00f3n del programa.","robots":{"index":"index","follow":"follow","max-snippet":"max-snippet:-1","max-image-preview":"max-image-preview:large","max-video-preview":"max-video-preview:-1"},"canonical":"https:\/\/www.academica.school\/news\/santa-teresa-ganduxer-celebra-15-anos-exito-diploma-dual\/","og_locale":"es_ES","og_type":"article","og_title":"El Col\u00b7legi Santa Teresa Ganduxer de Barcelona celebra 15 a\u00f1os de \u00e9xito con el Diploma Dual - Academica News","og_description":"Hemos tenido el placer de visitar el Col\u00b7legi Santa Teresa Ganduxer de Barcelona, donde fuimos recibidos por el equipo directivo y de coordinaci\u00f3n del programa.","og_url":"https:\/\/www.academica.school\/news\/santa-teresa-ganduxer-celebra-15-anos-exito-diploma-dual\/","og_site_name":"Academica News","article_published_time":"2026-04-29T07:46:10+00:00","og_image":[{"width":1000,"height":810,"url":"https:\/\/www.academica.school\/news\/wp-content\/uploads\/2026\/04\/diploma-dual-santa-teresa-ganduxer-2-e1777448702858.jpeg","type":"image\/jpeg"}],"author":"Academica Spain","twitter_card":"summary_large_image","twitter_misc":{"Escrito por":"Academica Spain","Tiempo de lectura":"2 minutos"},"schema":{"@context":"https:\/\/schema.org","@graph":[{"@type":"Article","@id":"https:\/\/www.academica.school\/news\/santa-teresa-ganduxer-celebra-15-anos-exito-diploma-dual\/#article","isPartOf":{"@id":"https:\/\/www.academica.school\/news\/santa-teresa-ganduxer-celebra-15-anos-exito-diploma-dual\/"},"author":{"name":"Academica Spain","@id":"https:\/\/www.academica.school\/news\/#\/schema\/person\/a9da1d35195720e471d7993db5fa06cd"},"headline":"El Col\u00b7legi Santa Teresa Ganduxer de Barcelona celebra 15 a\u00f1os de \u00e9xito con el Diploma Dual","datePublished":"2026-04-29T07:46:10+00:00","mainEntityOfPage":{"@id":"https:\/\/www.academica.school\/news\/santa-teresa-ganduxer-celebra-15-anos-exito-diploma-dual\/"},"wordCount":216,"publisher":{"@id":"https:\/\/www.academica.school\/news\/#organization"},"image":{"@id":"https:\/\/www.academica.school\/news\/santa-teresa-ganduxer-celebra-15-anos-exito-diploma-dual\/#primaryimage"},"thumbnailUrl":"https:\/\/i0.wp.com\/www.academica.school\/news\/wp-content\/uploads\/2026\/04\/diploma-dual-santa-teresa-ganduxer-2-e1777448702858.jpeg?fit=1000%2C810&ssl=1","keywords":["academica","academica spain","alumnos","american high school","bachillerato americano","colegio","colegio Santa Teresa ganduxer","Diploma Dual","dual diploma","los 300 mejores"],"articleSection":["Last News"],"inLanguage":"es"},{"@type":"WebPage","@id":"https:\/\/www.academica.school\/news\/santa-teresa-ganduxer-celebra-15-anos-exito-diploma-dual\/","url":"https:\/\/www.academica.school\/news\/santa-teresa-ganduxer-celebra-15-anos-exito-diploma-dual\/","name":"El Col\u00b7legi Santa Teresa Ganduxer de Barcelona celebra 15 a\u00f1os de \u00e9xito con el Diploma Dual - Academica News","isPartOf":{"@id":"https:\/\/www.academica.school\/news\/#website"},"primaryImageOfPage":{"@id":"https:\/\/www.academica.school\/news\/santa-teresa-ganduxer-celebra-15-anos-exito-diploma-dual\/#primaryimage"},"image":{"@id":"https:\/\/www.academica.school\/news\/santa-teresa-ganduxer-celebra-15-anos-exito-diploma-dual\/#primaryimage"},"thumbnailUrl":"https:\/\/i0.wp.com\/www.academica.school\/news\/wp-content\/uploads\/2026\/04\/diploma-dual-santa-teresa-ganduxer-2-e1777448702858.jpeg?fit=1000%2C810&ssl=1","datePublished":"2026-04-29T07:46:10+00:00","description":"Hemos tenido el placer de visitar el Col\u00b7legi Santa Teresa Ganduxer de Barcelona, donde fuimos recibidos por el equipo directivo y de coordinaci\u00f3n del programa.","breadcrumb":{"@id":"https:\/\/www.academica.school\/news\/santa-teresa-ganduxer-celebra-15-anos-exito-diploma-dual\/#breadcrumb"},"inLanguage":"es","potentialAction":[{"@type":"ReadAction","target":["https:\/\/www.academica.school\/news\/santa-teresa-ganduxer-celebra-15-anos-exito-diploma-dual\/"]}]},{"@type":"ImageObject","inLanguage":"es","@id":"https:\/\/www.academica.school\/news\/santa-teresa-ganduxer-celebra-15-anos-exito-diploma-dual\/#primaryimage","url":"https:\/\/i0.wp.com\/www.academica.school\/news\/wp-content\/uploads\/2026\/04\/diploma-dual-santa-teresa-ganduxer-2-e1777448702858.jpeg?fit=1000%2C810&ssl=1","contentUrl":"https:\/\/i0.wp.com\/www.academica.school\/news\/wp-content\/uploads\/2026\/04\/diploma-dual-santa-teresa-ganduxer-2-e1777448702858.jpeg?fit=1000%2C810&ssl=1","width":1000,"height":810,"caption":"Visita Col\u00b7legi Santa Teresa Ganduxer de Barcelona"},{"@type":"BreadcrumbList","@id":"https:\/\/www.academica.school\/news\/santa-teresa-ganduxer-celebra-15-anos-exito-diploma-dual\/#breadcrumb","itemListElement":[{"@type":"ListItem","position":1,"name":"Portada","item":"https:\/\/www.academica.school\/news\/"},{"@type":"ListItem","position":2,"name":"El Col\u00b7legi Santa Teresa Ganduxer de Barcelona celebra 15 a\u00f1os de \u00e9xito con el Diploma Dual"}]},{"@type":"WebSite","@id":"https:\/\/www.academica.school\/news\/#website","url":"https:\/\/www.academica.school\/news\/","name":"Academica News","description":"todo lo que pasa en el mundo acad\u00e9mico, sobre universidades y cualquier evento o novedad en la que participemos","publisher":{"@id":"https:\/\/www.academica.school\/news\/#organization"},"potentialAction":[{"@type":"SearchAction","target":{"@type":"EntryPoint","urlTemplate":"https:\/\/www.academica.school\/news\/?s={search_term_string}"},"query-input":{"@type":"PropertyValueSpecification","valueRequired":true,"valueName":"search_term_string"}}],"inLanguage":"es"},{"@type":"Organization","@id":"https:\/\/www.academica.school\/news\/#organization","name":"Academica","url":"https:\/\/www.academica.school\/news\/","logo":{"@type":"ImageObject","inLanguage":"es","@id":"https:\/\/www.academica.school\/news\/#\/schema\/logo\/image\/","url":"https:\/\/i1.wp.com\/www.academica.school\/news\/wp-content\/uploads\/2019\/11\/Captura-de-pantalla-2019-11-20-a-las-12.14.04.png?fit=799%2C500&ssl=1","contentUrl":"https:\/\/i1.wp.com\/www.academica.school\/news\/wp-content\/uploads\/2019\/11\/Captura-de-pantalla-2019-11-20-a-las-12.14.04.png?fit=799%2C500&ssl=1","width":799,"height":500,"caption":"Academica"},"image":{"@id":"https:\/\/www.academica.school\/news\/#\/schema\/logo\/image\/"}},{"@type":"Person","@id":"https:\/\/www.academica.school\/news\/#\/schema\/person\/a9da1d35195720e471d7993db5fa06cd","name":"Academica Spain","image":{"@type":"ImageObject","inLanguage":"es","@id":"https:\/\/secure.gravatar.com\/avatar\/a7ed0e6b5e69a0c89f30117b1b70787c4c8d25c0438514a94ac82dee11b08589?s=96&d=mm&r=g","url":"https:\/\/secure.gravatar.com\/avatar\/a7ed0e6b5e69a0c89f30117b1b70787c4c8d25c0438514a94ac82dee11b08589?s=96&d=mm&r=g","contentUrl":"https:\/\/secure.gravatar.com\/avatar\/a7ed0e6b5e69a0c89f30117b1b70787c4c8d25c0438514a94ac82dee11b08589?s=96&d=mm&r=g","caption":"Academica Spain"},"url":"https:\/\/www.academica.school\/news\/author\/pquecedoacademica-school\/"}]}},"jetpack_featured_media_url":"https:\/\/i0.wp.com\/www.academica.school\/news\/wp-content\/uploads\/2026\/04\/diploma-dual-santa-teresa-ganduxer-2-e1777448702858.jpeg?fit=1000%2C810&ssl=1","jetpack_sharing_enabled":true,"jetpack_shortlink":"https:\/\/wp.me\/p8RDKh-18j","jetpack-related-posts":[{"id":2927,"url":"https:\/\/www.academica.school\/news\/el-diploma-dual-en-el-colegio-santa-teresa-de-jesus-de-salamanca\/","url_meta":{"origin":4359,"position":0},"title":"El Diploma Dual en el Colegio Santa Teresa de Jes\u00fas de Salamanca","author":"Academica Spain","date":"febrero 12, 2025","format":"video","excerpt":"Luc\u00eda y Vega, alumnas del Colegio Santa Teresa de Jes\u00fas de Salamanca, nos cuentan su experiencia cursando el Diploma Dual. Ambas han finalizado el primer semestre del curso con \u00e9xito, obteniendo buenos resultados. El programa no s\u00f3lo les est\u00e1 ayudando a mejorar sus habilidades de gesti\u00f3n y manejo del tiempo,\u2026","rel":"","context":"En \u00abLast News\u00bb","block_context":{"text":"Last News","link":"https:\/\/www.academica.school\/news\/last-news\/"},"img":{"alt_text":"diploma-dual-academica","src":"https:\/\/i0.wp.com\/www.academica.school\/news\/wp-content\/uploads\/2025\/02\/diploma-dual-academica.png?fit=669%2C1200&ssl=1&resize=350%2C200","width":350,"height":200,"srcset":"https:\/\/i0.wp.com\/www.academica.school\/news\/wp-content\/uploads\/2025\/02\/diploma-dual-academica.png?fit=669%2C1200&ssl=1&resize=350%2C200 1x, https:\/\/i0.wp.com\/www.academica.school\/news\/wp-content\/uploads\/2025\/02\/diploma-dual-academica.png?fit=669%2C1200&ssl=1&resize=525%2C300 1.5x"},"classes":[]},{"id":4103,"url":"https:\/\/www.academica.school\/news\/diploma-dual-colegio-santa-teresa-de-jesus-el-vedat-torrent\/","url_meta":{"origin":4359,"position":1},"title":"El Diploma Dual en el Colegio Santa Teresa de Jes\u00fas El Vedat de Torrent","author":"Academica Spain","date":"marzo 11, 2026","format":"video","excerpt":"Los alumnos que actualmente est\u00e1n cursando el Diploma Dual en el Colegio Santa Teresa de Jes\u00fas El Vedat de Torrent nos cuentan su experiencia con el programa. Nos explican c\u00f3mo les ha ido durante el primer semestre del curso, lo que han aprendido y lo que m\u00e1s les ha gustado.\u2026","rel":"","context":"En \u00abLast News\u00bb","block_context":{"text":"Last News","link":"https:\/\/www.academica.school\/news\/last-news\/"},"img":{"alt_text":"Colegio Santa Teresa de Jes\u00fas El Vedat Valencia","src":"https:\/\/i0.wp.com\/www.academica.school\/news\/wp-content\/uploads\/2026\/02\/diploma-dual-colegio-el-vedat.png?fit=802%2C1104&ssl=1&resize=350%2C200","width":350,"height":200,"srcset":"https:\/\/i0.wp.com\/www.academica.school\/news\/wp-content\/uploads\/2026\/02\/diploma-dual-colegio-el-vedat.png?fit=802%2C1104&ssl=1&resize=350%2C200 1x, https:\/\/i0.wp.com\/www.academica.school\/news\/wp-content\/uploads\/2026\/02\/diploma-dual-colegio-el-vedat.png?fit=802%2C1104&ssl=1&resize=525%2C300 1.5x, https:\/\/i0.wp.com\/www.academica.school\/news\/wp-content\/uploads\/2026\/02\/diploma-dual-colegio-el-vedat.png?fit=802%2C1104&ssl=1&resize=700%2C400 2x"},"classes":[]},{"id":4034,"url":"https:\/\/www.academica.school\/news\/compromiso-educacion-colegio-de-santa-teresa-de-jesus-santo-tirso\/","url_meta":{"origin":4359,"position":2},"title":"Compromiso con la educaci\u00f3n: Col\u00e9gio de Santa Teresa de Jesus de Santo Tirso","author":"Academica Spain","date":"febrero 5, 2026","format":false,"excerpt":"Celia, Directora de Programa en el Col\u00e9gio de Santa Teresa de Jesus de Santo Tirso, nos recibi\u00f3 para mostrarnos de cerca su proyecto educativo y el trabajo que desarrollan d\u00eda a d\u00eda en el centro. Durante la visita, pudimos conocer los pilares de su modelo educativo y su apuesta por\u2026","rel":"","context":"En \u00abLast News\u00bb","block_context":{"text":"Last News","link":"https:\/\/www.academica.school\/news\/last-news\/"},"img":{"alt_text":"Visita Col\u00e9gio de Santa Teresa De Jesus Santo Tirso","src":"https:\/\/i0.wp.com\/www.academica.school\/news\/wp-content\/uploads\/2026\/02\/diploma-dual-st-teresa-jesus-santo-tirso-e1770195800243.jpeg?fit=903%2C1200&ssl=1&resize=350%2C200","width":350,"height":200,"srcset":"https:\/\/i0.wp.com\/www.academica.school\/news\/wp-content\/uploads\/2026\/02\/diploma-dual-st-teresa-jesus-santo-tirso-e1770195800243.jpeg?fit=903%2C1200&ssl=1&resize=350%2C200 1x, https:\/\/i0.wp.com\/www.academica.school\/news\/wp-content\/uploads\/2026\/02\/diploma-dual-st-teresa-jesus-santo-tirso-e1770195800243.jpeg?fit=903%2C1200&ssl=1&resize=525%2C300 1.5x, https:\/\/i0.wp.com\/www.academica.school\/news\/wp-content\/uploads\/2026\/02\/diploma-dual-st-teresa-jesus-santo-tirso-e1770195800243.jpeg?fit=903%2C1200&ssl=1&resize=700%2C400 2x"},"classes":[]},{"id":3186,"url":"https:\/\/www.academica.school\/news\/alumnos-presentan-diploma-dual-teresianas-salamanca\/","url_meta":{"origin":4359,"position":3},"title":"Alumnos del Diploma Dual presentan el programa en el Colegio Santa Teresa de Jes\u00fas de Salamanca","author":"Academica Spain","date":"abril 30, 2025","format":false,"excerpt":"El Colegio Santa Teresa de Jes\u00fas de Salamanca ha realizado la presentaci\u00f3n del Diploma Dual a los alumnos del centro. El colegio ofrece a sus alumnos la posibilidad de obtener dos titulaciones de forma simult\u00e1nea: la propia de su pa\u00eds y el American High School Diploma. En esta ocasi\u00f3n, la\u2026","rel":"","context":"En \u00abLast News\u00bb","block_context":{"text":"Last News","link":"https:\/\/www.academica.school\/news\/last-news\/"},"img":{"alt_text":"diploma-dual-teresianas-salamanca","src":"https:\/\/i0.wp.com\/www.academica.school\/news\/wp-content\/uploads\/2025\/04\/diploma-dual-teresianas-salamanca-2-2.jpg?fit=999%2C740&ssl=1&resize=350%2C200","width":350,"height":200,"srcset":"https:\/\/i0.wp.com\/www.academica.school\/news\/wp-content\/uploads\/2025\/04\/diploma-dual-teresianas-salamanca-2-2.jpg?fit=999%2C740&ssl=1&resize=350%2C200 1x, https:\/\/i0.wp.com\/www.academica.school\/news\/wp-content\/uploads\/2025\/04\/diploma-dual-teresianas-salamanca-2-2.jpg?fit=999%2C740&ssl=1&resize=525%2C300 1.5x, https:\/\/i0.wp.com\/www.academica.school\/news\/wp-content\/uploads\/2025\/04\/diploma-dual-teresianas-salamanca-2-2.jpg?fit=999%2C740&ssl=1&resize=700%2C400 2x"},"classes":[]},{"id":4030,"url":"https:\/\/www.academica.school\/news\/encuentro-alumnos-diploma-dual-colegio-portocarrero-aguadulce\/","url_meta":{"origin":4359,"position":4},"title":"Encuentro con los alumnos del Diploma Dual en el Colegio Portocarrero de Aguadulce","author":"Academica Spain","date":"febrero 4, 2026","format":false,"excerpt":"El equipo directivo del Colegio Portocarrero de Aguadulce nos recibi\u00f3 para compartir su experiencia con el Diploma Dual y mostrarnos c\u00f3mo este programa forma parte del d\u00eda a d\u00eda del alumnado que lo cursa. Durante la visita, conocimos su enfoque educativo y el acompa\u00f1amiento que ofrecen a los estudiantes a\u2026","rel":"","context":"En \u00abLast News\u00bb","block_context":{"text":"Last News","link":"https:\/\/www.academica.school\/news\/last-news\/"},"img":{"alt_text":"Visita Colegio Portocarrero Almer\u00eda","src":"https:\/\/i0.wp.com\/www.academica.school\/news\/wp-content\/uploads\/2026\/02\/diploma-dual-colegio-portocarrero-e1770194698882.jpeg?fit=1000%2C750&ssl=1&resize=350%2C200","width":350,"height":200,"srcset":"https:\/\/i0.wp.com\/www.academica.school\/news\/wp-content\/uploads\/2026\/02\/diploma-dual-colegio-portocarrero-e1770194698882.jpeg?fit=1000%2C750&ssl=1&resize=350%2C200 1x, https:\/\/i0.wp.com\/www.academica.school\/news\/wp-content\/uploads\/2026\/02\/diploma-dual-colegio-portocarrero-e1770194698882.jpeg?fit=1000%2C750&ssl=1&resize=525%2C300 1.5x, https:\/\/i0.wp.com\/www.academica.school\/news\/wp-content\/uploads\/2026\/02\/diploma-dual-colegio-portocarrero-e1770194698882.jpeg?fit=1000%2C750&ssl=1&resize=700%2C400 2x"},"classes":[]},{"id":3497,"url":"https:\/\/www.academica.school\/news\/diploma-dual-colegio-santa-maria-del-carmen-madrid\/","url_meta":{"origin":4359,"position":5},"title":"El Diploma Dual en el Colegio Santa Mar\u00eda del Carmen de Madrid","author":"Academica Spain","date":"octubre 17, 2025","format":false,"excerpt":"Ayer visitamos el Colegio Santa Mar\u00eda del Carmen de Madrid que ofrece el Diploma Dual, con el objetivo de conocer de primera mano c\u00f3mo se est\u00e1 desarrollando el programa y la evoluci\u00f3n de los alumnos que lo est\u00e1n cursando. El Diploma Dual es el programa oficial de convalidaci\u00f3n internacional de\u2026","rel":"","context":"En \u00abLast News\u00bb","block_context":{"text":"Last News","link":"https:\/\/www.academica.school\/news\/last-news\/"},"img":{"alt_text":"diploma-dual-santa-maria-carmen","src":"https:\/\/i0.wp.com\/www.academica.school\/news\/wp-content\/uploads\/2025\/10\/diploma-dual-santa-maria-carmen-e1760694900917.jpg?fit=900%2C1200&ssl=1&resize=350%2C200","width":350,"height":200,"srcset":"https:\/\/i0.wp.com\/www.academica.school\/news\/wp-content\/uploads\/2025\/10\/diploma-dual-santa-maria-carmen-e1760694900917.jpg?fit=900%2C1200&ssl=1&resize=350%2C200 1x, https:\/\/i0.wp.com\/www.academica.school\/news\/wp-content\/uploads\/2025\/10\/diploma-dual-santa-maria-carmen-e1760694900917.jpg?fit=900%2C1200&ssl=1&resize=525%2C300 1.5x, https:\/\/i0.wp.com\/www.academica.school\/news\/wp-content\/uploads\/2025\/10\/diploma-dual-santa-maria-carmen-e1760694900917.jpg?fit=900%2C1200&ssl=1&resize=700%2C400 2x"},"classes":[]}],"_links":{"self":[{"href":"https:\/\/www.academica.school\/news\/wp-json\/wp\/v2\/posts\/4359","targetHints":{"allow":["GET"]}}],"collection":[{"href":"https:\/\/www.academica.school\/news\/wp-json\/wp\/v2\/posts"}],"about":[{"href":"https:\/\/www.academica.school\/news\/wp-json\/wp\/v2\/types\/post"}],"author":[{"embeddable":true,"href":"https:\/\/www.academica.school\/news\/wp-json\/wp\/v2\/users\/6"}],"replies":[{"embeddable":true,"href":"https:\/\/www.academica.school\/news\/wp-json\/wp\/v2\/comments?post=4359"}],"version-history":[{"count":2,"href":"https:\/\/www.academica.school\/news\/wp-json\/wp\/v2\/posts\/4359\/revisions"}],"predecessor-version":[{"id":4362,"href":"https:\/\/www.academica.school\/news\/wp-json\/wp\/v2\/posts\/4359\/revisions\/4362"}],"wp:featuredmedia":[{"embeddable":true,"href":"https:\/\/www.academica.school\/news\/wp-json\/wp\/v2\/media\/4360"}],"wp:attachment":[{"href":"https:\/\/www.academica.school\/news\/wp-json\/wp\/v2\/media?parent=4359"}],"wp:term":[{"taxonomy":"category","embeddable":true,"href":"https:\/\/www.academica.school\/news\/wp-json\/wp\/v2\/categories?post=4359"},{"taxonomy":"post_tag","embeddable":true,"href":"https:\/\/www.academica.school\/news\/wp-json\/wp\/v2\/tags?post=4359"}],"curies":[{"name":"wp","href":"https:\/\/api.w.org\/{rel}","templated":true}]}}