{"id":4542,"date":"2026-09-01T07:10:55","date_gmt":"2026-09-01T07:10:55","guid":{"rendered":"https:\/\/www.academica.school\/news\/?p=4542"},"modified":"2026-09-01T07:11:50","modified_gmt":"2026-09-01T07:11:50","slug":"bienvenidos-al-nuevo-curso-2026-27","status":"publish","type":"post","link":"https:\/\/www.academica.school\/news\/bienvenidos-al-nuevo-curso-2026-27\/","title":{"rendered":"\u00a1Bienvenidos al nuevo curso 2026\/27!"},"content":{"rendered":"<p>Desde Academica queremos dar la bienvenida a todos los alumnos, profesores, directivos y familias al nuevo curso 2026\/27. \u00a1Comenzamos!<\/p>\n<p><!--more--><\/p>\n<div class=\"\" data-turn-id-container=\"b7afc842-c639-464c-9578-fd917926f7b2\" data-is-intersecting=\"true\">\n<p class=\"isSelectedEnd\">Arranca un nuevo curso lleno de oportunidades para seguir aprendiendo, creciendo y viviendo nuevas experiencias. Un a\u00f1o que afrontamos con ilusi\u00f3n, nuevos retos y muchas ganas de acompa\u00f1ar a los estudiantes en cada paso de su camino acad\u00e9mico y personal.<\/p>\n<p class=\"isSelectedEnd\">Sabemos que volver a la rutina despu\u00e9s del verano puede suponer todo un reto, pero tambi\u00e9n es el comienzo de una nueva etapa llena de posibilidades. Con esfuerzo, motivaci\u00f3n y entusiasmo, estamos seguros de que este curso estar\u00e1 lleno de grandes aprendizajes, nuevos objetivos y muchos momentos para recordar.<\/p>\n<p class=\"isSelectedEnd\">Como cada a\u00f1o, comenzamos tambi\u00e9n nuestra actividad junto a los Directores de Centro, Directores de Programa del <span style=\"color: #000000;\"><a style=\"color: #000000;\" href=\"https:\/\/www.academica.school\"><strong>Diploma Dual<\/strong><\/a><\/span> y Responsables de Marketing, con quienes compartiremos objetivos, experiencias y proyectos a lo largo de los pr\u00f3ximos meses. Todos desempe\u00f1\u00e1is un papel fundamental para que nuestros alumnos puedan sacar el m\u00e1ximo partido a esta experiencia educativa, y queremos seguir recorriendo este camino juntos.<\/p>\n<p class=\"isSelectedEnd\">\u00a1Os esperamos esta semana en nuestros webinars de inicio de curso!<\/p>\n<p>Bienvenidos al curso 2026\/27. Desde Academica os deseamos un excelente comienzo de curso y un a\u00f1o lleno de ilusi\u00f3n, aprendizaje y grandes \u00e9xitos.<\/p>\n<\/div>\n","protected":false},"excerpt":{"rendered":"<p>Desde Academica queremos dar la bienvenida a todos los alumnos, profesores, directivos y familias al nuevo curso 2026\/27. \u00a1Comenzamos!<\/p>\n","protected":false},"author":6,"featured_media":4545,"comment_status":"closed","ping_status":"closed","sticky":false,"template":"","format":"standard","meta":{"_jetpack_memberships_contains_paid_content":false,"footnotes":""},"categories":[1],"tags":[9,139,89,198,63,668,208,948,4,222,431],"class_list":["post-4542","post","type-post","status-publish","format-standard","has-post-thumbnail","hentry","category-last-news","tag-academica","tag-academica-spain","tag-alumnos","tag-american-high-school","tag-bachillerato-americano","tag-back-to-school","tag-colegio","tag-curso-26-27","tag-diploma-dual","tag-dual-diploma","tag-los-300-mejores","clearfix"],"yoast_head":"<!-- This site is optimized with the Yoast SEO plugin v28.2 - https:\/\/yoast.com\/product\/yoast-seo-wordpress\/ -->\n<title>\u00a1Bienvenidos al nuevo curso 2026\/27! - Academica News<\/title>\n<meta name=\"description\" content=\"Desde Academica queremos dar la bienvenida a todos los alumnos, profesores, directivos y familias al nuevo curso 2026\/27. \u00a1Comenzamos!\" \/>\n<meta name=\"robots\" content=\"index, follow, max-snippet:-1, max-image-preview:large, max-video-preview:-1\" \/>\n<link rel=\"canonical\" href=\"https:\/\/www.academica.school\/news\/bienvenidos-al-nuevo-curso-2026-27\/\" \/>\n<meta property=\"og:locale\" content=\"es_ES\" \/>\n<meta property=\"og:type\" content=\"article\" \/>\n<meta property=\"og:title\" content=\"\u00a1Bienvenidos al nuevo curso 2026\/27! - Academica News\" \/>\n<meta property=\"og:description\" content=\"Desde Academica queremos dar la bienvenida a todos los alumnos, profesores, directivos y familias al nuevo curso 2026\/27. \u00a1Comenzamos!\" \/>\n<meta property=\"og:url\" content=\"https:\/\/www.academica.school\/news\/bienvenidos-al-nuevo-curso-2026-27\/\" \/>\n<meta property=\"og:site_name\" content=\"Academica News\" \/>\n<meta property=\"article:published_time\" content=\"2026-09-01T07:10:55+00:00\" \/>\n<meta property=\"article:modified_time\" content=\"2026-09-01T07:11:50+00:00\" \/>\n<meta property=\"og:image\" content=\"https:\/\/www.academica.school\/news\/wp-content\/uploads\/2026\/08\/JORNADAS-MEETING-YOUR-FUTURE-CURSO-2425.jpg\" \/>\n\t<meta property=\"og:image:width\" content=\"1748\" \/>\n\t<meta property=\"og:image:height\" content=\"1240\" \/>\n\t<meta property=\"og:image:type\" content=\"image\/jpeg\" \/>\n<meta name=\"author\" content=\"Academica Spain\" \/>\n<meta name=\"twitter:card\" content=\"summary_large_image\" \/>\n<meta name=\"twitter:label1\" content=\"Escrito por\" \/>\n\t<meta name=\"twitter:data1\" content=\"Academica Spain\" \/>\n\t<meta name=\"twitter:label2\" content=\"Tiempo de lectura\" \/>\n\t<meta name=\"twitter:data2\" content=\"2 minutos\" \/>\n<script type=\"application\/ld+json\" class=\"yoast-schema-graph\">{\"@context\":\"https:\\\/\\\/schema.org\",\"@graph\":[{\"@type\":\"Article\",\"@id\":\"https:\\\/\\\/www.academica.school\\\/news\\\/bienvenidos-al-nuevo-curso-2026-27\\\/#article\",\"isPartOf\":{\"@id\":\"https:\\\/\\\/www.academica.school\\\/news\\\/bienvenidos-al-nuevo-curso-2026-27\\\/\"},\"author\":{\"name\":\"Academica Spain\",\"@id\":\"https:\\\/\\\/www.academica.school\\\/news\\\/#\\\/schema\\\/person\\\/a9da1d35195720e471d7993db5fa06cd\"},\"headline\":\"\u00a1Bienvenidos al nuevo curso 2026\\\/27!\",\"datePublished\":\"2026-09-01T07:10:55+00:00\",\"dateModified\":\"2026-09-01T07:11:50+00:00\",\"mainEntityOfPage\":{\"@id\":\"https:\\\/\\\/www.academica.school\\\/news\\\/bienvenidos-al-nuevo-curso-2026-27\\\/\"},\"wordCount\":220,\"publisher\":{\"@id\":\"https:\\\/\\\/www.academica.school\\\/news\\\/#organization\"},\"image\":{\"@id\":\"https:\\\/\\\/www.academica.school\\\/news\\\/bienvenidos-al-nuevo-curso-2026-27\\\/#primaryimage\"},\"thumbnailUrl\":\"https:\\\/\\\/i0.wp.com\\\/www.academica.school\\\/news\\\/wp-content\\\/uploads\\\/2026\\\/08\\\/JORNADAS-MEETING-YOUR-FUTURE-CURSO-2425.jpg?fit=1748%2C1240&ssl=1\",\"keywords\":[\"academica\",\"academica spain\",\"alumnos\",\"american high school\",\"bachillerato americano\",\"back to school\",\"colegio\",\"curso 26\\\/27\",\"Diploma Dual\",\"dual diploma\",\"los 300 mejores\"],\"articleSection\":[\"Last News\"],\"inLanguage\":\"es\"},{\"@type\":\"WebPage\",\"@id\":\"https:\\\/\\\/www.academica.school\\\/news\\\/bienvenidos-al-nuevo-curso-2026-27\\\/\",\"url\":\"https:\\\/\\\/www.academica.school\\\/news\\\/bienvenidos-al-nuevo-curso-2026-27\\\/\",\"name\":\"\u00a1Bienvenidos al nuevo curso 2026\\\/27! - Academica News\",\"isPartOf\":{\"@id\":\"https:\\\/\\\/www.academica.school\\\/news\\\/#website\"},\"primaryImageOfPage\":{\"@id\":\"https:\\\/\\\/www.academica.school\\\/news\\\/bienvenidos-al-nuevo-curso-2026-27\\\/#primaryimage\"},\"image\":{\"@id\":\"https:\\\/\\\/www.academica.school\\\/news\\\/bienvenidos-al-nuevo-curso-2026-27\\\/#primaryimage\"},\"thumbnailUrl\":\"https:\\\/\\\/i0.wp.com\\\/www.academica.school\\\/news\\\/wp-content\\\/uploads\\\/2026\\\/08\\\/JORNADAS-MEETING-YOUR-FUTURE-CURSO-2425.jpg?fit=1748%2C1240&ssl=1\",\"datePublished\":\"2026-09-01T07:10:55+00:00\",\"dateModified\":\"2026-09-01T07:11:50+00:00\",\"description\":\"Desde Academica queremos dar la bienvenida a todos los alumnos, profesores, directivos y familias al nuevo curso 2026\\\/27. \u00a1Comenzamos!\",\"breadcrumb\":{\"@id\":\"https:\\\/\\\/www.academica.school\\\/news\\\/bienvenidos-al-nuevo-curso-2026-27\\\/#breadcrumb\"},\"inLanguage\":\"es\",\"potentialAction\":[{\"@type\":\"ReadAction\",\"target\":[\"https:\\\/\\\/www.academica.school\\\/news\\\/bienvenidos-al-nuevo-curso-2026-27\\\/\"]}]},{\"@type\":\"ImageObject\",\"inLanguage\":\"es\",\"@id\":\"https:\\\/\\\/www.academica.school\\\/news\\\/bienvenidos-al-nuevo-curso-2026-27\\\/#primaryimage\",\"url\":\"https:\\\/\\\/i0.wp.com\\\/www.academica.school\\\/news\\\/wp-content\\\/uploads\\\/2026\\\/08\\\/JORNADAS-MEETING-YOUR-FUTURE-CURSO-2425.jpg?fit=1748%2C1240&ssl=1\",\"contentUrl\":\"https:\\\/\\\/i0.wp.com\\\/www.academica.school\\\/news\\\/wp-content\\\/uploads\\\/2026\\\/08\\\/JORNADAS-MEETING-YOUR-FUTURE-CURSO-2425.jpg?fit=1748%2C1240&ssl=1\",\"width\":1748,\"height\":1240,\"caption\":\"Bienvenida nuevo curso 26\\\/27\"},{\"@type\":\"BreadcrumbList\",\"@id\":\"https:\\\/\\\/www.academica.school\\\/news\\\/bienvenidos-al-nuevo-curso-2026-27\\\/#breadcrumb\",\"itemListElement\":[{\"@type\":\"ListItem\",\"position\":1,\"name\":\"Portada\",\"item\":\"https:\\\/\\\/www.academica.school\\\/news\\\/\"},{\"@type\":\"ListItem\",\"position\":2,\"name\":\"\u00a1Bienvenidos al nuevo curso 2026\\\/27!\"}]},{\"@type\":\"WebSite\",\"@id\":\"https:\\\/\\\/www.academica.school\\\/news\\\/#website\",\"url\":\"https:\\\/\\\/www.academica.school\\\/news\\\/\",\"name\":\"Academica News\",\"description\":\"todo lo que pasa en el mundo acad\u00e9mico, sobre universidades y cualquier evento o novedad en la que participemos\",\"publisher\":{\"@id\":\"https:\\\/\\\/www.academica.school\\\/news\\\/#organization\"},\"potentialAction\":[{\"@type\":\"SearchAction\",\"target\":{\"@type\":\"EntryPoint\",\"urlTemplate\":\"https:\\\/\\\/www.academica.school\\\/news\\\/?s={search_term_string}\"},\"query-input\":{\"@type\":\"PropertyValueSpecification\",\"valueRequired\":true,\"valueName\":\"search_term_string\"}}],\"inLanguage\":\"es\"},{\"@type\":\"Organization\",\"@id\":\"https:\\\/\\\/www.academica.school\\\/news\\\/#organization\",\"name\":\"Academica\",\"url\":\"https:\\\/\\\/www.academica.school\\\/news\\\/\",\"logo\":{\"@type\":\"ImageObject\",\"inLanguage\":\"es\",\"@id\":\"https:\\\/\\\/www.academica.school\\\/news\\\/#\\\/schema\\\/logo\\\/image\\\/\",\"url\":\"https:\\\/\\\/i1.wp.com\\\/www.academica.school\\\/news\\\/wp-content\\\/uploads\\\/2019\\\/11\\\/Captura-de-pantalla-2019-11-20-a-las-12.14.04.png?fit=799%2C500&ssl=1\",\"contentUrl\":\"https:\\\/\\\/i1.wp.com\\\/www.academica.school\\\/news\\\/wp-content\\\/uploads\\\/2019\\\/11\\\/Captura-de-pantalla-2019-11-20-a-las-12.14.04.png?fit=799%2C500&ssl=1\",\"width\":799,\"height\":500,\"caption\":\"Academica\"},\"image\":{\"@id\":\"https:\\\/\\\/www.academica.school\\\/news\\\/#\\\/schema\\\/logo\\\/image\\\/\"}},{\"@type\":\"Person\",\"@id\":\"https:\\\/\\\/www.academica.school\\\/news\\\/#\\\/schema\\\/person\\\/a9da1d35195720e471d7993db5fa06cd\",\"name\":\"Academica Spain\",\"image\":{\"@type\":\"ImageObject\",\"inLanguage\":\"es\",\"@id\":\"https:\\\/\\\/secure.gravatar.com\\\/avatar\\\/a7ed0e6b5e69a0c89f30117b1b70787c4c8d25c0438514a94ac82dee11b08589?s=96&d=mm&r=g\",\"url\":\"https:\\\/\\\/secure.gravatar.com\\\/avatar\\\/a7ed0e6b5e69a0c89f30117b1b70787c4c8d25c0438514a94ac82dee11b08589?s=96&d=mm&r=g\",\"contentUrl\":\"https:\\\/\\\/secure.gravatar.com\\\/avatar\\\/a7ed0e6b5e69a0c89f30117b1b70787c4c8d25c0438514a94ac82dee11b08589?s=96&d=mm&r=g\",\"caption\":\"Academica Spain\"},\"url\":\"https:\\\/\\\/www.academica.school\\\/news\\\/author\\\/pquecedoacademica-school\\\/\"}]}<\/script>\n<!-- \/ Yoast SEO plugin. -->","yoast_head_json":{"title":"\u00a1Bienvenidos al nuevo curso 2026\/27! - Academica News","description":"Desde Academica queremos dar la bienvenida a todos los alumnos, profesores, directivos y familias al nuevo curso 2026\/27. \u00a1Comenzamos!","robots":{"index":"index","follow":"follow","max-snippet":"max-snippet:-1","max-image-preview":"max-image-preview:large","max-video-preview":"max-video-preview:-1"},"canonical":"https:\/\/www.academica.school\/news\/bienvenidos-al-nuevo-curso-2026-27\/","og_locale":"es_ES","og_type":"article","og_title":"\u00a1Bienvenidos al nuevo curso 2026\/27! - Academica News","og_description":"Desde Academica queremos dar la bienvenida a todos los alumnos, profesores, directivos y familias al nuevo curso 2026\/27. \u00a1Comenzamos!","og_url":"https:\/\/www.academica.school\/news\/bienvenidos-al-nuevo-curso-2026-27\/","og_site_name":"Academica News","article_published_time":"2026-09-01T07:10:55+00:00","article_modified_time":"2026-09-01T07:11:50+00:00","og_image":[{"width":1748,"height":1240,"url":"https:\/\/www.academica.school\/news\/wp-content\/uploads\/2026\/08\/JORNADAS-MEETING-YOUR-FUTURE-CURSO-2425.jpg","type":"image\/jpeg"}],"author":"Academica Spain","twitter_card":"summary_large_image","twitter_misc":{"Escrito por":"Academica Spain","Tiempo de lectura":"2 minutos"},"schema":{"@context":"https:\/\/schema.org","@graph":[{"@type":"Article","@id":"https:\/\/www.academica.school\/news\/bienvenidos-al-nuevo-curso-2026-27\/#article","isPartOf":{"@id":"https:\/\/www.academica.school\/news\/bienvenidos-al-nuevo-curso-2026-27\/"},"author":{"name":"Academica Spain","@id":"https:\/\/www.academica.school\/news\/#\/schema\/person\/a9da1d35195720e471d7993db5fa06cd"},"headline":"\u00a1Bienvenidos al nuevo curso 2026\/27!","datePublished":"2026-09-01T07:10:55+00:00","dateModified":"2026-09-01T07:11:50+00:00","mainEntityOfPage":{"@id":"https:\/\/www.academica.school\/news\/bienvenidos-al-nuevo-curso-2026-27\/"},"wordCount":220,"publisher":{"@id":"https:\/\/www.academica.school\/news\/#organization"},"image":{"@id":"https:\/\/www.academica.school\/news\/bienvenidos-al-nuevo-curso-2026-27\/#primaryimage"},"thumbnailUrl":"https:\/\/i0.wp.com\/www.academica.school\/news\/wp-content\/uploads\/2026\/08\/JORNADAS-MEETING-YOUR-FUTURE-CURSO-2425.jpg?fit=1748%2C1240&ssl=1","keywords":["academica","academica spain","alumnos","american high school","bachillerato americano","back to school","colegio","curso 26\/27","Diploma Dual","dual diploma","los 300 mejores"],"articleSection":["Last News"],"inLanguage":"es"},{"@type":"WebPage","@id":"https:\/\/www.academica.school\/news\/bienvenidos-al-nuevo-curso-2026-27\/","url":"https:\/\/www.academica.school\/news\/bienvenidos-al-nuevo-curso-2026-27\/","name":"\u00a1Bienvenidos al nuevo curso 2026\/27! - Academica News","isPartOf":{"@id":"https:\/\/www.academica.school\/news\/#website"},"primaryImageOfPage":{"@id":"https:\/\/www.academica.school\/news\/bienvenidos-al-nuevo-curso-2026-27\/#primaryimage"},"image":{"@id":"https:\/\/www.academica.school\/news\/bienvenidos-al-nuevo-curso-2026-27\/#primaryimage"},"thumbnailUrl":"https:\/\/i0.wp.com\/www.academica.school\/news\/wp-content\/uploads\/2026\/08\/JORNADAS-MEETING-YOUR-FUTURE-CURSO-2425.jpg?fit=1748%2C1240&ssl=1","datePublished":"2026-09-01T07:10:55+00:00","dateModified":"2026-09-01T07:11:50+00:00","description":"Desde Academica queremos dar la bienvenida a todos los alumnos, profesores, directivos y familias al nuevo curso 2026\/27. \u00a1Comenzamos!","breadcrumb":{"@id":"https:\/\/www.academica.school\/news\/bienvenidos-al-nuevo-curso-2026-27\/#breadcrumb"},"inLanguage":"es","potentialAction":[{"@type":"ReadAction","target":["https:\/\/www.academica.school\/news\/bienvenidos-al-nuevo-curso-2026-27\/"]}]},{"@type":"ImageObject","inLanguage":"es","@id":"https:\/\/www.academica.school\/news\/bienvenidos-al-nuevo-curso-2026-27\/#primaryimage","url":"https:\/\/i0.wp.com\/www.academica.school\/news\/wp-content\/uploads\/2026\/08\/JORNADAS-MEETING-YOUR-FUTURE-CURSO-2425.jpg?fit=1748%2C1240&ssl=1","contentUrl":"https:\/\/i0.wp.com\/www.academica.school\/news\/wp-content\/uploads\/2026\/08\/JORNADAS-MEETING-YOUR-FUTURE-CURSO-2425.jpg?fit=1748%2C1240&ssl=1","width":1748,"height":1240,"caption":"Bienvenida nuevo curso 26\/27"},{"@type":"BreadcrumbList","@id":"https:\/\/www.academica.school\/news\/bienvenidos-al-nuevo-curso-2026-27\/#breadcrumb","itemListElement":[{"@type":"ListItem","position":1,"name":"Portada","item":"https:\/\/www.academica.school\/news\/"},{"@type":"ListItem","position":2,"name":"\u00a1Bienvenidos al nuevo curso 2026\/27!"}]},{"@type":"WebSite","@id":"https:\/\/www.academica.school\/news\/#website","url":"https:\/\/www.academica.school\/news\/","name":"Academica News","description":"todo lo que pasa en el mundo acad\u00e9mico, sobre universidades y cualquier evento o novedad en la que participemos","publisher":{"@id":"https:\/\/www.academica.school\/news\/#organization"},"potentialAction":[{"@type":"SearchAction","target":{"@type":"EntryPoint","urlTemplate":"https:\/\/www.academica.school\/news\/?s={search_term_string}"},"query-input":{"@type":"PropertyValueSpecification","valueRequired":true,"valueName":"search_term_string"}}],"inLanguage":"es"},{"@type":"Organization","@id":"https:\/\/www.academica.school\/news\/#organization","name":"Academica","url":"https:\/\/www.academica.school\/news\/","logo":{"@type":"ImageObject","inLanguage":"es","@id":"https:\/\/www.academica.school\/news\/#\/schema\/logo\/image\/","url":"https:\/\/i1.wp.com\/www.academica.school\/news\/wp-content\/uploads\/2019\/11\/Captura-de-pantalla-2019-11-20-a-las-12.14.04.png?fit=799%2C500&ssl=1","contentUrl":"https:\/\/i1.wp.com\/www.academica.school\/news\/wp-content\/uploads\/2019\/11\/Captura-de-pantalla-2019-11-20-a-las-12.14.04.png?fit=799%2C500&ssl=1","width":799,"height":500,"caption":"Academica"},"image":{"@id":"https:\/\/www.academica.school\/news\/#\/schema\/logo\/image\/"}},{"@type":"Person","@id":"https:\/\/www.academica.school\/news\/#\/schema\/person\/a9da1d35195720e471d7993db5fa06cd","name":"Academica Spain","image":{"@type":"ImageObject","inLanguage":"es","@id":"https:\/\/secure.gravatar.com\/avatar\/a7ed0e6b5e69a0c89f30117b1b70787c4c8d25c0438514a94ac82dee11b08589?s=96&d=mm&r=g","url":"https:\/\/secure.gravatar.com\/avatar\/a7ed0e6b5e69a0c89f30117b1b70787c4c8d25c0438514a94ac82dee11b08589?s=96&d=mm&r=g","contentUrl":"https:\/\/secure.gravatar.com\/avatar\/a7ed0e6b5e69a0c89f30117b1b70787c4c8d25c0438514a94ac82dee11b08589?s=96&d=mm&r=g","caption":"Academica Spain"},"url":"https:\/\/www.academica.school\/news\/author\/pquecedoacademica-school\/"}]}},"jetpack_featured_media_url":"https:\/\/i0.wp.com\/www.academica.school\/news\/wp-content\/uploads\/2026\/08\/JORNADAS-MEETING-YOUR-FUTURE-CURSO-2425.jpg?fit=1748%2C1240&ssl=1","jetpack_sharing_enabled":true,"jetpack_shortlink":"https:\/\/wp.me\/p8RDKh-1bg","jetpack-related-posts":[{"id":3401,"url":"https:\/\/www.academica.school\/news\/bienvenidos-al-nuevo-curso-2025-26\/","url_meta":{"origin":4542,"position":0},"title":"\u00a1Bienvenidos al nuevo curso 2025\/26!","author":"Academica Spain","date":"septiembre 1, 2025","format":false,"excerpt":"Desde Academica queremos dar la bienvenida a todos los alumnos, profesores y familias al nuevo curso 2025\/26. \u00a1Arrancamos! Comienza un nuevo curso lleno de experiencias, aprendizajes y momentos que, sin duda, estar\u00e1n cargados de alegr\u00eda y crecimiento personal. Sabemos que la vuelta al colegio puede parecer un reto al principio,\u2026","rel":"","context":"En \u00abLast News\u00bb","block_context":{"text":"Last News","link":"https:\/\/www.academica.school\/news\/last-news\/"},"img":{"alt_text":"vuelta-colegio-academica-25-26","src":"https:\/\/i0.wp.com\/www.academica.school\/news\/wp-content\/uploads\/2025\/08\/PANTALLAS-CLASS-OF-2024.jpg?fit=1200%2C675&ssl=1&resize=350%2C200","width":350,"height":200,"srcset":"https:\/\/i0.wp.com\/www.academica.school\/news\/wp-content\/uploads\/2025\/08\/PANTALLAS-CLASS-OF-2024.jpg?fit=1200%2C675&ssl=1&resize=350%2C200 1x, https:\/\/i0.wp.com\/www.academica.school\/news\/wp-content\/uploads\/2025\/08\/PANTALLAS-CLASS-OF-2024.jpg?fit=1200%2C675&ssl=1&resize=525%2C300 1.5x, https:\/\/i0.wp.com\/www.academica.school\/news\/wp-content\/uploads\/2025\/08\/PANTALLAS-CLASS-OF-2024.jpg?fit=1200%2C675&ssl=1&resize=700%2C400 2x, https:\/\/i0.wp.com\/www.academica.school\/news\/wp-content\/uploads\/2025\/08\/PANTALLAS-CLASS-OF-2024.jpg?fit=1200%2C675&ssl=1&resize=1050%2C600 3x"},"classes":[]},{"id":2626,"url":"https:\/\/www.academica.school\/news\/bienvenidos-al-nuevo-curso-2024-2025\/","url_meta":{"origin":4542,"position":1},"title":"\u00a1Bienvenidos al nuevo curso 2024\/2025!","author":"Academica Spain","date":"septiembre 2, 2024","format":false,"excerpt":"Desde Academica queremos daros la bienvenida a todos los alumnos, profesores y familias a este nuevo curso 2024\/2025. \u00a1Arrancamos! Empieza un nuevo curso, nuevas experiencias que seguro van a estar cargadas de alegr\u00eda y mucho aprendizaje personal. Aunque ahora pueda costar un poco pensar en volver al colegio, sabemos que\u2026","rel":"","context":"En \u00abLast News\u00bb","block_context":{"text":"Last News","link":"https:\/\/www.academica.school\/news\/last-news\/"},"img":{"alt_text":"academica-diploma-dual","src":"https:\/\/i0.wp.com\/www.academica.school\/news\/wp-content\/uploads\/2024\/08\/academica-diploma-dual.png?fit=900%2C638&ssl=1&resize=350%2C200","width":350,"height":200,"srcset":"https:\/\/i0.wp.com\/www.academica.school\/news\/wp-content\/uploads\/2024\/08\/academica-diploma-dual.png?fit=900%2C638&ssl=1&resize=350%2C200 1x, https:\/\/i0.wp.com\/www.academica.school\/news\/wp-content\/uploads\/2024\/08\/academica-diploma-dual.png?fit=900%2C638&ssl=1&resize=525%2C300 1.5x, https:\/\/i0.wp.com\/www.academica.school\/news\/wp-content\/uploads\/2024\/08\/academica-diploma-dual.png?fit=900%2C638&ssl=1&resize=700%2C400 2x"},"classes":[]},{"id":1833,"url":"https:\/\/www.academica.school\/news\/bienvenidos-al-nuevo-curso-2023-2024\/","url_meta":{"origin":4542,"position":2},"title":"\u00a1Bienvenidos al nuevo curso 2023\/2024!","author":"Academica Spain","date":"septiembre 11, 2023","format":false,"excerpt":"Desde Academica queremos dar la bienvenida a todos los alumnos, profesores y padres a este nuevo curso 2023\/2024. Sabemos que la vuelta al colegio se hace un poco cuesta arriba, pero con ganas, esfuerzo y dedicaci\u00f3n vamos a hacer que sea un a\u00f1o muy productivo y de gran aprendizaje. Como\u2026","rel":"","context":"En \u00abLast News\u00bb","block_context":{"text":"Last News","link":"https:\/\/www.academica.school\/news\/last-news\/"},"img":{"alt_text":"DIPLOMA DUAL ACADEMICA","src":"https:\/\/i0.wp.com\/www.academica.school\/news\/wp-content\/uploads\/2023\/09\/DIPLOMA-DUAL-ACADEMICA.jpg?fit=1200%2C675&ssl=1&resize=350%2C200","width":350,"height":200,"srcset":"https:\/\/i0.wp.com\/www.academica.school\/news\/wp-content\/uploads\/2023\/09\/DIPLOMA-DUAL-ACADEMICA.jpg?fit=1200%2C675&ssl=1&resize=350%2C200 1x, https:\/\/i0.wp.com\/www.academica.school\/news\/wp-content\/uploads\/2023\/09\/DIPLOMA-DUAL-ACADEMICA.jpg?fit=1200%2C675&ssl=1&resize=525%2C300 1.5x, https:\/\/i0.wp.com\/www.academica.school\/news\/wp-content\/uploads\/2023\/09\/DIPLOMA-DUAL-ACADEMICA.jpg?fit=1200%2C675&ssl=1&resize=700%2C400 2x, https:\/\/i0.wp.com\/www.academica.school\/news\/wp-content\/uploads\/2023\/09\/DIPLOMA-DUAL-ACADEMICA.jpg?fit=1200%2C675&ssl=1&resize=1050%2C600 3x"},"classes":[]},{"id":939,"url":"https:\/\/www.academica.school\/news\/abierto-el-plazo-inscripcion-20-21-para-nuevos-alumnos\/","url_meta":{"origin":4542,"position":3},"title":"Abierto el plazo inscripci\u00f3n 20-21 para nuevos alumnos","author":"Academica Spain","date":"mayo 11, 2020","format":false,"excerpt":"Academica International Studies abre el plazo de inscripci\u00f3n para el curso 2020-21 s\u00f3lo para nuevos alumnos del Diploma Dual en Espa\u00f1a y Portugal. Las familias que as\u00ed lo deseen podr\u00e1n inscribir a sus hijos en el programa de convalidaci\u00f3n de t\u00edtulos de Bachillerato creado y desarrollado por Academica Corporation que\u2026","rel":"","context":"En \u00abLast News\u00bb","block_context":{"text":"Last News","link":"https:\/\/www.academica.school\/news\/last-news\/"},"img":{"alt_text":"","src":"https:\/\/i0.wp.com\/www.academica.school\/news\/wp-content\/uploads\/2020\/05\/inscripcio%CC%81n-curso-2020-21.jpg?fit=800%2C500&ssl=1&resize=350%2C200","width":350,"height":200,"srcset":"https:\/\/i0.wp.com\/www.academica.school\/news\/wp-content\/uploads\/2020\/05\/inscripcio%CC%81n-curso-2020-21.jpg?fit=800%2C500&ssl=1&resize=350%2C200 1x, https:\/\/i0.wp.com\/www.academica.school\/news\/wp-content\/uploads\/2020\/05\/inscripcio%CC%81n-curso-2020-21.jpg?fit=800%2C500&ssl=1&resize=525%2C300 1.5x, https:\/\/i0.wp.com\/www.academica.school\/news\/wp-content\/uploads\/2020\/05\/inscripcio%CC%81n-curso-2020-21.jpg?fit=800%2C500&ssl=1&resize=700%2C400 2x"},"classes":[]},{"id":1246,"url":"https:\/\/www.academica.school\/news\/arranca-el-curso-escolar-con-las-pruebas-de-admision-del-diploma-dual\/","url_meta":{"origin":4542,"position":4},"title":"Arranca el curso escolar con las pruebas de admisi\u00f3n del Diploma Dual","author":"Academica Spain","date":"septiembre 15, 2021","format":false,"excerpt":"Arranca el curso escolar 2021-22 con las pruebas del programa Diploma Dual de Academica que se est\u00e1n celebrando estos d\u00edas en todos los colegios acreditados por Academica en Espa\u00f1a y Portugal. Las pruebas de nivel de los alumnos tienen como finalidad conocer el grado de manejo de la lengua inglesa\u2026","rel":"","context":"En \u00abLast News\u00bb","block_context":{"text":"Last News","link":"https:\/\/www.academica.school\/news\/last-news\/"},"img":{"alt_text":"","src":"https:\/\/i0.wp.com\/www.academica.school\/news\/wp-content\/uploads\/2021\/09\/Colegio-Madre-Maria-Rosa-Molas.jpg?fit=801%2C500&ssl=1&resize=350%2C200","width":350,"height":200,"srcset":"https:\/\/i0.wp.com\/www.academica.school\/news\/wp-content\/uploads\/2021\/09\/Colegio-Madre-Maria-Rosa-Molas.jpg?fit=801%2C500&ssl=1&resize=350%2C200 1x, https:\/\/i0.wp.com\/www.academica.school\/news\/wp-content\/uploads\/2021\/09\/Colegio-Madre-Maria-Rosa-Molas.jpg?fit=801%2C500&ssl=1&resize=525%2C300 1.5x, https:\/\/i0.wp.com\/www.academica.school\/news\/wp-content\/uploads\/2021\/09\/Colegio-Madre-Maria-Rosa-Molas.jpg?fit=801%2C500&ssl=1&resize=700%2C400 2x"},"classes":[]},{"id":570,"url":"https:\/\/www.academica.school\/news\/lauro-ikastola-cuatro-anos-de-experiencia-con-el-diploma-dual\/","url_meta":{"origin":4542,"position":5},"title":"Lauro Ikastola, cuatro a\u00f1os de experiencia con el Diploma Dual","author":"Academica Spain","date":"marzo 13, 2019","format":false,"excerpt":"Lauro Ikastola se uni\u00f3 al Diploma Dual de Academica en 2015. Y as\u00ed, en el curso 2016-17 finalizaron y obtuvieron el t\u00edtulo los primeros cuatro alumnos. El a\u00f1o siguiente fueron tambi\u00e9n cuatro los alumnos que cursaron sus estudios con nosotros. El Diploma Dual es un programa de doble titulaci\u00f3n de\u2026","rel":"","context":"En \u00abLast News\u00bb","block_context":{"text":"Last News","link":"https:\/\/www.academica.school\/news\/last-news\/"},"img":{"alt_text":"","src":"https:\/\/i0.wp.com\/www.academica.school\/news\/wp-content\/uploads\/2019\/03\/IKASTOLA-LAURO.png?fit=800%2C501&ssl=1&resize=350%2C200","width":350,"height":200,"srcset":"https:\/\/i0.wp.com\/www.academica.school\/news\/wp-content\/uploads\/2019\/03\/IKASTOLA-LAURO.png?fit=800%2C501&ssl=1&resize=350%2C200 1x, https:\/\/i0.wp.com\/www.academica.school\/news\/wp-content\/uploads\/2019\/03\/IKASTOLA-LAURO.png?fit=800%2C501&ssl=1&resize=525%2C300 1.5x, https:\/\/i0.wp.com\/www.academica.school\/news\/wp-content\/uploads\/2019\/03\/IKASTOLA-LAURO.png?fit=800%2C501&ssl=1&resize=700%2C400 2x"},"classes":[]}],"_links":{"self":[{"href":"https:\/\/www.academica.school\/news\/wp-json\/wp\/v2\/posts\/4542","targetHints":{"allow":["GET"]}}],"collection":[{"href":"https:\/\/www.academica.school\/news\/wp-json\/wp\/v2\/posts"}],"about":[{"href":"https:\/\/www.academica.school\/news\/wp-json\/wp\/v2\/types\/post"}],"author":[{"embeddable":true,"href":"https:\/\/www.academica.school\/news\/wp-json\/wp\/v2\/users\/6"}],"replies":[{"embeddable":true,"href":"https:\/\/www.academica.school\/news\/wp-json\/wp\/v2\/comments?post=4542"}],"version-history":[{"count":3,"href":"https:\/\/www.academica.school\/news\/wp-json\/wp\/v2\/posts\/4542\/revisions"}],"predecessor-version":[{"id":4549,"href":"https:\/\/www.academica.school\/news\/wp-json\/wp\/v2\/posts\/4542\/revisions\/4549"}],"wp:featuredmedia":[{"embeddable":true,"href":"https:\/\/www.academica.school\/news\/wp-json\/wp\/v2\/media\/4545"}],"wp:attachment":[{"href":"https:\/\/www.academica.school\/news\/wp-json\/wp\/v2\/media?parent=4542"}],"wp:term":[{"taxonomy":"category","embeddable":true,"href":"https:\/\/www.academica.school\/news\/wp-json\/wp\/v2\/categories?post=4542"},{"taxonomy":"post_tag","embeddable":true,"href":"https:\/\/www.academica.school\/news\/wp-json\/wp\/v2\/tags?post=4542"}],"curies":[{"name":"wp","href":"https:\/\/api.w.org\/{rel}","templated":true}]}}