{"id":851,"date":"2020-01-17T11:14:10","date_gmt":"2020-01-17T11:14:10","guid":{"rendered":"https:\/\/www.academica.school\/news\/?p=851"},"modified":"2021-04-23T10:16:40","modified_gmt":"2021-04-23T10:16:40","slug":"academica-subvenciona-a-los-centros-escolares-adheridos-al-diploma-dual-el-50-de-las-cuotas-de-pertenencia-a-la-asociacion-de-ensenanza-bilingue-en-espana","status":"publish","type":"post","link":"https:\/\/www.academica.school\/news\/academica-subvenciona-a-los-centros-escolares-adheridos-al-diploma-dual-el-50-de-las-cuotas-de-pertenencia-a-la-asociacion-de-ensenanza-bilingue-en-espana\/","title":{"rendered":"Academica subvenciona a los centros escolares adheridos al Diploma Dual el 50% de las cuotas de pertenencia a la Asociaci\u00f3n de Ense\u00f1anza Biling\u00fce en Espa\u00f1a"},"content":{"rendered":"<p>Desde <strong>ACADEMICA<\/strong> entendemos como muy importante para nuestros colegios en EE.UU. cumplir con los sellos, acreditaciones, est\u00e1ndares de calidad en las diferentes \u00e1reas educativas y de gesti\u00f3n escolar, ya que esto contribuye a una mejora continua, a un reconocimiento tanto nacional como internacional de la calidad y excelencia de los centros educativos que los poseen.<\/p>\n<p><!--more--><\/p>\n<p><strong>ACADEMICA<\/strong> como <em>partner<\/em> de la \u201cAsociaci\u00f3n de Ense\u00f1anza Biling\u00fce\u201d, asociaci\u00f3n establecida como principal observatorio espa\u00f1ol para la calidad de la ense\u00f1anza biling\u00fce en Espa\u00f1a, va a facilitar a los centros educativos adheridos a <strong>ACADEMICA<\/strong> su pertenencia a la Asociaci\u00f3n financiando el 50% de las cuotas de pertenencia a la misma.<\/p>\n<p>Con este apoyo desde <strong>ACADEMICA<\/strong> se facilita a los centros escolares su pertenencia a la Asociaci\u00f3n, acceso a herramientas para la autoevaluaci\u00f3n en la calidad de la ense\u00f1anza biling\u00fce, acceso a la certificaci\u00f3n de calidad\u2026, con lo que ello supone para la propia gesti\u00f3n en la calidad de ense\u00f1anza biling\u00fce del centro y marketing del mismo.<\/p>\n<p>www.ebspain.es<br \/>\nwww.academica.school<\/p>\n","protected":false},"excerpt":{"rendered":"<p>Desde ACADEMICA entendemos como muy importante para nuestros colegios en EE.UU. cumplir con los sellos, acreditaciones, est\u00e1ndares de calidad en las diferentes \u00e1reas educativas y de gesti\u00f3n escolar, ya que esto contribuye a una mejora continua, a un reconocimiento tanto nacional como internacional de la calidad y excelencia de los centros educativos que los poseen.<\/p>\n","protected":false},"author":1,"featured_media":852,"comment_status":"closed","ping_status":"closed","sticky":false,"template":"","format":"standard","meta":{"_jetpack_memberships_contains_paid_content":false,"footnotes":""},"categories":[1],"tags":[9,135,137,138,4,136],"class_list":["post-851","post","type-post","status-publish","format-standard","has-post-thumbnail","hentry","category-last-news","tag-academica","tag-asociacion-de-ensenanza-bilingue","tag-certificacion","tag-certificado","tag-diploma-dual","tag-sello","clearfix"],"yoast_head":"<!-- This site is optimized with the Yoast SEO plugin v27.5 - https:\/\/yoast.com\/product\/yoast-seo-wordpress\/ -->\n<title>Academica subvenciona a los centros escolares adheridos al Diploma Dual el 50% de las cuotas de pertenencia a la Asociaci\u00f3n de Ense\u00f1anza Biling\u00fce en Espa\u00f1a - Academica News<\/title>\n<meta name=\"description\" content=\"Academica como partner de la \u201cAsociaci\u00f3n de Ense\u00f1anza Biling\u00fce\u201d, asociaci\u00f3n establecida como principal observatorio espa\u00f1ol para la calidad de la ense\u00f1anza biling\u00fce en Espa\u00f1a, va a facilitar a los centros educativos adheridos a ACADEMICA su pertenencia a la Asociaci\u00f3n financiando el 50% de las cuotas de pertenencia a la misma.\" \/>\n<meta name=\"robots\" content=\"index, follow, max-snippet:-1, max-image-preview:large, max-video-preview:-1\" \/>\n<link rel=\"canonical\" href=\"https:\/\/www.academica.school\/news\/academica-subvenciona-a-los-centros-escolares-adheridos-al-diploma-dual-el-50-de-las-cuotas-de-pertenencia-a-la-asociacion-de-ensenanza-bilingue-en-espana\/\" \/>\n<meta property=\"og:locale\" content=\"es_ES\" \/>\n<meta property=\"og:type\" content=\"article\" \/>\n<meta property=\"og:title\" content=\"Academica subvenciona a los centros escolares adheridos al Diploma Dual el 50% de las cuotas de pertenencia a la Asociaci\u00f3n de Ense\u00f1anza Biling\u00fce en Espa\u00f1a - Academica News\" \/>\n<meta property=\"og:description\" content=\"Academica como partner de la \u201cAsociaci\u00f3n de Ense\u00f1anza Biling\u00fce\u201d, asociaci\u00f3n establecida como principal observatorio espa\u00f1ol para la calidad de la ense\u00f1anza biling\u00fce en Espa\u00f1a, va a facilitar a los centros educativos adheridos a ACADEMICA su pertenencia a la Asociaci\u00f3n financiando el 50% de las cuotas de pertenencia a la misma.\" \/>\n<meta property=\"og:url\" content=\"https:\/\/www.academica.school\/news\/academica-subvenciona-a-los-centros-escolares-adheridos-al-diploma-dual-el-50-de-las-cuotas-de-pertenencia-a-la-asociacion-de-ensenanza-bilingue-en-espana\/\" \/>\n<meta property=\"og:site_name\" content=\"Academica News\" \/>\n<meta property=\"article:published_time\" content=\"2020-01-17T11:14:10+00:00\" \/>\n<meta property=\"article:modified_time\" content=\"2021-04-23T10:16:40+00:00\" \/>\n<meta property=\"og:image\" content=\"https:\/\/i1.wp.com\/www.academica.school\/news\/wp-content\/uploads\/2020\/01\/Disen\u0303o-sin-ti\u0301tulo.png?fit=800%2C500&ssl=1\" \/>\n\t<meta property=\"og:image:width\" content=\"800\" \/>\n\t<meta property=\"og:image:height\" content=\"500\" \/>\n\t<meta property=\"og:image:type\" content=\"image\/png\" \/>\n<meta name=\"author\" content=\"Academica Spain\" \/>\n<meta name=\"twitter:card\" content=\"summary_large_image\" \/>\n<meta name=\"twitter:label1\" content=\"Escrito por\" \/>\n\t<meta name=\"twitter:data1\" content=\"Academica Spain\" \/>\n\t<meta name=\"twitter:label2\" content=\"Tiempo de lectura\" \/>\n\t<meta name=\"twitter:data2\" content=\"1 minuto\" \/>\n<script type=\"application\/ld+json\" class=\"yoast-schema-graph\">{\"@context\":\"https:\\\/\\\/schema.org\",\"@graph\":[{\"@type\":\"Article\",\"@id\":\"https:\\\/\\\/www.academica.school\\\/news\\\/academica-subvenciona-a-los-centros-escolares-adheridos-al-diploma-dual-el-50-de-las-cuotas-de-pertenencia-a-la-asociacion-de-ensenanza-bilingue-en-espana\\\/#article\",\"isPartOf\":{\"@id\":\"https:\\\/\\\/www.academica.school\\\/news\\\/academica-subvenciona-a-los-centros-escolares-adheridos-al-diploma-dual-el-50-de-las-cuotas-de-pertenencia-a-la-asociacion-de-ensenanza-bilingue-en-espana\\\/\"},\"author\":{\"name\":\"Academica Spain\",\"@id\":\"https:\\\/\\\/www.academica.school\\\/news\\\/#\\\/schema\\\/person\\\/07ed699df26b3ae2c049959a107fce05\"},\"headline\":\"Academica subvenciona a los centros escolares adheridos al Diploma Dual el 50% de las cuotas de pertenencia a la Asociaci\u00f3n de Ense\u00f1anza Biling\u00fce en Espa\u00f1a\",\"datePublished\":\"2020-01-17T11:14:10+00:00\",\"dateModified\":\"2021-04-23T10:16:40+00:00\",\"mainEntityOfPage\":{\"@id\":\"https:\\\/\\\/www.academica.school\\\/news\\\/academica-subvenciona-a-los-centros-escolares-adheridos-al-diploma-dual-el-50-de-las-cuotas-de-pertenencia-a-la-asociacion-de-ensenanza-bilingue-en-espana\\\/\"},\"wordCount\":214,\"publisher\":{\"@id\":\"https:\\\/\\\/www.academica.school\\\/news\\\/#organization\"},\"image\":{\"@id\":\"https:\\\/\\\/www.academica.school\\\/news\\\/academica-subvenciona-a-los-centros-escolares-adheridos-al-diploma-dual-el-50-de-las-cuotas-de-pertenencia-a-la-asociacion-de-ensenanza-bilingue-en-espana\\\/#primaryimage\"},\"thumbnailUrl\":\"https:\\\/\\\/i0.wp.com\\\/www.academica.school\\\/news\\\/wp-content\\\/uploads\\\/2020\\\/01\\\/Disen%CC%83o-sin-ti%CC%81tulo.png?fit=800%2C500&ssl=1\",\"keywords\":[\"academica\",\"Asociaci\u00f3n de Ense\u00f1anza Biling\u00fce\",\"certificacion\",\"certificado\",\"Diploma Dual\",\"sello\"],\"articleSection\":[\"Last News\"],\"inLanguage\":\"es\"},{\"@type\":\"WebPage\",\"@id\":\"https:\\\/\\\/www.academica.school\\\/news\\\/academica-subvenciona-a-los-centros-escolares-adheridos-al-diploma-dual-el-50-de-las-cuotas-de-pertenencia-a-la-asociacion-de-ensenanza-bilingue-en-espana\\\/\",\"url\":\"https:\\\/\\\/www.academica.school\\\/news\\\/academica-subvenciona-a-los-centros-escolares-adheridos-al-diploma-dual-el-50-de-las-cuotas-de-pertenencia-a-la-asociacion-de-ensenanza-bilingue-en-espana\\\/\",\"name\":\"Academica subvenciona a los centros escolares adheridos al Diploma Dual el 50% de las cuotas de pertenencia a la Asociaci\u00f3n de Ense\u00f1anza Biling\u00fce en Espa\u00f1a - Academica News\",\"isPartOf\":{\"@id\":\"https:\\\/\\\/www.academica.school\\\/news\\\/#website\"},\"primaryImageOfPage\":{\"@id\":\"https:\\\/\\\/www.academica.school\\\/news\\\/academica-subvenciona-a-los-centros-escolares-adheridos-al-diploma-dual-el-50-de-las-cuotas-de-pertenencia-a-la-asociacion-de-ensenanza-bilingue-en-espana\\\/#primaryimage\"},\"image\":{\"@id\":\"https:\\\/\\\/www.academica.school\\\/news\\\/academica-subvenciona-a-los-centros-escolares-adheridos-al-diploma-dual-el-50-de-las-cuotas-de-pertenencia-a-la-asociacion-de-ensenanza-bilingue-en-espana\\\/#primaryimage\"},\"thumbnailUrl\":\"https:\\\/\\\/i0.wp.com\\\/www.academica.school\\\/news\\\/wp-content\\\/uploads\\\/2020\\\/01\\\/Disen%CC%83o-sin-ti%CC%81tulo.png?fit=800%2C500&ssl=1\",\"datePublished\":\"2020-01-17T11:14:10+00:00\",\"dateModified\":\"2021-04-23T10:16:40+00:00\",\"description\":\"Academica como partner de la \u201cAsociaci\u00f3n de Ense\u00f1anza Biling\u00fce\u201d, asociaci\u00f3n establecida como principal observatorio espa\u00f1ol para la calidad de la ense\u00f1anza biling\u00fce en Espa\u00f1a, va a facilitar a los centros educativos adheridos a ACADEMICA su pertenencia a la Asociaci\u00f3n financiando el 50% de las cuotas de pertenencia a la misma.\",\"breadcrumb\":{\"@id\":\"https:\\\/\\\/www.academica.school\\\/news\\\/academica-subvenciona-a-los-centros-escolares-adheridos-al-diploma-dual-el-50-de-las-cuotas-de-pertenencia-a-la-asociacion-de-ensenanza-bilingue-en-espana\\\/#breadcrumb\"},\"inLanguage\":\"es\",\"potentialAction\":[{\"@type\":\"ReadAction\",\"target\":[\"https:\\\/\\\/www.academica.school\\\/news\\\/academica-subvenciona-a-los-centros-escolares-adheridos-al-diploma-dual-el-50-de-las-cuotas-de-pertenencia-a-la-asociacion-de-ensenanza-bilingue-en-espana\\\/\"]}]},{\"@type\":\"ImageObject\",\"inLanguage\":\"es\",\"@id\":\"https:\\\/\\\/www.academica.school\\\/news\\\/academica-subvenciona-a-los-centros-escolares-adheridos-al-diploma-dual-el-50-de-las-cuotas-de-pertenencia-a-la-asociacion-de-ensenanza-bilingue-en-espana\\\/#primaryimage\",\"url\":\"https:\\\/\\\/i0.wp.com\\\/www.academica.school\\\/news\\\/wp-content\\\/uploads\\\/2020\\\/01\\\/Disen%CC%83o-sin-ti%CC%81tulo.png?fit=800%2C500&ssl=1\",\"contentUrl\":\"https:\\\/\\\/i0.wp.com\\\/www.academica.school\\\/news\\\/wp-content\\\/uploads\\\/2020\\\/01\\\/Disen%CC%83o-sin-ti%CC%81tulo.png?fit=800%2C500&ssl=1\",\"width\":800,\"height\":500},{\"@type\":\"BreadcrumbList\",\"@id\":\"https:\\\/\\\/www.academica.school\\\/news\\\/academica-subvenciona-a-los-centros-escolares-adheridos-al-diploma-dual-el-50-de-las-cuotas-de-pertenencia-a-la-asociacion-de-ensenanza-bilingue-en-espana\\\/#breadcrumb\",\"itemListElement\":[{\"@type\":\"ListItem\",\"position\":1,\"name\":\"Portada\",\"item\":\"https:\\\/\\\/www.academica.school\\\/news\\\/\"},{\"@type\":\"ListItem\",\"position\":2,\"name\":\"Academica subvenciona a los centros escolares adheridos al Diploma Dual el 50% de las cuotas de pertenencia a la Asociaci\u00f3n de Ense\u00f1anza Biling\u00fce en Espa\u00f1a\"}]},{\"@type\":\"WebSite\",\"@id\":\"https:\\\/\\\/www.academica.school\\\/news\\\/#website\",\"url\":\"https:\\\/\\\/www.academica.school\\\/news\\\/\",\"name\":\"Academica News\",\"description\":\"todo lo que pasa en el mundo acad\u00e9mico, sobre universidades y cualquier evento o novedad en la que participemos\",\"publisher\":{\"@id\":\"https:\\\/\\\/www.academica.school\\\/news\\\/#organization\"},\"potentialAction\":[{\"@type\":\"SearchAction\",\"target\":{\"@type\":\"EntryPoint\",\"urlTemplate\":\"https:\\\/\\\/www.academica.school\\\/news\\\/?s={search_term_string}\"},\"query-input\":{\"@type\":\"PropertyValueSpecification\",\"valueRequired\":true,\"valueName\":\"search_term_string\"}}],\"inLanguage\":\"es\"},{\"@type\":\"Organization\",\"@id\":\"https:\\\/\\\/www.academica.school\\\/news\\\/#organization\",\"name\":\"Academica\",\"url\":\"https:\\\/\\\/www.academica.school\\\/news\\\/\",\"logo\":{\"@type\":\"ImageObject\",\"inLanguage\":\"es\",\"@id\":\"https:\\\/\\\/www.academica.school\\\/news\\\/#\\\/schema\\\/logo\\\/image\\\/\",\"url\":\"https:\\\/\\\/i1.wp.com\\\/www.academica.school\\\/news\\\/wp-content\\\/uploads\\\/2019\\\/11\\\/Captura-de-pantalla-2019-11-20-a-las-12.14.04.png?fit=799%2C500&ssl=1\",\"contentUrl\":\"https:\\\/\\\/i1.wp.com\\\/www.academica.school\\\/news\\\/wp-content\\\/uploads\\\/2019\\\/11\\\/Captura-de-pantalla-2019-11-20-a-las-12.14.04.png?fit=799%2C500&ssl=1\",\"width\":799,\"height\":500,\"caption\":\"Academica\"},\"image\":{\"@id\":\"https:\\\/\\\/www.academica.school\\\/news\\\/#\\\/schema\\\/logo\\\/image\\\/\"}},{\"@type\":\"Person\",\"@id\":\"https:\\\/\\\/www.academica.school\\\/news\\\/#\\\/schema\\\/person\\\/07ed699df26b3ae2c049959a107fce05\",\"name\":\"Academica Spain\",\"image\":{\"@type\":\"ImageObject\",\"inLanguage\":\"es\",\"@id\":\"https:\\\/\\\/secure.gravatar.com\\\/avatar\\\/24d850e4f123aaa0ad5edf9a3fb1d97a98b831f0571142c5dc4b3add4e2db2ea?s=96&d=mm&r=g\",\"url\":\"https:\\\/\\\/secure.gravatar.com\\\/avatar\\\/24d850e4f123aaa0ad5edf9a3fb1d97a98b831f0571142c5dc4b3add4e2db2ea?s=96&d=mm&r=g\",\"contentUrl\":\"https:\\\/\\\/secure.gravatar.com\\\/avatar\\\/24d850e4f123aaa0ad5edf9a3fb1d97a98b831f0571142c5dc4b3add4e2db2ea?s=96&d=mm&r=g\",\"caption\":\"Academica Spain\"},\"url\":\"https:\\\/\\\/www.academica.school\\\/news\\\/author\\\/jasubal\\\/\"}]}<\/script>\n<!-- \/ Yoast SEO plugin. -->","yoast_head_json":{"title":"Academica subvenciona a los centros escolares adheridos al Diploma Dual el 50% de las cuotas de pertenencia a la Asociaci\u00f3n de Ense\u00f1anza Biling\u00fce en Espa\u00f1a - Academica News","description":"Academica como partner de la \u201cAsociaci\u00f3n de Ense\u00f1anza Biling\u00fce\u201d, asociaci\u00f3n establecida como principal observatorio espa\u00f1ol para la calidad de la ense\u00f1anza biling\u00fce en Espa\u00f1a, va a facilitar a los centros educativos adheridos a ACADEMICA su pertenencia a la Asociaci\u00f3n financiando el 50% de las cuotas de pertenencia a la misma.","robots":{"index":"index","follow":"follow","max-snippet":"max-snippet:-1","max-image-preview":"max-image-preview:large","max-video-preview":"max-video-preview:-1"},"canonical":"https:\/\/www.academica.school\/news\/academica-subvenciona-a-los-centros-escolares-adheridos-al-diploma-dual-el-50-de-las-cuotas-de-pertenencia-a-la-asociacion-de-ensenanza-bilingue-en-espana\/","og_locale":"es_ES","og_type":"article","og_title":"Academica subvenciona a los centros escolares adheridos al Diploma Dual el 50% de las cuotas de pertenencia a la Asociaci\u00f3n de Ense\u00f1anza Biling\u00fce en Espa\u00f1a - Academica News","og_description":"Academica como partner de la \u201cAsociaci\u00f3n de Ense\u00f1anza Biling\u00fce\u201d, asociaci\u00f3n establecida como principal observatorio espa\u00f1ol para la calidad de la ense\u00f1anza biling\u00fce en Espa\u00f1a, va a facilitar a los centros educativos adheridos a ACADEMICA su pertenencia a la Asociaci\u00f3n financiando el 50% de las cuotas de pertenencia a la misma.","og_url":"https:\/\/www.academica.school\/news\/academica-subvenciona-a-los-centros-escolares-adheridos-al-diploma-dual-el-50-de-las-cuotas-de-pertenencia-a-la-asociacion-de-ensenanza-bilingue-en-espana\/","og_site_name":"Academica News","article_published_time":"2020-01-17T11:14:10+00:00","article_modified_time":"2021-04-23T10:16:40+00:00","og_image":[{"width":800,"height":500,"url":"https:\/\/i1.wp.com\/www.academica.school\/news\/wp-content\/uploads\/2020\/01\/Disen\u0303o-sin-ti\u0301tulo.png?fit=800%2C500&ssl=1","type":"image\/png"}],"author":"Academica Spain","twitter_card":"summary_large_image","twitter_misc":{"Escrito por":"Academica Spain","Tiempo de lectura":"1 minuto"},"schema":{"@context":"https:\/\/schema.org","@graph":[{"@type":"Article","@id":"https:\/\/www.academica.school\/news\/academica-subvenciona-a-los-centros-escolares-adheridos-al-diploma-dual-el-50-de-las-cuotas-de-pertenencia-a-la-asociacion-de-ensenanza-bilingue-en-espana\/#article","isPartOf":{"@id":"https:\/\/www.academica.school\/news\/academica-subvenciona-a-los-centros-escolares-adheridos-al-diploma-dual-el-50-de-las-cuotas-de-pertenencia-a-la-asociacion-de-ensenanza-bilingue-en-espana\/"},"author":{"name":"Academica Spain","@id":"https:\/\/www.academica.school\/news\/#\/schema\/person\/07ed699df26b3ae2c049959a107fce05"},"headline":"Academica subvenciona a los centros escolares adheridos al Diploma Dual el 50% de las cuotas de pertenencia a la Asociaci\u00f3n de Ense\u00f1anza Biling\u00fce en Espa\u00f1a","datePublished":"2020-01-17T11:14:10+00:00","dateModified":"2021-04-23T10:16:40+00:00","mainEntityOfPage":{"@id":"https:\/\/www.academica.school\/news\/academica-subvenciona-a-los-centros-escolares-adheridos-al-diploma-dual-el-50-de-las-cuotas-de-pertenencia-a-la-asociacion-de-ensenanza-bilingue-en-espana\/"},"wordCount":214,"publisher":{"@id":"https:\/\/www.academica.school\/news\/#organization"},"image":{"@id":"https:\/\/www.academica.school\/news\/academica-subvenciona-a-los-centros-escolares-adheridos-al-diploma-dual-el-50-de-las-cuotas-de-pertenencia-a-la-asociacion-de-ensenanza-bilingue-en-espana\/#primaryimage"},"thumbnailUrl":"https:\/\/i0.wp.com\/www.academica.school\/news\/wp-content\/uploads\/2020\/01\/Disen%CC%83o-sin-ti%CC%81tulo.png?fit=800%2C500&ssl=1","keywords":["academica","Asociaci\u00f3n de Ense\u00f1anza Biling\u00fce","certificacion","certificado","Diploma Dual","sello"],"articleSection":["Last News"],"inLanguage":"es"},{"@type":"WebPage","@id":"https:\/\/www.academica.school\/news\/academica-subvenciona-a-los-centros-escolares-adheridos-al-diploma-dual-el-50-de-las-cuotas-de-pertenencia-a-la-asociacion-de-ensenanza-bilingue-en-espana\/","url":"https:\/\/www.academica.school\/news\/academica-subvenciona-a-los-centros-escolares-adheridos-al-diploma-dual-el-50-de-las-cuotas-de-pertenencia-a-la-asociacion-de-ensenanza-bilingue-en-espana\/","name":"Academica subvenciona a los centros escolares adheridos al Diploma Dual el 50% de las cuotas de pertenencia a la Asociaci\u00f3n de Ense\u00f1anza Biling\u00fce en Espa\u00f1a - Academica News","isPartOf":{"@id":"https:\/\/www.academica.school\/news\/#website"},"primaryImageOfPage":{"@id":"https:\/\/www.academica.school\/news\/academica-subvenciona-a-los-centros-escolares-adheridos-al-diploma-dual-el-50-de-las-cuotas-de-pertenencia-a-la-asociacion-de-ensenanza-bilingue-en-espana\/#primaryimage"},"image":{"@id":"https:\/\/www.academica.school\/news\/academica-subvenciona-a-los-centros-escolares-adheridos-al-diploma-dual-el-50-de-las-cuotas-de-pertenencia-a-la-asociacion-de-ensenanza-bilingue-en-espana\/#primaryimage"},"thumbnailUrl":"https:\/\/i0.wp.com\/www.academica.school\/news\/wp-content\/uploads\/2020\/01\/Disen%CC%83o-sin-ti%CC%81tulo.png?fit=800%2C500&ssl=1","datePublished":"2020-01-17T11:14:10+00:00","dateModified":"2021-04-23T10:16:40+00:00","description":"Academica como partner de la \u201cAsociaci\u00f3n de Ense\u00f1anza Biling\u00fce\u201d, asociaci\u00f3n establecida como principal observatorio espa\u00f1ol para la calidad de la ense\u00f1anza biling\u00fce en Espa\u00f1a, va a facilitar a los centros educativos adheridos a ACADEMICA su pertenencia a la Asociaci\u00f3n financiando el 50% de las cuotas de pertenencia a la misma.","breadcrumb":{"@id":"https:\/\/www.academica.school\/news\/academica-subvenciona-a-los-centros-escolares-adheridos-al-diploma-dual-el-50-de-las-cuotas-de-pertenencia-a-la-asociacion-de-ensenanza-bilingue-en-espana\/#breadcrumb"},"inLanguage":"es","potentialAction":[{"@type":"ReadAction","target":["https:\/\/www.academica.school\/news\/academica-subvenciona-a-los-centros-escolares-adheridos-al-diploma-dual-el-50-de-las-cuotas-de-pertenencia-a-la-asociacion-de-ensenanza-bilingue-en-espana\/"]}]},{"@type":"ImageObject","inLanguage":"es","@id":"https:\/\/www.academica.school\/news\/academica-subvenciona-a-los-centros-escolares-adheridos-al-diploma-dual-el-50-de-las-cuotas-de-pertenencia-a-la-asociacion-de-ensenanza-bilingue-en-espana\/#primaryimage","url":"https:\/\/i0.wp.com\/www.academica.school\/news\/wp-content\/uploads\/2020\/01\/Disen%CC%83o-sin-ti%CC%81tulo.png?fit=800%2C500&ssl=1","contentUrl":"https:\/\/i0.wp.com\/www.academica.school\/news\/wp-content\/uploads\/2020\/01\/Disen%CC%83o-sin-ti%CC%81tulo.png?fit=800%2C500&ssl=1","width":800,"height":500},{"@type":"BreadcrumbList","@id":"https:\/\/www.academica.school\/news\/academica-subvenciona-a-los-centros-escolares-adheridos-al-diploma-dual-el-50-de-las-cuotas-de-pertenencia-a-la-asociacion-de-ensenanza-bilingue-en-espana\/#breadcrumb","itemListElement":[{"@type":"ListItem","position":1,"name":"Portada","item":"https:\/\/www.academica.school\/news\/"},{"@type":"ListItem","position":2,"name":"Academica subvenciona a los centros escolares adheridos al Diploma Dual el 50% de las cuotas de pertenencia a la Asociaci\u00f3n de Ense\u00f1anza Biling\u00fce en Espa\u00f1a"}]},{"@type":"WebSite","@id":"https:\/\/www.academica.school\/news\/#website","url":"https:\/\/www.academica.school\/news\/","name":"Academica News","description":"todo lo que pasa en el mundo acad\u00e9mico, sobre universidades y cualquier evento o novedad en la que participemos","publisher":{"@id":"https:\/\/www.academica.school\/news\/#organization"},"potentialAction":[{"@type":"SearchAction","target":{"@type":"EntryPoint","urlTemplate":"https:\/\/www.academica.school\/news\/?s={search_term_string}"},"query-input":{"@type":"PropertyValueSpecification","valueRequired":true,"valueName":"search_term_string"}}],"inLanguage":"es"},{"@type":"Organization","@id":"https:\/\/www.academica.school\/news\/#organization","name":"Academica","url":"https:\/\/www.academica.school\/news\/","logo":{"@type":"ImageObject","inLanguage":"es","@id":"https:\/\/www.academica.school\/news\/#\/schema\/logo\/image\/","url":"https:\/\/i1.wp.com\/www.academica.school\/news\/wp-content\/uploads\/2019\/11\/Captura-de-pantalla-2019-11-20-a-las-12.14.04.png?fit=799%2C500&ssl=1","contentUrl":"https:\/\/i1.wp.com\/www.academica.school\/news\/wp-content\/uploads\/2019\/11\/Captura-de-pantalla-2019-11-20-a-las-12.14.04.png?fit=799%2C500&ssl=1","width":799,"height":500,"caption":"Academica"},"image":{"@id":"https:\/\/www.academica.school\/news\/#\/schema\/logo\/image\/"}},{"@type":"Person","@id":"https:\/\/www.academica.school\/news\/#\/schema\/person\/07ed699df26b3ae2c049959a107fce05","name":"Academica Spain","image":{"@type":"ImageObject","inLanguage":"es","@id":"https:\/\/secure.gravatar.com\/avatar\/24d850e4f123aaa0ad5edf9a3fb1d97a98b831f0571142c5dc4b3add4e2db2ea?s=96&d=mm&r=g","url":"https:\/\/secure.gravatar.com\/avatar\/24d850e4f123aaa0ad5edf9a3fb1d97a98b831f0571142c5dc4b3add4e2db2ea?s=96&d=mm&r=g","contentUrl":"https:\/\/secure.gravatar.com\/avatar\/24d850e4f123aaa0ad5edf9a3fb1d97a98b831f0571142c5dc4b3add4e2db2ea?s=96&d=mm&r=g","caption":"Academica Spain"},"url":"https:\/\/www.academica.school\/news\/author\/jasubal\/"}]}},"jetpack_featured_media_url":"https:\/\/i0.wp.com\/www.academica.school\/news\/wp-content\/uploads\/2020\/01\/Disen%CC%83o-sin-ti%CC%81tulo.png?fit=800%2C500&ssl=1","jetpack_sharing_enabled":true,"jetpack_shortlink":"https:\/\/wp.me\/p8RDKh-dJ","jetpack-related-posts":[{"id":795,"url":"https:\/\/www.academica.school\/news\/academica-patrocina-el-congreso-internacional-de-ensenanza-bilingue-de-centros-educativos-en-granada\/","url_meta":{"origin":851,"position":0},"title":"Academica patrocina el Congreso Internacional de Ense\u00f1anza Biling\u00fce de Centros Educativos en Granada","author":"Academica Spain","date":"septiembre 30, 2019","format":false,"excerpt":"Academica Spain patrocinar\u00e1 la VI edici\u00f3n del Congreso Internacional de Ense\u00f1anza Biling\u00fce de Centros Educativos (CIEB) que se celebrar\u00e1 en Granada del 18 al 20 de octubre de este a\u00f1o, organizado por la Asociaci\u00f3n Ense\u00f1anza Biling\u00fce, la Universidad de Granada y la Asociaci\u00f3n de Profesorado de Ingl\u00e9s de Andaluc\u00eda. Bajo\u2026","rel":"","context":"En \u00abLast News\u00bb","block_context":{"text":"Last News","link":"https:\/\/www.academica.school\/news\/last-news\/"},"img":{"alt_text":"","src":"https:\/\/i0.wp.com\/www.academica.school\/news\/wp-content\/uploads\/2019\/09\/entradas-alhambra.jpg?fit=799%2C500&ssl=1&resize=350%2C200","width":350,"height":200,"srcset":"https:\/\/i0.wp.com\/www.academica.school\/news\/wp-content\/uploads\/2019\/09\/entradas-alhambra.jpg?fit=799%2C500&ssl=1&resize=350%2C200 1x, https:\/\/i0.wp.com\/www.academica.school\/news\/wp-content\/uploads\/2019\/09\/entradas-alhambra.jpg?fit=799%2C500&ssl=1&resize=525%2C300 1.5x, https:\/\/i0.wp.com\/www.academica.school\/news\/wp-content\/uploads\/2019\/09\/entradas-alhambra.jpg?fit=799%2C500&ssl=1&resize=700%2C400 2x"},"classes":[]},{"id":734,"url":"https:\/\/www.academica.school\/news\/academica-lider-en-educacion-virtual\/","url_meta":{"origin":851,"position":1},"title":"Academica, l\u00edder en educaci\u00f3n virtual","author":"Academica Spain","date":"junio 19, 2019","format":false,"excerpt":"Con ma\u0301s de 100.000 alumnos, 4.000 profesores y 180 colegios en ma\u0301s de 10 estados, Academica es la principal y mayor institucio\u0301n estadounidense de gestio\u0301n educativa con sede en Miami (Florida) de Charter Schools (colegios pu\u0301blicos de gestio\u0301n 100% privada de alto rendimiento educativo). Academica es una de las pocas\u2026","rel":"","context":"En \u00abLast News\u00bb","block_context":{"text":"Last News","link":"https:\/\/www.academica.school\/news\/last-news\/"},"img":{"alt_text":"","src":"https:\/\/i0.wp.com\/www.academica.school\/news\/wp-content\/uploads\/2019\/06\/Academica-3.jpg?fit=801%2C502&ssl=1&resize=350%2C200","width":350,"height":200,"srcset":"https:\/\/i0.wp.com\/www.academica.school\/news\/wp-content\/uploads\/2019\/06\/Academica-3.jpg?fit=801%2C502&ssl=1&resize=350%2C200 1x, https:\/\/i0.wp.com\/www.academica.school\/news\/wp-content\/uploads\/2019\/06\/Academica-3.jpg?fit=801%2C502&ssl=1&resize=525%2C300 1.5x, https:\/\/i0.wp.com\/www.academica.school\/news\/wp-content\/uploads\/2019\/06\/Academica-3.jpg?fit=801%2C502&ssl=1&resize=700%2C400 2x"},"classes":[]},{"id":834,"url":"https:\/\/www.academica.school\/news\/cinco-ideas-para-potenciar-la-reputacion-de-tu-centro-a-traves-del-diploma-dual\/","url_meta":{"origin":851,"position":2},"title":"Cinco ideas para potenciar la reputaci\u00f3n de tu centro a trav\u00e9s del Diploma Dual","author":"Academica Spain","date":"noviembre 20, 2019","format":false,"excerpt":"El Diploma Dual es el programa de convalidaci\u00f3n de t\u00edtulos de Bachillerato creado y desarrollado por Academica Corporation que ofrece la oportunidad de obtener dos titulaciones simult\u00e1neas y prepara a los estudiantes para adquirir los mejores niveles de competencia. En Espa\u00f1a, los alumnos de los centros escolares adheridos a Academica\u2026","rel":"","context":"En \u00abLast News\u00bb","block_context":{"text":"Last News","link":"https:\/\/www.academica.school\/news\/last-news\/"},"img":{"alt_text":"","src":"https:\/\/i0.wp.com\/www.academica.school\/news\/wp-content\/uploads\/2019\/11\/Captura-de-pantalla-2019-11-20-a-las-12.14.04.png?fit=799%2C500&ssl=1&resize=350%2C200","width":350,"height":200,"srcset":"https:\/\/i0.wp.com\/www.academica.school\/news\/wp-content\/uploads\/2019\/11\/Captura-de-pantalla-2019-11-20-a-las-12.14.04.png?fit=799%2C500&ssl=1&resize=350%2C200 1x, https:\/\/i0.wp.com\/www.academica.school\/news\/wp-content\/uploads\/2019\/11\/Captura-de-pantalla-2019-11-20-a-las-12.14.04.png?fit=799%2C500&ssl=1&resize=525%2C300 1.5x, https:\/\/i0.wp.com\/www.academica.school\/news\/wp-content\/uploads\/2019\/11\/Captura-de-pantalla-2019-11-20-a-las-12.14.04.png?fit=799%2C500&ssl=1&resize=700%2C400 2x"},"classes":[]},{"id":914,"url":"https:\/\/www.academica.school\/news\/las-fundaciones-vinculadas-a-academica-corp-crean-un-fondo-de-2m-usd-destinado-a-paliar-la-situacion-generada-en-los-centros-por-el-covid-19\/","url_meta":{"origin":851,"position":3},"title":"Las fundaciones vinculadas a Academica Corp. crean un fondo de 2M USD destinado a paliar la situaci\u00f3n generada en los centros por el Covid 19","author":"Academica Spain","date":"marzo 26, 2020","format":false,"excerpt":"Academica Corp. -en colaboraci\u00f3n con varias instituciones y fundaciones, como ACE Foundation y SLAM Foundation- ha creado un fondo dotado con dos millones de d\u00f3lares (unos 1,82 millones de euros) que va a permitir a todos los colegios adheridos al Diploma Dual en Espa\u00f1a acceder y subvencionar la herramienta \"TheCampus\",\u2026","rel":"","context":"En \u00abLast News\u00bb","block_context":{"text":"Last News","link":"https:\/\/www.academica.school\/news\/last-news\/"},"img":{"alt_text":"","src":"https:\/\/i0.wp.com\/www.academica.school\/news\/wp-content\/uploads\/2020\/03\/TheCampus.jpg?fit=800%2C500&ssl=1&resize=350%2C200","width":350,"height":200,"srcset":"https:\/\/i0.wp.com\/www.academica.school\/news\/wp-content\/uploads\/2020\/03\/TheCampus.jpg?fit=800%2C500&ssl=1&resize=350%2C200 1x, https:\/\/i0.wp.com\/www.academica.school\/news\/wp-content\/uploads\/2020\/03\/TheCampus.jpg?fit=800%2C500&ssl=1&resize=525%2C300 1.5x, https:\/\/i0.wp.com\/www.academica.school\/news\/wp-content\/uploads\/2020\/03\/TheCampus.jpg?fit=800%2C500&ssl=1&resize=700%2C400 2x"},"classes":[]},{"id":2805,"url":"https:\/\/www.academica.school\/news\/premios-magisterio-a-los-protagonistas-de-la-educacion\/","url_meta":{"origin":851,"position":4},"title":"Premios Magisterio a los Protagonistas de la Educaci\u00f3n","author":"Academica Spain","date":"diciembre 17, 2024","format":false,"excerpt":"Hoy, martes 17 de diciembre, los Premios Magisterio a los Protagonistas de la Educaci\u00f3n entregar\u00e1n a Mr. Manny D\u00edaz Jr. el Premio a la Excelencia Educativa. El Departamento de Educaci\u00f3n del Estado de La Florida ha sido nombrado, un a\u00f1o m\u00e1s, n\u00famero uno en el ranking educativo de Estados Unidos.\u2026","rel":"","context":"En \u00abLast News\u00bb","block_context":{"text":"Last News","link":"https:\/\/www.academica.school\/news\/last-news\/"},"img":{"alt_text":"diploma-dual-academica","src":"https:\/\/i0.wp.com\/www.academica.school\/news\/wp-content\/uploads\/2024\/12\/diploma-dual-academica-1-e1734448964335.png?fit=600%2C600&ssl=1&resize=350%2C200","width":350,"height":200,"srcset":"https:\/\/i0.wp.com\/www.academica.school\/news\/wp-content\/uploads\/2024\/12\/diploma-dual-academica-1-e1734448964335.png?fit=600%2C600&ssl=1&resize=350%2C200 1x, https:\/\/i0.wp.com\/www.academica.school\/news\/wp-content\/uploads\/2024\/12\/diploma-dual-academica-1-e1734448964335.png?fit=600%2C600&ssl=1&resize=525%2C300 1.5x"},"classes":[]},{"id":1383,"url":"https:\/\/www.academica.school\/news\/mas-de-1-000-colegios-participan-en-las-jornadas-de-directivos-de-academica\/","url_meta":{"origin":851,"position":5},"title":"M\u00e1s de 1.000 colegios participan en las jornadas de directivos de Academica","author":"Academica Spain","date":"mayo 3, 2022","format":false,"excerpt":"Las jornadas se est\u00e1n celebrando en las principales capitales de provincia estos d\u00edas. Academica est\u00e1 llevando a cabo estos d\u00edas una serie de encuentros por algunas de las principales capitales de provincia de toda la geograf\u00eda, con el fin de dar a conocer una serie de iniciativas de m\u00e1ximo inter\u00e9s\u2026","rel":"","context":"En \u00abLast News\u00bb","block_context":{"text":"Last News","link":"https:\/\/www.academica.school\/news\/last-news\/"},"img":{"alt_text":"","src":"https:\/\/i0.wp.com\/www.academica.school\/news\/wp-content\/uploads\/2022\/04\/Jornada-Directivos-Academica-Valencia.jpg?fit=800%2C501&ssl=1&resize=350%2C200","width":350,"height":200,"srcset":"https:\/\/i0.wp.com\/www.academica.school\/news\/wp-content\/uploads\/2022\/04\/Jornada-Directivos-Academica-Valencia.jpg?fit=800%2C501&ssl=1&resize=350%2C200 1x, https:\/\/i0.wp.com\/www.academica.school\/news\/wp-content\/uploads\/2022\/04\/Jornada-Directivos-Academica-Valencia.jpg?fit=800%2C501&ssl=1&resize=525%2C300 1.5x, https:\/\/i0.wp.com\/www.academica.school\/news\/wp-content\/uploads\/2022\/04\/Jornada-Directivos-Academica-Valencia.jpg?fit=800%2C501&ssl=1&resize=700%2C400 2x"},"classes":[]}],"_links":{"self":[{"href":"https:\/\/www.academica.school\/news\/wp-json\/wp\/v2\/posts\/851","targetHints":{"allow":["GET"]}}],"collection":[{"href":"https:\/\/www.academica.school\/news\/wp-json\/wp\/v2\/posts"}],"about":[{"href":"https:\/\/www.academica.school\/news\/wp-json\/wp\/v2\/types\/post"}],"author":[{"embeddable":true,"href":"https:\/\/www.academica.school\/news\/wp-json\/wp\/v2\/users\/1"}],"replies":[{"embeddable":true,"href":"https:\/\/www.academica.school\/news\/wp-json\/wp\/v2\/comments?post=851"}],"version-history":[{"count":3,"href":"https:\/\/www.academica.school\/news\/wp-json\/wp\/v2\/posts\/851\/revisions"}],"predecessor-version":[{"id":1169,"href":"https:\/\/www.academica.school\/news\/wp-json\/wp\/v2\/posts\/851\/revisions\/1169"}],"wp:featuredmedia":[{"embeddable":true,"href":"https:\/\/www.academica.school\/news\/wp-json\/wp\/v2\/media\/852"}],"wp:attachment":[{"href":"https:\/\/www.academica.school\/news\/wp-json\/wp\/v2\/media?parent=851"}],"wp:term":[{"taxonomy":"category","embeddable":true,"href":"https:\/\/www.academica.school\/news\/wp-json\/wp\/v2\/categories?post=851"},{"taxonomy":"post_tag","embeddable":true,"href":"https:\/\/www.academica.school\/news\/wp-json\/wp\/v2\/tags?post=851"}],"curies":[{"name":"wp","href":"https:\/\/api.w.org\/{rel}","templated":true}]}}