{"id":961,"date":"2020-06-04T16:38:00","date_gmt":"2020-06-04T16:38:00","guid":{"rendered":"https:\/\/www.academica.school\/news\/?p=961"},"modified":"2020-06-11T09:17:26","modified_gmt":"2020-06-11T09:17:26","slug":"pitbull-graduation-speech-class-of-2020pitbull-graduation-spech-class-of-2020","status":"publish","type":"post","link":"https:\/\/www.academica.school\/news\/pitbull-graduation-speech-class-of-2020pitbull-graduation-spech-class-of-2020\/","title":{"rendered":"Academica-Pitbull Graduation Speech Class of 2020"},"content":{"rendered":"<p><img data-recalc-dims=\"1\" loading=\"lazy\" decoding=\"async\" src=\"https:\/\/i0.wp.com\/www.academica.school\/news\/wp-content\/uploads\/2020\/06\/kisspng-youtube-play-button-clip-art-computer-icons-image-36-photos-amp-videos-panorama-veorama-5b7b8baa578690.5936116815348233383585.png?resize=18%2C18&#038;ssl=1\" width=\"18\" height=\"18\" \/> Presentamos el discurso de graduaci\u00f3n pronunciado por Pitbull para todos los graduados de Academica Class of 2020 (V\u00eddeo).<\/p>\n","protected":false},"excerpt":{"rendered":"<p>Presentamos el discurso de graduaci\u00f3n pronunciado por Pitbull para todos los graduados de Academica Class of 2020 (V\u00eddeo).<\/p>\n","protected":false},"author":1,"featured_media":963,"comment_status":"closed","ping_status":"closed","sticky":false,"template":"","format":"video","meta":{"_jetpack_memberships_contains_paid_content":false,"footnotes":""},"categories":[1],"tags":[149,9,50,164,4,166,165],"class_list":["post-961","post","type-post","status-publish","format-video","has-post-thumbnail","hentry","category-last-news","tag-149","tag-academica","tag-bachillerato-dual","tag-class-of-2020","tag-diploma-dual","tag-graduation-speech","tag-pitbull","post_format-post-format-video","clearfix"],"yoast_head":"<!-- This site is optimized with the Yoast SEO plugin v27.4 - https:\/\/yoast.com\/product\/yoast-seo-wordpress\/ -->\n<title>Academica-Pitbull Graduation Speech Class of 2020 - Academica News<\/title>\n<meta name=\"robots\" content=\"index, follow, max-snippet:-1, max-image-preview:large, max-video-preview:-1\" \/>\n<link rel=\"canonical\" href=\"https:\/\/www.academica.school\/news\/pitbull-graduation-speech-class-of-2020pitbull-graduation-spech-class-of-2020\/\" \/>\n<meta property=\"og:locale\" content=\"es_ES\" \/>\n<meta property=\"og:type\" content=\"article\" \/>\n<meta property=\"og:title\" content=\"Academica-Pitbull Graduation Speech Class of 2020 - Academica News\" \/>\n<meta property=\"og:description\" content=\"Presentamos el discurso de graduaci\u00f3n pronunciado por Pitbull para todos los graduados de Academica Class of 2020 (V\u00eddeo).\" \/>\n<meta property=\"og:url\" content=\"https:\/\/www.academica.school\/news\/pitbull-graduation-speech-class-of-2020pitbull-graduation-spech-class-of-2020\/\" \/>\n<meta property=\"og:site_name\" content=\"Academica News\" \/>\n<meta property=\"article:published_time\" content=\"2020-06-04T16:38:00+00:00\" \/>\n<meta property=\"article:modified_time\" content=\"2020-06-11T09:17:26+00:00\" \/>\n<meta property=\"og:image\" content=\"https:\/\/i1.wp.com\/www.academica.school\/news\/wp-content\/uploads\/2020\/06\/Captura-de-pantalla-2020-06-04-a-las-19.19.00.png?fit=800%2C500&ssl=1\" \/>\n\t<meta property=\"og:image:width\" content=\"800\" \/>\n\t<meta property=\"og:image:height\" content=\"500\" \/>\n\t<meta property=\"og:image:type\" content=\"image\/png\" \/>\n<meta name=\"author\" content=\"Academica Spain\" \/>\n<meta name=\"twitter:card\" content=\"summary_large_image\" \/>\n<meta name=\"twitter:label1\" content=\"Escrito por\" \/>\n\t<meta name=\"twitter:data1\" content=\"Academica Spain\" \/>\n<script type=\"application\/ld+json\" class=\"yoast-schema-graph\">{\"@context\":\"https:\\\/\\\/schema.org\",\"@graph\":[{\"@type\":\"Article\",\"@id\":\"https:\\\/\\\/www.academica.school\\\/news\\\/pitbull-graduation-speech-class-of-2020pitbull-graduation-spech-class-of-2020\\\/#article\",\"isPartOf\":{\"@id\":\"https:\\\/\\\/www.academica.school\\\/news\\\/pitbull-graduation-speech-class-of-2020pitbull-graduation-spech-class-of-2020\\\/\"},\"author\":{\"name\":\"Academica Spain\",\"@id\":\"https:\\\/\\\/www.academica.school\\\/news\\\/#\\\/schema\\\/person\\\/07ed699df26b3ae2c049959a107fce05\"},\"headline\":\"Academica-Pitbull Graduation Speech Class of 2020\",\"datePublished\":\"2020-06-04T16:38:00+00:00\",\"dateModified\":\"2020-06-11T09:17:26+00:00\",\"mainEntityOfPage\":{\"@id\":\"https:\\\/\\\/www.academica.school\\\/news\\\/pitbull-graduation-speech-class-of-2020pitbull-graduation-spech-class-of-2020\\\/\"},\"wordCount\":24,\"publisher\":{\"@id\":\"https:\\\/\\\/www.academica.school\\\/news\\\/#organization\"},\"image\":{\"@id\":\"https:\\\/\\\/www.academica.school\\\/news\\\/pitbull-graduation-speech-class-of-2020pitbull-graduation-spech-class-of-2020\\\/#primaryimage\"},\"thumbnailUrl\":\"https:\\\/\\\/i0.wp.com\\\/www.academica.school\\\/news\\\/wp-content\\\/uploads\\\/2020\\\/06\\\/Captura-de-pantalla-2020-06-04-a-las-19.19.00.png?fit=800%2C500&ssl=1\",\"keywords\":[\"2020\",\"academica\",\"bachillerato dual\",\"class of 2020\",\"Diploma Dual\",\"graduation speech\",\"pitbull\"],\"articleSection\":[\"Last News\"],\"inLanguage\":\"es\"},{\"@type\":\"WebPage\",\"@id\":\"https:\\\/\\\/www.academica.school\\\/news\\\/pitbull-graduation-speech-class-of-2020pitbull-graduation-spech-class-of-2020\\\/\",\"url\":\"https:\\\/\\\/www.academica.school\\\/news\\\/pitbull-graduation-speech-class-of-2020pitbull-graduation-spech-class-of-2020\\\/\",\"name\":\"Academica-Pitbull Graduation Speech Class of 2020 - Academica News\",\"isPartOf\":{\"@id\":\"https:\\\/\\\/www.academica.school\\\/news\\\/#website\"},\"primaryImageOfPage\":{\"@id\":\"https:\\\/\\\/www.academica.school\\\/news\\\/pitbull-graduation-speech-class-of-2020pitbull-graduation-spech-class-of-2020\\\/#primaryimage\"},\"image\":{\"@id\":\"https:\\\/\\\/www.academica.school\\\/news\\\/pitbull-graduation-speech-class-of-2020pitbull-graduation-spech-class-of-2020\\\/#primaryimage\"},\"thumbnailUrl\":\"https:\\\/\\\/i0.wp.com\\\/www.academica.school\\\/news\\\/wp-content\\\/uploads\\\/2020\\\/06\\\/Captura-de-pantalla-2020-06-04-a-las-19.19.00.png?fit=800%2C500&ssl=1\",\"datePublished\":\"2020-06-04T16:38:00+00:00\",\"dateModified\":\"2020-06-11T09:17:26+00:00\",\"breadcrumb\":{\"@id\":\"https:\\\/\\\/www.academica.school\\\/news\\\/pitbull-graduation-speech-class-of-2020pitbull-graduation-spech-class-of-2020\\\/#breadcrumb\"},\"inLanguage\":\"es\",\"potentialAction\":[{\"@type\":\"ReadAction\",\"target\":[\"https:\\\/\\\/www.academica.school\\\/news\\\/pitbull-graduation-speech-class-of-2020pitbull-graduation-spech-class-of-2020\\\/\"]}]},{\"@type\":\"ImageObject\",\"inLanguage\":\"es\",\"@id\":\"https:\\\/\\\/www.academica.school\\\/news\\\/pitbull-graduation-speech-class-of-2020pitbull-graduation-spech-class-of-2020\\\/#primaryimage\",\"url\":\"https:\\\/\\\/i0.wp.com\\\/www.academica.school\\\/news\\\/wp-content\\\/uploads\\\/2020\\\/06\\\/Captura-de-pantalla-2020-06-04-a-las-19.19.00.png?fit=800%2C500&ssl=1\",\"contentUrl\":\"https:\\\/\\\/i0.wp.com\\\/www.academica.school\\\/news\\\/wp-content\\\/uploads\\\/2020\\\/06\\\/Captura-de-pantalla-2020-06-04-a-las-19.19.00.png?fit=800%2C500&ssl=1\",\"width\":800,\"height\":500},{\"@type\":\"BreadcrumbList\",\"@id\":\"https:\\\/\\\/www.academica.school\\\/news\\\/pitbull-graduation-speech-class-of-2020pitbull-graduation-spech-class-of-2020\\\/#breadcrumb\",\"itemListElement\":[{\"@type\":\"ListItem\",\"position\":1,\"name\":\"Portada\",\"item\":\"https:\\\/\\\/www.academica.school\\\/news\\\/\"},{\"@type\":\"ListItem\",\"position\":2,\"name\":\"Academica-Pitbull Graduation Speech Class of 2020\"}]},{\"@type\":\"WebSite\",\"@id\":\"https:\\\/\\\/www.academica.school\\\/news\\\/#website\",\"url\":\"https:\\\/\\\/www.academica.school\\\/news\\\/\",\"name\":\"Academica News\",\"description\":\"todo lo que pasa en el mundo acad\u00e9mico, sobre universidades y cualquier evento o novedad en la que participemos\",\"publisher\":{\"@id\":\"https:\\\/\\\/www.academica.school\\\/news\\\/#organization\"},\"potentialAction\":[{\"@type\":\"SearchAction\",\"target\":{\"@type\":\"EntryPoint\",\"urlTemplate\":\"https:\\\/\\\/www.academica.school\\\/news\\\/?s={search_term_string}\"},\"query-input\":{\"@type\":\"PropertyValueSpecification\",\"valueRequired\":true,\"valueName\":\"search_term_string\"}}],\"inLanguage\":\"es\"},{\"@type\":\"Organization\",\"@id\":\"https:\\\/\\\/www.academica.school\\\/news\\\/#organization\",\"name\":\"Academica\",\"url\":\"https:\\\/\\\/www.academica.school\\\/news\\\/\",\"logo\":{\"@type\":\"ImageObject\",\"inLanguage\":\"es\",\"@id\":\"https:\\\/\\\/www.academica.school\\\/news\\\/#\\\/schema\\\/logo\\\/image\\\/\",\"url\":\"https:\\\/\\\/i1.wp.com\\\/www.academica.school\\\/news\\\/wp-content\\\/uploads\\\/2019\\\/11\\\/Captura-de-pantalla-2019-11-20-a-las-12.14.04.png?fit=799%2C500&ssl=1\",\"contentUrl\":\"https:\\\/\\\/i1.wp.com\\\/www.academica.school\\\/news\\\/wp-content\\\/uploads\\\/2019\\\/11\\\/Captura-de-pantalla-2019-11-20-a-las-12.14.04.png?fit=799%2C500&ssl=1\",\"width\":799,\"height\":500,\"caption\":\"Academica\"},\"image\":{\"@id\":\"https:\\\/\\\/www.academica.school\\\/news\\\/#\\\/schema\\\/logo\\\/image\\\/\"}},{\"@type\":\"Person\",\"@id\":\"https:\\\/\\\/www.academica.school\\\/news\\\/#\\\/schema\\\/person\\\/07ed699df26b3ae2c049959a107fce05\",\"name\":\"Academica Spain\",\"image\":{\"@type\":\"ImageObject\",\"inLanguage\":\"es\",\"@id\":\"https:\\\/\\\/secure.gravatar.com\\\/avatar\\\/24d850e4f123aaa0ad5edf9a3fb1d97a98b831f0571142c5dc4b3add4e2db2ea?s=96&d=mm&r=g\",\"url\":\"https:\\\/\\\/secure.gravatar.com\\\/avatar\\\/24d850e4f123aaa0ad5edf9a3fb1d97a98b831f0571142c5dc4b3add4e2db2ea?s=96&d=mm&r=g\",\"contentUrl\":\"https:\\\/\\\/secure.gravatar.com\\\/avatar\\\/24d850e4f123aaa0ad5edf9a3fb1d97a98b831f0571142c5dc4b3add4e2db2ea?s=96&d=mm&r=g\",\"caption\":\"Academica Spain\"},\"url\":\"https:\\\/\\\/www.academica.school\\\/news\\\/author\\\/jasubal\\\/\"}]}<\/script>\n<!-- \/ Yoast SEO plugin. -->","yoast_head_json":{"title":"Academica-Pitbull Graduation Speech Class of 2020 - Academica News","robots":{"index":"index","follow":"follow","max-snippet":"max-snippet:-1","max-image-preview":"max-image-preview:large","max-video-preview":"max-video-preview:-1"},"canonical":"https:\/\/www.academica.school\/news\/pitbull-graduation-speech-class-of-2020pitbull-graduation-spech-class-of-2020\/","og_locale":"es_ES","og_type":"article","og_title":"Academica-Pitbull Graduation Speech Class of 2020 - Academica News","og_description":"Presentamos el discurso de graduaci\u00f3n pronunciado por Pitbull para todos los graduados de Academica Class of 2020 (V\u00eddeo).","og_url":"https:\/\/www.academica.school\/news\/pitbull-graduation-speech-class-of-2020pitbull-graduation-spech-class-of-2020\/","og_site_name":"Academica News","article_published_time":"2020-06-04T16:38:00+00:00","article_modified_time":"2020-06-11T09:17:26+00:00","og_image":[{"width":800,"height":500,"url":"https:\/\/i1.wp.com\/www.academica.school\/news\/wp-content\/uploads\/2020\/06\/Captura-de-pantalla-2020-06-04-a-las-19.19.00.png?fit=800%2C500&ssl=1","type":"image\/png"}],"author":"Academica Spain","twitter_card":"summary_large_image","twitter_misc":{"Escrito por":"Academica Spain"},"schema":{"@context":"https:\/\/schema.org","@graph":[{"@type":"Article","@id":"https:\/\/www.academica.school\/news\/pitbull-graduation-speech-class-of-2020pitbull-graduation-spech-class-of-2020\/#article","isPartOf":{"@id":"https:\/\/www.academica.school\/news\/pitbull-graduation-speech-class-of-2020pitbull-graduation-spech-class-of-2020\/"},"author":{"name":"Academica Spain","@id":"https:\/\/www.academica.school\/news\/#\/schema\/person\/07ed699df26b3ae2c049959a107fce05"},"headline":"Academica-Pitbull Graduation Speech Class of 2020","datePublished":"2020-06-04T16:38:00+00:00","dateModified":"2020-06-11T09:17:26+00:00","mainEntityOfPage":{"@id":"https:\/\/www.academica.school\/news\/pitbull-graduation-speech-class-of-2020pitbull-graduation-spech-class-of-2020\/"},"wordCount":24,"publisher":{"@id":"https:\/\/www.academica.school\/news\/#organization"},"image":{"@id":"https:\/\/www.academica.school\/news\/pitbull-graduation-speech-class-of-2020pitbull-graduation-spech-class-of-2020\/#primaryimage"},"thumbnailUrl":"https:\/\/i0.wp.com\/www.academica.school\/news\/wp-content\/uploads\/2020\/06\/Captura-de-pantalla-2020-06-04-a-las-19.19.00.png?fit=800%2C500&ssl=1","keywords":["2020","academica","bachillerato dual","class of 2020","Diploma Dual","graduation speech","pitbull"],"articleSection":["Last News"],"inLanguage":"es"},{"@type":"WebPage","@id":"https:\/\/www.academica.school\/news\/pitbull-graduation-speech-class-of-2020pitbull-graduation-spech-class-of-2020\/","url":"https:\/\/www.academica.school\/news\/pitbull-graduation-speech-class-of-2020pitbull-graduation-spech-class-of-2020\/","name":"Academica-Pitbull Graduation Speech Class of 2020 - Academica News","isPartOf":{"@id":"https:\/\/www.academica.school\/news\/#website"},"primaryImageOfPage":{"@id":"https:\/\/www.academica.school\/news\/pitbull-graduation-speech-class-of-2020pitbull-graduation-spech-class-of-2020\/#primaryimage"},"image":{"@id":"https:\/\/www.academica.school\/news\/pitbull-graduation-speech-class-of-2020pitbull-graduation-spech-class-of-2020\/#primaryimage"},"thumbnailUrl":"https:\/\/i0.wp.com\/www.academica.school\/news\/wp-content\/uploads\/2020\/06\/Captura-de-pantalla-2020-06-04-a-las-19.19.00.png?fit=800%2C500&ssl=1","datePublished":"2020-06-04T16:38:00+00:00","dateModified":"2020-06-11T09:17:26+00:00","breadcrumb":{"@id":"https:\/\/www.academica.school\/news\/pitbull-graduation-speech-class-of-2020pitbull-graduation-spech-class-of-2020\/#breadcrumb"},"inLanguage":"es","potentialAction":[{"@type":"ReadAction","target":["https:\/\/www.academica.school\/news\/pitbull-graduation-speech-class-of-2020pitbull-graduation-spech-class-of-2020\/"]}]},{"@type":"ImageObject","inLanguage":"es","@id":"https:\/\/www.academica.school\/news\/pitbull-graduation-speech-class-of-2020pitbull-graduation-spech-class-of-2020\/#primaryimage","url":"https:\/\/i0.wp.com\/www.academica.school\/news\/wp-content\/uploads\/2020\/06\/Captura-de-pantalla-2020-06-04-a-las-19.19.00.png?fit=800%2C500&ssl=1","contentUrl":"https:\/\/i0.wp.com\/www.academica.school\/news\/wp-content\/uploads\/2020\/06\/Captura-de-pantalla-2020-06-04-a-las-19.19.00.png?fit=800%2C500&ssl=1","width":800,"height":500},{"@type":"BreadcrumbList","@id":"https:\/\/www.academica.school\/news\/pitbull-graduation-speech-class-of-2020pitbull-graduation-spech-class-of-2020\/#breadcrumb","itemListElement":[{"@type":"ListItem","position":1,"name":"Portada","item":"https:\/\/www.academica.school\/news\/"},{"@type":"ListItem","position":2,"name":"Academica-Pitbull Graduation Speech Class of 2020"}]},{"@type":"WebSite","@id":"https:\/\/www.academica.school\/news\/#website","url":"https:\/\/www.academica.school\/news\/","name":"Academica News","description":"todo lo que pasa en el mundo acad\u00e9mico, sobre universidades y cualquier evento o novedad en la que participemos","publisher":{"@id":"https:\/\/www.academica.school\/news\/#organization"},"potentialAction":[{"@type":"SearchAction","target":{"@type":"EntryPoint","urlTemplate":"https:\/\/www.academica.school\/news\/?s={search_term_string}"},"query-input":{"@type":"PropertyValueSpecification","valueRequired":true,"valueName":"search_term_string"}}],"inLanguage":"es"},{"@type":"Organization","@id":"https:\/\/www.academica.school\/news\/#organization","name":"Academica","url":"https:\/\/www.academica.school\/news\/","logo":{"@type":"ImageObject","inLanguage":"es","@id":"https:\/\/www.academica.school\/news\/#\/schema\/logo\/image\/","url":"https:\/\/i1.wp.com\/www.academica.school\/news\/wp-content\/uploads\/2019\/11\/Captura-de-pantalla-2019-11-20-a-las-12.14.04.png?fit=799%2C500&ssl=1","contentUrl":"https:\/\/i1.wp.com\/www.academica.school\/news\/wp-content\/uploads\/2019\/11\/Captura-de-pantalla-2019-11-20-a-las-12.14.04.png?fit=799%2C500&ssl=1","width":799,"height":500,"caption":"Academica"},"image":{"@id":"https:\/\/www.academica.school\/news\/#\/schema\/logo\/image\/"}},{"@type":"Person","@id":"https:\/\/www.academica.school\/news\/#\/schema\/person\/07ed699df26b3ae2c049959a107fce05","name":"Academica Spain","image":{"@type":"ImageObject","inLanguage":"es","@id":"https:\/\/secure.gravatar.com\/avatar\/24d850e4f123aaa0ad5edf9a3fb1d97a98b831f0571142c5dc4b3add4e2db2ea?s=96&d=mm&r=g","url":"https:\/\/secure.gravatar.com\/avatar\/24d850e4f123aaa0ad5edf9a3fb1d97a98b831f0571142c5dc4b3add4e2db2ea?s=96&d=mm&r=g","contentUrl":"https:\/\/secure.gravatar.com\/avatar\/24d850e4f123aaa0ad5edf9a3fb1d97a98b831f0571142c5dc4b3add4e2db2ea?s=96&d=mm&r=g","caption":"Academica Spain"},"url":"https:\/\/www.academica.school\/news\/author\/jasubal\/"}]}},"jetpack_featured_media_url":"https:\/\/i0.wp.com\/www.academica.school\/news\/wp-content\/uploads\/2020\/06\/Captura-de-pantalla-2020-06-04-a-las-19.19.00.png?fit=800%2C500&ssl=1","jetpack_sharing_enabled":true,"jetpack_shortlink":"https:\/\/wp.me\/p8RDKh-fv","jetpack-related-posts":[{"id":1464,"url":"https:\/\/www.academica.school\/news\/academica-graduation-event-class-of-2022\/","url_meta":{"origin":961,"position":0},"title":"Academica Graduation Event \u00abClass of 2022\u00bb","author":"Academica Spain","date":"julio 28, 2022","format":"video","excerpt":"El s\u00e1bado 16 de julio de 2022 tuvo lugar en el Palacio de Vistalegre de Madrid el evento de graduaci\u00f3n \"Class of 2022\", la mayor graduaci\u00f3n de High School celebrada hasta la fecha en Espa\u00f1a. En total, cerca de 2.400 alumnos de toda Espa\u00f1a obtuvieron su titulaci\u00f3n estadounidense, acudiendo muchos\u2026","rel":"","context":"En \u00abLast News\u00bb","block_context":{"text":"Last News","link":"https:\/\/www.academica.school\/news\/last-news\/"},"img":{"alt_text":"","src":"https:\/\/i0.wp.com\/www.academica.school\/news\/wp-content\/uploads\/2022\/07\/Academica-Graduation-Event-Class-of-2022.png?fit=803%2C505&ssl=1&resize=350%2C200","width":350,"height":200,"srcset":"https:\/\/i0.wp.com\/www.academica.school\/news\/wp-content\/uploads\/2022\/07\/Academica-Graduation-Event-Class-of-2022.png?fit=803%2C505&ssl=1&resize=350%2C200 1x, https:\/\/i0.wp.com\/www.academica.school\/news\/wp-content\/uploads\/2022\/07\/Academica-Graduation-Event-Class-of-2022.png?fit=803%2C505&ssl=1&resize=525%2C300 1.5x, https:\/\/i0.wp.com\/www.academica.school\/news\/wp-content\/uploads\/2022\/07\/Academica-Graduation-Event-Class-of-2022.png?fit=803%2C505&ssl=1&resize=700%2C400 2x"},"classes":[]},{"id":949,"url":"https:\/\/www.academica.school\/news\/las-mejores-universidades-buscan-a-los-mejores-alumnos\/","url_meta":{"origin":961,"position":1},"title":"Las mejores universidades buscan a los mejores alumnos","author":"Academica Spain","date":"mayo 20, 2020","format":false,"excerpt":"Hoy hemos publicado una p\u00e1gina completa en el suplemento \"Universidades\" del diario ABC en su edici\u00f3n nacional (P\u00e1g. 43) donde se reconoce el esfuerzo de todos nuestros alumnos Class of 2020 del DiplomaDual en Espa\u00f1a. \u00a1Felicidades! Como podr\u00e9is ver, en la informaci\u00f3n publicada por el diario se anuncia el porgrama\u2026","rel":"","context":"En \u00abLast News\u00bb","block_context":{"text":"Last News","link":"https:\/\/www.academica.school\/news\/last-news\/"},"img":{"alt_text":"","src":"https:\/\/i0.wp.com\/www.academica.school\/news\/wp-content\/uploads\/2020\/05\/960x0.jpg?fit=800%2C500&ssl=1&resize=350%2C200","width":350,"height":200,"srcset":"https:\/\/i0.wp.com\/www.academica.school\/news\/wp-content\/uploads\/2020\/05\/960x0.jpg?fit=800%2C500&ssl=1&resize=350%2C200 1x, https:\/\/i0.wp.com\/www.academica.school\/news\/wp-content\/uploads\/2020\/05\/960x0.jpg?fit=800%2C500&ssl=1&resize=525%2C300 1.5x, https:\/\/i0.wp.com\/www.academica.school\/news\/wp-content\/uploads\/2020\/05\/960x0.jpg?fit=800%2C500&ssl=1&resize=700%2C400 2x"},"classes":[]},{"id":1458,"url":"https:\/\/www.academica.school\/news\/academica-celebra-en-espana-la-mayor-graduacion-de-high-school-del-mundo\/","url_meta":{"origin":961,"position":2},"title":"Talent &#038; Heart Class of 2022: \u00abCita con la mayor graduaci\u00f3n High School del mundo\u00bb. ABC Noticias","author":"Academica Spain","date":"julio 21, 2022","format":false,"excerpt":"El diario ABC, perteneciente al Grupo Vocento, ha publicado hoy una noticia que titula los eventos Talent & Heart, celebrados el pasado 16 de Julio en Madrid, como \"la Mayor Graduaci\u00f3n\u00a0High\u00a0School\u00a0del mundo\u201d. Os compartimos el enlace a la edici\u00f3n ABC digital donde pod\u00e9is leer la noticia completa y visualizar un\u2026","rel":"","context":"En \u00abLast News\u00bb","block_context":{"text":"Last News","link":"https:\/\/www.academica.school\/news\/last-news\/"},"img":{"alt_text":"","src":"https:\/\/i0.wp.com\/www.academica.school\/news\/wp-content\/uploads\/2022\/07\/Graduacion-Academica.png?fit=796%2C500&ssl=1&resize=350%2C200","width":350,"height":200,"srcset":"https:\/\/i0.wp.com\/www.academica.school\/news\/wp-content\/uploads\/2022\/07\/Graduacion-Academica.png?fit=796%2C500&ssl=1&resize=350%2C200 1x, https:\/\/i0.wp.com\/www.academica.school\/news\/wp-content\/uploads\/2022\/07\/Graduacion-Academica.png?fit=796%2C500&ssl=1&resize=525%2C300 1.5x, https:\/\/i0.wp.com\/www.academica.school\/news\/wp-content\/uploads\/2022\/07\/Graduacion-Academica.png?fit=796%2C500&ssl=1&resize=700%2C400 2x"},"classes":[]},{"id":3395,"url":"https:\/\/www.academica.school\/news\/class-of-2025-mayor-graduacion-high-school-del-mundo\/","url_meta":{"origin":961,"position":3},"title":"ABC Diario: \u00ab\u2018CLASS OF 2025\u2019: nueva cita con la mayor graduaci\u00f3n de High School del mundo, una experiencia transformadora\u00bb","author":"Academica Spain","date":"agosto 1, 2025","format":false,"excerpt":"El diario ABC, perteneciente al Grupo Vocento, ha publicado una noticia que titula los Eventos Talent & Heart, celebrados el pasado 5 de julio en Madrid, como \u00abla mayor graduaci\u00f3n High School del mundo, una experiencia transformadora\u00bb. Os compartimos el enlace a la edici\u00f3n ABC digital donde pod\u00e9is leer la\u2026","rel":"","context":"En \u00abLast News\u00bb","block_context":{"text":"Last News","link":"https:\/\/www.academica.school\/news\/last-news\/"},"img":{"alt_text":"talend-and-heart-academica-diploma-dual","src":"https:\/\/i0.wp.com\/www.academica.school\/news\/wp-content\/uploads\/2025\/07\/talend-and-heart-academica-diploma-dual.jpg?fit=1000%2C563&ssl=1&resize=350%2C200","width":350,"height":200,"srcset":"https:\/\/i0.wp.com\/www.academica.school\/news\/wp-content\/uploads\/2025\/07\/talend-and-heart-academica-diploma-dual.jpg?fit=1000%2C563&ssl=1&resize=350%2C200 1x, https:\/\/i0.wp.com\/www.academica.school\/news\/wp-content\/uploads\/2025\/07\/talend-and-heart-academica-diploma-dual.jpg?fit=1000%2C563&ssl=1&resize=525%2C300 1.5x, https:\/\/i0.wp.com\/www.academica.school\/news\/wp-content\/uploads\/2025\/07\/talend-and-heart-academica-diploma-dual.jpg?fit=1000%2C563&ssl=1&resize=700%2C400 2x"},"classes":[]},{"id":3358,"url":"https:\/\/www.academica.school\/news\/evento-academica-schools-2025\/","url_meta":{"origin":961,"position":4},"title":"Evento Academica Schools 2025","author":"Academica Spain","date":"julio 8, 2025","format":false,"excerpt":"El 4 de julio celebramos el evento Academica Schools 2025, una invitaci\u00f3n para a un c\u00f3ctel cena y celebraci\u00f3n para los representantes de los colegios de la Class of 2025. Un a\u00f1o m\u00e1s, desde Academica hemos contado con la presencia del m\u00e1ximo representante de educaci\u00f3n del Estado de la Florida,\u2026","rel":"","context":"En \u00abLast News\u00bb","block_context":{"text":"Last News","link":"https:\/\/www.academica.school\/news\/last-news\/"},"img":{"alt_text":"diploma-dual-academica-schools-2025","src":"https:\/\/i0.wp.com\/www.academica.school\/news\/wp-content\/uploads\/2025\/07\/PANTALLAS-CLASS-OF-2024.jpg?fit=1200%2C675&ssl=1&resize=350%2C200","width":350,"height":200,"srcset":"https:\/\/i0.wp.com\/www.academica.school\/news\/wp-content\/uploads\/2025\/07\/PANTALLAS-CLASS-OF-2024.jpg?fit=1200%2C675&ssl=1&resize=350%2C200 1x, https:\/\/i0.wp.com\/www.academica.school\/news\/wp-content\/uploads\/2025\/07\/PANTALLAS-CLASS-OF-2024.jpg?fit=1200%2C675&ssl=1&resize=525%2C300 1.5x, https:\/\/i0.wp.com\/www.academica.school\/news\/wp-content\/uploads\/2025\/07\/PANTALLAS-CLASS-OF-2024.jpg?fit=1200%2C675&ssl=1&resize=700%2C400 2x, https:\/\/i0.wp.com\/www.academica.school\/news\/wp-content\/uploads\/2025\/07\/PANTALLAS-CLASS-OF-2024.jpg?fit=1200%2C675&ssl=1&resize=1050%2C600 3x"},"classes":[]},{"id":3307,"url":"https:\/\/www.academica.school\/news\/schiller-international-university-abre-sus-puestas\/","url_meta":{"origin":961,"position":5},"title":"Schiller International University abre sus puestas a los alumnos de la Class of 2025 del Diploma Dual","author":"Academica Spain","date":"junio 13, 2025","format":false,"excerpt":"El pr\u00f3ximo 20 de junio a las 17:00h Schiller International University abrir\u00e1 sus puertas a todos los alumnos de la Class of 2025 del Diploma Dual de Academica. Una gran oportunidad para descubrir una de las metodolog\u00edas m\u00e1s innovadoras participando en diferentes actividades junto a las familias en el Campus\u2026","rel":"","context":"En \u00abLast News\u00bb","block_context":{"text":"Last News","link":"https:\/\/www.academica.school\/news\/last-news\/"},"img":{"alt_text":"diploma-dual-open-day-schiller","src":"https:\/\/i0.wp.com\/www.academica.school\/news\/wp-content\/uploads\/2025\/06\/JUNIO-Schiller_Academica-open-day2025_1920-1080.jpg?fit=1200%2C675&ssl=1&resize=350%2C200","width":350,"height":200,"srcset":"https:\/\/i0.wp.com\/www.academica.school\/news\/wp-content\/uploads\/2025\/06\/JUNIO-Schiller_Academica-open-day2025_1920-1080.jpg?fit=1200%2C675&ssl=1&resize=350%2C200 1x, https:\/\/i0.wp.com\/www.academica.school\/news\/wp-content\/uploads\/2025\/06\/JUNIO-Schiller_Academica-open-day2025_1920-1080.jpg?fit=1200%2C675&ssl=1&resize=525%2C300 1.5x, https:\/\/i0.wp.com\/www.academica.school\/news\/wp-content\/uploads\/2025\/06\/JUNIO-Schiller_Academica-open-day2025_1920-1080.jpg?fit=1200%2C675&ssl=1&resize=700%2C400 2x, https:\/\/i0.wp.com\/www.academica.school\/news\/wp-content\/uploads\/2025\/06\/JUNIO-Schiller_Academica-open-day2025_1920-1080.jpg?fit=1200%2C675&ssl=1&resize=1050%2C600 3x"},"classes":[]}],"_links":{"self":[{"href":"https:\/\/www.academica.school\/news\/wp-json\/wp\/v2\/posts\/961","targetHints":{"allow":["GET"]}}],"collection":[{"href":"https:\/\/www.academica.school\/news\/wp-json\/wp\/v2\/posts"}],"about":[{"href":"https:\/\/www.academica.school\/news\/wp-json\/wp\/v2\/types\/post"}],"author":[{"embeddable":true,"href":"https:\/\/www.academica.school\/news\/wp-json\/wp\/v2\/users\/1"}],"replies":[{"embeddable":true,"href":"https:\/\/www.academica.school\/news\/wp-json\/wp\/v2\/comments?post=961"}],"version-history":[{"count":8,"href":"https:\/\/www.academica.school\/news\/wp-json\/wp\/v2\/posts\/961\/revisions"}],"predecessor-version":[{"id":972,"href":"https:\/\/www.academica.school\/news\/wp-json\/wp\/v2\/posts\/961\/revisions\/972"}],"wp:featuredmedia":[{"embeddable":true,"href":"https:\/\/www.academica.school\/news\/wp-json\/wp\/v2\/media\/963"}],"wp:attachment":[{"href":"https:\/\/www.academica.school\/news\/wp-json\/wp\/v2\/media?parent=961"}],"wp:term":[{"taxonomy":"category","embeddable":true,"href":"https:\/\/www.academica.school\/news\/wp-json\/wp\/v2\/categories?post=961"},{"taxonomy":"post_tag","embeddable":true,"href":"https:\/\/www.academica.school\/news\/wp-json\/wp\/v2\/tags?post=961"}],"curies":[{"name":"wp","href":"https:\/\/api.w.org\/{rel}","templated":true}]}}